{"id":19333,"date":"2010-02-11T14:40:19","date_gmt":"2010-02-11T20:10:19","guid":{"rendered":"http:\/\/uqactualite.odev.ca\/2010\/02\/declaration-du-colloque-eco-conseil-sur-la-biodiversite\/"},"modified":"2010-02-11T14:40:19","modified_gmt":"2010-02-11T20:10:19","slug":"declaration-du-colloque-eco-conseil-sur-la-biodiversite","status":"publish","type":"post","link":"https:\/\/www.uqac.ca\/uqactualites\/2010\/02\/11\/declaration-du-colloque-eco-conseil-sur-la-biodiversite\/","title":{"rendered":"D\u00e9claration du colloque \u00c9co-conseil sur la biodiversit\u00e9"},"content":{"rendered":"<p><figure id=\"attachment_19333\" aria-describedby=\"caption-attachment-19333\" style=\"width: 300px\" class=\"wp-caption alignright\"><a href=\"http:\/\/www.uqac.ca\/wp-content\/uploads\/2012\/03\/h7aD2tKzXhhBkVDK.jpg\"><img loading=\"lazy\" decoding=\"async\" class=\"size-medium wp-image-19333\" title=\"h7aD2tKzXhhBkVDK\" src=\"http:\/\/www.uqac.ca\/wp-content\/uploads\/2012\/03\/h7aD2tKzXhhBkVDK-300x200.jpg\" width=\"300\" height=\"200\" alt=\"\" \/><\/a><figcaption id=\"caption-attachment-19333\" class=\"wp-caption-text\">Ian Segers, charg\u00e9 de cours au D\u00e9partement des sciences fondamentales, avec le nuage de mots qui a servi \u00e0 faire la d\u00e9claration. Photo : courtoisie de Bertrand Lemeunier<\/figcaption><\/figure><figure id=\"attachment_19333\" aria-describedby=\"caption-attachment-19333\" style=\"width: 300px\" class=\"wp-caption alignright\"><a href=\"http:\/\/www.uqac.ca\/wp-content\/uploads\/2012\/03\/Q0yu5ifxutguZMHy.jpg\"><img loading=\"lazy\" decoding=\"async\" class=\"size-medium wp-image-19333\" title=\"Q0yu5ifxutguZMHy\" src=\"http:\/\/www.uqac.ca\/wp-content\/uploads\/2012\/03\/Q0yu5ifxutguZMHy-300x128.jpg\" width=\"300\" height=\"128\" alt=\"\" \/><\/a><figcaption id=\"caption-attachment-19333\" class=\"wp-caption-text\">\u00c9tudiants de la cohorte 9 en \u00e9co-conseil - St\u00e9phanie Bergeron, David Tremblay, Joannie Venne, Jean-Beno\u00eet Dumont, Simon Durocher, Loic Besnier, Marion Toucas, Marc-Andr\u00e9 Girard, Nicole Huybens (professeure), Guillaume Cyr, Simon Gagn\u00e9, S\u00e9bastien Provost, Myl\u00e8ne Joncas, Laurent Potiez, Vanessa Richard, Claude Villeneuve (professeur), Nordine Saradouni, Martin Plante. Photo : courtoisie de Bertrand Lemeunier<\/figcaption><\/figure>Le 9<sup>e<\/sup> colloque de l&rsquo;\u00c9v\u00e9nement \u00c9co-conseil 2010 a fait appel \u00e0 l&rsquo;intelligence collective de ses participants, avec tout ce qu&rsquo;elle comporte de contradiction et d&rsquo;incompr\u00e9hension, pour rassembler des id\u00e9es, des r\u00e9flexions et des commentaires pour les expliciter dans un texte commun. Dans une ambiance conviviale, cordiale et d\u00e9mocratique, les \u00e9changes autour de la biodiversit\u00e9 ont permis de construire une repr\u00e9sentation des valeurs inh\u00e9rentes, de la vision commune et future de la biodiversit\u00e9. C&rsquo;est donc \u00e0 partir des fondations mises en place pendant l&rsquo;atelier de type \u00ab World caf\u00e9 \u00bb que nous, \u00e9tudiants au DESS en \u00e9co-conseil, transitons les id\u00e9es qui ont \u00e9merg\u00e9 dans les lignes qui suivent. <\/p>\n<p><strong>Quelles sont les valeurs associ\u00e9es \u00e0 la biodiversit\u00e9?<\/strong><\/p>\n<p>Nous croyons que les valeurs reli\u00e9es \u00e0 la biodiversit\u00e9 sont les fondements \u00e0 l&rsquo;\u00e9laboration d&rsquo;une vision commune intimement li\u00e9e \u00e0 nos actions futures. Ce sont des valeurs de respect de la vie, de famille, de partage, de diversit\u00e9 et de solidarit\u00e9. La diversit\u00e9 inh\u00e9rente \u00e0 nos cultures pluridimensionnelles s&rsquo;associe \u00e0 une responsabilit\u00e9 humaine et essentielle face \u00e0 la biodiversit\u00e9. L&rsquo;int\u00e9gration quotidienne d&rsquo;un id\u00e9al de cette envergure amorce une r\u00e9flexion l\u00e9gitime sur notre position et notre relation avec la diversit\u00e9 naturelle. R\u00e9int\u00e9grons, r\u00e9inventons et renouvelons notre contact avec la nature. <\/p>\n<p><strong>Quelle est notre vision commune (mission) par rapport \u00e0 la biodiversit\u00e9?<\/strong><\/p>\n<p>L&rsquo;\u00e9ducation et la sensibilisation pr\u00e9dominent dans notre repr\u00e9sentation de la biodiversit\u00e9. Mieux la conna\u00eetre, c&rsquo;est mieux la prot\u00e9ger. Cette pr\u00e9servation n&rsquo;est pas que politique, l&rsquo;engagement de tout un chacun importe et chacune des actions p\u00e8se dans la balance. Avec le principe de subsidiarit\u00e9, les actions locales et l&rsquo;implication du citoyen prennent toute leur importance. La plan\u00e8te a une capacit\u00e9 de support limit\u00e9e. \u00c0 nous, citoyens, de s&rsquo;adapter \u00e0 elle et non l&rsquo;inverse. Cette vision fait appel \u00e0 un ressourcement, \u00e0 un changement de comportements, une m\u00e9tamorphose soci\u00e9tale pour permettre \u00e0 la biodiversit\u00e9 de transpara\u00eetre dans les valeurs de toutes et tous. Il faut se doter de moyens, d&rsquo;une plus grande flexibilit\u00e9 de la part des d\u00e9cideurs et d&rsquo;une volont\u00e9 intouchable \u00e0 \u00ab Biodiversifier son quotidien \u00bb. <\/p>\n<p><strong>Quelle est notre vision future par rapport \u00e0 la biodiversit\u00e9?<\/strong><\/p>\n<p>Nous devons revoir notre relation avec la plan\u00e8te. Il est n\u00e9cessaire de red\u00e9finir nos besoins afin de vivre en harmonie au sein de la biodiversit\u00e9. D\u00e8s maintenant, il est vital de revoir ses attitudes et ses comportements tout en se projetant dans l&rsquo;avenir. Ainsi, nous pourrons d\u00e9velopper la vision future d&rsquo;une soci\u00e9t\u00e9 dans laquelle na\u00eetra une nouvelle compr\u00e9hension de la vie. Le recensement des esp\u00e8ces vivant sur terre est continu. Certaines d\u00e9clinent, des nouvelles sont identifi\u00e9es alors que des esp\u00e8ces semblables s&rsquo;av\u00e8rent \u00eatre plus parentes qu&rsquo;on le croyait\u2026 Nous ne devons pas, par une volont\u00e9 de pr\u00e9servation \u00e0 outrance, tomber dans l&rsquo;inertie. Nous avons un r\u00f4le \u00e0 jouer dans la biodiversit\u00e9 : celui d&rsquo;y prendre part, de l&rsquo;accepter et de la respecter.<br \/>\nMarc-Andr\u00e9 Girard et Myl\u00e8ne Joncas, \u00e9tudiants au DESS en \u00c9co-conseil, au nom de tous les penseurs du Caf\u00e9 r\u00e9gional, colloque \u00e9co-conseil 2010 \u00ab La biodiversit\u00e9 \u00e0 sa juste valeur : R\u00e9flexions \u00e9thique et \u00e9conomique \u00bb. Dans le cadre de l&rsquo;\u00c9v\u00e9nement \u00c9co-conseil \u00ab La biodiversit\u00e9 sens dessus dessous \u00bb pr\u00e9sent\u00e9 par les \u00e9tudiants de la cohorte 09 en \u00c9co-conseil.<\/p>\n","protected":false},"excerpt":{"rendered":"<p>Le 9e colloque de l&rsquo;\u00c9v\u00e9nement \u00c9co-conseil 2010 a fait appel \u00e0 l&rsquo;intelligence collective de ses participants, avec tout ce qu&rsquo;elle comporte de contradiction et d&rsquo;incompr\u00e9hension, pour rassembler des id\u00e9es, des r\u00e9flexions et des commentaires pour les expliciter dans un texte commun. Dans une ambiance conviviale, cordiale et d\u00e9mocratique, les \u00e9changes autour de la biodiversit\u00e9 ont [&hellip;]<\/p>\n","protected":false},"author":5,"featured_media":0,"comment_status":"closed","ping_status":"1","sticky":false,"template":"","format":"standard","meta":{"footnotes":""},"categories":[2],"tags":[],"yoast_head":"<!-- This site is optimized with the Yoast SEO plugin v24.2 - https:\/\/yoast.com\/wordpress\/plugins\/seo\/ -->\r\n<title>D\u00e9claration du colloque \u00c9co-conseil sur la biodiversit\u00e9 - UQACtualit\u00e9s<\/title>\r\n<meta name=\"robots\" content=\"index, follow, max-snippet:-1, max-image-preview:large, max-video-preview:-1\" \/>\r\n<link rel=\"canonical\" href=\"https:\/\/www.uqac.ca\/uqactualites\/2010\/02\/11\/declaration-du-colloque-eco-conseil-sur-la-biodiversite\/\" \/>\r\n<meta property=\"og:locale\" content=\"fr_CA\" \/>\r\n<meta property=\"og:type\" content=\"article\" \/>\r\n<meta property=\"og:title\" content=\"D\u00e9claration du colloque \u00c9co-conseil sur la biodiversit\u00e9 - UQACtualit\u00e9s\" \/>\r\n<meta property=\"og:description\" content=\"Le 9e colloque de l&rsquo;\u00c9v\u00e9nement \u00c9co-conseil 2010 a fait appel \u00e0 l&rsquo;intelligence collective de ses participants, avec tout ce qu&rsquo;elle comporte de contradiction et d&rsquo;incompr\u00e9hension, pour rassembler des id\u00e9es, des r\u00e9flexions et des commentaires pour les expliciter dans un texte commun. Dans une ambiance conviviale, cordiale et d\u00e9mocratique, les \u00e9changes autour de la biodiversit\u00e9 ont [&hellip;]\" \/>\r\n<meta property=\"og:url\" content=\"https:\/\/www.uqac.ca\/uqactualites\/2010\/02\/11\/declaration-du-colloque-eco-conseil-sur-la-biodiversite\/\" \/>\r\n<meta property=\"og:site_name\" content=\"UQACtualit\u00e9s\" \/>\r\n<meta property=\"article:published_time\" content=\"2010-02-11T20:10:19+00:00\" \/>\r\n<meta property=\"og:image\" content=\"http:\/\/www.uqac.ca\/wp-content\/uploads\/2012\/03\/h7aD2tKzXhhBkVDK-300x200.jpg\" \/>\r\n<meta name=\"author\" content=\"Service des communications et des relations publiques\" \/>\r\n<meta name=\"twitter:card\" content=\"summary_large_image\" \/>\r\n<meta name=\"twitter:label1\" content=\"\u00c9crit par\" \/>\n\t<meta name=\"twitter:data1\" content=\"Service des communications et des relations publiques\" \/>\n\t<meta name=\"twitter:label2\" content=\"Estimation du temps de lecture\" \/>\n\t<meta name=\"twitter:data2\" content=\"3 minutes\" \/>\r\n<script type=\"application\/ld+json\" class=\"yoast-schema-graph\">{\"@context\":\"https:\/\/schema.org\",\"@graph\":[{\"@type\":\"WebPage\",\"@id\":\"https:\/\/www.uqac.ca\/uqactualites\/2010\/02\/11\/declaration-du-colloque-eco-conseil-sur-la-biodiversite\/\",\"url\":\"https:\/\/www.uqac.ca\/uqactualites\/2010\/02\/11\/declaration-du-colloque-eco-conseil-sur-la-biodiversite\/\",\"name\":\"D\u00e9claration du colloque \u00c9co-conseil sur la biodiversit\u00e9 - UQACtualit\u00e9s\",\"isPartOf\":{\"@id\":\"https:\/\/www.uqac.ca\/uqactualites\/#website\"},\"primaryImageOfPage\":{\"@id\":\"https:\/\/www.uqac.ca\/uqactualites\/2010\/02\/11\/declaration-du-colloque-eco-conseil-sur-la-biodiversite\/#primaryimage\"},\"image\":{\"@id\":\"https:\/\/www.uqac.ca\/uqactualites\/2010\/02\/11\/declaration-du-colloque-eco-conseil-sur-la-biodiversite\/#primaryimage\"},\"thumbnailUrl\":\"http:\/\/www.uqac.ca\/wp-content\/uploads\/2012\/03\/h7aD2tKzXhhBkVDK-300x200.jpg\",\"datePublished\":\"2010-02-11T20:10:19+00:00\",\"dateModified\":\"2010-02-11T20:10:19+00:00\",\"author\":{\"@id\":\"https:\/\/www.uqac.ca\/uqactualites\/#\/schema\/person\/366c45a0c4f0e677b41b4af5886e2018\"},\"breadcrumb\":{\"@id\":\"https:\/\/www.uqac.ca\/uqactualites\/2010\/02\/11\/declaration-du-colloque-eco-conseil-sur-la-biodiversite\/#breadcrumb\"},\"inLanguage\":\"fr-CA\",\"potentialAction\":[{\"@type\":\"ReadAction\",\"target\":[\"https:\/\/www.uqac.ca\/uqactualites\/2010\/02\/11\/declaration-du-colloque-eco-conseil-sur-la-biodiversite\/\"]}]},{\"@type\":\"ImageObject\",\"inLanguage\":\"fr-CA\",\"@id\":\"https:\/\/www.uqac.ca\/uqactualites\/2010\/02\/11\/declaration-du-colloque-eco-conseil-sur-la-biodiversite\/#primaryimage\",\"url\":\"http:\/\/www.uqac.ca\/wp-content\/uploads\/2012\/03\/h7aD2tKzXhhBkVDK-300x200.jpg\",\"contentUrl\":\"http:\/\/www.uqac.ca\/wp-content\/uploads\/2012\/03\/h7aD2tKzXhhBkVDK-300x200.jpg\"},{\"@type\":\"BreadcrumbList\",\"@id\":\"https:\/\/www.uqac.ca\/uqactualites\/2010\/02\/11\/declaration-du-colloque-eco-conseil-sur-la-biodiversite\/#breadcrumb\",\"itemListElement\":[{\"@type\":\"ListItem\",\"position\":1,\"name\":\"Home\",\"item\":\"https:\/\/www.uqac.ca\/uqactualites\/\"},{\"@type\":\"ListItem\",\"position\":2,\"name\":\"D\u00e9claration du colloque \u00c9co-conseil sur la biodiversit\u00e9\"}]},{\"@type\":\"WebSite\",\"@id\":\"https:\/\/www.uqac.ca\/uqactualites\/#website\",\"url\":\"https:\/\/www.uqac.ca\/uqactualites\/\",\"name\":\"UQACtualit\u00e9s\",\"description\":\"Le portail des nouvelles de l&#039;UQAC\",\"potentialAction\":[{\"@type\":\"SearchAction\",\"target\":{\"@type\":\"EntryPoint\",\"urlTemplate\":\"https:\/\/www.uqac.ca\/uqactualites\/?s={search_term_string}\"},\"query-input\":{\"@type\":\"PropertyValueSpecification\",\"valueRequired\":true,\"valueName\":\"search_term_string\"}}],\"inLanguage\":\"fr-CA\"},{\"@type\":\"Person\",\"@id\":\"https:\/\/www.uqac.ca\/uqactualites\/#\/schema\/person\/366c45a0c4f0e677b41b4af5886e2018\",\"name\":\"Service des communications et des relations publiques\",\"image\":{\"@type\":\"ImageObject\",\"inLanguage\":\"fr-CA\",\"@id\":\"https:\/\/www.uqac.ca\/uqactualites\/#\/schema\/person\/image\/\",\"url\":\"https:\/\/secure.gravatar.com\/avatar\/20fbbda8a292f59f2d3461a5b999c00b?s=96&d=mm&r=g\",\"contentUrl\":\"https:\/\/secure.gravatar.com\/avatar\/20fbbda8a292f59f2d3461a5b999c00b?s=96&d=mm&r=g\",\"caption\":\"Service des communications et des relations publiques\"},\"url\":\"https:\/\/www.uqac.ca\/uqactualites\/author\/bap\/\"}]}<\/script>\r\n<!-- \/ Yoast SEO plugin. -->","yoast_head_json":{"title":"D\u00e9claration du colloque \u00c9co-conseil sur la biodiversit\u00e9 - UQACtualit\u00e9s","robots":{"index":"index","follow":"follow","max-snippet":"max-snippet:-1","max-image-preview":"max-image-preview:large","max-video-preview":"max-video-preview:-1"},"canonical":"https:\/\/www.uqac.ca\/uqactualites\/2010\/02\/11\/declaration-du-colloque-eco-conseil-sur-la-biodiversite\/","og_locale":"fr_CA","og_type":"article","og_title":"D\u00e9claration du colloque \u00c9co-conseil sur la biodiversit\u00e9 - UQACtualit\u00e9s","og_description":"Le 9e colloque de l&rsquo;\u00c9v\u00e9nement \u00c9co-conseil 2010 a fait appel \u00e0 l&rsquo;intelligence collective de ses participants, avec tout ce qu&rsquo;elle comporte de contradiction et d&rsquo;incompr\u00e9hension, pour rassembler des id\u00e9es, des r\u00e9flexions et des commentaires pour les expliciter dans un texte commun. Dans une ambiance conviviale, cordiale et d\u00e9mocratique, les \u00e9changes autour de la biodiversit\u00e9 ont [&hellip;]","og_url":"https:\/\/www.uqac.ca\/uqactualites\/2010\/02\/11\/declaration-du-colloque-eco-conseil-sur-la-biodiversite\/","og_site_name":"UQACtualit\u00e9s","article_published_time":"2010-02-11T20:10:19+00:00","og_image":[{"url":"http:\/\/www.uqac.ca\/wp-content\/uploads\/2012\/03\/h7aD2tKzXhhBkVDK-300x200.jpg","type":"","width":"","height":""}],"author":"Service des communications et des relations publiques","twitter_card":"summary_large_image","twitter_misc":{"\u00c9crit par":"Service des communications et des relations publiques","Estimation du temps de lecture":"3 minutes"},"schema":{"@context":"https:\/\/schema.org","@graph":[{"@type":"WebPage","@id":"https:\/\/www.uqac.ca\/uqactualites\/2010\/02\/11\/declaration-du-colloque-eco-conseil-sur-la-biodiversite\/","url":"https:\/\/www.uqac.ca\/uqactualites\/2010\/02\/11\/declaration-du-colloque-eco-conseil-sur-la-biodiversite\/","name":"D\u00e9claration du colloque \u00c9co-conseil sur la biodiversit\u00e9 - UQACtualit\u00e9s","isPartOf":{"@id":"https:\/\/www.uqac.ca\/uqactualites\/#website"},"primaryImageOfPage":{"@id":"https:\/\/www.uqac.ca\/uqactualites\/2010\/02\/11\/declaration-du-colloque-eco-conseil-sur-la-biodiversite\/#primaryimage"},"image":{"@id":"https:\/\/www.uqac.ca\/uqactualites\/2010\/02\/11\/declaration-du-colloque-eco-conseil-sur-la-biodiversite\/#primaryimage"},"thumbnailUrl":"http:\/\/www.uqac.ca\/wp-content\/uploads\/2012\/03\/h7aD2tKzXhhBkVDK-300x200.jpg","datePublished":"2010-02-11T20:10:19+00:00","dateModified":"2010-02-11T20:10:19+00:00","author":{"@id":"https:\/\/www.uqac.ca\/uqactualites\/#\/schema\/person\/366c45a0c4f0e677b41b4af5886e2018"},"breadcrumb":{"@id":"https:\/\/www.uqac.ca\/uqactualites\/2010\/02\/11\/declaration-du-colloque-eco-conseil-sur-la-biodiversite\/#breadcrumb"},"inLanguage":"fr-CA","potentialAction":[{"@type":"ReadAction","target":["https:\/\/www.uqac.ca\/uqactualites\/2010\/02\/11\/declaration-du-colloque-eco-conseil-sur-la-biodiversite\/"]}]},{"@type":"ImageObject","inLanguage":"fr-CA","@id":"https:\/\/www.uqac.ca\/uqactualites\/2010\/02\/11\/declaration-du-colloque-eco-conseil-sur-la-biodiversite\/#primaryimage","url":"http:\/\/www.uqac.ca\/wp-content\/uploads\/2012\/03\/h7aD2tKzXhhBkVDK-300x200.jpg","contentUrl":"http:\/\/www.uqac.ca\/wp-content\/uploads\/2012\/03\/h7aD2tKzXhhBkVDK-300x200.jpg"},{"@type":"BreadcrumbList","@id":"https:\/\/www.uqac.ca\/uqactualites\/2010\/02\/11\/declaration-du-colloque-eco-conseil-sur-la-biodiversite\/#breadcrumb","itemListElement":[{"@type":"ListItem","position":1,"name":"Home","item":"https:\/\/www.uqac.ca\/uqactualites\/"},{"@type":"ListItem","position":2,"name":"D\u00e9claration du colloque \u00c9co-conseil sur la biodiversit\u00e9"}]},{"@type":"WebSite","@id":"https:\/\/www.uqac.ca\/uqactualites\/#website","url":"https:\/\/www.uqac.ca\/uqactualites\/","name":"UQACtualit\u00e9s","description":"Le portail des nouvelles de l&#039;UQAC","potentialAction":[{"@type":"SearchAction","target":{"@type":"EntryPoint","urlTemplate":"https:\/\/www.uqac.ca\/uqactualites\/?s={search_term_string}"},"query-input":{"@type":"PropertyValueSpecification","valueRequired":true,"valueName":"search_term_string"}}],"inLanguage":"fr-CA"},{"@type":"Person","@id":"https:\/\/www.uqac.ca\/uqactualites\/#\/schema\/person\/366c45a0c4f0e677b41b4af5886e2018","name":"Service des communications et des relations publiques","image":{"@type":"ImageObject","inLanguage":"fr-CA","@id":"https:\/\/www.uqac.ca\/uqactualites\/#\/schema\/person\/image\/","url":"https:\/\/secure.gravatar.com\/avatar\/20fbbda8a292f59f2d3461a5b999c00b?s=96&d=mm&r=g","contentUrl":"https:\/\/secure.gravatar.com\/avatar\/20fbbda8a292f59f2d3461a5b999c00b?s=96&d=mm&r=g","caption":"Service des communications et des relations publiques"},"url":"https:\/\/www.uqac.ca\/uqactualites\/author\/bap\/"}]}},"_links":{"self":[{"href":"https:\/\/www.uqac.ca\/uqactualites\/wp-json\/wp\/v2\/posts\/19333"}],"collection":[{"href":"https:\/\/www.uqac.ca\/uqactualites\/wp-json\/wp\/v2\/posts"}],"about":[{"href":"https:\/\/www.uqac.ca\/uqactualites\/wp-json\/wp\/v2\/types\/post"}],"author":[{"embeddable":true,"href":"https:\/\/www.uqac.ca\/uqactualites\/wp-json\/wp\/v2\/users\/5"}],"replies":[{"embeddable":true,"href":"https:\/\/www.uqac.ca\/uqactualites\/wp-json\/wp\/v2\/comments?post=19333"}],"version-history":[{"count":0,"href":"https:\/\/www.uqac.ca\/uqactualites\/wp-json\/wp\/v2\/posts\/19333\/revisions"}],"wp:attachment":[{"href":"https:\/\/www.uqac.ca\/uqactualites\/wp-json\/wp\/v2\/media?parent=19333"}],"wp:term":[{"taxonomy":"category","embeddable":true,"href":"https:\/\/www.uqac.ca\/uqactualites\/wp-json\/wp\/v2\/categories?post=19333"},{"taxonomy":"post_tag","embeddable":true,"href":"https:\/\/www.uqac.ca\/uqactualites\/wp-json\/wp\/v2\/tags?post=19333"}],"curies":[{"name":"wp","href":"https:\/\/api.w.org\/{rel}","templated":true}]}}