{"id":19342,"date":"2010-01-15T11:34:01","date_gmt":"2010-01-15T17:04:01","guid":{"rendered":"http:\/\/uqactualite.odev.ca\/2010\/01\/le-cesam-a-lecoute-des-besoins\/"},"modified":"2010-01-15T11:34:01","modified_gmt":"2010-01-15T17:04:01","slug":"le-cesam-a-lecoute-des-besoins","status":"publish","type":"post","link":"https:\/\/www.uqac.ca\/uqactualites\/2010\/01\/15\/le-cesam-a-lecoute-des-besoins\/","title":{"rendered":"Le CESAM \u00e0 l&rsquo;\u00e9coute des besoins"},"content":{"rendered":"<p><figure id=\"attachment_19342\" aria-describedby=\"caption-attachment-19342\" style=\"width: 225px\" class=\"wp-caption alignright\"><a href=\"http:\/\/www.uqac.ca\/wp-content\/uploads\/2012\/03\/lO6Wm1iUhr34YGUn.jpg\"><img loading=\"lazy\" decoding=\"async\" class=\"size-medium wp-image-19342\" title=\"lO6Wm1iUhr34YGUn\" src=\"http:\/\/www.uqac.ca\/wp-content\/uploads\/2012\/03\/lO6Wm1iUhr34YGUn-225x300.jpg\" width=\"225\" height=\"300\" alt=\"\" \/><\/a><figcaption id=\"caption-attachment-19342\" class=\"wp-caption-text\">Le directeur du CESAM, Damien Ferland et la coordonnatrice, Aline Tremblay, offrent des formations \u00ab sur mesure \u00bb. (Photo Rocket Lavoie) <\/figcaption><\/figure>De la formation continue au \u00ab sur mesure \u00bb<\/p>\n<p>CHICOUTIMI &#8211; Lorsque l&rsquo;on parle de \u00ab sur mesure \u00bb, on a souvent tendance \u00e0 penser \u00e0 un morceau de v\u00eatement particulier, \u00e0 une robe ou un complet, par exemple. \u00c0 l&rsquo;UQAC, lorsque l&rsquo;expression \u00ab sur mesure \u00bb est utilis\u00e9e, c&rsquo;est plut\u00f4t pour traiter du CESAM. <\/p>\n<p>L&rsquo;ancien Service de formation continue de l&rsquo;UQAC a chang\u00e9 de nom en novembre 2009, pour devenir le CEntre du SAvoir sur Mesure (CESAM). La vocation du centre, qui a ouvert ses portes en 2001, n&rsquo;a pas chang\u00e9.<\/p>\n<p>\u00ab Nous intervenons aupr\u00e8s des organisations, explique son directeur, Damien Ferland. La formation, que nous donnons, est li\u00e9e \u00e0 la pratique. Nous \u00e9coutons en premier lieu la demande du client, puis nous \u00e9tablissons les besoins. Par la suite, nous faisons en sorte de trouver les bons intervenants, les sp\u00e9cialistes qui sauront le mieux r\u00e9pondre aux attentes des clients. Nous tentons toujours, d&rsquo;avoir un expert en contenu et un expert-praticien. De cette fa\u00e7on, nous nous assurons que le client sera satisfait et que nos professeurs sauront r\u00e9pondre \u00e0 la demande. \u00bb <\/p>\n<p>C&rsquo;est donc dire que des professionnels du milieu concern\u00e9 et des professeurs de l&rsquo;UQAC unissent leurs forces afin d&rsquo;aider les clients. <\/p>\n<p>Le CESAM, \u00e0 titre d&rsquo;exemple, donne des formations \u00e0 des cadres d&rsquo;une entreprise d\u00e9sireux d&rsquo;am\u00e9liorer leurs connaissances en gestion des ressources humaines. Un programme propre \u00e0 l&rsquo;entreprise est pr\u00e9par\u00e9 par le groupe de travail du CESAM, puis une formation en gestion des ressources humaines, adapt\u00e9e \u00e0 la r\u00e9alit\u00e9 de terrain avec laquelle ont \u00e0 vivre les cadres, leur est donn\u00e9e. <\/p>\n<p>\u00ab Nous nous adaptons vraiment selon le besoin. C&rsquo;est la cl\u00e9 de notre succ\u00e8s. Nous construisons les cours selon ce que le milieu nous demande. L&rsquo;apprentissage concerne aussi bien le savoir \u00eatre que le savoir-faire pour un savoir agir \u00bb, poursuit monsieur Ferland. <\/p>\n<p>Les gens du CESAM, de l&rsquo;UQAC, peuvent donner des formations partout \u00e0 travers le Qu\u00e9bec. <\/p>\n<p>Au cours de l&rsquo;ann\u00e9e 2008-2009, le \u00ab d\u00e9funt \u00bb Service de formation continue a atteint 2 262 inscriptions aux diverses formations offertes. De ce nombre, il y a eu 1 254 inscriptions aux formations menant \u00e0 des Unit\u00e9s d&rsquo;\u00e9ducation continue (UEC) avec l&rsquo;\u00e9mission d&rsquo;attestations. <\/p>\n<p>L&rsquo;\u00e9ducation continue, et donc les unit\u00e9s qui en d\u00e9coulent, repr\u00e9sente une exp\u00e9rience de formation s&rsquo;adressant \u00e0 des participants qui d\u00e9sirent parfaire leur formation de base. C&rsquo;est donc dire que les clients obtenant des UEC ont souvent une formation universitaire et les cours du CESAM sont, pour les participants, un enrichissement. <\/p>\n<p>L&rsquo;un des partenaires majeurs du CESAM est le r\u00e9seau de la sant\u00e9. Uniquement au Saguenay\u2013Lac-Saint-Jean, un Programme d&rsquo;int\u00e9gration \u00e0 la fonction d&rsquo;encadrement (PIFE) a \u00e9t\u00e9 donn\u00e9 aupr\u00e8s de huit cohortes. <\/p>\n<p>Plusieurs programmes de formation sur mesure ont \u00e9t\u00e9 d\u00e9velopp\u00e9s, notamment la gestion de projets, le superviseur-coach comp\u00e9tent de m\u00eame que des formations populaires en sant\u00e9 \u00e0 Saguenay. On remarque que les formations en sant\u00e9 ont rejoint plus de 500 participants.<\/p>\n<p>Le Quotidien, 9 janvier 2010<br \/>\nUn texte de <a href=\"mailto:kbelley-murray@lequotidien.com\">Katerine Belley-Murray<\/a><\/p>\n","protected":false},"excerpt":{"rendered":"<p>De la formation continue au \u00ab sur mesure \u00bb CHICOUTIMI &#8211; Lorsque l&rsquo;on parle de \u00ab sur mesure \u00bb, on a souvent tendance \u00e0 penser \u00e0 un morceau de v\u00eatement particulier, \u00e0 une robe ou un complet, par exemple. \u00c0 l&rsquo;UQAC, lorsque l&rsquo;expression \u00ab sur mesure \u00bb est utilis\u00e9e, c&rsquo;est plut\u00f4t pour traiter du CESAM. [&hellip;]<\/p>\n","protected":false},"author":5,"featured_media":0,"comment_status":"closed","ping_status":"1","sticky":false,"template":"","format":"standard","meta":{"footnotes":""},"categories":[2772],"tags":[],"yoast_head":"<!-- This site is optimized with the Yoast SEO plugin v24.2 - https:\/\/yoast.com\/wordpress\/plugins\/seo\/ -->\r\n<title>Le CESAM \u00e0 l&#039;\u00e9coute des besoins - UQACtualit\u00e9s<\/title>\r\n<meta name=\"robots\" content=\"index, follow, max-snippet:-1, max-image-preview:large, max-video-preview:-1\" \/>\r\n<link rel=\"canonical\" href=\"https:\/\/www.uqac.ca\/uqactualites\/2010\/01\/15\/le-cesam-a-lecoute-des-besoins\/\" \/>\r\n<meta property=\"og:locale\" content=\"fr_CA\" \/>\r\n<meta property=\"og:type\" content=\"article\" \/>\r\n<meta property=\"og:title\" content=\"Le CESAM \u00e0 l&#039;\u00e9coute des besoins - UQACtualit\u00e9s\" \/>\r\n<meta property=\"og:description\" content=\"De la formation continue au \u00ab sur mesure \u00bb CHICOUTIMI &#8211; Lorsque l&rsquo;on parle de \u00ab sur mesure \u00bb, on a souvent tendance \u00e0 penser \u00e0 un morceau de v\u00eatement particulier, \u00e0 une robe ou un complet, par exemple. \u00c0 l&rsquo;UQAC, lorsque l&rsquo;expression \u00ab sur mesure \u00bb est utilis\u00e9e, c&rsquo;est plut\u00f4t pour traiter du CESAM. [&hellip;]\" \/>\r\n<meta property=\"og:url\" content=\"https:\/\/www.uqac.ca\/uqactualites\/2010\/01\/15\/le-cesam-a-lecoute-des-besoins\/\" \/>\r\n<meta property=\"og:site_name\" content=\"UQACtualit\u00e9s\" \/>\r\n<meta property=\"article:published_time\" content=\"2010-01-15T17:04:01+00:00\" \/>\r\n<meta property=\"og:image\" content=\"http:\/\/www.uqac.ca\/wp-content\/uploads\/2012\/03\/lO6Wm1iUhr34YGUn-225x300.jpg\" \/>\r\n<meta name=\"author\" content=\"Service des communications et des relations publiques\" \/>\r\n<meta name=\"twitter:card\" content=\"summary_large_image\" \/>\r\n<meta name=\"twitter:label1\" content=\"\u00c9crit par\" \/>\n\t<meta name=\"twitter:data1\" content=\"Service des communications et des relations publiques\" \/>\n\t<meta name=\"twitter:label2\" content=\"Estimation du temps de lecture\" \/>\n\t<meta name=\"twitter:data2\" content=\"3 minutes\" \/>\r\n<script type=\"application\/ld+json\" class=\"yoast-schema-graph\">{\"@context\":\"https:\/\/schema.org\",\"@graph\":[{\"@type\":\"WebPage\",\"@id\":\"https:\/\/www.uqac.ca\/uqactualites\/2010\/01\/15\/le-cesam-a-lecoute-des-besoins\/\",\"url\":\"https:\/\/www.uqac.ca\/uqactualites\/2010\/01\/15\/le-cesam-a-lecoute-des-besoins\/\",\"name\":\"Le CESAM \u00e0 l'\u00e9coute des besoins - UQACtualit\u00e9s\",\"isPartOf\":{\"@id\":\"https:\/\/www.uqac.ca\/uqactualites\/#website\"},\"primaryImageOfPage\":{\"@id\":\"https:\/\/www.uqac.ca\/uqactualites\/2010\/01\/15\/le-cesam-a-lecoute-des-besoins\/#primaryimage\"},\"image\":{\"@id\":\"https:\/\/www.uqac.ca\/uqactualites\/2010\/01\/15\/le-cesam-a-lecoute-des-besoins\/#primaryimage\"},\"thumbnailUrl\":\"http:\/\/www.uqac.ca\/wp-content\/uploads\/2012\/03\/lO6Wm1iUhr34YGUn-225x300.jpg\",\"datePublished\":\"2010-01-15T17:04:01+00:00\",\"dateModified\":\"2010-01-15T17:04:01+00:00\",\"author\":{\"@id\":\"https:\/\/www.uqac.ca\/uqactualites\/#\/schema\/person\/366c45a0c4f0e677b41b4af5886e2018\"},\"breadcrumb\":{\"@id\":\"https:\/\/www.uqac.ca\/uqactualites\/2010\/01\/15\/le-cesam-a-lecoute-des-besoins\/#breadcrumb\"},\"inLanguage\":\"fr-CA\",\"potentialAction\":[{\"@type\":\"ReadAction\",\"target\":[\"https:\/\/www.uqac.ca\/uqactualites\/2010\/01\/15\/le-cesam-a-lecoute-des-besoins\/\"]}]},{\"@type\":\"ImageObject\",\"inLanguage\":\"fr-CA\",\"@id\":\"https:\/\/www.uqac.ca\/uqactualites\/2010\/01\/15\/le-cesam-a-lecoute-des-besoins\/#primaryimage\",\"url\":\"http:\/\/www.uqac.ca\/wp-content\/uploads\/2012\/03\/lO6Wm1iUhr34YGUn-225x300.jpg\",\"contentUrl\":\"http:\/\/www.uqac.ca\/wp-content\/uploads\/2012\/03\/lO6Wm1iUhr34YGUn-225x300.jpg\"},{\"@type\":\"BreadcrumbList\",\"@id\":\"https:\/\/www.uqac.ca\/uqactualites\/2010\/01\/15\/le-cesam-a-lecoute-des-besoins\/#breadcrumb\",\"itemListElement\":[{\"@type\":\"ListItem\",\"position\":1,\"name\":\"Home\",\"item\":\"https:\/\/www.uqac.ca\/uqactualites\/\"},{\"@type\":\"ListItem\",\"position\":2,\"name\":\"Le CESAM \u00e0 l&rsquo;\u00e9coute des besoins\"}]},{\"@type\":\"WebSite\",\"@id\":\"https:\/\/www.uqac.ca\/uqactualites\/#website\",\"url\":\"https:\/\/www.uqac.ca\/uqactualites\/\",\"name\":\"UQACtualit\u00e9s\",\"description\":\"Le portail des nouvelles de l&#039;UQAC\",\"potentialAction\":[{\"@type\":\"SearchAction\",\"target\":{\"@type\":\"EntryPoint\",\"urlTemplate\":\"https:\/\/www.uqac.ca\/uqactualites\/?s={search_term_string}\"},\"query-input\":{\"@type\":\"PropertyValueSpecification\",\"valueRequired\":true,\"valueName\":\"search_term_string\"}}],\"inLanguage\":\"fr-CA\"},{\"@type\":\"Person\",\"@id\":\"https:\/\/www.uqac.ca\/uqactualites\/#\/schema\/person\/366c45a0c4f0e677b41b4af5886e2018\",\"name\":\"Service des communications et des relations publiques\",\"image\":{\"@type\":\"ImageObject\",\"inLanguage\":\"fr-CA\",\"@id\":\"https:\/\/www.uqac.ca\/uqactualites\/#\/schema\/person\/image\/\",\"url\":\"https:\/\/secure.gravatar.com\/avatar\/20fbbda8a292f59f2d3461a5b999c00b?s=96&d=mm&r=g\",\"contentUrl\":\"https:\/\/secure.gravatar.com\/avatar\/20fbbda8a292f59f2d3461a5b999c00b?s=96&d=mm&r=g\",\"caption\":\"Service des communications et des relations publiques\"},\"url\":\"https:\/\/www.uqac.ca\/uqactualites\/author\/bap\/\"}]}<\/script>\r\n<!-- \/ Yoast SEO plugin. -->","yoast_head_json":{"title":"Le CESAM \u00e0 l'\u00e9coute des besoins - UQACtualit\u00e9s","robots":{"index":"index","follow":"follow","max-snippet":"max-snippet:-1","max-image-preview":"max-image-preview:large","max-video-preview":"max-video-preview:-1"},"canonical":"https:\/\/www.uqac.ca\/uqactualites\/2010\/01\/15\/le-cesam-a-lecoute-des-besoins\/","og_locale":"fr_CA","og_type":"article","og_title":"Le CESAM \u00e0 l'\u00e9coute des besoins - UQACtualit\u00e9s","og_description":"De la formation continue au \u00ab sur mesure \u00bb CHICOUTIMI &#8211; Lorsque l&rsquo;on parle de \u00ab sur mesure \u00bb, on a souvent tendance \u00e0 penser \u00e0 un morceau de v\u00eatement particulier, \u00e0 une robe ou un complet, par exemple. \u00c0 l&rsquo;UQAC, lorsque l&rsquo;expression \u00ab sur mesure \u00bb est utilis\u00e9e, c&rsquo;est plut\u00f4t pour traiter du CESAM. [&hellip;]","og_url":"https:\/\/www.uqac.ca\/uqactualites\/2010\/01\/15\/le-cesam-a-lecoute-des-besoins\/","og_site_name":"UQACtualit\u00e9s","article_published_time":"2010-01-15T17:04:01+00:00","og_image":[{"url":"http:\/\/www.uqac.ca\/wp-content\/uploads\/2012\/03\/lO6Wm1iUhr34YGUn-225x300.jpg","type":"","width":"","height":""}],"author":"Service des communications et des relations publiques","twitter_card":"summary_large_image","twitter_misc":{"\u00c9crit par":"Service des communications et des relations publiques","Estimation du temps de lecture":"3 minutes"},"schema":{"@context":"https:\/\/schema.org","@graph":[{"@type":"WebPage","@id":"https:\/\/www.uqac.ca\/uqactualites\/2010\/01\/15\/le-cesam-a-lecoute-des-besoins\/","url":"https:\/\/www.uqac.ca\/uqactualites\/2010\/01\/15\/le-cesam-a-lecoute-des-besoins\/","name":"Le CESAM \u00e0 l'\u00e9coute des besoins - UQACtualit\u00e9s","isPartOf":{"@id":"https:\/\/www.uqac.ca\/uqactualites\/#website"},"primaryImageOfPage":{"@id":"https:\/\/www.uqac.ca\/uqactualites\/2010\/01\/15\/le-cesam-a-lecoute-des-besoins\/#primaryimage"},"image":{"@id":"https:\/\/www.uqac.ca\/uqactualites\/2010\/01\/15\/le-cesam-a-lecoute-des-besoins\/#primaryimage"},"thumbnailUrl":"http:\/\/www.uqac.ca\/wp-content\/uploads\/2012\/03\/lO6Wm1iUhr34YGUn-225x300.jpg","datePublished":"2010-01-15T17:04:01+00:00","dateModified":"2010-01-15T17:04:01+00:00","author":{"@id":"https:\/\/www.uqac.ca\/uqactualites\/#\/schema\/person\/366c45a0c4f0e677b41b4af5886e2018"},"breadcrumb":{"@id":"https:\/\/www.uqac.ca\/uqactualites\/2010\/01\/15\/le-cesam-a-lecoute-des-besoins\/#breadcrumb"},"inLanguage":"fr-CA","potentialAction":[{"@type":"ReadAction","target":["https:\/\/www.uqac.ca\/uqactualites\/2010\/01\/15\/le-cesam-a-lecoute-des-besoins\/"]}]},{"@type":"ImageObject","inLanguage":"fr-CA","@id":"https:\/\/www.uqac.ca\/uqactualites\/2010\/01\/15\/le-cesam-a-lecoute-des-besoins\/#primaryimage","url":"http:\/\/www.uqac.ca\/wp-content\/uploads\/2012\/03\/lO6Wm1iUhr34YGUn-225x300.jpg","contentUrl":"http:\/\/www.uqac.ca\/wp-content\/uploads\/2012\/03\/lO6Wm1iUhr34YGUn-225x300.jpg"},{"@type":"BreadcrumbList","@id":"https:\/\/www.uqac.ca\/uqactualites\/2010\/01\/15\/le-cesam-a-lecoute-des-besoins\/#breadcrumb","itemListElement":[{"@type":"ListItem","position":1,"name":"Home","item":"https:\/\/www.uqac.ca\/uqactualites\/"},{"@type":"ListItem","position":2,"name":"Le CESAM \u00e0 l&rsquo;\u00e9coute des besoins"}]},{"@type":"WebSite","@id":"https:\/\/www.uqac.ca\/uqactualites\/#website","url":"https:\/\/www.uqac.ca\/uqactualites\/","name":"UQACtualit\u00e9s","description":"Le portail des nouvelles de l&#039;UQAC","potentialAction":[{"@type":"SearchAction","target":{"@type":"EntryPoint","urlTemplate":"https:\/\/www.uqac.ca\/uqactualites\/?s={search_term_string}"},"query-input":{"@type":"PropertyValueSpecification","valueRequired":true,"valueName":"search_term_string"}}],"inLanguage":"fr-CA"},{"@type":"Person","@id":"https:\/\/www.uqac.ca\/uqactualites\/#\/schema\/person\/366c45a0c4f0e677b41b4af5886e2018","name":"Service des communications et des relations publiques","image":{"@type":"ImageObject","inLanguage":"fr-CA","@id":"https:\/\/www.uqac.ca\/uqactualites\/#\/schema\/person\/image\/","url":"https:\/\/secure.gravatar.com\/avatar\/20fbbda8a292f59f2d3461a5b999c00b?s=96&d=mm&r=g","contentUrl":"https:\/\/secure.gravatar.com\/avatar\/20fbbda8a292f59f2d3461a5b999c00b?s=96&d=mm&r=g","caption":"Service des communications et des relations publiques"},"url":"https:\/\/www.uqac.ca\/uqactualites\/author\/bap\/"}]}},"_links":{"self":[{"href":"https:\/\/www.uqac.ca\/uqactualites\/wp-json\/wp\/v2\/posts\/19342"}],"collection":[{"href":"https:\/\/www.uqac.ca\/uqactualites\/wp-json\/wp\/v2\/posts"}],"about":[{"href":"https:\/\/www.uqac.ca\/uqactualites\/wp-json\/wp\/v2\/types\/post"}],"author":[{"embeddable":true,"href":"https:\/\/www.uqac.ca\/uqactualites\/wp-json\/wp\/v2\/users\/5"}],"replies":[{"embeddable":true,"href":"https:\/\/www.uqac.ca\/uqactualites\/wp-json\/wp\/v2\/comments?post=19342"}],"version-history":[{"count":0,"href":"https:\/\/www.uqac.ca\/uqactualites\/wp-json\/wp\/v2\/posts\/19342\/revisions"}],"wp:attachment":[{"href":"https:\/\/www.uqac.ca\/uqactualites\/wp-json\/wp\/v2\/media?parent=19342"}],"wp:term":[{"taxonomy":"category","embeddable":true,"href":"https:\/\/www.uqac.ca\/uqactualites\/wp-json\/wp\/v2\/categories?post=19342"},{"taxonomy":"post_tag","embeddable":true,"href":"https:\/\/www.uqac.ca\/uqactualites\/wp-json\/wp\/v2\/tags?post=19342"}],"curies":[{"name":"wp","href":"https:\/\/api.w.org\/{rel}","templated":true}]}}