{"id":19360,"date":"2009-11-12T11:50:08","date_gmt":"2009-11-12T17:20:08","guid":{"rendered":"http:\/\/uqactualite.odev.ca\/2009\/11\/nouvelle-signature-pour-le-service-de-formation-continue-de-luqac\/"},"modified":"2009-11-12T11:50:08","modified_gmt":"2009-11-12T17:20:08","slug":"nouvelle-signature-pour-le-service-de-formation-continue-de-luqac","status":"publish","type":"post","link":"https:\/\/www.uqac.ca\/uqactualites\/2009\/11\/12\/nouvelle-signature-pour-le-service-de-formation-continue-de-luqac\/","title":{"rendered":"Nouvelle signature pour le Service de formation continue de l&rsquo;UQAC"},"content":{"rendered":"<p>Le Service de formation continue de l&rsquo;UQAC (SFC) a proc\u00e9d\u00e9 au d\u00e9voilement de sa nouvelle signature, le mardi 10 novembre, devant ses nombreux partenaires. Cette d\u00e9marche s&rsquo;inscrit dans le cadre du Sch\u00e9ma directeur 2006-2011 relativement \u00ab au d\u00e9veloppement du Service de formation continue \u00bb.<\/p>\n<p>Parmi ses r\u00e9alisations, le SFC de l&rsquo;UQAC a su d\u00e9velopper de solides partenariats au sein de sa communaut\u00e9 et \u00e9tendre son rayonnement \u00e0 l&rsquo;ensemble de la province. <strong>Plusieurs programmes<\/strong> ont \u00e9t\u00e9 d\u00e9velopp\u00e9s, dont <strong>l&rsquo;int\u00e9gration \u00e0 la fonction d&rsquo;encadrement <\/strong>s&rsquo;adressant aux cadres du r\u00e9seau de la sant\u00e9 et des services sociaux; <strong>la formation en intervention jeunesse autochtone<\/strong> cr\u00e9\u00e9e pour et par les intervenants \u0153uvrant dans le milieu ainsi que <strong>le baccalaur\u00e9at en travail social<\/strong> d\u00e9localis\u00e9 \u00e0 Qu\u00e9bec, Saint-Georges de Beauce, Trois-Rivi\u00e8res et Victoriaville.<\/p>\n<p>Au cours de la derni\u00e8re ann\u00e9e, le SFC a atteint pr\u00e8s de 2 500 participations aux formations offertes. La croissance enviable de l&rsquo;organisation et de sa client\u00e8le, qui est compos\u00e9e de professionnels en exercice, imposait que sa signature soit modernis\u00e9e pour ainsi correspondre \u00e0 la r\u00e9alit\u00e9 d&rsquo;aujourd&rsquo;hui.<\/p>\n<p>Le <strong>savoir<\/strong>, le <strong>savoir-faire<\/strong> et le <strong>savoir \u00eatre \u00e9tant au centre de la formation continue, CESAM \u00ab CEntre du SAvoir sur Mesure \u00bb<\/strong> s&rsquo;est donc impos\u00e9.<\/p>\n<p><a href=\"http:\/\/www.uqac.ca\/medias\/communique\/2009\/20091110_cesam_ann.pdf\" target=\"blank\" rel=\"noopener\"> Pr\u00e9sentation de la signature<\/a><\/p>\n<p><strong>Renseignements :<\/strong><br \/>\nT\u00e9l\u00e9phone : 418 545-5011, poste 5374<\/p>\n","protected":false},"excerpt":{"rendered":"<p>Le Service de formation continue de l&rsquo;UQAC (SFC) a proc\u00e9d\u00e9 au d\u00e9voilement de sa nouvelle signature, le mardi 10 novembre, devant ses nombreux partenaires. Cette d\u00e9marche s&rsquo;inscrit dans le cadre du Sch\u00e9ma directeur 2006-2011 relativement \u00ab au d\u00e9veloppement du Service de formation continue \u00bb. Parmi ses r\u00e9alisations, le SFC de l&rsquo;UQAC a su d\u00e9velopper de [&hellip;]<\/p>\n","protected":false},"author":5,"featured_media":0,"comment_status":"closed","ping_status":"closed","sticky":false,"template":"","format":"standard","meta":{"footnotes":""},"categories":[2772],"tags":[],"yoast_head":"<!-- This site is optimized with the Yoast SEO plugin v24.2 - https:\/\/yoast.com\/wordpress\/plugins\/seo\/ -->\r\n<title>Nouvelle signature pour le Service de formation continue de l&#039;UQAC - UQACtualit\u00e9s<\/title>\r\n<meta name=\"robots\" content=\"index, follow, max-snippet:-1, max-image-preview:large, max-video-preview:-1\" \/>\r\n<link rel=\"canonical\" href=\"https:\/\/www.uqac.ca\/uqactualites\/2009\/11\/12\/nouvelle-signature-pour-le-service-de-formation-continue-de-luqac\/\" \/>\r\n<meta property=\"og:locale\" content=\"fr_CA\" \/>\r\n<meta property=\"og:type\" content=\"article\" \/>\r\n<meta property=\"og:title\" content=\"Nouvelle signature pour le Service de formation continue de l&#039;UQAC - UQACtualit\u00e9s\" \/>\r\n<meta property=\"og:description\" content=\"Le Service de formation continue de l&rsquo;UQAC (SFC) a proc\u00e9d\u00e9 au d\u00e9voilement de sa nouvelle signature, le mardi 10 novembre, devant ses nombreux partenaires. Cette d\u00e9marche s&rsquo;inscrit dans le cadre du Sch\u00e9ma directeur 2006-2011 relativement \u00ab au d\u00e9veloppement du Service de formation continue \u00bb. Parmi ses r\u00e9alisations, le SFC de l&rsquo;UQAC a su d\u00e9velopper de [&hellip;]\" \/>\r\n<meta property=\"og:url\" content=\"https:\/\/www.uqac.ca\/uqactualites\/2009\/11\/12\/nouvelle-signature-pour-le-service-de-formation-continue-de-luqac\/\" \/>\r\n<meta property=\"og:site_name\" content=\"UQACtualit\u00e9s\" \/>\r\n<meta property=\"article:published_time\" content=\"2009-11-12T17:20:08+00:00\" \/>\r\n<meta name=\"author\" content=\"Service des communications et des relations publiques\" \/>\r\n<meta name=\"twitter:card\" content=\"summary_large_image\" \/>\r\n<meta name=\"twitter:label1\" content=\"\u00c9crit par\" \/>\n\t<meta name=\"twitter:data1\" content=\"Service des communications et des relations publiques\" \/>\n\t<meta name=\"twitter:label2\" content=\"Estimation du temps de lecture\" \/>\n\t<meta name=\"twitter:data2\" content=\"1 minute\" \/>\r\n<script type=\"application\/ld+json\" class=\"yoast-schema-graph\">{\"@context\":\"https:\/\/schema.org\",\"@graph\":[{\"@type\":\"WebPage\",\"@id\":\"https:\/\/www.uqac.ca\/uqactualites\/2009\/11\/12\/nouvelle-signature-pour-le-service-de-formation-continue-de-luqac\/\",\"url\":\"https:\/\/www.uqac.ca\/uqactualites\/2009\/11\/12\/nouvelle-signature-pour-le-service-de-formation-continue-de-luqac\/\",\"name\":\"Nouvelle signature pour le Service de formation continue de l'UQAC - UQACtualit\u00e9s\",\"isPartOf\":{\"@id\":\"https:\/\/www.uqac.ca\/uqactualites\/#website\"},\"datePublished\":\"2009-11-12T17:20:08+00:00\",\"dateModified\":\"2009-11-12T17:20:08+00:00\",\"author\":{\"@id\":\"https:\/\/www.uqac.ca\/uqactualites\/#\/schema\/person\/366c45a0c4f0e677b41b4af5886e2018\"},\"breadcrumb\":{\"@id\":\"https:\/\/www.uqac.ca\/uqactualites\/2009\/11\/12\/nouvelle-signature-pour-le-service-de-formation-continue-de-luqac\/#breadcrumb\"},\"inLanguage\":\"fr-CA\",\"potentialAction\":[{\"@type\":\"ReadAction\",\"target\":[\"https:\/\/www.uqac.ca\/uqactualites\/2009\/11\/12\/nouvelle-signature-pour-le-service-de-formation-continue-de-luqac\/\"]}]},{\"@type\":\"BreadcrumbList\",\"@id\":\"https:\/\/www.uqac.ca\/uqactualites\/2009\/11\/12\/nouvelle-signature-pour-le-service-de-formation-continue-de-luqac\/#breadcrumb\",\"itemListElement\":[{\"@type\":\"ListItem\",\"position\":1,\"name\":\"Home\",\"item\":\"https:\/\/www.uqac.ca\/uqactualites\/\"},{\"@type\":\"ListItem\",\"position\":2,\"name\":\"Nouvelle signature pour le Service de formation continue de l&rsquo;UQAC\"}]},{\"@type\":\"WebSite\",\"@id\":\"https:\/\/www.uqac.ca\/uqactualites\/#website\",\"url\":\"https:\/\/www.uqac.ca\/uqactualites\/\",\"name\":\"UQACtualit\u00e9s\",\"description\":\"Le portail des nouvelles de l&#039;UQAC\",\"potentialAction\":[{\"@type\":\"SearchAction\",\"target\":{\"@type\":\"EntryPoint\",\"urlTemplate\":\"https:\/\/www.uqac.ca\/uqactualites\/?s={search_term_string}\"},\"query-input\":{\"@type\":\"PropertyValueSpecification\",\"valueRequired\":true,\"valueName\":\"search_term_string\"}}],\"inLanguage\":\"fr-CA\"},{\"@type\":\"Person\",\"@id\":\"https:\/\/www.uqac.ca\/uqactualites\/#\/schema\/person\/366c45a0c4f0e677b41b4af5886e2018\",\"name\":\"Service des communications et des relations publiques\",\"image\":{\"@type\":\"ImageObject\",\"inLanguage\":\"fr-CA\",\"@id\":\"https:\/\/www.uqac.ca\/uqactualites\/#\/schema\/person\/image\/\",\"url\":\"https:\/\/secure.gravatar.com\/avatar\/20fbbda8a292f59f2d3461a5b999c00b?s=96&d=mm&r=g\",\"contentUrl\":\"https:\/\/secure.gravatar.com\/avatar\/20fbbda8a292f59f2d3461a5b999c00b?s=96&d=mm&r=g\",\"caption\":\"Service des communications et des relations publiques\"},\"url\":\"https:\/\/www.uqac.ca\/uqactualites\/author\/bap\/\"}]}<\/script>\r\n<!-- \/ Yoast SEO plugin. -->","yoast_head_json":{"title":"Nouvelle signature pour le Service de formation continue de l'UQAC - UQACtualit\u00e9s","robots":{"index":"index","follow":"follow","max-snippet":"max-snippet:-1","max-image-preview":"max-image-preview:large","max-video-preview":"max-video-preview:-1"},"canonical":"https:\/\/www.uqac.ca\/uqactualites\/2009\/11\/12\/nouvelle-signature-pour-le-service-de-formation-continue-de-luqac\/","og_locale":"fr_CA","og_type":"article","og_title":"Nouvelle signature pour le Service de formation continue de l'UQAC - UQACtualit\u00e9s","og_description":"Le Service de formation continue de l&rsquo;UQAC (SFC) a proc\u00e9d\u00e9 au d\u00e9voilement de sa nouvelle signature, le mardi 10 novembre, devant ses nombreux partenaires. Cette d\u00e9marche s&rsquo;inscrit dans le cadre du Sch\u00e9ma directeur 2006-2011 relativement \u00ab au d\u00e9veloppement du Service de formation continue \u00bb. Parmi ses r\u00e9alisations, le SFC de l&rsquo;UQAC a su d\u00e9velopper de [&hellip;]","og_url":"https:\/\/www.uqac.ca\/uqactualites\/2009\/11\/12\/nouvelle-signature-pour-le-service-de-formation-continue-de-luqac\/","og_site_name":"UQACtualit\u00e9s","article_published_time":"2009-11-12T17:20:08+00:00","author":"Service des communications et des relations publiques","twitter_card":"summary_large_image","twitter_misc":{"\u00c9crit par":"Service des communications et des relations publiques","Estimation du temps de lecture":"1 minute"},"schema":{"@context":"https:\/\/schema.org","@graph":[{"@type":"WebPage","@id":"https:\/\/www.uqac.ca\/uqactualites\/2009\/11\/12\/nouvelle-signature-pour-le-service-de-formation-continue-de-luqac\/","url":"https:\/\/www.uqac.ca\/uqactualites\/2009\/11\/12\/nouvelle-signature-pour-le-service-de-formation-continue-de-luqac\/","name":"Nouvelle signature pour le Service de formation continue de l'UQAC - UQACtualit\u00e9s","isPartOf":{"@id":"https:\/\/www.uqac.ca\/uqactualites\/#website"},"datePublished":"2009-11-12T17:20:08+00:00","dateModified":"2009-11-12T17:20:08+00:00","author":{"@id":"https:\/\/www.uqac.ca\/uqactualites\/#\/schema\/person\/366c45a0c4f0e677b41b4af5886e2018"},"breadcrumb":{"@id":"https:\/\/www.uqac.ca\/uqactualites\/2009\/11\/12\/nouvelle-signature-pour-le-service-de-formation-continue-de-luqac\/#breadcrumb"},"inLanguage":"fr-CA","potentialAction":[{"@type":"ReadAction","target":["https:\/\/www.uqac.ca\/uqactualites\/2009\/11\/12\/nouvelle-signature-pour-le-service-de-formation-continue-de-luqac\/"]}]},{"@type":"BreadcrumbList","@id":"https:\/\/www.uqac.ca\/uqactualites\/2009\/11\/12\/nouvelle-signature-pour-le-service-de-formation-continue-de-luqac\/#breadcrumb","itemListElement":[{"@type":"ListItem","position":1,"name":"Home","item":"https:\/\/www.uqac.ca\/uqactualites\/"},{"@type":"ListItem","position":2,"name":"Nouvelle signature pour le Service de formation continue de l&rsquo;UQAC"}]},{"@type":"WebSite","@id":"https:\/\/www.uqac.ca\/uqactualites\/#website","url":"https:\/\/www.uqac.ca\/uqactualites\/","name":"UQACtualit\u00e9s","description":"Le portail des nouvelles de l&#039;UQAC","potentialAction":[{"@type":"SearchAction","target":{"@type":"EntryPoint","urlTemplate":"https:\/\/www.uqac.ca\/uqactualites\/?s={search_term_string}"},"query-input":{"@type":"PropertyValueSpecification","valueRequired":true,"valueName":"search_term_string"}}],"inLanguage":"fr-CA"},{"@type":"Person","@id":"https:\/\/www.uqac.ca\/uqactualites\/#\/schema\/person\/366c45a0c4f0e677b41b4af5886e2018","name":"Service des communications et des relations publiques","image":{"@type":"ImageObject","inLanguage":"fr-CA","@id":"https:\/\/www.uqac.ca\/uqactualites\/#\/schema\/person\/image\/","url":"https:\/\/secure.gravatar.com\/avatar\/20fbbda8a292f59f2d3461a5b999c00b?s=96&d=mm&r=g","contentUrl":"https:\/\/secure.gravatar.com\/avatar\/20fbbda8a292f59f2d3461a5b999c00b?s=96&d=mm&r=g","caption":"Service des communications et des relations publiques"},"url":"https:\/\/www.uqac.ca\/uqactualites\/author\/bap\/"}]}},"_links":{"self":[{"href":"https:\/\/www.uqac.ca\/uqactualites\/wp-json\/wp\/v2\/posts\/19360"}],"collection":[{"href":"https:\/\/www.uqac.ca\/uqactualites\/wp-json\/wp\/v2\/posts"}],"about":[{"href":"https:\/\/www.uqac.ca\/uqactualites\/wp-json\/wp\/v2\/types\/post"}],"author":[{"embeddable":true,"href":"https:\/\/www.uqac.ca\/uqactualites\/wp-json\/wp\/v2\/users\/5"}],"replies":[{"embeddable":true,"href":"https:\/\/www.uqac.ca\/uqactualites\/wp-json\/wp\/v2\/comments?post=19360"}],"version-history":[{"count":0,"href":"https:\/\/www.uqac.ca\/uqactualites\/wp-json\/wp\/v2\/posts\/19360\/revisions"}],"wp:attachment":[{"href":"https:\/\/www.uqac.ca\/uqactualites\/wp-json\/wp\/v2\/media?parent=19360"}],"wp:term":[{"taxonomy":"category","embeddable":true,"href":"https:\/\/www.uqac.ca\/uqactualites\/wp-json\/wp\/v2\/categories?post=19360"},{"taxonomy":"post_tag","embeddable":true,"href":"https:\/\/www.uqac.ca\/uqactualites\/wp-json\/wp\/v2\/tags?post=19360"}],"curies":[{"name":"wp","href":"https:\/\/api.w.org\/{rel}","templated":true}]}}