{"id":19372,"date":"2009-10-23T11:11:22","date_gmt":"2009-10-23T16:41:22","guid":{"rendered":"http:\/\/uqactualite.odev.ca\/2009\/10\/merite-scientifique-regional-2009-2\/"},"modified":"2009-10-23T11:11:22","modified_gmt":"2009-10-23T16:41:22","slug":"merite-scientifique-regional-2009-2","status":"publish","type":"post","link":"https:\/\/www.uqac.ca\/uqactualites\/2009\/10\/23\/merite-scientifique-regional-2009-2\/","title":{"rendered":"M\u00e9rite scientifique r\u00e9gional 2009"},"content":{"rendered":"<p><figure id=\"attachment_19372\" aria-describedby=\"caption-attachment-19372\" style=\"width: 300px\" class=\"wp-caption alignright\"><a href=\"http:\/\/www.uqac.ca\/wp-content\/uploads\/2012\/03\/dh4UJvSuaQg06sT0.jpg\"><img loading=\"lazy\" decoding=\"async\" class=\"size-medium wp-image-19372\" title=\"dh4UJvSuaQg06sT0\" src=\"http:\/\/www.uqac.ca\/wp-content\/uploads\/2012\/03\/dh4UJvSuaQg06sT0-300x141.jpg\" width=\"300\" height=\"141\" alt=\"\" \/><\/a><figcaption id=\"caption-attachment-19372\" class=\"wp-caption-text\">Du C\u00e9gep de Sept-Iles : Manon Beaudin, Gilka Carrier, Jacques Delagrave, Marl\u00e8ne Beaulieu et Tania Gr\u00e9goire. Absent : Philippe B\u00e9langer. <\/figcaption><\/figure><figure id=\"attachment_19372\" aria-describedby=\"caption-attachment-19372\" style=\"width: 300px\" class=\"wp-caption alignright\"><a href=\"http:\/\/www.uqac.ca\/wp-content\/uploads\/2012\/03\/ktQr8XwPCiw3eBAc.jpg\"><img loading=\"lazy\" decoding=\"async\" class=\"size-medium wp-image-19372\" title=\"ktQr8XwPCiw3eBAc\" src=\"http:\/\/www.uqac.ca\/wp-content\/uploads\/2012\/03\/ktQr8XwPCiw3eBAc-300x225.jpg\" width=\"300\" height=\"225\" alt=\"\" \/><\/a><figcaption id=\"caption-attachment-19372\" class=\"wp-caption-text\">Roberto Gauthier, professeur au D\u00e9partement des sciences de l&#039;\u00e9ducation et de psychologie \u00e0 l&#039;UQAC<\/figcaption><\/figure><strong>Prix du Consortium r\u00e9gional de recherche en \u00e9ducation<\/strong><\/p>\n<p>Roberto Gauthier, professeur au D\u00e9partement des sciences de l&rsquo;\u00e9ducation et de psychologie de l&rsquo;UQAC, et Jacques Delagrave, directeur des \u00e9tudes au C\u00e9gep de Sept-Iles, ont re\u00e7u le prix du Consortium r\u00e9gional de recherche en \u00e9ducation, pour <strong>\u00ab Le sens des \u00e9tudes sup\u00e9rieures dans le projet de vie des \u00e9tudiants Innus inscrits en premi\u00e8re ann\u00e9e du coll\u00e9gial. \u00bb<\/strong> Outre les porteurs du dossier, l&rsquo;\u00e9quipe est compos\u00e9e de madame Manon Beaudin, coordonnatrice du projet \u00e0 Sept-Iles et conseill\u00e8re p\u00e9dagogique \u00e0 la direction des \u00e9tudes du C\u00e9gep de l&rsquo;endroit, de monsieur Philippe B\u00e9langer et madame Gilka Carrier, professeurs au C\u00e9gep de Sept-Iles, et de mesdames Marl\u00e8ne Beaulieu et Tania Gr\u00e9goire, assistantes de recherche.<\/p>\n<p><strong>R\u00e9sum\u00e9 du projet :<\/strong> \u00ab<em> Face au probl\u00e8me manifeste de pers\u00e9v\u00e9rance d\u00e9cel\u00e9 chez les jeunes Innus qui commencent leurs \u00e9tudes sup\u00e9rieures, un plan d&rsquo;int\u00e9gration sociale et culturelle a \u00e9t\u00e9 mis \u00e0 l&rsquo;essai en 2008 au C\u00e9gep de Sept-Iles. Notre projet est venu s&rsquo;int\u00e9grer \u00e0 ce programme tout en proposant, dans un premier temps, de jeter un regard exhaustif sur les rapports qu&rsquo;entretiennent les jeunes autochtones avec les institutions d&rsquo;enseignement sup\u00e9rieur, la repr\u00e9sentation qu&rsquo;ils se font du parcours coll\u00e9gial, la place qu&rsquo;ils accordent au processus de formation professionnelle \u00e0 l&rsquo;int\u00e9rieur de leur projet de vie et l&rsquo;engagement qu&rsquo;ils sont pr\u00eats \u00e0 endosser pour r\u00e9ussir.<\/em> \u00bb<\/p>\n<p>Quinze \u00e9tudiants de premi\u00e8re ann\u00e9e inscrits en Exploration et int\u00e9gration ont particip\u00e9 \u00e0 cette \u00e9tude. L&rsquo;\u00e9quipe de recherche a opt\u00e9 pour une approche ethno biographique. \u00c0 l&rsquo;aide d&rsquo;entrevues individuelles, de textes expressifs et d&rsquo;une entrevue de groupe, les chercheurs tentent de cerner le sens de l&rsquo;exp\u00e9rience coll\u00e9giale que d\u00e9veloppent et partagent ces jeunes \u00e9tudiants et ainsi d\u00e9gager des pistes de solution qui favoriseront, \u00e9ventuellement, leur int\u00e9gration tant au plan p\u00e9dagogique que culturel.<\/p>\n<p>Toutes nos f\u00e9licitations!<\/p>\n","protected":false},"excerpt":{"rendered":"<p>Prix du Consortium r\u00e9gional de recherche en \u00e9ducation Roberto Gauthier, professeur au D\u00e9partement des sciences de l&rsquo;\u00e9ducation et de psychologie de l&rsquo;UQAC, et Jacques Delagrave, directeur des \u00e9tudes au C\u00e9gep de Sept-Iles, ont re\u00e7u le prix du Consortium r\u00e9gional de recherche en \u00e9ducation, pour \u00ab Le sens des \u00e9tudes sup\u00e9rieures dans le projet de vie [&hellip;]<\/p>\n","protected":false},"author":5,"featured_media":0,"comment_status":"closed","ping_status":"1","sticky":false,"template":"","format":"standard","meta":{"footnotes":""},"categories":[9],"tags":[],"yoast_head":"<!-- This site is optimized with the Yoast SEO plugin v24.2 - https:\/\/yoast.com\/wordpress\/plugins\/seo\/ -->\r\n<title>M\u00e9rite scientifique r\u00e9gional 2009 - UQACtualit\u00e9s<\/title>\r\n<meta name=\"robots\" content=\"index, follow, max-snippet:-1, max-image-preview:large, max-video-preview:-1\" \/>\r\n<link rel=\"canonical\" href=\"https:\/\/www.uqac.ca\/uqactualites\/2009\/10\/23\/merite-scientifique-regional-2009-2\/\" \/>\r\n<meta property=\"og:locale\" content=\"fr_CA\" \/>\r\n<meta property=\"og:type\" content=\"article\" \/>\r\n<meta property=\"og:title\" content=\"M\u00e9rite scientifique r\u00e9gional 2009 - UQACtualit\u00e9s\" \/>\r\n<meta property=\"og:description\" content=\"Prix du Consortium r\u00e9gional de recherche en \u00e9ducation Roberto Gauthier, professeur au D\u00e9partement des sciences de l&rsquo;\u00e9ducation et de psychologie de l&rsquo;UQAC, et Jacques Delagrave, directeur des \u00e9tudes au C\u00e9gep de Sept-Iles, ont re\u00e7u le prix du Consortium r\u00e9gional de recherche en \u00e9ducation, pour \u00ab Le sens des \u00e9tudes sup\u00e9rieures dans le projet de vie [&hellip;]\" \/>\r\n<meta property=\"og:url\" content=\"https:\/\/www.uqac.ca\/uqactualites\/2009\/10\/23\/merite-scientifique-regional-2009-2\/\" \/>\r\n<meta property=\"og:site_name\" content=\"UQACtualit\u00e9s\" \/>\r\n<meta property=\"article:published_time\" content=\"2009-10-23T16:41:22+00:00\" \/>\r\n<meta property=\"og:image\" content=\"http:\/\/www.uqac.ca\/wp-content\/uploads\/2012\/03\/dh4UJvSuaQg06sT0-300x141.jpg\" \/>\r\n<meta name=\"author\" content=\"Service des communications et des relations publiques\" \/>\r\n<meta name=\"twitter:card\" content=\"summary_large_image\" \/>\r\n<meta name=\"twitter:label1\" content=\"\u00c9crit par\" \/>\n\t<meta name=\"twitter:data1\" content=\"Service des communications et des relations publiques\" \/>\n\t<meta name=\"twitter:label2\" content=\"Estimation du temps de lecture\" \/>\n\t<meta name=\"twitter:data2\" content=\"2 minutes\" \/>\r\n<script type=\"application\/ld+json\" class=\"yoast-schema-graph\">{\"@context\":\"https:\/\/schema.org\",\"@graph\":[{\"@type\":\"WebPage\",\"@id\":\"https:\/\/www.uqac.ca\/uqactualites\/2009\/10\/23\/merite-scientifique-regional-2009-2\/\",\"url\":\"https:\/\/www.uqac.ca\/uqactualites\/2009\/10\/23\/merite-scientifique-regional-2009-2\/\",\"name\":\"M\u00e9rite scientifique r\u00e9gional 2009 - UQACtualit\u00e9s\",\"isPartOf\":{\"@id\":\"https:\/\/www.uqac.ca\/uqactualites\/#website\"},\"primaryImageOfPage\":{\"@id\":\"https:\/\/www.uqac.ca\/uqactualites\/2009\/10\/23\/merite-scientifique-regional-2009-2\/#primaryimage\"},\"image\":{\"@id\":\"https:\/\/www.uqac.ca\/uqactualites\/2009\/10\/23\/merite-scientifique-regional-2009-2\/#primaryimage\"},\"thumbnailUrl\":\"http:\/\/www.uqac.ca\/wp-content\/uploads\/2012\/03\/dh4UJvSuaQg06sT0-300x141.jpg\",\"datePublished\":\"2009-10-23T16:41:22+00:00\",\"dateModified\":\"2009-10-23T16:41:22+00:00\",\"author\":{\"@id\":\"https:\/\/www.uqac.ca\/uqactualites\/#\/schema\/person\/366c45a0c4f0e677b41b4af5886e2018\"},\"breadcrumb\":{\"@id\":\"https:\/\/www.uqac.ca\/uqactualites\/2009\/10\/23\/merite-scientifique-regional-2009-2\/#breadcrumb\"},\"inLanguage\":\"fr-CA\",\"potentialAction\":[{\"@type\":\"ReadAction\",\"target\":[\"https:\/\/www.uqac.ca\/uqactualites\/2009\/10\/23\/merite-scientifique-regional-2009-2\/\"]}]},{\"@type\":\"ImageObject\",\"inLanguage\":\"fr-CA\",\"@id\":\"https:\/\/www.uqac.ca\/uqactualites\/2009\/10\/23\/merite-scientifique-regional-2009-2\/#primaryimage\",\"url\":\"http:\/\/www.uqac.ca\/wp-content\/uploads\/2012\/03\/dh4UJvSuaQg06sT0-300x141.jpg\",\"contentUrl\":\"http:\/\/www.uqac.ca\/wp-content\/uploads\/2012\/03\/dh4UJvSuaQg06sT0-300x141.jpg\"},{\"@type\":\"BreadcrumbList\",\"@id\":\"https:\/\/www.uqac.ca\/uqactualites\/2009\/10\/23\/merite-scientifique-regional-2009-2\/#breadcrumb\",\"itemListElement\":[{\"@type\":\"ListItem\",\"position\":1,\"name\":\"Home\",\"item\":\"https:\/\/www.uqac.ca\/uqactualites\/\"},{\"@type\":\"ListItem\",\"position\":2,\"name\":\"M\u00e9rite scientifique r\u00e9gional 2009\"}]},{\"@type\":\"WebSite\",\"@id\":\"https:\/\/www.uqac.ca\/uqactualites\/#website\",\"url\":\"https:\/\/www.uqac.ca\/uqactualites\/\",\"name\":\"UQACtualit\u00e9s\",\"description\":\"Le portail des nouvelles de l&#039;UQAC\",\"potentialAction\":[{\"@type\":\"SearchAction\",\"target\":{\"@type\":\"EntryPoint\",\"urlTemplate\":\"https:\/\/www.uqac.ca\/uqactualites\/?s={search_term_string}\"},\"query-input\":{\"@type\":\"PropertyValueSpecification\",\"valueRequired\":true,\"valueName\":\"search_term_string\"}}],\"inLanguage\":\"fr-CA\"},{\"@type\":\"Person\",\"@id\":\"https:\/\/www.uqac.ca\/uqactualites\/#\/schema\/person\/366c45a0c4f0e677b41b4af5886e2018\",\"name\":\"Service des communications et des relations publiques\",\"image\":{\"@type\":\"ImageObject\",\"inLanguage\":\"fr-CA\",\"@id\":\"https:\/\/www.uqac.ca\/uqactualites\/#\/schema\/person\/image\/\",\"url\":\"https:\/\/secure.gravatar.com\/avatar\/20fbbda8a292f59f2d3461a5b999c00b?s=96&d=mm&r=g\",\"contentUrl\":\"https:\/\/secure.gravatar.com\/avatar\/20fbbda8a292f59f2d3461a5b999c00b?s=96&d=mm&r=g\",\"caption\":\"Service des communications et des relations publiques\"},\"url\":\"https:\/\/www.uqac.ca\/uqactualites\/author\/bap\/\"}]}<\/script>\r\n<!-- \/ Yoast SEO plugin. -->","yoast_head_json":{"title":"M\u00e9rite scientifique r\u00e9gional 2009 - UQACtualit\u00e9s","robots":{"index":"index","follow":"follow","max-snippet":"max-snippet:-1","max-image-preview":"max-image-preview:large","max-video-preview":"max-video-preview:-1"},"canonical":"https:\/\/www.uqac.ca\/uqactualites\/2009\/10\/23\/merite-scientifique-regional-2009-2\/","og_locale":"fr_CA","og_type":"article","og_title":"M\u00e9rite scientifique r\u00e9gional 2009 - UQACtualit\u00e9s","og_description":"Prix du Consortium r\u00e9gional de recherche en \u00e9ducation Roberto Gauthier, professeur au D\u00e9partement des sciences de l&rsquo;\u00e9ducation et de psychologie de l&rsquo;UQAC, et Jacques Delagrave, directeur des \u00e9tudes au C\u00e9gep de Sept-Iles, ont re\u00e7u le prix du Consortium r\u00e9gional de recherche en \u00e9ducation, pour \u00ab Le sens des \u00e9tudes sup\u00e9rieures dans le projet de vie [&hellip;]","og_url":"https:\/\/www.uqac.ca\/uqactualites\/2009\/10\/23\/merite-scientifique-regional-2009-2\/","og_site_name":"UQACtualit\u00e9s","article_published_time":"2009-10-23T16:41:22+00:00","og_image":[{"url":"http:\/\/www.uqac.ca\/wp-content\/uploads\/2012\/03\/dh4UJvSuaQg06sT0-300x141.jpg","type":"","width":"","height":""}],"author":"Service des communications et des relations publiques","twitter_card":"summary_large_image","twitter_misc":{"\u00c9crit par":"Service des communications et des relations publiques","Estimation du temps de lecture":"2 minutes"},"schema":{"@context":"https:\/\/schema.org","@graph":[{"@type":"WebPage","@id":"https:\/\/www.uqac.ca\/uqactualites\/2009\/10\/23\/merite-scientifique-regional-2009-2\/","url":"https:\/\/www.uqac.ca\/uqactualites\/2009\/10\/23\/merite-scientifique-regional-2009-2\/","name":"M\u00e9rite scientifique r\u00e9gional 2009 - UQACtualit\u00e9s","isPartOf":{"@id":"https:\/\/www.uqac.ca\/uqactualites\/#website"},"primaryImageOfPage":{"@id":"https:\/\/www.uqac.ca\/uqactualites\/2009\/10\/23\/merite-scientifique-regional-2009-2\/#primaryimage"},"image":{"@id":"https:\/\/www.uqac.ca\/uqactualites\/2009\/10\/23\/merite-scientifique-regional-2009-2\/#primaryimage"},"thumbnailUrl":"http:\/\/www.uqac.ca\/wp-content\/uploads\/2012\/03\/dh4UJvSuaQg06sT0-300x141.jpg","datePublished":"2009-10-23T16:41:22+00:00","dateModified":"2009-10-23T16:41:22+00:00","author":{"@id":"https:\/\/www.uqac.ca\/uqactualites\/#\/schema\/person\/366c45a0c4f0e677b41b4af5886e2018"},"breadcrumb":{"@id":"https:\/\/www.uqac.ca\/uqactualites\/2009\/10\/23\/merite-scientifique-regional-2009-2\/#breadcrumb"},"inLanguage":"fr-CA","potentialAction":[{"@type":"ReadAction","target":["https:\/\/www.uqac.ca\/uqactualites\/2009\/10\/23\/merite-scientifique-regional-2009-2\/"]}]},{"@type":"ImageObject","inLanguage":"fr-CA","@id":"https:\/\/www.uqac.ca\/uqactualites\/2009\/10\/23\/merite-scientifique-regional-2009-2\/#primaryimage","url":"http:\/\/www.uqac.ca\/wp-content\/uploads\/2012\/03\/dh4UJvSuaQg06sT0-300x141.jpg","contentUrl":"http:\/\/www.uqac.ca\/wp-content\/uploads\/2012\/03\/dh4UJvSuaQg06sT0-300x141.jpg"},{"@type":"BreadcrumbList","@id":"https:\/\/www.uqac.ca\/uqactualites\/2009\/10\/23\/merite-scientifique-regional-2009-2\/#breadcrumb","itemListElement":[{"@type":"ListItem","position":1,"name":"Home","item":"https:\/\/www.uqac.ca\/uqactualites\/"},{"@type":"ListItem","position":2,"name":"M\u00e9rite scientifique r\u00e9gional 2009"}]},{"@type":"WebSite","@id":"https:\/\/www.uqac.ca\/uqactualites\/#website","url":"https:\/\/www.uqac.ca\/uqactualites\/","name":"UQACtualit\u00e9s","description":"Le portail des nouvelles de l&#039;UQAC","potentialAction":[{"@type":"SearchAction","target":{"@type":"EntryPoint","urlTemplate":"https:\/\/www.uqac.ca\/uqactualites\/?s={search_term_string}"},"query-input":{"@type":"PropertyValueSpecification","valueRequired":true,"valueName":"search_term_string"}}],"inLanguage":"fr-CA"},{"@type":"Person","@id":"https:\/\/www.uqac.ca\/uqactualites\/#\/schema\/person\/366c45a0c4f0e677b41b4af5886e2018","name":"Service des communications et des relations publiques","image":{"@type":"ImageObject","inLanguage":"fr-CA","@id":"https:\/\/www.uqac.ca\/uqactualites\/#\/schema\/person\/image\/","url":"https:\/\/secure.gravatar.com\/avatar\/20fbbda8a292f59f2d3461a5b999c00b?s=96&d=mm&r=g","contentUrl":"https:\/\/secure.gravatar.com\/avatar\/20fbbda8a292f59f2d3461a5b999c00b?s=96&d=mm&r=g","caption":"Service des communications et des relations publiques"},"url":"https:\/\/www.uqac.ca\/uqactualites\/author\/bap\/"}]}},"_links":{"self":[{"href":"https:\/\/www.uqac.ca\/uqactualites\/wp-json\/wp\/v2\/posts\/19372"}],"collection":[{"href":"https:\/\/www.uqac.ca\/uqactualites\/wp-json\/wp\/v2\/posts"}],"about":[{"href":"https:\/\/www.uqac.ca\/uqactualites\/wp-json\/wp\/v2\/types\/post"}],"author":[{"embeddable":true,"href":"https:\/\/www.uqac.ca\/uqactualites\/wp-json\/wp\/v2\/users\/5"}],"replies":[{"embeddable":true,"href":"https:\/\/www.uqac.ca\/uqactualites\/wp-json\/wp\/v2\/comments?post=19372"}],"version-history":[{"count":0,"href":"https:\/\/www.uqac.ca\/uqactualites\/wp-json\/wp\/v2\/posts\/19372\/revisions"}],"wp:attachment":[{"href":"https:\/\/www.uqac.ca\/uqactualites\/wp-json\/wp\/v2\/media?parent=19372"}],"wp:term":[{"taxonomy":"category","embeddable":true,"href":"https:\/\/www.uqac.ca\/uqactualites\/wp-json\/wp\/v2\/categories?post=19372"},{"taxonomy":"post_tag","embeddable":true,"href":"https:\/\/www.uqac.ca\/uqactualites\/wp-json\/wp\/v2\/tags?post=19372"}],"curies":[{"name":"wp","href":"https:\/\/api.w.org\/{rel}","templated":true}]}}