{"id":19380,"date":"2009-10-22T09:52:22","date_gmt":"2009-10-22T15:22:22","guid":{"rendered":"http:\/\/uqactualite.odev.ca\/2009\/10\/mage-uqac-une-implication-appreciee-des-employeurs\/"},"modified":"2009-10-22T09:52:22","modified_gmt":"2009-10-22T15:22:22","slug":"mage-uqac-une-implication-appreciee-des-employeurs","status":"publish","type":"post","link":"https:\/\/www.uqac.ca\/uqactualites\/2009\/10\/22\/mage-uqac-une-implication-appreciee-des-employeurs\/","title":{"rendered":"MAGE-UQAC \u2013 Une implication appr\u00e9ci\u00e9e des employeurs"},"content":{"rendered":"<p><figure id=\"attachment_19380\" aria-describedby=\"caption-attachment-19380\" style=\"width: 300px\" class=\"wp-caption alignright\"><a href=\"http:\/\/www.uqac.ca\/wp-content\/uploads\/2012\/03\/DCpf5rXgnjs2rVNf.jpg\"><img loading=\"lazy\" decoding=\"async\" class=\"size-medium wp-image-19380\" title=\"DCpf5rXgnjs2rVNf\" src=\"http:\/\/www.uqac.ca\/wp-content\/uploads\/2012\/03\/DCpf5rXgnjs2rVNf-300x176.jpg\" width=\"300\" height=\"176\" alt=\"\" \/><\/a><figcaption id=\"caption-attachment-19380\" class=\"wp-caption-text\">Rachel Schroeder-Tabah est seulement la troisi\u00e8me femme \u00e0 occuper la pr\u00e9sidence du MAGE-UQAC. (Photo Michel Tremblay)<\/figcaption><\/figure>CHICOUTIMI &#8211; L&rsquo;UQAC, c&rsquo;est d&rsquo;abord et avant tout 6 500 \u00e9tudiants. Et ces nombreuses personnes, jeunes et moins jeunes, font partie du MAGE-UQAC, le Mouvement des Associations G\u00e9n\u00e9rales \u00c9tudiants.<\/p>\n<p>Le recteur de l&rsquo;institution, Michel Belley, fait l&rsquo;\u00e9loge du MAGE. \u00ab Leur mission est de d\u00e9fendre les int\u00e9r\u00eats des \u00e9tudiants, mais le MAGE est \u00e9galement un lieu o\u00f9 les \u00e9tudiants prennent beaucoup d&rsquo;exp\u00e9rience. Les employeurs sont tr\u00e8s sensibles \u00e0 ce genre d&rsquo;implication. Il s&rsquo;agit de l&rsquo;une des dimensions de la r\u00e9ussite scolaire. Jamais les \u00e9tudiants ne regretteront d&rsquo;avoir fait partie du MAGE. \u00bb<\/p>\n<p>Trente associations modulaires rel\u00e8vent du MAGE-UQAC. Environ 250 personnes sont impliqu\u00e9es dans les diff\u00e9rents comit\u00e9s. Quelque 120 employ\u00e9s travaillent \u00e0 la caf\u00e9t\u00e9ria, au bar, \u00e0 la cantine ou \u00e0 la reprographie. Le 18 septembre prochain, une session de formation leur sera donn\u00e9e. Divers sujets seront alors trait\u00e9s.<\/p>\n<p>\u00ab Je trouvais important de m&rsquo;impliquer, de faire une diff\u00e9rence, clame la toute nouvelle pr\u00e9sidente du MAGE, Rachel Schroeder-Tabah. J&rsquo;appr\u00e9cie la diversit\u00e9 des dossiers qui me sont confi\u00e9s, c&rsquo;est enrichissant \u00e0 tous les points de vue. Il n&rsquo;y a pas un jour o\u00f9 c&rsquo;est routinier. Le fait que nous soyons une collectivit\u00e9 nous permet de faire une diff\u00e9rence. Une seule personne ne pourrait pas avoir le m\u00eame poids, mais en groupe nous pouvons r\u00e9aliser de grandes choses. \u00bb<\/p>\n<p>Le mouvement \u00e9tudiant incorpor\u00e9 existe depuis 1975. Madame Schroeder-Tabah, qui \u00e9tudie en enseignement de l&rsquo;anglais et de l&rsquo;espagnol, est seulement la troisi\u00e8me femme \u00e0 \u00eatre \u00e0 sa t\u00eate. Lyne Girard et Martine Potvin avaient fait de m\u00eame auparavant.<\/p>\n<p><strong>Multiculturel<\/strong><\/p>\n<p>Cette ann\u00e9e, l&rsquo;UQAC accueille environ 500 \u00e9tudiants \u00e9trangers.<br \/>\n\u00ab Le MAGE est responsable de la vie \u00e9tudiante, et il aide, entre autres choses, \u00e0 l&rsquo;int\u00e9gration des \u00e9tudiants provenant de l&rsquo;\u00e9tranger. Nous sommes fiers de cela. De plus, pour les \u00e9tudiants qui viennent de la r\u00e9gion, le passage d&rsquo;\u00e9tudiants internationaux est une opportunit\u00e9 de voyager sans se d\u00e9placer \u00bb, explique le recteur.<\/p>\n<p>Il y a cinq ans, l&rsquo;UQAC comptait sur la pr\u00e9sence d&rsquo;uniquement une centaine d&rsquo;\u00e9tudiants \u00e9trangers. Monsieur Belley esp\u00e8re, dans un avenir rapproch\u00e9, faire passer ce nombre \u00e0 1 000.<\/p>\n<p>La France poss\u00e8de la plus grosse d\u00e9l\u00e9gation, viennent ensuite la Chine et les pays du Maghreb. Plus de 50 nationalit\u00e9s sont repr\u00e9sent\u00e9es.<\/p>\n<p>Samedi, 12 septembre 2009<br \/>\nUn texte de <a href=\"mailto:kbelley-murray@lequotidien.com\">Katerine Belley-Murray<\/a><\/p>\n","protected":false},"excerpt":{"rendered":"<p>CHICOUTIMI &#8211; L&rsquo;UQAC, c&rsquo;est d&rsquo;abord et avant tout 6 500 \u00e9tudiants. Et ces nombreuses personnes, jeunes et moins jeunes, font partie du MAGE-UQAC, le Mouvement des Associations G\u00e9n\u00e9rales \u00c9tudiants. Le recteur de l&rsquo;institution, Michel Belley, fait l&rsquo;\u00e9loge du MAGE. \u00ab Leur mission est de d\u00e9fendre les int\u00e9r\u00eats des \u00e9tudiants, mais le MAGE est \u00e9galement un [&hellip;]<\/p>\n","protected":false},"author":5,"featured_media":0,"comment_status":"closed","ping_status":"1","sticky":false,"template":"","format":"standard","meta":{"footnotes":""},"categories":[2772],"tags":[],"yoast_head":"<!-- This site is optimized with the Yoast SEO plugin v24.2 - https:\/\/yoast.com\/wordpress\/plugins\/seo\/ -->\r\n<title>MAGE-UQAC \u2013 Une implication appr\u00e9ci\u00e9e des employeurs - UQACtualit\u00e9s<\/title>\r\n<meta name=\"robots\" content=\"index, follow, max-snippet:-1, max-image-preview:large, max-video-preview:-1\" \/>\r\n<link rel=\"canonical\" href=\"https:\/\/www.uqac.ca\/uqactualites\/2009\/10\/22\/mage-uqac-une-implication-appreciee-des-employeurs\/\" \/>\r\n<meta property=\"og:locale\" content=\"fr_CA\" \/>\r\n<meta property=\"og:type\" content=\"article\" \/>\r\n<meta property=\"og:title\" content=\"MAGE-UQAC \u2013 Une implication appr\u00e9ci\u00e9e des employeurs - UQACtualit\u00e9s\" \/>\r\n<meta property=\"og:description\" content=\"CHICOUTIMI &#8211; L&rsquo;UQAC, c&rsquo;est d&rsquo;abord et avant tout 6 500 \u00e9tudiants. Et ces nombreuses personnes, jeunes et moins jeunes, font partie du MAGE-UQAC, le Mouvement des Associations G\u00e9n\u00e9rales \u00c9tudiants. Le recteur de l&rsquo;institution, Michel Belley, fait l&rsquo;\u00e9loge du MAGE. \u00ab Leur mission est de d\u00e9fendre les int\u00e9r\u00eats des \u00e9tudiants, mais le MAGE est \u00e9galement un [&hellip;]\" \/>\r\n<meta property=\"og:url\" content=\"https:\/\/www.uqac.ca\/uqactualites\/2009\/10\/22\/mage-uqac-une-implication-appreciee-des-employeurs\/\" \/>\r\n<meta property=\"og:site_name\" content=\"UQACtualit\u00e9s\" \/>\r\n<meta property=\"article:published_time\" content=\"2009-10-22T15:22:22+00:00\" \/>\r\n<meta property=\"og:image\" content=\"http:\/\/www.uqac.ca\/wp-content\/uploads\/2012\/03\/DCpf5rXgnjs2rVNf-300x176.jpg\" \/>\r\n<meta name=\"author\" content=\"Service des communications et des relations publiques\" \/>\r\n<meta name=\"twitter:card\" content=\"summary_large_image\" \/>\r\n<meta name=\"twitter:label1\" content=\"\u00c9crit par\" \/>\n\t<meta name=\"twitter:data1\" content=\"Service des communications et des relations publiques\" \/>\n\t<meta name=\"twitter:label2\" content=\"Estimation du temps de lecture\" \/>\n\t<meta name=\"twitter:data2\" content=\"2 minutes\" \/>\r\n<script type=\"application\/ld+json\" class=\"yoast-schema-graph\">{\"@context\":\"https:\/\/schema.org\",\"@graph\":[{\"@type\":\"WebPage\",\"@id\":\"https:\/\/www.uqac.ca\/uqactualites\/2009\/10\/22\/mage-uqac-une-implication-appreciee-des-employeurs\/\",\"url\":\"https:\/\/www.uqac.ca\/uqactualites\/2009\/10\/22\/mage-uqac-une-implication-appreciee-des-employeurs\/\",\"name\":\"MAGE-UQAC \u2013 Une implication appr\u00e9ci\u00e9e des employeurs - UQACtualit\u00e9s\",\"isPartOf\":{\"@id\":\"https:\/\/www.uqac.ca\/uqactualites\/#website\"},\"primaryImageOfPage\":{\"@id\":\"https:\/\/www.uqac.ca\/uqactualites\/2009\/10\/22\/mage-uqac-une-implication-appreciee-des-employeurs\/#primaryimage\"},\"image\":{\"@id\":\"https:\/\/www.uqac.ca\/uqactualites\/2009\/10\/22\/mage-uqac-une-implication-appreciee-des-employeurs\/#primaryimage\"},\"thumbnailUrl\":\"http:\/\/www.uqac.ca\/wp-content\/uploads\/2012\/03\/DCpf5rXgnjs2rVNf-300x176.jpg\",\"datePublished\":\"2009-10-22T15:22:22+00:00\",\"dateModified\":\"2009-10-22T15:22:22+00:00\",\"author\":{\"@id\":\"https:\/\/www.uqac.ca\/uqactualites\/#\/schema\/person\/366c45a0c4f0e677b41b4af5886e2018\"},\"breadcrumb\":{\"@id\":\"https:\/\/www.uqac.ca\/uqactualites\/2009\/10\/22\/mage-uqac-une-implication-appreciee-des-employeurs\/#breadcrumb\"},\"inLanguage\":\"fr-CA\",\"potentialAction\":[{\"@type\":\"ReadAction\",\"target\":[\"https:\/\/www.uqac.ca\/uqactualites\/2009\/10\/22\/mage-uqac-une-implication-appreciee-des-employeurs\/\"]}]},{\"@type\":\"ImageObject\",\"inLanguage\":\"fr-CA\",\"@id\":\"https:\/\/www.uqac.ca\/uqactualites\/2009\/10\/22\/mage-uqac-une-implication-appreciee-des-employeurs\/#primaryimage\",\"url\":\"http:\/\/www.uqac.ca\/wp-content\/uploads\/2012\/03\/DCpf5rXgnjs2rVNf-300x176.jpg\",\"contentUrl\":\"http:\/\/www.uqac.ca\/wp-content\/uploads\/2012\/03\/DCpf5rXgnjs2rVNf-300x176.jpg\"},{\"@type\":\"BreadcrumbList\",\"@id\":\"https:\/\/www.uqac.ca\/uqactualites\/2009\/10\/22\/mage-uqac-une-implication-appreciee-des-employeurs\/#breadcrumb\",\"itemListElement\":[{\"@type\":\"ListItem\",\"position\":1,\"name\":\"Home\",\"item\":\"https:\/\/www.uqac.ca\/uqactualites\/\"},{\"@type\":\"ListItem\",\"position\":2,\"name\":\"MAGE-UQAC \u2013 Une implication appr\u00e9ci\u00e9e des employeurs\"}]},{\"@type\":\"WebSite\",\"@id\":\"https:\/\/www.uqac.ca\/uqactualites\/#website\",\"url\":\"https:\/\/www.uqac.ca\/uqactualites\/\",\"name\":\"UQACtualit\u00e9s\",\"description\":\"Le portail des nouvelles de l&#039;UQAC\",\"potentialAction\":[{\"@type\":\"SearchAction\",\"target\":{\"@type\":\"EntryPoint\",\"urlTemplate\":\"https:\/\/www.uqac.ca\/uqactualites\/?s={search_term_string}\"},\"query-input\":{\"@type\":\"PropertyValueSpecification\",\"valueRequired\":true,\"valueName\":\"search_term_string\"}}],\"inLanguage\":\"fr-CA\"},{\"@type\":\"Person\",\"@id\":\"https:\/\/www.uqac.ca\/uqactualites\/#\/schema\/person\/366c45a0c4f0e677b41b4af5886e2018\",\"name\":\"Service des communications et des relations publiques\",\"image\":{\"@type\":\"ImageObject\",\"inLanguage\":\"fr-CA\",\"@id\":\"https:\/\/www.uqac.ca\/uqactualites\/#\/schema\/person\/image\/\",\"url\":\"https:\/\/secure.gravatar.com\/avatar\/20fbbda8a292f59f2d3461a5b999c00b?s=96&d=mm&r=g\",\"contentUrl\":\"https:\/\/secure.gravatar.com\/avatar\/20fbbda8a292f59f2d3461a5b999c00b?s=96&d=mm&r=g\",\"caption\":\"Service des communications et des relations publiques\"},\"url\":\"https:\/\/www.uqac.ca\/uqactualites\/author\/bap\/\"}]}<\/script>\r\n<!-- \/ Yoast SEO plugin. -->","yoast_head_json":{"title":"MAGE-UQAC \u2013 Une implication appr\u00e9ci\u00e9e des employeurs - UQACtualit\u00e9s","robots":{"index":"index","follow":"follow","max-snippet":"max-snippet:-1","max-image-preview":"max-image-preview:large","max-video-preview":"max-video-preview:-1"},"canonical":"https:\/\/www.uqac.ca\/uqactualites\/2009\/10\/22\/mage-uqac-une-implication-appreciee-des-employeurs\/","og_locale":"fr_CA","og_type":"article","og_title":"MAGE-UQAC \u2013 Une implication appr\u00e9ci\u00e9e des employeurs - UQACtualit\u00e9s","og_description":"CHICOUTIMI &#8211; L&rsquo;UQAC, c&rsquo;est d&rsquo;abord et avant tout 6 500 \u00e9tudiants. Et ces nombreuses personnes, jeunes et moins jeunes, font partie du MAGE-UQAC, le Mouvement des Associations G\u00e9n\u00e9rales \u00c9tudiants. Le recteur de l&rsquo;institution, Michel Belley, fait l&rsquo;\u00e9loge du MAGE. \u00ab Leur mission est de d\u00e9fendre les int\u00e9r\u00eats des \u00e9tudiants, mais le MAGE est \u00e9galement un [&hellip;]","og_url":"https:\/\/www.uqac.ca\/uqactualites\/2009\/10\/22\/mage-uqac-une-implication-appreciee-des-employeurs\/","og_site_name":"UQACtualit\u00e9s","article_published_time":"2009-10-22T15:22:22+00:00","og_image":[{"url":"http:\/\/www.uqac.ca\/wp-content\/uploads\/2012\/03\/DCpf5rXgnjs2rVNf-300x176.jpg","type":"","width":"","height":""}],"author":"Service des communications et des relations publiques","twitter_card":"summary_large_image","twitter_misc":{"\u00c9crit par":"Service des communications et des relations publiques","Estimation du temps de lecture":"2 minutes"},"schema":{"@context":"https:\/\/schema.org","@graph":[{"@type":"WebPage","@id":"https:\/\/www.uqac.ca\/uqactualites\/2009\/10\/22\/mage-uqac-une-implication-appreciee-des-employeurs\/","url":"https:\/\/www.uqac.ca\/uqactualites\/2009\/10\/22\/mage-uqac-une-implication-appreciee-des-employeurs\/","name":"MAGE-UQAC \u2013 Une implication appr\u00e9ci\u00e9e des employeurs - UQACtualit\u00e9s","isPartOf":{"@id":"https:\/\/www.uqac.ca\/uqactualites\/#website"},"primaryImageOfPage":{"@id":"https:\/\/www.uqac.ca\/uqactualites\/2009\/10\/22\/mage-uqac-une-implication-appreciee-des-employeurs\/#primaryimage"},"image":{"@id":"https:\/\/www.uqac.ca\/uqactualites\/2009\/10\/22\/mage-uqac-une-implication-appreciee-des-employeurs\/#primaryimage"},"thumbnailUrl":"http:\/\/www.uqac.ca\/wp-content\/uploads\/2012\/03\/DCpf5rXgnjs2rVNf-300x176.jpg","datePublished":"2009-10-22T15:22:22+00:00","dateModified":"2009-10-22T15:22:22+00:00","author":{"@id":"https:\/\/www.uqac.ca\/uqactualites\/#\/schema\/person\/366c45a0c4f0e677b41b4af5886e2018"},"breadcrumb":{"@id":"https:\/\/www.uqac.ca\/uqactualites\/2009\/10\/22\/mage-uqac-une-implication-appreciee-des-employeurs\/#breadcrumb"},"inLanguage":"fr-CA","potentialAction":[{"@type":"ReadAction","target":["https:\/\/www.uqac.ca\/uqactualites\/2009\/10\/22\/mage-uqac-une-implication-appreciee-des-employeurs\/"]}]},{"@type":"ImageObject","inLanguage":"fr-CA","@id":"https:\/\/www.uqac.ca\/uqactualites\/2009\/10\/22\/mage-uqac-une-implication-appreciee-des-employeurs\/#primaryimage","url":"http:\/\/www.uqac.ca\/wp-content\/uploads\/2012\/03\/DCpf5rXgnjs2rVNf-300x176.jpg","contentUrl":"http:\/\/www.uqac.ca\/wp-content\/uploads\/2012\/03\/DCpf5rXgnjs2rVNf-300x176.jpg"},{"@type":"BreadcrumbList","@id":"https:\/\/www.uqac.ca\/uqactualites\/2009\/10\/22\/mage-uqac-une-implication-appreciee-des-employeurs\/#breadcrumb","itemListElement":[{"@type":"ListItem","position":1,"name":"Home","item":"https:\/\/www.uqac.ca\/uqactualites\/"},{"@type":"ListItem","position":2,"name":"MAGE-UQAC \u2013 Une implication appr\u00e9ci\u00e9e des employeurs"}]},{"@type":"WebSite","@id":"https:\/\/www.uqac.ca\/uqactualites\/#website","url":"https:\/\/www.uqac.ca\/uqactualites\/","name":"UQACtualit\u00e9s","description":"Le portail des nouvelles de l&#039;UQAC","potentialAction":[{"@type":"SearchAction","target":{"@type":"EntryPoint","urlTemplate":"https:\/\/www.uqac.ca\/uqactualites\/?s={search_term_string}"},"query-input":{"@type":"PropertyValueSpecification","valueRequired":true,"valueName":"search_term_string"}}],"inLanguage":"fr-CA"},{"@type":"Person","@id":"https:\/\/www.uqac.ca\/uqactualites\/#\/schema\/person\/366c45a0c4f0e677b41b4af5886e2018","name":"Service des communications et des relations publiques","image":{"@type":"ImageObject","inLanguage":"fr-CA","@id":"https:\/\/www.uqac.ca\/uqactualites\/#\/schema\/person\/image\/","url":"https:\/\/secure.gravatar.com\/avatar\/20fbbda8a292f59f2d3461a5b999c00b?s=96&d=mm&r=g","contentUrl":"https:\/\/secure.gravatar.com\/avatar\/20fbbda8a292f59f2d3461a5b999c00b?s=96&d=mm&r=g","caption":"Service des communications et des relations publiques"},"url":"https:\/\/www.uqac.ca\/uqactualites\/author\/bap\/"}]}},"_links":{"self":[{"href":"https:\/\/www.uqac.ca\/uqactualites\/wp-json\/wp\/v2\/posts\/19380"}],"collection":[{"href":"https:\/\/www.uqac.ca\/uqactualites\/wp-json\/wp\/v2\/posts"}],"about":[{"href":"https:\/\/www.uqac.ca\/uqactualites\/wp-json\/wp\/v2\/types\/post"}],"author":[{"embeddable":true,"href":"https:\/\/www.uqac.ca\/uqactualites\/wp-json\/wp\/v2\/users\/5"}],"replies":[{"embeddable":true,"href":"https:\/\/www.uqac.ca\/uqactualites\/wp-json\/wp\/v2\/comments?post=19380"}],"version-history":[{"count":0,"href":"https:\/\/www.uqac.ca\/uqactualites\/wp-json\/wp\/v2\/posts\/19380\/revisions"}],"wp:attachment":[{"href":"https:\/\/www.uqac.ca\/uqactualites\/wp-json\/wp\/v2\/media?parent=19380"}],"wp:term":[{"taxonomy":"category","embeddable":true,"href":"https:\/\/www.uqac.ca\/uqactualites\/wp-json\/wp\/v2\/categories?post=19380"},{"taxonomy":"post_tag","embeddable":true,"href":"https:\/\/www.uqac.ca\/uqactualites\/wp-json\/wp\/v2\/tags?post=19380"}],"curies":[{"name":"wp","href":"https:\/\/api.w.org\/{rel}","templated":true}]}}