{"id":19473,"date":"2008-02-11T11:47:22","date_gmt":"2008-02-11T17:17:22","guid":{"rendered":"http:\/\/uqactualite.odev.ca\/2008\/02\/jayanta-guha-professeur-emerite-laureat-du-prix-come-carbonneau\/"},"modified":"2008-02-11T11:47:22","modified_gmt":"2008-02-11T17:17:22","slug":"jayanta-guha-professeur-emerite-laureat-du-prix-come-carbonneau","status":"publish","type":"post","link":"https:\/\/www.uqac.ca\/uqactualites\/2008\/02\/11\/jayanta-guha-professeur-emerite-laureat-du-prix-come-carbonneau\/","title":{"rendered":"Jayanta Guha, professeur \u00e9m\u00e9rite laur\u00e9at du Prix C\u00f4me-Carbonneau"},"content":{"rendered":"<p><figure id=\"attachment_19473\" aria-describedby=\"caption-attachment-19473\" style=\"width: 224px\" class=\"wp-caption alignright\"><a href=\"http:\/\/www.uqac.ca\/wp-content\/uploads\/2012\/03\/dpSmdep2tPepBPzF.jpg\"><img loading=\"lazy\" decoding=\"async\" class=\"size-medium wp-image-19473\" title=\"dpSmdep2tPepBPzF\" src=\"http:\/\/www.uqac.ca\/wp-content\/uploads\/2012\/03\/dpSmdep2tPepBPzF-224x300.jpg\" width=\"224\" height=\"300\" alt=\"\" \/><\/a><figcaption id=\"caption-attachment-19473\" class=\"wp-caption-text\">Jayanta Guha, professeur \u00e9m\u00e9rite laur\u00e9at du Prix C\u00f4me-Carbonneau<\/figcaption><\/figure>Le Prix C\u00f4me-Carbonneau de l&rsquo;Ordre des g\u00e9ologues du Qu\u00e9bec, pour l&rsquo;ann\u00e9e 2007, a \u00e9t\u00e9 remis \u00e0 monsieur Jayanta Guha, professeur \u00e9m\u00e9rite du D\u00e9partement des sciences appliqu\u00e9es. Il s&rsquo;agit de la plus haute distinction accord\u00e9e, par l&rsquo;Ordre, en reconnaissance d&rsquo;accomplissements constants et remarquables au service de la g\u00e9ologie.<\/p>\n<p>Avant d&rsquo;entreprendre sa carri\u00e8re de professeur-chercheur \u00e0 l&rsquo;UQAC de 1970 jusqu&rsquo;\u00e0 sa retraite en 2002, monsieur Guha a occup\u00e9 des postes en Inde et \u00e0 l&rsquo;\u00c9cole polytechnique de l&rsquo;Universit\u00e9 de Montr\u00e9al. Sp\u00e9cialis\u00e9 en mod\u00e9lisation de mise en place des m\u00e9taux dans la cro\u00fbte terrestre, il a consacr\u00e9 ses dix derni\u00e8res ann\u00e9es \u00e0 identifier les dispersions naturelles des m\u00e9taux toxiques dans les environnements g\u00e9ologiques et leurs impacts sur la soci\u00e9t\u00e9 et la sant\u00e9 de la population.<\/p>\n<p>Il a fait sa marque tant au niveau national qu&rsquo;au plan international. Il a dirig\u00e9 des projets majeurs en Abitibi, en France et en Chine et ses travaux lui ont valu plusieurs distinctions et prix. Le professeur Guha a enseign\u00e9 \u00e0 tous les cycles d&rsquo;\u00e9tudes universitaires et ses dipl\u00f4m\u00e9s occupent des postes importants dans diverses entreprises et organisations.<\/p>\n<p>F\u00e9licitations!<\/p>\n","protected":false},"excerpt":{"rendered":"<p>Le Prix C\u00f4me-Carbonneau de l&rsquo;Ordre des g\u00e9ologues du Qu\u00e9bec, pour l&rsquo;ann\u00e9e 2007, a \u00e9t\u00e9 remis \u00e0 monsieur Jayanta Guha, professeur \u00e9m\u00e9rite du D\u00e9partement des sciences appliqu\u00e9es. Il s&rsquo;agit de la plus haute distinction accord\u00e9e, par l&rsquo;Ordre, en reconnaissance d&rsquo;accomplissements constants et remarquables au service de la g\u00e9ologie. Avant d&rsquo;entreprendre sa carri\u00e8re de professeur-chercheur \u00e0 l&rsquo;UQAC [&hellip;]<\/p>\n","protected":false},"author":5,"featured_media":0,"comment_status":"closed","ping_status":"1","sticky":false,"template":"","format":"standard","meta":{"footnotes":""},"categories":[9],"tags":[],"yoast_head":"<!-- This site is optimized with the Yoast SEO plugin v24.2 - https:\/\/yoast.com\/wordpress\/plugins\/seo\/ -->\r\n<title>Jayanta Guha, professeur \u00e9m\u00e9rite laur\u00e9at du Prix C\u00f4me-Carbonneau - UQACtualit\u00e9s<\/title>\r\n<meta name=\"robots\" content=\"index, follow, max-snippet:-1, max-image-preview:large, max-video-preview:-1\" \/>\r\n<link rel=\"canonical\" href=\"https:\/\/www.uqac.ca\/uqactualites\/2008\/02\/11\/jayanta-guha-professeur-emerite-laureat-du-prix-come-carbonneau\/\" \/>\r\n<meta property=\"og:locale\" content=\"fr_CA\" \/>\r\n<meta property=\"og:type\" content=\"article\" \/>\r\n<meta property=\"og:title\" content=\"Jayanta Guha, professeur \u00e9m\u00e9rite laur\u00e9at du Prix C\u00f4me-Carbonneau - UQACtualit\u00e9s\" \/>\r\n<meta property=\"og:description\" content=\"Le Prix C\u00f4me-Carbonneau de l&rsquo;Ordre des g\u00e9ologues du Qu\u00e9bec, pour l&rsquo;ann\u00e9e 2007, a \u00e9t\u00e9 remis \u00e0 monsieur Jayanta Guha, professeur \u00e9m\u00e9rite du D\u00e9partement des sciences appliqu\u00e9es. Il s&rsquo;agit de la plus haute distinction accord\u00e9e, par l&rsquo;Ordre, en reconnaissance d&rsquo;accomplissements constants et remarquables au service de la g\u00e9ologie. Avant d&rsquo;entreprendre sa carri\u00e8re de professeur-chercheur \u00e0 l&rsquo;UQAC [&hellip;]\" \/>\r\n<meta property=\"og:url\" content=\"https:\/\/www.uqac.ca\/uqactualites\/2008\/02\/11\/jayanta-guha-professeur-emerite-laureat-du-prix-come-carbonneau\/\" \/>\r\n<meta property=\"og:site_name\" content=\"UQACtualit\u00e9s\" \/>\r\n<meta property=\"article:published_time\" content=\"2008-02-11T17:17:22+00:00\" \/>\r\n<meta property=\"og:image\" content=\"http:\/\/www.uqac.ca\/wp-content\/uploads\/2012\/03\/dpSmdep2tPepBPzF-224x300.jpg\" \/>\r\n<meta name=\"author\" content=\"Service des communications et des relations publiques\" \/>\r\n<meta name=\"twitter:card\" content=\"summary_large_image\" \/>\r\n<meta name=\"twitter:label1\" content=\"\u00c9crit par\" \/>\n\t<meta name=\"twitter:data1\" content=\"Service des communications et des relations publiques\" \/>\n\t<meta name=\"twitter:label2\" content=\"Estimation du temps de lecture\" \/>\n\t<meta name=\"twitter:data2\" content=\"1 minute\" \/>\r\n<script type=\"application\/ld+json\" class=\"yoast-schema-graph\">{\"@context\":\"https:\/\/schema.org\",\"@graph\":[{\"@type\":\"WebPage\",\"@id\":\"https:\/\/www.uqac.ca\/uqactualites\/2008\/02\/11\/jayanta-guha-professeur-emerite-laureat-du-prix-come-carbonneau\/\",\"url\":\"https:\/\/www.uqac.ca\/uqactualites\/2008\/02\/11\/jayanta-guha-professeur-emerite-laureat-du-prix-come-carbonneau\/\",\"name\":\"Jayanta Guha, professeur \u00e9m\u00e9rite laur\u00e9at du Prix C\u00f4me-Carbonneau - UQACtualit\u00e9s\",\"isPartOf\":{\"@id\":\"https:\/\/www.uqac.ca\/uqactualites\/#website\"},\"primaryImageOfPage\":{\"@id\":\"https:\/\/www.uqac.ca\/uqactualites\/2008\/02\/11\/jayanta-guha-professeur-emerite-laureat-du-prix-come-carbonneau\/#primaryimage\"},\"image\":{\"@id\":\"https:\/\/www.uqac.ca\/uqactualites\/2008\/02\/11\/jayanta-guha-professeur-emerite-laureat-du-prix-come-carbonneau\/#primaryimage\"},\"thumbnailUrl\":\"http:\/\/www.uqac.ca\/wp-content\/uploads\/2012\/03\/dpSmdep2tPepBPzF-224x300.jpg\",\"datePublished\":\"2008-02-11T17:17:22+00:00\",\"dateModified\":\"2008-02-11T17:17:22+00:00\",\"author\":{\"@id\":\"https:\/\/www.uqac.ca\/uqactualites\/#\/schema\/person\/366c45a0c4f0e677b41b4af5886e2018\"},\"breadcrumb\":{\"@id\":\"https:\/\/www.uqac.ca\/uqactualites\/2008\/02\/11\/jayanta-guha-professeur-emerite-laureat-du-prix-come-carbonneau\/#breadcrumb\"},\"inLanguage\":\"fr-CA\",\"potentialAction\":[{\"@type\":\"ReadAction\",\"target\":[\"https:\/\/www.uqac.ca\/uqactualites\/2008\/02\/11\/jayanta-guha-professeur-emerite-laureat-du-prix-come-carbonneau\/\"]}]},{\"@type\":\"ImageObject\",\"inLanguage\":\"fr-CA\",\"@id\":\"https:\/\/www.uqac.ca\/uqactualites\/2008\/02\/11\/jayanta-guha-professeur-emerite-laureat-du-prix-come-carbonneau\/#primaryimage\",\"url\":\"http:\/\/www.uqac.ca\/wp-content\/uploads\/2012\/03\/dpSmdep2tPepBPzF-224x300.jpg\",\"contentUrl\":\"http:\/\/www.uqac.ca\/wp-content\/uploads\/2012\/03\/dpSmdep2tPepBPzF-224x300.jpg\"},{\"@type\":\"BreadcrumbList\",\"@id\":\"https:\/\/www.uqac.ca\/uqactualites\/2008\/02\/11\/jayanta-guha-professeur-emerite-laureat-du-prix-come-carbonneau\/#breadcrumb\",\"itemListElement\":[{\"@type\":\"ListItem\",\"position\":1,\"name\":\"Home\",\"item\":\"https:\/\/www.uqac.ca\/uqactualites\/\"},{\"@type\":\"ListItem\",\"position\":2,\"name\":\"Jayanta Guha, professeur \u00e9m\u00e9rite laur\u00e9at du Prix C\u00f4me-Carbonneau\"}]},{\"@type\":\"WebSite\",\"@id\":\"https:\/\/www.uqac.ca\/uqactualites\/#website\",\"url\":\"https:\/\/www.uqac.ca\/uqactualites\/\",\"name\":\"UQACtualit\u00e9s\",\"description\":\"Le portail des nouvelles de l&#039;UQAC\",\"potentialAction\":[{\"@type\":\"SearchAction\",\"target\":{\"@type\":\"EntryPoint\",\"urlTemplate\":\"https:\/\/www.uqac.ca\/uqactualites\/?s={search_term_string}\"},\"query-input\":{\"@type\":\"PropertyValueSpecification\",\"valueRequired\":true,\"valueName\":\"search_term_string\"}}],\"inLanguage\":\"fr-CA\"},{\"@type\":\"Person\",\"@id\":\"https:\/\/www.uqac.ca\/uqactualites\/#\/schema\/person\/366c45a0c4f0e677b41b4af5886e2018\",\"name\":\"Service des communications et des relations publiques\",\"image\":{\"@type\":\"ImageObject\",\"inLanguage\":\"fr-CA\",\"@id\":\"https:\/\/www.uqac.ca\/uqactualites\/#\/schema\/person\/image\/\",\"url\":\"https:\/\/secure.gravatar.com\/avatar\/20fbbda8a292f59f2d3461a5b999c00b?s=96&d=mm&r=g\",\"contentUrl\":\"https:\/\/secure.gravatar.com\/avatar\/20fbbda8a292f59f2d3461a5b999c00b?s=96&d=mm&r=g\",\"caption\":\"Service des communications et des relations publiques\"},\"url\":\"https:\/\/www.uqac.ca\/uqactualites\/author\/bap\/\"}]}<\/script>\r\n<!-- \/ Yoast SEO plugin. -->","yoast_head_json":{"title":"Jayanta Guha, professeur \u00e9m\u00e9rite laur\u00e9at du Prix C\u00f4me-Carbonneau - UQACtualit\u00e9s","robots":{"index":"index","follow":"follow","max-snippet":"max-snippet:-1","max-image-preview":"max-image-preview:large","max-video-preview":"max-video-preview:-1"},"canonical":"https:\/\/www.uqac.ca\/uqactualites\/2008\/02\/11\/jayanta-guha-professeur-emerite-laureat-du-prix-come-carbonneau\/","og_locale":"fr_CA","og_type":"article","og_title":"Jayanta Guha, professeur \u00e9m\u00e9rite laur\u00e9at du Prix C\u00f4me-Carbonneau - UQACtualit\u00e9s","og_description":"Le Prix C\u00f4me-Carbonneau de l&rsquo;Ordre des g\u00e9ologues du Qu\u00e9bec, pour l&rsquo;ann\u00e9e 2007, a \u00e9t\u00e9 remis \u00e0 monsieur Jayanta Guha, professeur \u00e9m\u00e9rite du D\u00e9partement des sciences appliqu\u00e9es. Il s&rsquo;agit de la plus haute distinction accord\u00e9e, par l&rsquo;Ordre, en reconnaissance d&rsquo;accomplissements constants et remarquables au service de la g\u00e9ologie. Avant d&rsquo;entreprendre sa carri\u00e8re de professeur-chercheur \u00e0 l&rsquo;UQAC [&hellip;]","og_url":"https:\/\/www.uqac.ca\/uqactualites\/2008\/02\/11\/jayanta-guha-professeur-emerite-laureat-du-prix-come-carbonneau\/","og_site_name":"UQACtualit\u00e9s","article_published_time":"2008-02-11T17:17:22+00:00","og_image":[{"url":"http:\/\/www.uqac.ca\/wp-content\/uploads\/2012\/03\/dpSmdep2tPepBPzF-224x300.jpg","type":"","width":"","height":""}],"author":"Service des communications et des relations publiques","twitter_card":"summary_large_image","twitter_misc":{"\u00c9crit par":"Service des communications et des relations publiques","Estimation du temps de lecture":"1 minute"},"schema":{"@context":"https:\/\/schema.org","@graph":[{"@type":"WebPage","@id":"https:\/\/www.uqac.ca\/uqactualites\/2008\/02\/11\/jayanta-guha-professeur-emerite-laureat-du-prix-come-carbonneau\/","url":"https:\/\/www.uqac.ca\/uqactualites\/2008\/02\/11\/jayanta-guha-professeur-emerite-laureat-du-prix-come-carbonneau\/","name":"Jayanta Guha, professeur \u00e9m\u00e9rite laur\u00e9at du Prix C\u00f4me-Carbonneau - UQACtualit\u00e9s","isPartOf":{"@id":"https:\/\/www.uqac.ca\/uqactualites\/#website"},"primaryImageOfPage":{"@id":"https:\/\/www.uqac.ca\/uqactualites\/2008\/02\/11\/jayanta-guha-professeur-emerite-laureat-du-prix-come-carbonneau\/#primaryimage"},"image":{"@id":"https:\/\/www.uqac.ca\/uqactualites\/2008\/02\/11\/jayanta-guha-professeur-emerite-laureat-du-prix-come-carbonneau\/#primaryimage"},"thumbnailUrl":"http:\/\/www.uqac.ca\/wp-content\/uploads\/2012\/03\/dpSmdep2tPepBPzF-224x300.jpg","datePublished":"2008-02-11T17:17:22+00:00","dateModified":"2008-02-11T17:17:22+00:00","author":{"@id":"https:\/\/www.uqac.ca\/uqactualites\/#\/schema\/person\/366c45a0c4f0e677b41b4af5886e2018"},"breadcrumb":{"@id":"https:\/\/www.uqac.ca\/uqactualites\/2008\/02\/11\/jayanta-guha-professeur-emerite-laureat-du-prix-come-carbonneau\/#breadcrumb"},"inLanguage":"fr-CA","potentialAction":[{"@type":"ReadAction","target":["https:\/\/www.uqac.ca\/uqactualites\/2008\/02\/11\/jayanta-guha-professeur-emerite-laureat-du-prix-come-carbonneau\/"]}]},{"@type":"ImageObject","inLanguage":"fr-CA","@id":"https:\/\/www.uqac.ca\/uqactualites\/2008\/02\/11\/jayanta-guha-professeur-emerite-laureat-du-prix-come-carbonneau\/#primaryimage","url":"http:\/\/www.uqac.ca\/wp-content\/uploads\/2012\/03\/dpSmdep2tPepBPzF-224x300.jpg","contentUrl":"http:\/\/www.uqac.ca\/wp-content\/uploads\/2012\/03\/dpSmdep2tPepBPzF-224x300.jpg"},{"@type":"BreadcrumbList","@id":"https:\/\/www.uqac.ca\/uqactualites\/2008\/02\/11\/jayanta-guha-professeur-emerite-laureat-du-prix-come-carbonneau\/#breadcrumb","itemListElement":[{"@type":"ListItem","position":1,"name":"Home","item":"https:\/\/www.uqac.ca\/uqactualites\/"},{"@type":"ListItem","position":2,"name":"Jayanta Guha, professeur \u00e9m\u00e9rite laur\u00e9at du Prix C\u00f4me-Carbonneau"}]},{"@type":"WebSite","@id":"https:\/\/www.uqac.ca\/uqactualites\/#website","url":"https:\/\/www.uqac.ca\/uqactualites\/","name":"UQACtualit\u00e9s","description":"Le portail des nouvelles de l&#039;UQAC","potentialAction":[{"@type":"SearchAction","target":{"@type":"EntryPoint","urlTemplate":"https:\/\/www.uqac.ca\/uqactualites\/?s={search_term_string}"},"query-input":{"@type":"PropertyValueSpecification","valueRequired":true,"valueName":"search_term_string"}}],"inLanguage":"fr-CA"},{"@type":"Person","@id":"https:\/\/www.uqac.ca\/uqactualites\/#\/schema\/person\/366c45a0c4f0e677b41b4af5886e2018","name":"Service des communications et des relations publiques","image":{"@type":"ImageObject","inLanguage":"fr-CA","@id":"https:\/\/www.uqac.ca\/uqactualites\/#\/schema\/person\/image\/","url":"https:\/\/secure.gravatar.com\/avatar\/20fbbda8a292f59f2d3461a5b999c00b?s=96&d=mm&r=g","contentUrl":"https:\/\/secure.gravatar.com\/avatar\/20fbbda8a292f59f2d3461a5b999c00b?s=96&d=mm&r=g","caption":"Service des communications et des relations publiques"},"url":"https:\/\/www.uqac.ca\/uqactualites\/author\/bap\/"}]}},"_links":{"self":[{"href":"https:\/\/www.uqac.ca\/uqactualites\/wp-json\/wp\/v2\/posts\/19473"}],"collection":[{"href":"https:\/\/www.uqac.ca\/uqactualites\/wp-json\/wp\/v2\/posts"}],"about":[{"href":"https:\/\/www.uqac.ca\/uqactualites\/wp-json\/wp\/v2\/types\/post"}],"author":[{"embeddable":true,"href":"https:\/\/www.uqac.ca\/uqactualites\/wp-json\/wp\/v2\/users\/5"}],"replies":[{"embeddable":true,"href":"https:\/\/www.uqac.ca\/uqactualites\/wp-json\/wp\/v2\/comments?post=19473"}],"version-history":[{"count":0,"href":"https:\/\/www.uqac.ca\/uqactualites\/wp-json\/wp\/v2\/posts\/19473\/revisions"}],"wp:attachment":[{"href":"https:\/\/www.uqac.ca\/uqactualites\/wp-json\/wp\/v2\/media?parent=19473"}],"wp:term":[{"taxonomy":"category","embeddable":true,"href":"https:\/\/www.uqac.ca\/uqactualites\/wp-json\/wp\/v2\/categories?post=19473"},{"taxonomy":"post_tag","embeddable":true,"href":"https:\/\/www.uqac.ca\/uqactualites\/wp-json\/wp\/v2\/tags?post=19473"}],"curies":[{"name":"wp","href":"https:\/\/api.w.org\/{rel}","templated":true}]}}