{"id":19474,"date":"2008-02-11T11:47:12","date_gmt":"2008-02-11T17:17:12","guid":{"rendered":"http:\/\/uqactualite.odev.ca\/2008\/02\/la-professeure-sarah-jane-barnes-est-titulaire-de-la-medaille-des-anciens-presidents\/"},"modified":"2008-02-11T11:47:12","modified_gmt":"2008-02-11T17:17:12","slug":"la-professeure-sarah-jane-barnes-est-titulaire-de-la-medaille-des-anciens-presidents","status":"publish","type":"post","link":"https:\/\/www.uqac.ca\/uqactualites\/2008\/02\/11\/la-professeure-sarah-jane-barnes-est-titulaire-de-la-medaille-des-anciens-presidents\/","title":{"rendered":"La professeure Sarah-Jane Barnes est titulaire de la M\u00e9daille des anciens pr\u00e9sidents"},"content":{"rendered":"<p><figure id=\"attachment_19474\" aria-describedby=\"caption-attachment-19474\" style=\"width: 225px\" class=\"wp-caption alignright\"><a href=\"http:\/\/www.uqac.ca\/wp-content\/uploads\/2012\/03\/V72UnGtrXWcmYP6Q.jpg\"><img loading=\"lazy\" decoding=\"async\" class=\"size-medium wp-image-19474\" title=\"V72UnGtrXWcmYP6Q\" src=\"http:\/\/www.uqac.ca\/wp-content\/uploads\/2012\/03\/V72UnGtrXWcmYP6Q-225x300.jpg\" width=\"225\" height=\"300\" alt=\"\" \/><\/a><figcaption id=\"caption-attachment-19474\" class=\"wp-caption-text\">Sarah-Jane Barnes, professeure au D\u00e9partement des sciences appliqu\u00e9es de l&#039;UQAC<\/figcaption><\/figure>L&rsquo;Association min\u00e9ralogique du Canada a d\u00e9cern\u00e9, cette ann\u00e9e, la m\u00e9daille des anciens pr\u00e9sidents, \u00e0 Sarah-Jane Barnes, professeure au D\u00e9partement des sciences appliqu\u00e9es de l&rsquo;UQAC.<\/p>\n<p>La M\u00e9daille des anciens pr\u00e9sidents est attribu\u00e9e \u00e0 un scientifique qui a apport\u00e9 des contributions exceptionnelles aux sciences min\u00e9rales au Canada. Il n&rsquo;y a aucune restriction concernant la nationalit\u00e9 ou la r\u00e9sidence. La m\u00e9daille a \u00e9t\u00e9 cr\u00e9\u00e9e pour identifier la largeur et l&rsquo;universalit\u00e9 des contributions d&rsquo;un scientifique dans les domaines de la min\u00e9ralogie appliqu\u00e9e, de la p\u00e9trologie, de la cristallographie, de la g\u00e9ochimie ou de l&rsquo;\u00e9tude des d\u00e9p\u00f4ts de minerai plut\u00f4t que dans un seul domaine de sp\u00e9cialisation.<\/p>\n<p>Depuis 1986, elle enseigne et fait de la recherche sur les gisements de minerai magmatiques et de p\u00e9trologie ign\u00e9e \u00e0 l&rsquo;UQAC.<\/p>\n<p>Madame Barnes est \u00e9galement titulaire de la Chaire de recherche du Canada de niveau 1 en m\u00e9tallog\u00e9nie magmatique. Ses activit\u00e9s ont d\u00e9but\u00e9 en juin 2003. L&rsquo;objectif principal de cette chaire est de d\u00e9velopper une meilleure connaissance scientifique des processus menant \u00e0 la formation de gisements de minerai associ\u00e9s aux magmas gr\u00e2ce \u00e0 des \u00e9tudes pluridisciplinaires en laboratoire et sur le terrain. Cette recherche permettra de d\u00e9velopper des mod\u00e8les et techniques \u00e0 la fine pointe de la technologie pour analyser les gisements qui pourront servir \u00e0 rep\u00e9rer des ressources non exploit\u00e9es, tout particuli\u00e8rement pour les \u00e9l\u00e9ments du groupe platine (le groupe des m\u00e9taux pr\u00e9cieux). <\/p>\n<p>Madame Barnes a travaill\u00e9 pendant plus de deux d\u00e9cennies sur la nature et l&rsquo;origine des min\u00e9ralisations de PGE-Ni-Cu-Au li\u00e9es aux magmas mafiques, au Canada et \u00e0 l&rsquo;\u00e9tranger. Avec ses coll\u00e8gues, \u00e9tudiants de troisi\u00e8me cycle et camarades post-doctoraux, elle a fix\u00e9 la norme d&rsquo;\u00e9tudes exhaustives, compl\u00e8tes et approfondies de la p\u00e9trologie, de la min\u00e9ralogie et de la g\u00e9ochimie de plusieurs des sites classiques pour les gisements des minerais magmatiques. Ce travail, r\u00e9sum\u00e9 dans plus de 80 articles internationaux, a fait sensiblement avancer notre compr\u00e9hension des facteurs impliqu\u00e9s dans la gen\u00e8se de certaines ressources les plus importantes de la plan\u00e8te.<\/p>\n<p>F\u00e9licitations!<\/p>\n","protected":false},"excerpt":{"rendered":"<p>L&rsquo;Association min\u00e9ralogique du Canada a d\u00e9cern\u00e9, cette ann\u00e9e, la m\u00e9daille des anciens pr\u00e9sidents, \u00e0 Sarah-Jane Barnes, professeure au D\u00e9partement des sciences appliqu\u00e9es de l&rsquo;UQAC. La M\u00e9daille des anciens pr\u00e9sidents est attribu\u00e9e \u00e0 un scientifique qui a apport\u00e9 des contributions exceptionnelles aux sciences min\u00e9rales au Canada. Il n&rsquo;y a aucune restriction concernant la nationalit\u00e9 ou la [&hellip;]<\/p>\n","protected":false},"author":5,"featured_media":0,"comment_status":"closed","ping_status":"1","sticky":false,"template":"","format":"standard","meta":{"footnotes":""},"categories":[9],"tags":[],"yoast_head":"<!-- This site is optimized with the Yoast SEO plugin v24.2 - https:\/\/yoast.com\/wordpress\/plugins\/seo\/ -->\r\n<title>La professeure Sarah-Jane Barnes est titulaire de la M\u00e9daille des anciens pr\u00e9sidents - UQACtualit\u00e9s<\/title>\r\n<meta name=\"robots\" content=\"index, follow, max-snippet:-1, max-image-preview:large, max-video-preview:-1\" \/>\r\n<link rel=\"canonical\" href=\"https:\/\/www.uqac.ca\/uqactualites\/2008\/02\/11\/la-professeure-sarah-jane-barnes-est-titulaire-de-la-medaille-des-anciens-presidents\/\" \/>\r\n<meta property=\"og:locale\" content=\"fr_CA\" \/>\r\n<meta property=\"og:type\" content=\"article\" \/>\r\n<meta property=\"og:title\" content=\"La professeure Sarah-Jane Barnes est titulaire de la M\u00e9daille des anciens pr\u00e9sidents - UQACtualit\u00e9s\" \/>\r\n<meta property=\"og:description\" content=\"L&rsquo;Association min\u00e9ralogique du Canada a d\u00e9cern\u00e9, cette ann\u00e9e, la m\u00e9daille des anciens pr\u00e9sidents, \u00e0 Sarah-Jane Barnes, professeure au D\u00e9partement des sciences appliqu\u00e9es de l&rsquo;UQAC. La M\u00e9daille des anciens pr\u00e9sidents est attribu\u00e9e \u00e0 un scientifique qui a apport\u00e9 des contributions exceptionnelles aux sciences min\u00e9rales au Canada. Il n&rsquo;y a aucune restriction concernant la nationalit\u00e9 ou la [&hellip;]\" \/>\r\n<meta property=\"og:url\" content=\"https:\/\/www.uqac.ca\/uqactualites\/2008\/02\/11\/la-professeure-sarah-jane-barnes-est-titulaire-de-la-medaille-des-anciens-presidents\/\" \/>\r\n<meta property=\"og:site_name\" content=\"UQACtualit\u00e9s\" \/>\r\n<meta property=\"article:published_time\" content=\"2008-02-11T17:17:12+00:00\" \/>\r\n<meta property=\"og:image\" content=\"http:\/\/www.uqac.ca\/wp-content\/uploads\/2012\/03\/V72UnGtrXWcmYP6Q-225x300.jpg\" \/>\r\n<meta name=\"author\" content=\"Service des communications et des relations publiques\" \/>\r\n<meta name=\"twitter:card\" content=\"summary_large_image\" \/>\r\n<meta name=\"twitter:label1\" content=\"\u00c9crit par\" \/>\n\t<meta name=\"twitter:data1\" content=\"Service des communications et des relations publiques\" \/>\n\t<meta name=\"twitter:label2\" content=\"Estimation du temps de lecture\" \/>\n\t<meta name=\"twitter:data2\" content=\"2 minutes\" \/>\r\n<script type=\"application\/ld+json\" class=\"yoast-schema-graph\">{\"@context\":\"https:\/\/schema.org\",\"@graph\":[{\"@type\":\"WebPage\",\"@id\":\"https:\/\/www.uqac.ca\/uqactualites\/2008\/02\/11\/la-professeure-sarah-jane-barnes-est-titulaire-de-la-medaille-des-anciens-presidents\/\",\"url\":\"https:\/\/www.uqac.ca\/uqactualites\/2008\/02\/11\/la-professeure-sarah-jane-barnes-est-titulaire-de-la-medaille-des-anciens-presidents\/\",\"name\":\"La professeure Sarah-Jane Barnes est titulaire de la M\u00e9daille des anciens pr\u00e9sidents - UQACtualit\u00e9s\",\"isPartOf\":{\"@id\":\"https:\/\/www.uqac.ca\/uqactualites\/#website\"},\"primaryImageOfPage\":{\"@id\":\"https:\/\/www.uqac.ca\/uqactualites\/2008\/02\/11\/la-professeure-sarah-jane-barnes-est-titulaire-de-la-medaille-des-anciens-presidents\/#primaryimage\"},\"image\":{\"@id\":\"https:\/\/www.uqac.ca\/uqactualites\/2008\/02\/11\/la-professeure-sarah-jane-barnes-est-titulaire-de-la-medaille-des-anciens-presidents\/#primaryimage\"},\"thumbnailUrl\":\"http:\/\/www.uqac.ca\/wp-content\/uploads\/2012\/03\/V72UnGtrXWcmYP6Q-225x300.jpg\",\"datePublished\":\"2008-02-11T17:17:12+00:00\",\"dateModified\":\"2008-02-11T17:17:12+00:00\",\"author\":{\"@id\":\"https:\/\/www.uqac.ca\/uqactualites\/#\/schema\/person\/366c45a0c4f0e677b41b4af5886e2018\"},\"breadcrumb\":{\"@id\":\"https:\/\/www.uqac.ca\/uqactualites\/2008\/02\/11\/la-professeure-sarah-jane-barnes-est-titulaire-de-la-medaille-des-anciens-presidents\/#breadcrumb\"},\"inLanguage\":\"fr-CA\",\"potentialAction\":[{\"@type\":\"ReadAction\",\"target\":[\"https:\/\/www.uqac.ca\/uqactualites\/2008\/02\/11\/la-professeure-sarah-jane-barnes-est-titulaire-de-la-medaille-des-anciens-presidents\/\"]}]},{\"@type\":\"ImageObject\",\"inLanguage\":\"fr-CA\",\"@id\":\"https:\/\/www.uqac.ca\/uqactualites\/2008\/02\/11\/la-professeure-sarah-jane-barnes-est-titulaire-de-la-medaille-des-anciens-presidents\/#primaryimage\",\"url\":\"http:\/\/www.uqac.ca\/wp-content\/uploads\/2012\/03\/V72UnGtrXWcmYP6Q-225x300.jpg\",\"contentUrl\":\"http:\/\/www.uqac.ca\/wp-content\/uploads\/2012\/03\/V72UnGtrXWcmYP6Q-225x300.jpg\"},{\"@type\":\"BreadcrumbList\",\"@id\":\"https:\/\/www.uqac.ca\/uqactualites\/2008\/02\/11\/la-professeure-sarah-jane-barnes-est-titulaire-de-la-medaille-des-anciens-presidents\/#breadcrumb\",\"itemListElement\":[{\"@type\":\"ListItem\",\"position\":1,\"name\":\"Home\",\"item\":\"https:\/\/www.uqac.ca\/uqactualites\/\"},{\"@type\":\"ListItem\",\"position\":2,\"name\":\"La professeure Sarah-Jane Barnes est titulaire de la M\u00e9daille des anciens pr\u00e9sidents\"}]},{\"@type\":\"WebSite\",\"@id\":\"https:\/\/www.uqac.ca\/uqactualites\/#website\",\"url\":\"https:\/\/www.uqac.ca\/uqactualites\/\",\"name\":\"UQACtualit\u00e9s\",\"description\":\"Le portail des nouvelles de l&#039;UQAC\",\"potentialAction\":[{\"@type\":\"SearchAction\",\"target\":{\"@type\":\"EntryPoint\",\"urlTemplate\":\"https:\/\/www.uqac.ca\/uqactualites\/?s={search_term_string}\"},\"query-input\":{\"@type\":\"PropertyValueSpecification\",\"valueRequired\":true,\"valueName\":\"search_term_string\"}}],\"inLanguage\":\"fr-CA\"},{\"@type\":\"Person\",\"@id\":\"https:\/\/www.uqac.ca\/uqactualites\/#\/schema\/person\/366c45a0c4f0e677b41b4af5886e2018\",\"name\":\"Service des communications et des relations publiques\",\"image\":{\"@type\":\"ImageObject\",\"inLanguage\":\"fr-CA\",\"@id\":\"https:\/\/www.uqac.ca\/uqactualites\/#\/schema\/person\/image\/\",\"url\":\"https:\/\/secure.gravatar.com\/avatar\/20fbbda8a292f59f2d3461a5b999c00b?s=96&d=mm&r=g\",\"contentUrl\":\"https:\/\/secure.gravatar.com\/avatar\/20fbbda8a292f59f2d3461a5b999c00b?s=96&d=mm&r=g\",\"caption\":\"Service des communications et des relations publiques\"},\"url\":\"https:\/\/www.uqac.ca\/uqactualites\/author\/bap\/\"}]}<\/script>\r\n<!-- \/ Yoast SEO plugin. -->","yoast_head_json":{"title":"La professeure Sarah-Jane Barnes est titulaire de la M\u00e9daille des anciens pr\u00e9sidents - UQACtualit\u00e9s","robots":{"index":"index","follow":"follow","max-snippet":"max-snippet:-1","max-image-preview":"max-image-preview:large","max-video-preview":"max-video-preview:-1"},"canonical":"https:\/\/www.uqac.ca\/uqactualites\/2008\/02\/11\/la-professeure-sarah-jane-barnes-est-titulaire-de-la-medaille-des-anciens-presidents\/","og_locale":"fr_CA","og_type":"article","og_title":"La professeure Sarah-Jane Barnes est titulaire de la M\u00e9daille des anciens pr\u00e9sidents - UQACtualit\u00e9s","og_description":"L&rsquo;Association min\u00e9ralogique du Canada a d\u00e9cern\u00e9, cette ann\u00e9e, la m\u00e9daille des anciens pr\u00e9sidents, \u00e0 Sarah-Jane Barnes, professeure au D\u00e9partement des sciences appliqu\u00e9es de l&rsquo;UQAC. La M\u00e9daille des anciens pr\u00e9sidents est attribu\u00e9e \u00e0 un scientifique qui a apport\u00e9 des contributions exceptionnelles aux sciences min\u00e9rales au Canada. Il n&rsquo;y a aucune restriction concernant la nationalit\u00e9 ou la [&hellip;]","og_url":"https:\/\/www.uqac.ca\/uqactualites\/2008\/02\/11\/la-professeure-sarah-jane-barnes-est-titulaire-de-la-medaille-des-anciens-presidents\/","og_site_name":"UQACtualit\u00e9s","article_published_time":"2008-02-11T17:17:12+00:00","og_image":[{"url":"http:\/\/www.uqac.ca\/wp-content\/uploads\/2012\/03\/V72UnGtrXWcmYP6Q-225x300.jpg","type":"","width":"","height":""}],"author":"Service des communications et des relations publiques","twitter_card":"summary_large_image","twitter_misc":{"\u00c9crit par":"Service des communications et des relations publiques","Estimation du temps de lecture":"2 minutes"},"schema":{"@context":"https:\/\/schema.org","@graph":[{"@type":"WebPage","@id":"https:\/\/www.uqac.ca\/uqactualites\/2008\/02\/11\/la-professeure-sarah-jane-barnes-est-titulaire-de-la-medaille-des-anciens-presidents\/","url":"https:\/\/www.uqac.ca\/uqactualites\/2008\/02\/11\/la-professeure-sarah-jane-barnes-est-titulaire-de-la-medaille-des-anciens-presidents\/","name":"La professeure Sarah-Jane Barnes est titulaire de la M\u00e9daille des anciens pr\u00e9sidents - UQACtualit\u00e9s","isPartOf":{"@id":"https:\/\/www.uqac.ca\/uqactualites\/#website"},"primaryImageOfPage":{"@id":"https:\/\/www.uqac.ca\/uqactualites\/2008\/02\/11\/la-professeure-sarah-jane-barnes-est-titulaire-de-la-medaille-des-anciens-presidents\/#primaryimage"},"image":{"@id":"https:\/\/www.uqac.ca\/uqactualites\/2008\/02\/11\/la-professeure-sarah-jane-barnes-est-titulaire-de-la-medaille-des-anciens-presidents\/#primaryimage"},"thumbnailUrl":"http:\/\/www.uqac.ca\/wp-content\/uploads\/2012\/03\/V72UnGtrXWcmYP6Q-225x300.jpg","datePublished":"2008-02-11T17:17:12+00:00","dateModified":"2008-02-11T17:17:12+00:00","author":{"@id":"https:\/\/www.uqac.ca\/uqactualites\/#\/schema\/person\/366c45a0c4f0e677b41b4af5886e2018"},"breadcrumb":{"@id":"https:\/\/www.uqac.ca\/uqactualites\/2008\/02\/11\/la-professeure-sarah-jane-barnes-est-titulaire-de-la-medaille-des-anciens-presidents\/#breadcrumb"},"inLanguage":"fr-CA","potentialAction":[{"@type":"ReadAction","target":["https:\/\/www.uqac.ca\/uqactualites\/2008\/02\/11\/la-professeure-sarah-jane-barnes-est-titulaire-de-la-medaille-des-anciens-presidents\/"]}]},{"@type":"ImageObject","inLanguage":"fr-CA","@id":"https:\/\/www.uqac.ca\/uqactualites\/2008\/02\/11\/la-professeure-sarah-jane-barnes-est-titulaire-de-la-medaille-des-anciens-presidents\/#primaryimage","url":"http:\/\/www.uqac.ca\/wp-content\/uploads\/2012\/03\/V72UnGtrXWcmYP6Q-225x300.jpg","contentUrl":"http:\/\/www.uqac.ca\/wp-content\/uploads\/2012\/03\/V72UnGtrXWcmYP6Q-225x300.jpg"},{"@type":"BreadcrumbList","@id":"https:\/\/www.uqac.ca\/uqactualites\/2008\/02\/11\/la-professeure-sarah-jane-barnes-est-titulaire-de-la-medaille-des-anciens-presidents\/#breadcrumb","itemListElement":[{"@type":"ListItem","position":1,"name":"Home","item":"https:\/\/www.uqac.ca\/uqactualites\/"},{"@type":"ListItem","position":2,"name":"La professeure Sarah-Jane Barnes est titulaire de la M\u00e9daille des anciens pr\u00e9sidents"}]},{"@type":"WebSite","@id":"https:\/\/www.uqac.ca\/uqactualites\/#website","url":"https:\/\/www.uqac.ca\/uqactualites\/","name":"UQACtualit\u00e9s","description":"Le portail des nouvelles de l&#039;UQAC","potentialAction":[{"@type":"SearchAction","target":{"@type":"EntryPoint","urlTemplate":"https:\/\/www.uqac.ca\/uqactualites\/?s={search_term_string}"},"query-input":{"@type":"PropertyValueSpecification","valueRequired":true,"valueName":"search_term_string"}}],"inLanguage":"fr-CA"},{"@type":"Person","@id":"https:\/\/www.uqac.ca\/uqactualites\/#\/schema\/person\/366c45a0c4f0e677b41b4af5886e2018","name":"Service des communications et des relations publiques","image":{"@type":"ImageObject","inLanguage":"fr-CA","@id":"https:\/\/www.uqac.ca\/uqactualites\/#\/schema\/person\/image\/","url":"https:\/\/secure.gravatar.com\/avatar\/20fbbda8a292f59f2d3461a5b999c00b?s=96&d=mm&r=g","contentUrl":"https:\/\/secure.gravatar.com\/avatar\/20fbbda8a292f59f2d3461a5b999c00b?s=96&d=mm&r=g","caption":"Service des communications et des relations publiques"},"url":"https:\/\/www.uqac.ca\/uqactualites\/author\/bap\/"}]}},"_links":{"self":[{"href":"https:\/\/www.uqac.ca\/uqactualites\/wp-json\/wp\/v2\/posts\/19474"}],"collection":[{"href":"https:\/\/www.uqac.ca\/uqactualites\/wp-json\/wp\/v2\/posts"}],"about":[{"href":"https:\/\/www.uqac.ca\/uqactualites\/wp-json\/wp\/v2\/types\/post"}],"author":[{"embeddable":true,"href":"https:\/\/www.uqac.ca\/uqactualites\/wp-json\/wp\/v2\/users\/5"}],"replies":[{"embeddable":true,"href":"https:\/\/www.uqac.ca\/uqactualites\/wp-json\/wp\/v2\/comments?post=19474"}],"version-history":[{"count":0,"href":"https:\/\/www.uqac.ca\/uqactualites\/wp-json\/wp\/v2\/posts\/19474\/revisions"}],"wp:attachment":[{"href":"https:\/\/www.uqac.ca\/uqactualites\/wp-json\/wp\/v2\/media?parent=19474"}],"wp:term":[{"taxonomy":"category","embeddable":true,"href":"https:\/\/www.uqac.ca\/uqactualites\/wp-json\/wp\/v2\/categories?post=19474"},{"taxonomy":"post_tag","embeddable":true,"href":"https:\/\/www.uqac.ca\/uqactualites\/wp-json\/wp\/v2\/tags?post=19474"}],"curies":[{"name":"wp","href":"https:\/\/api.w.org\/{rel}","templated":true}]}}