{"id":19475,"date":"2008-02-11T11:47:02","date_gmt":"2008-02-11T17:17:02","guid":{"rendered":"http:\/\/uqactualite.odev.ca\/2008\/02\/jean-pierre-seguin-publie-portraits-1976-2006-chez-sagamie-edition-dart\/"},"modified":"2008-02-11T11:47:02","modified_gmt":"2008-02-11T17:17:02","slug":"jean-pierre-seguin-publie-portraits-1976-2006-chez-sagamie-edition-dart","status":"publish","type":"post","link":"https:\/\/www.uqac.ca\/uqactualites\/2008\/02\/11\/jean-pierre-seguin-publie-portraits-1976-2006-chez-sagamie-edition-dart\/","title":{"rendered":"Jean-Pierre S\u00e9guin publie Portraits 1976-2006 chez Sagamie \u00c9dition d&rsquo;art"},"content":{"rendered":"<p><figure id=\"attachment_19475\" aria-describedby=\"caption-attachment-19475\" style=\"width: 209px\" class=\"wp-caption alignright\"><a href=\"http:\/\/www.uqac.ca\/wp-content\/uploads\/2012\/03\/7s1EhxqX72wbYsiU.jpg\"><img loading=\"lazy\" decoding=\"async\" class=\"size-medium wp-image-19475\" title=\"7s1EhxqX72wbYsiU\" src=\"http:\/\/www.uqac.ca\/wp-content\/uploads\/2012\/03\/7s1EhxqX72wbYsiU-209x300.jpg\" width=\"209\" height=\"300\" alt=\"\" \/><\/a><figcaption id=\"caption-attachment-19475\" class=\"wp-caption-text\">Jean-Pierre S\u00e9guin, professeur au D\u00e9partement des arts et lettres de l&#039;Universit\u00e9 du Qu\u00e9bec \u00e0 Chicoutimi<\/figcaption><\/figure>Cette monographie majeure pr\u00e9sente un corpus important du travail de l&rsquo;artiste, plus sp\u00e9cifiquement la s\u00e9rie des portraits r\u00e9alis\u00e9s entre 1976 et 2006. Ce genre artistique devient en fait pr\u00e9texte \u00e0 une recherche plastique qui utilise l&rsquo;estampe, la peinture, la photographie et le travail num\u00e9rique. S\u00e9guin convie le spectateur \u00e0 de multiples jeux de perception voyageant entre la repr\u00e9sentation figurative et l&rsquo;abstraction. <\/p>\n<p>Le livre r\u00e9unit plusieurs essais d&rsquo;auteurs qui examinent les diff\u00e9rents aspects de la pratique de l&rsquo;artiste et  proposent \u00e0 travers leurs textes diverses interpr\u00e9tations de son travail.<\/p>\n<p>Les auteurs :<br \/>\n<b>Micha\u00ebl La Chance<\/b> est philosophe, \u00e9crivain et professeur en th\u00e9orie et histoire de l&rsquo;art \u00e0 l&rsquo;Universit\u00e9 du Qu\u00e9bec \u00e0 Chicoutimi.<br \/>\n<b>Pierre Ouellet<\/b> est po\u00e8te, essayiste, romancier et titulaire de la Chaire de recherche du Canada en esth\u00e9tique et po\u00e9tique \u00e0 l&rsquo;Universit\u00e9 du Qu\u00e9bec \u00e0 Montr\u00e9al.<br \/>\n<b>Jean-Pierre Vidal<\/b> est s\u00e9mioticien, \u00e9crivain, professeur \u00e9m\u00e9rite de l&rsquo;Universit\u00e9 du Qu\u00e9bec \u00e0 Chicoutimi.<br \/>\n<b>Ren\u00e9 Payant<\/b> \u00e9tait auteur, essayiste et a \u00e9t\u00e9 professeur d&rsquo;histoire et de th\u00e9orie de l&rsquo;art \u00e0 l&rsquo;Universit\u00e9 de Montr\u00e9al. <\/p>\n<p><b>Jean-Pierre S\u00e9guin<\/b> est professeur au D\u00e9partement des arts et lettres de l&rsquo;Universit\u00e9 du Qu\u00e9bec \u00e0 Chicoutimi depuis 1979. Depuis plusieurs ann\u00e9es, sa recherche picturale et photographique s&rsquo;oriente sur les syst\u00e8mes de repr\u00e9sentation et les moyens de r\u00e9alisation du portrait. Son travail a fait l&rsquo;objet de plusieurs expositions au Canada et \u00e0 l&rsquo;\u00e9tranger, dont les plus r\u00e9centes : Beaded Portraits, OK Harris, New York (2007); Figures, Mus\u00e9e d&rsquo;art contemporain des Laurentides, Saint-J\u00e9r\u00f4me (2006-2007); 1040 tableaux, Langage Plus, Alma (2006); M\u00e9taphoretraits, CNE, Jonqui\u00e8re (2005); Corps et Figures, Montr\u00e9al T\u00e9l\u00e9graphe, Montr\u00e9al (2001). Ses oeuvres se retrouvent dans de nombreuses collections priv\u00e9es et publiques.<\/p>\n","protected":false},"excerpt":{"rendered":"<p>Cette monographie majeure pr\u00e9sente un corpus important du travail de l&rsquo;artiste, plus sp\u00e9cifiquement la s\u00e9rie des portraits r\u00e9alis\u00e9s entre 1976 et 2006. Ce genre artistique devient en fait pr\u00e9texte \u00e0 une recherche plastique qui utilise l&rsquo;estampe, la peinture, la photographie et le travail num\u00e9rique. S\u00e9guin convie le spectateur \u00e0 de multiples jeux de perception voyageant [&hellip;]<\/p>\n","protected":false},"author":5,"featured_media":0,"comment_status":"closed","ping_status":"1","sticky":false,"template":"","format":"standard","meta":{"footnotes":""},"categories":[25],"tags":[],"yoast_head":"<!-- This site is optimized with the Yoast SEO plugin v24.2 - https:\/\/yoast.com\/wordpress\/plugins\/seo\/ -->\r\n<title>Jean-Pierre S\u00e9guin publie Portraits 1976-2006 chez Sagamie \u00c9dition d&#039;art - UQACtualit\u00e9s<\/title>\r\n<meta name=\"robots\" content=\"index, follow, max-snippet:-1, max-image-preview:large, max-video-preview:-1\" \/>\r\n<link rel=\"canonical\" href=\"https:\/\/www.uqac.ca\/uqactualites\/2008\/02\/11\/jean-pierre-seguin-publie-portraits-1976-2006-chez-sagamie-edition-dart\/\" \/>\r\n<meta property=\"og:locale\" content=\"fr_CA\" \/>\r\n<meta property=\"og:type\" content=\"article\" \/>\r\n<meta property=\"og:title\" content=\"Jean-Pierre S\u00e9guin publie Portraits 1976-2006 chez Sagamie \u00c9dition d&#039;art - UQACtualit\u00e9s\" \/>\r\n<meta property=\"og:description\" content=\"Cette monographie majeure pr\u00e9sente un corpus important du travail de l&rsquo;artiste, plus sp\u00e9cifiquement la s\u00e9rie des portraits r\u00e9alis\u00e9s entre 1976 et 2006. Ce genre artistique devient en fait pr\u00e9texte \u00e0 une recherche plastique qui utilise l&rsquo;estampe, la peinture, la photographie et le travail num\u00e9rique. S\u00e9guin convie le spectateur \u00e0 de multiples jeux de perception voyageant [&hellip;]\" \/>\r\n<meta property=\"og:url\" content=\"https:\/\/www.uqac.ca\/uqactualites\/2008\/02\/11\/jean-pierre-seguin-publie-portraits-1976-2006-chez-sagamie-edition-dart\/\" \/>\r\n<meta property=\"og:site_name\" content=\"UQACtualit\u00e9s\" \/>\r\n<meta property=\"article:published_time\" content=\"2008-02-11T17:17:02+00:00\" \/>\r\n<meta property=\"og:image\" content=\"http:\/\/www.uqac.ca\/wp-content\/uploads\/2012\/03\/7s1EhxqX72wbYsiU-209x300.jpg\" \/>\r\n<meta name=\"author\" content=\"Service des communications et des relations publiques\" \/>\r\n<meta name=\"twitter:card\" content=\"summary_large_image\" \/>\r\n<meta name=\"twitter:label1\" content=\"\u00c9crit par\" \/>\n\t<meta name=\"twitter:data1\" content=\"Service des communications et des relations publiques\" \/>\n\t<meta name=\"twitter:label2\" content=\"Estimation du temps de lecture\" \/>\n\t<meta name=\"twitter:data2\" content=\"2 minutes\" \/>\r\n<script type=\"application\/ld+json\" class=\"yoast-schema-graph\">{\"@context\":\"https:\/\/schema.org\",\"@graph\":[{\"@type\":\"WebPage\",\"@id\":\"https:\/\/www.uqac.ca\/uqactualites\/2008\/02\/11\/jean-pierre-seguin-publie-portraits-1976-2006-chez-sagamie-edition-dart\/\",\"url\":\"https:\/\/www.uqac.ca\/uqactualites\/2008\/02\/11\/jean-pierre-seguin-publie-portraits-1976-2006-chez-sagamie-edition-dart\/\",\"name\":\"Jean-Pierre S\u00e9guin publie Portraits 1976-2006 chez Sagamie \u00c9dition d'art - UQACtualit\u00e9s\",\"isPartOf\":{\"@id\":\"https:\/\/www.uqac.ca\/uqactualites\/#website\"},\"primaryImageOfPage\":{\"@id\":\"https:\/\/www.uqac.ca\/uqactualites\/2008\/02\/11\/jean-pierre-seguin-publie-portraits-1976-2006-chez-sagamie-edition-dart\/#primaryimage\"},\"image\":{\"@id\":\"https:\/\/www.uqac.ca\/uqactualites\/2008\/02\/11\/jean-pierre-seguin-publie-portraits-1976-2006-chez-sagamie-edition-dart\/#primaryimage\"},\"thumbnailUrl\":\"http:\/\/www.uqac.ca\/wp-content\/uploads\/2012\/03\/7s1EhxqX72wbYsiU-209x300.jpg\",\"datePublished\":\"2008-02-11T17:17:02+00:00\",\"dateModified\":\"2008-02-11T17:17:02+00:00\",\"author\":{\"@id\":\"https:\/\/www.uqac.ca\/uqactualites\/#\/schema\/person\/366c45a0c4f0e677b41b4af5886e2018\"},\"breadcrumb\":{\"@id\":\"https:\/\/www.uqac.ca\/uqactualites\/2008\/02\/11\/jean-pierre-seguin-publie-portraits-1976-2006-chez-sagamie-edition-dart\/#breadcrumb\"},\"inLanguage\":\"fr-CA\",\"potentialAction\":[{\"@type\":\"ReadAction\",\"target\":[\"https:\/\/www.uqac.ca\/uqactualites\/2008\/02\/11\/jean-pierre-seguin-publie-portraits-1976-2006-chez-sagamie-edition-dart\/\"]}]},{\"@type\":\"ImageObject\",\"inLanguage\":\"fr-CA\",\"@id\":\"https:\/\/www.uqac.ca\/uqactualites\/2008\/02\/11\/jean-pierre-seguin-publie-portraits-1976-2006-chez-sagamie-edition-dart\/#primaryimage\",\"url\":\"http:\/\/www.uqac.ca\/wp-content\/uploads\/2012\/03\/7s1EhxqX72wbYsiU-209x300.jpg\",\"contentUrl\":\"http:\/\/www.uqac.ca\/wp-content\/uploads\/2012\/03\/7s1EhxqX72wbYsiU-209x300.jpg\"},{\"@type\":\"BreadcrumbList\",\"@id\":\"https:\/\/www.uqac.ca\/uqactualites\/2008\/02\/11\/jean-pierre-seguin-publie-portraits-1976-2006-chez-sagamie-edition-dart\/#breadcrumb\",\"itemListElement\":[{\"@type\":\"ListItem\",\"position\":1,\"name\":\"Home\",\"item\":\"https:\/\/www.uqac.ca\/uqactualites\/\"},{\"@type\":\"ListItem\",\"position\":2,\"name\":\"Jean-Pierre S\u00e9guin publie Portraits 1976-2006 chez Sagamie \u00c9dition d&rsquo;art\"}]},{\"@type\":\"WebSite\",\"@id\":\"https:\/\/www.uqac.ca\/uqactualites\/#website\",\"url\":\"https:\/\/www.uqac.ca\/uqactualites\/\",\"name\":\"UQACtualit\u00e9s\",\"description\":\"Le portail des nouvelles de l&#039;UQAC\",\"potentialAction\":[{\"@type\":\"SearchAction\",\"target\":{\"@type\":\"EntryPoint\",\"urlTemplate\":\"https:\/\/www.uqac.ca\/uqactualites\/?s={search_term_string}\"},\"query-input\":{\"@type\":\"PropertyValueSpecification\",\"valueRequired\":true,\"valueName\":\"search_term_string\"}}],\"inLanguage\":\"fr-CA\"},{\"@type\":\"Person\",\"@id\":\"https:\/\/www.uqac.ca\/uqactualites\/#\/schema\/person\/366c45a0c4f0e677b41b4af5886e2018\",\"name\":\"Service des communications et des relations publiques\",\"image\":{\"@type\":\"ImageObject\",\"inLanguage\":\"fr-CA\",\"@id\":\"https:\/\/www.uqac.ca\/uqactualites\/#\/schema\/person\/image\/\",\"url\":\"https:\/\/secure.gravatar.com\/avatar\/20fbbda8a292f59f2d3461a5b999c00b?s=96&d=mm&r=g\",\"contentUrl\":\"https:\/\/secure.gravatar.com\/avatar\/20fbbda8a292f59f2d3461a5b999c00b?s=96&d=mm&r=g\",\"caption\":\"Service des communications et des relations publiques\"},\"url\":\"https:\/\/www.uqac.ca\/uqactualites\/author\/bap\/\"}]}<\/script>\r\n<!-- \/ Yoast SEO plugin. -->","yoast_head_json":{"title":"Jean-Pierre S\u00e9guin publie Portraits 1976-2006 chez Sagamie \u00c9dition d'art - UQACtualit\u00e9s","robots":{"index":"index","follow":"follow","max-snippet":"max-snippet:-1","max-image-preview":"max-image-preview:large","max-video-preview":"max-video-preview:-1"},"canonical":"https:\/\/www.uqac.ca\/uqactualites\/2008\/02\/11\/jean-pierre-seguin-publie-portraits-1976-2006-chez-sagamie-edition-dart\/","og_locale":"fr_CA","og_type":"article","og_title":"Jean-Pierre S\u00e9guin publie Portraits 1976-2006 chez Sagamie \u00c9dition d'art - UQACtualit\u00e9s","og_description":"Cette monographie majeure pr\u00e9sente un corpus important du travail de l&rsquo;artiste, plus sp\u00e9cifiquement la s\u00e9rie des portraits r\u00e9alis\u00e9s entre 1976 et 2006. Ce genre artistique devient en fait pr\u00e9texte \u00e0 une recherche plastique qui utilise l&rsquo;estampe, la peinture, la photographie et le travail num\u00e9rique. S\u00e9guin convie le spectateur \u00e0 de multiples jeux de perception voyageant [&hellip;]","og_url":"https:\/\/www.uqac.ca\/uqactualites\/2008\/02\/11\/jean-pierre-seguin-publie-portraits-1976-2006-chez-sagamie-edition-dart\/","og_site_name":"UQACtualit\u00e9s","article_published_time":"2008-02-11T17:17:02+00:00","og_image":[{"url":"http:\/\/www.uqac.ca\/wp-content\/uploads\/2012\/03\/7s1EhxqX72wbYsiU-209x300.jpg","type":"","width":"","height":""}],"author":"Service des communications et des relations publiques","twitter_card":"summary_large_image","twitter_misc":{"\u00c9crit par":"Service des communications et des relations publiques","Estimation du temps de lecture":"2 minutes"},"schema":{"@context":"https:\/\/schema.org","@graph":[{"@type":"WebPage","@id":"https:\/\/www.uqac.ca\/uqactualites\/2008\/02\/11\/jean-pierre-seguin-publie-portraits-1976-2006-chez-sagamie-edition-dart\/","url":"https:\/\/www.uqac.ca\/uqactualites\/2008\/02\/11\/jean-pierre-seguin-publie-portraits-1976-2006-chez-sagamie-edition-dart\/","name":"Jean-Pierre S\u00e9guin publie Portraits 1976-2006 chez Sagamie \u00c9dition d'art - UQACtualit\u00e9s","isPartOf":{"@id":"https:\/\/www.uqac.ca\/uqactualites\/#website"},"primaryImageOfPage":{"@id":"https:\/\/www.uqac.ca\/uqactualites\/2008\/02\/11\/jean-pierre-seguin-publie-portraits-1976-2006-chez-sagamie-edition-dart\/#primaryimage"},"image":{"@id":"https:\/\/www.uqac.ca\/uqactualites\/2008\/02\/11\/jean-pierre-seguin-publie-portraits-1976-2006-chez-sagamie-edition-dart\/#primaryimage"},"thumbnailUrl":"http:\/\/www.uqac.ca\/wp-content\/uploads\/2012\/03\/7s1EhxqX72wbYsiU-209x300.jpg","datePublished":"2008-02-11T17:17:02+00:00","dateModified":"2008-02-11T17:17:02+00:00","author":{"@id":"https:\/\/www.uqac.ca\/uqactualites\/#\/schema\/person\/366c45a0c4f0e677b41b4af5886e2018"},"breadcrumb":{"@id":"https:\/\/www.uqac.ca\/uqactualites\/2008\/02\/11\/jean-pierre-seguin-publie-portraits-1976-2006-chez-sagamie-edition-dart\/#breadcrumb"},"inLanguage":"fr-CA","potentialAction":[{"@type":"ReadAction","target":["https:\/\/www.uqac.ca\/uqactualites\/2008\/02\/11\/jean-pierre-seguin-publie-portraits-1976-2006-chez-sagamie-edition-dart\/"]}]},{"@type":"ImageObject","inLanguage":"fr-CA","@id":"https:\/\/www.uqac.ca\/uqactualites\/2008\/02\/11\/jean-pierre-seguin-publie-portraits-1976-2006-chez-sagamie-edition-dart\/#primaryimage","url":"http:\/\/www.uqac.ca\/wp-content\/uploads\/2012\/03\/7s1EhxqX72wbYsiU-209x300.jpg","contentUrl":"http:\/\/www.uqac.ca\/wp-content\/uploads\/2012\/03\/7s1EhxqX72wbYsiU-209x300.jpg"},{"@type":"BreadcrumbList","@id":"https:\/\/www.uqac.ca\/uqactualites\/2008\/02\/11\/jean-pierre-seguin-publie-portraits-1976-2006-chez-sagamie-edition-dart\/#breadcrumb","itemListElement":[{"@type":"ListItem","position":1,"name":"Home","item":"https:\/\/www.uqac.ca\/uqactualites\/"},{"@type":"ListItem","position":2,"name":"Jean-Pierre S\u00e9guin publie Portraits 1976-2006 chez Sagamie \u00c9dition d&rsquo;art"}]},{"@type":"WebSite","@id":"https:\/\/www.uqac.ca\/uqactualites\/#website","url":"https:\/\/www.uqac.ca\/uqactualites\/","name":"UQACtualit\u00e9s","description":"Le portail des nouvelles de l&#039;UQAC","potentialAction":[{"@type":"SearchAction","target":{"@type":"EntryPoint","urlTemplate":"https:\/\/www.uqac.ca\/uqactualites\/?s={search_term_string}"},"query-input":{"@type":"PropertyValueSpecification","valueRequired":true,"valueName":"search_term_string"}}],"inLanguage":"fr-CA"},{"@type":"Person","@id":"https:\/\/www.uqac.ca\/uqactualites\/#\/schema\/person\/366c45a0c4f0e677b41b4af5886e2018","name":"Service des communications et des relations publiques","image":{"@type":"ImageObject","inLanguage":"fr-CA","@id":"https:\/\/www.uqac.ca\/uqactualites\/#\/schema\/person\/image\/","url":"https:\/\/secure.gravatar.com\/avatar\/20fbbda8a292f59f2d3461a5b999c00b?s=96&d=mm&r=g","contentUrl":"https:\/\/secure.gravatar.com\/avatar\/20fbbda8a292f59f2d3461a5b999c00b?s=96&d=mm&r=g","caption":"Service des communications et des relations publiques"},"url":"https:\/\/www.uqac.ca\/uqactualites\/author\/bap\/"}]}},"_links":{"self":[{"href":"https:\/\/www.uqac.ca\/uqactualites\/wp-json\/wp\/v2\/posts\/19475"}],"collection":[{"href":"https:\/\/www.uqac.ca\/uqactualites\/wp-json\/wp\/v2\/posts"}],"about":[{"href":"https:\/\/www.uqac.ca\/uqactualites\/wp-json\/wp\/v2\/types\/post"}],"author":[{"embeddable":true,"href":"https:\/\/www.uqac.ca\/uqactualites\/wp-json\/wp\/v2\/users\/5"}],"replies":[{"embeddable":true,"href":"https:\/\/www.uqac.ca\/uqactualites\/wp-json\/wp\/v2\/comments?post=19475"}],"version-history":[{"count":0,"href":"https:\/\/www.uqac.ca\/uqactualites\/wp-json\/wp\/v2\/posts\/19475\/revisions"}],"wp:attachment":[{"href":"https:\/\/www.uqac.ca\/uqactualites\/wp-json\/wp\/v2\/media?parent=19475"}],"wp:term":[{"taxonomy":"category","embeddable":true,"href":"https:\/\/www.uqac.ca\/uqactualites\/wp-json\/wp\/v2\/categories?post=19475"},{"taxonomy":"post_tag","embeddable":true,"href":"https:\/\/www.uqac.ca\/uqactualites\/wp-json\/wp\/v2\/tags?post=19475"}],"curies":[{"name":"wp","href":"https:\/\/api.w.org\/{rel}","templated":true}]}}