{"id":19494,"date":"2007-08-21T09:16:43","date_gmt":"2007-08-21T14:46:43","guid":{"rendered":"http:\/\/uqactualite.odev.ca\/2007\/08\/les-concours-du-cee-uqac-un-soutien-concret-au-developpement-de-lentrepreneuriat-a-luqac\/"},"modified":"2007-08-21T09:16:43","modified_gmt":"2007-08-21T14:46:43","slug":"les-concours-du-cee-uqac-un-soutien-concret-au-developpement-de-lentrepreneuriat-a-luqac","status":"publish","type":"post","link":"https:\/\/www.uqac.ca\/uqactualites\/2007\/08\/21\/les-concours-du-cee-uqac-un-soutien-concret-au-developpement-de-lentrepreneuriat-a-luqac\/","title":{"rendered":"Les concours du CEE-UQAC : un soutien concret au d\u00e9veloppement de l&rsquo;entrepreneuriat \u00e0 l&rsquo;UQAC!"},"content":{"rendered":"<p><figure id=\"attachment_19494\" aria-describedby=\"caption-attachment-19494\" style=\"width: 300px\" class=\"wp-caption alignright\"><a href=\"http:\/\/www.uqac.ca\/wp-content\/uploads\/2012\/03\/RlO8ZVj3PLkJImlU.jpg\"><img loading=\"lazy\" decoding=\"async\" class=\"size-medium wp-image-19494\" title=\"RlO8ZVj3PLkJImlU\" src=\"http:\/\/www.uqac.ca\/wp-content\/uploads\/2012\/03\/RlO8ZVj3PLkJImlU-300x225.jpg\" width=\"300\" height=\"225\" alt=\"\" \/><\/a><figcaption id=\"caption-attachment-19494\" class=\"wp-caption-text\">Coop V.E.R.T.E. : Julien Walter, Jean-Thomas Henderson, R\u00e9jean Godin<\/figcaption><\/figure><figure id=\"attachment_19494\" aria-describedby=\"caption-attachment-19494\" style=\"width: 300px\" class=\"wp-caption alignright\"><a href=\"http:\/\/www.uqac.ca\/wp-content\/uploads\/2012\/03\/kfMuUrSE9i1DlOLn.jpg\"><img loading=\"lazy\" decoding=\"async\" class=\"size-medium wp-image-19494\" title=\"kfMuUrSE9i1DlOLn\" src=\"http:\/\/www.uqac.ca\/wp-content\/uploads\/2012\/03\/kfMuUrSE9i1DlOLn-300x225.jpg\" width=\"300\" height=\"225\" alt=\"\" \/><\/a><figcaption id=\"caption-attachment-19494\" class=\"wp-caption-text\">Aventura Exp\u00e9dition :  Roberto Alvarado et Pier-Luc Gagnon<\/figcaption><\/figure><figure id=\"attachment_19494\" aria-describedby=\"caption-attachment-19494\" style=\"width: 300px\" class=\"wp-caption alignright\"><a href=\"http:\/\/www.uqac.ca\/wp-content\/uploads\/2012\/03\/4XI2ax8BzlNhtRHF.jpg\"><img loading=\"lazy\" decoding=\"async\" class=\"size-medium wp-image-19494\" title=\"4XI2ax8BzlNhtRHF\" src=\"http:\/\/www.uqac.ca\/wp-content\/uploads\/2012\/03\/4XI2ax8BzlNhtRHF-300x224.jpg\" width=\"300\" height=\"224\" alt=\"\" \/><\/a><figcaption id=\"caption-attachment-19494\" class=\"wp-caption-text\">Visionair UAV : Michel Audet et Charles-David Gagnon.<\/figcaption><\/figure><figure id=\"attachment_19494\" aria-describedby=\"caption-attachment-19494\" style=\"width: 300px\" class=\"wp-caption alignright\"><a href=\"http:\/\/www.uqac.ca\/wp-content\/uploads\/2012\/03\/rwLL63Y41iD1KDd1.jpg\"><img loading=\"lazy\" decoding=\"async\" class=\"size-medium wp-image-19494\" title=\"rwLL63Y41iD1KDd1\" src=\"http:\/\/www.uqac.ca\/wp-content\/uploads\/2012\/03\/rwLL63Y41iD1KDd1-300x225.jpg\" width=\"300\" height=\"225\" alt=\"\" \/><\/a><figcaption id=\"caption-attachment-19494\" class=\"wp-caption-text\">D&#039;un oc\u00e9an \u00e0 l&#039;autre : Simon Carrier et Patrick Lesage<\/figcaption><\/figure><figure id=\"attachment_19494\" aria-describedby=\"caption-attachment-19494\" style=\"width: 300px\" class=\"wp-caption alignright\"><a href=\"http:\/\/www.uqac.ca\/wp-content\/uploads\/2012\/03\/XcbsBX0ZN1sZC6gj.jpg\"><img loading=\"lazy\" decoding=\"async\" class=\"size-medium wp-image-19494\" title=\"XcbsBX0ZN1sZC6gj\" src=\"http:\/\/www.uqac.ca\/wp-content\/uploads\/2012\/03\/XcbsBX0ZN1sZC6gj-300x225.jpg\" width=\"300\" height=\"225\" alt=\"\" \/><\/a><figcaption id=\"caption-attachment-19494\" class=\"wp-caption-text\">Radio sur bande FM : Louis Dussault, directeur g\u00e9n\u00e9ral (CEE-UQAC) et Alexandre V\u00e9zina<\/figcaption><\/figure><figure id=\"attachment_19494\" aria-describedby=\"caption-attachment-19494\" style=\"width: 300px\" class=\"wp-caption alignright\"><a href=\"http:\/\/www.uqac.ca\/wp-content\/uploads\/2012\/03\/gbcpIEV1Ry119pPf.jpg\"><img loading=\"lazy\" decoding=\"async\" class=\"size-medium wp-image-19494\" title=\"gbcpIEV1Ry119pPf\" src=\"http:\/\/www.uqac.ca\/wp-content\/uploads\/2012\/03\/gbcpIEV1Ry119pPf-300x200.jpg\" width=\"300\" height=\"200\" alt=\"\" \/><\/a><figcaption id=\"caption-attachment-19494\" class=\"wp-caption-text\">Wendigo studios : (1re rang\u00e9e) Louis Dussault, directeur g\u00e9n\u00e9ral (CEE-UQAC), \u00c9ric Laberge, Dominic Mercier-Simard, Georges Bouchard, pr\u00e9sident (CLD de la ville de Saguenay), \u00c9ric Trudel. (2e rang\u00e9e) Martin-Pierre Beaulieu, Pierre-Yves Savard, Jules Robichaud-Gagnon.<\/figcaption><\/figure><figure id=\"attachment_19494\" aria-describedby=\"caption-attachment-19494\" style=\"width: 300px\" class=\"wp-caption alignright\"><a href=\"http:\/\/www.uqac.ca\/wp-content\/uploads\/2012\/03\/Z0cQyjNZx1IkgMX3.jpg\"><img loading=\"lazy\" decoding=\"async\" class=\"size-medium wp-image-19494\" title=\"Z0cQyjNZx1IkgMX3\" src=\"http:\/\/www.uqac.ca\/wp-content\/uploads\/2012\/03\/Z0cQyjNZx1IkgMX3-300x225.jpg\" width=\"300\" height=\"225\" alt=\"\" \/><\/a><figcaption id=\"caption-attachment-19494\" class=\"wp-caption-text\">Les \u00e9tudiants laur\u00e9ats de la cat\u00e9gorie coll\u00e9giale du Concours Id\u00e9e d&#039;affaires : Guillaume Maltais, Laurie Lebel, Jessica Robertson, Jennifer Cormier, Marie-Claude Tremblay <\/figcaption><\/figure>Depuis neuf ans, le Centre d&rsquo;entrepreneuriat et d&rsquo;essaimage de l&rsquo;UQAC offre aux \u00e9tudiants diff\u00e9rents concours qui r\u00e9compensent l&rsquo;entrepreneuriat au sein de l&rsquo;Universit\u00e9.<\/p>\n<p>C&rsquo;est avec fiert\u00e9 que le Centre d&rsquo;entrepreneuriat et d&rsquo;essaimage de l&rsquo;Universit\u00e9 du Qu\u00e9bec \u00e0 Chicoutimi vous pr\u00e9sente les gagnants des concours de l&rsquo;ann\u00e9e 2006-2007.<\/p>\n<p><b>Le Concours Id\u00e9e d&rsquo;affaires<\/b><\/p>\n<p>Le Concours Id\u00e9e d&rsquo;affaires a pour objectif d&rsquo;encourager les \u00e9tudiants de l&rsquo;UQAC et des coll\u00e8ges du Saguenay\u2014Lac-Saint-Jean \u00e0 d\u00e9velopper et pr\u00e9senter des id\u00e9es d&rsquo;affaires cr\u00e9atives et innovatrices. Il veut encourager les \u00e9tudiants \u00e0 d\u00e9velopper leurs id\u00e9es pour que celles-ci deviennent des projets d&rsquo;affaires.<\/p>\n<p><b>Premier prix :  Coop V.E.R.T.E. \u2022 Bourse de 750 $<\/b><\/p>\n<p>Promoteurs : Jean-Thomas Henderson (administration, 2e cycle), R\u00e9jean Godin (g\u00e9ologie, 2e cycle) et Julien Walter (g\u00e9ologie, 2e cycle).<\/p>\n<p>Projet : Cr\u00e9ation d&rsquo;une aire de d\u00e9veloppement \u00e9conomique durable dans le domaine h\u00f4telier.<\/p>\n<p><b>Deuxi\u00e8me prix : Aventura Exp\u00e9dition \u2022 Bourse de 250 $<\/b><\/p>\n<p>Promoteurs : Roberto Alvarado et Pier-Luc Gagnon, (plein air et tourisme d&rsquo;aventure, 1er cycle).<\/p>\n<p>Projet : D\u00e9veloppement de forfaits d&rsquo;\u00e9cotourisme en Am\u00e9rique du Sud. <\/p>\n<p><b>Troisi\u00e8me prix \u2014 cat\u00e9gorie coll\u00e9giale : Bagalie enr. \u2022 Bourse de 500 $<\/b><\/p>\n<p>Promoteurs : Guillaume Maltais, Marie-Claude Tremblay, Laurie Lebel, Jessica Robertson et Jennifer Cormier, \u00e9tudiants en Techniques administratives au C\u00e9gep de Jonqui\u00e8re.<\/p>\n<p>Projet : Cr\u00e9ation d&rsquo;une entreprise de confection de sacs de plage.<\/p>\n<p><b>Concours cr\u00e9ation et d\u00e9marrage d&rsquo;entreprises<\/b><\/p>\n<p>Le Concours cr\u00e9ation et d\u00e9marrage d&rsquo;entreprises a pour objectif de promouvoir l&rsquo;esprit entrepreneurial et la cr\u00e9ation d&rsquo;entreprises chez les \u00e9tudiants de l&rsquo;UQAC.<\/p>\n<p><b>Premier prix : Visionair UAV \u2022 Bourse de 2 500 $<\/b><\/p>\n<p>Promoteurs : Charles-David Gagnon, \u00e9tudiant dipl\u00f4m\u00e9 au MBA de l&rsquo;UQAC et Michel Audet \u00e9tudiant dipl\u00f4m\u00e9 en informatique de gestion de l&rsquo;UQAC.<\/p>\n<p>Cette entreprise est sp\u00e9cialis\u00e9e dans la prise de donn\u00e9es et la prise de vues particuli\u00e8rement pour les domaines de l&rsquo;agriculture et de la foresterie. <\/p>\n<p><b>Deuxi\u00e8me prix : Coop V.E.R.T.E \u2022 Bourse de 1 500 $<\/b><\/p>\n<p>Jean-Thomas Henderson (administration, 2e cycle), Julien Walter (g\u00e9ologie, 2e cycle), R\u00e9jean Godin (g\u00e9ologie, 2e cycle), Simon-Olivier C\u00f4t\u00e9 (membre associ\u00e9) et Alejandro Rada, professeur au D\u00e9partement des sciences humaines \u00e0 l&rsquo;UQAC.<\/p>\n<p>Formation d&rsquo;une aire de d\u00e9veloppement \u00e9conomique d&rsquo;innovation et de capitalisation pour la cr\u00e9ation d&#8217;emplois et d&rsquo;entreprises assurant la rel\u00e8ve entrepreneuriale dans les domaines touristique et socioculturel.<\/p>\n<p><b>Concours qu\u00e9b\u00e9cois en entrepreneuriat \u2013 Entreprendre \u00e0 tout \u00e2ge!<\/b><\/p>\n<p>Depuis sa mise sur pied, le CEE-UQAC est impliqu\u00e9 r\u00e9gionalement dans l&rsquo;organisation de ce concours d&rsquo;envergure provinciale qui a pour mission de favoriser le d\u00e9veloppement de l&rsquo;entrepreneuriat au Qu\u00e9bec en r\u00e9compensant les initiatives entrepreneuriales et la cr\u00e9ation d&rsquo;entreprises. <\/p>\n<p><b>Volet Entrepreneuriat \u00e9tudiant \u2014 Cat\u00e9gorie \u00ab Universitaire individuel et petit groupe \u00bb<\/b><\/p>\n<p><b>D&rsquo;un oc\u00e9an \u00e0 l&rsquo;autre \u2022 Bourse de 500 $<\/b><\/p>\n<p>Promoteurs : Simon Carrier et Patrick Lesage (plein air et tourisme d&rsquo;aventure, 1er cycle).<\/p>\n<p>Ce projet consiste en la r\u00e9alisation d&rsquo;une s\u00e9rie de conf\u00e9rences dans les \u00e9coles du Qu\u00e9bec pour sensibiliser les jeunes sur une probl\u00e9matique de plus de plus grandissante : l&rsquo;ob\u00e9sit\u00e9 infantile. Celles-ci se sont r\u00e9alis\u00e9es suite \u00e0 un p\u00e9riple de six mois, qui les amena \u00e0 traverser le Canada en kayak et \u00e0 v\u00e9lo suivi d&rsquo;une vid\u00e9o utilis\u00e9e dans le cadre des conf\u00e9rences.<\/p>\n<p><b>Volet Entrepreneuriat \u00e9tudiant \u2014 Cat\u00e9gorie \u00ab Universitaire collectif \u00bb :<\/b><\/p>\n<p><b>Radio communautaire sur bande FM \u2022 Bourse de 500 $<\/b><\/p>\n<p>Promoteurs : Communications \u00e9tudiantes universitaires de Chicoutimi<\/p>\n<p>Ce projet vise la mise en ondes d&rsquo;une radio communautaire \u00e0 l&rsquo;UQAC sur bande FM. <\/p>\n<p><b>Volet Cr\u00e9ation d&rsquo;entreprises \u2014 Cat\u00e9gorie Innovation technologiques et techniques :<\/b><\/p>\n<p><b>Wendigo studios \u2022 Bourse de 1 200 $<\/b><\/p>\n<p>Promoteurs : \u00c9ric Trudel (majeure en jeux vid\u00e9o, 1er cycle), \u00c9ric Laberge (informatique, 2e cycle), Jules Robichaud-Gagnon (majeure en jeux vid\u00e9o, 1er cycle), Pierre-Yves Savard (informatique, 1er cycle), Dominic Mercier-Simard (dipl\u00f4m\u00e9, majeure en jeux vid\u00e9o, 1er cycle) et Martin-Pierre Beaulieu (Techniques d&rsquo;int\u00e9gration multim\u00e9dia, C\u00e9gep de Jonqui\u00e8re).<\/p>\n<p>Il s&rsquo;agit de la premi\u00e8re entreprise de d\u00e9veloppement de jeux vid\u00e9o dans la r\u00e9gion du Saguenay\u2013Lac-Saint-Jean. <\/p>\n<p>Ces trois projets sont actuellement finalistes \u00e0 l&rsquo;\u00e9chelon provincial du concours. La c\u00e9r\u00e9monie de remise des prix nationaux se d\u00e9roulera le 19 juin au Capitole de Qu\u00e9bec.<\/p>\n<p>Le CEE-UQAC est un centre d&rsquo;affaires universitaire dont la mission est de favoriser et de soutenir l&rsquo;entrepreneuriat, le d\u00e9veloppement d&rsquo;affaires et la cr\u00e9ation d&rsquo;entreprises aupr\u00e8s des communaut\u00e9s universitaire et coll\u00e9giale du Saguenay\u2013Lac-Saint-Jean et de la C\u00f4te-Nord. De plus, le Centre organise et collabore \u00e0 des activit\u00e9s entrepreneuriales en partenariat avec les intervenants r\u00e9gionaux du Saguenay\u2013Lac-Saint-Jean et de la C\u00f4te-Nord.<\/p>\n<p><i>F\u00e9licitations aux laur\u00e9ats!  Nous avons besoin de jeunes entrepreneurs comme vous pour b\u00e2tir l&rsquo;avenir. Votre r\u00e9ussite nous inspire et nous partageons votre sentiment de fiert\u00e9.<\/i><\/p>\n","protected":false},"excerpt":{"rendered":"<p>Depuis neuf ans, le Centre d&rsquo;entrepreneuriat et d&rsquo;essaimage de l&rsquo;UQAC offre aux \u00e9tudiants diff\u00e9rents concours qui r\u00e9compensent l&rsquo;entrepreneuriat au sein de l&rsquo;Universit\u00e9. C&rsquo;est avec fiert\u00e9 que le Centre d&rsquo;entrepreneuriat et d&rsquo;essaimage de l&rsquo;Universit\u00e9 du Qu\u00e9bec \u00e0 Chicoutimi vous pr\u00e9sente les gagnants des concours de l&rsquo;ann\u00e9e 2006-2007. Le Concours Id\u00e9e d&rsquo;affaires Le Concours Id\u00e9e d&rsquo;affaires a [&hellip;]<\/p>\n","protected":false},"author":5,"featured_media":0,"comment_status":"closed","ping_status":"1","sticky":false,"template":"","format":"standard","meta":{"footnotes":""},"categories":[9],"tags":[],"yoast_head":"<!-- This site is optimized with the Yoast SEO plugin v24.2 - https:\/\/yoast.com\/wordpress\/plugins\/seo\/ -->\r\n<title>Les concours du CEE-UQAC : un soutien concret au d\u00e9veloppement de l&#039;entrepreneuriat \u00e0 l&#039;UQAC! - UQACtualit\u00e9s<\/title>\r\n<meta name=\"robots\" content=\"index, follow, max-snippet:-1, max-image-preview:large, max-video-preview:-1\" \/>\r\n<link rel=\"canonical\" href=\"https:\/\/www.uqac.ca\/uqactualites\/2007\/08\/21\/les-concours-du-cee-uqac-un-soutien-concret-au-developpement-de-lentrepreneuriat-a-luqac\/\" \/>\r\n<meta property=\"og:locale\" content=\"fr_CA\" \/>\r\n<meta property=\"og:type\" content=\"article\" \/>\r\n<meta property=\"og:title\" content=\"Les concours du CEE-UQAC : un soutien concret au d\u00e9veloppement de l&#039;entrepreneuriat \u00e0 l&#039;UQAC! - UQACtualit\u00e9s\" \/>\r\n<meta property=\"og:description\" content=\"Depuis neuf ans, le Centre d&rsquo;entrepreneuriat et d&rsquo;essaimage de l&rsquo;UQAC offre aux \u00e9tudiants diff\u00e9rents concours qui r\u00e9compensent l&rsquo;entrepreneuriat au sein de l&rsquo;Universit\u00e9. C&rsquo;est avec fiert\u00e9 que le Centre d&rsquo;entrepreneuriat et d&rsquo;essaimage de l&rsquo;Universit\u00e9 du Qu\u00e9bec \u00e0 Chicoutimi vous pr\u00e9sente les gagnants des concours de l&rsquo;ann\u00e9e 2006-2007. Le Concours Id\u00e9e d&rsquo;affaires Le Concours Id\u00e9e d&rsquo;affaires a [&hellip;]\" \/>\r\n<meta property=\"og:url\" content=\"https:\/\/www.uqac.ca\/uqactualites\/2007\/08\/21\/les-concours-du-cee-uqac-un-soutien-concret-au-developpement-de-lentrepreneuriat-a-luqac\/\" \/>\r\n<meta property=\"og:site_name\" content=\"UQACtualit\u00e9s\" \/>\r\n<meta property=\"article:published_time\" content=\"2007-08-21T14:46:43+00:00\" \/>\r\n<meta property=\"og:image\" content=\"http:\/\/www.uqac.ca\/wp-content\/uploads\/2012\/03\/RlO8ZVj3PLkJImlU-300x225.jpg\" \/>\r\n<meta name=\"author\" content=\"Service des communications et des relations publiques\" \/>\r\n<meta name=\"twitter:card\" content=\"summary_large_image\" \/>\r\n<meta name=\"twitter:label1\" content=\"\u00c9crit par\" \/>\n\t<meta name=\"twitter:data1\" content=\"Service des communications et des relations publiques\" \/>\n\t<meta name=\"twitter:label2\" content=\"Estimation du temps de lecture\" \/>\n\t<meta name=\"twitter:data2\" content=\"5 minutes\" \/>\r\n<script type=\"application\/ld+json\" class=\"yoast-schema-graph\">{\"@context\":\"https:\/\/schema.org\",\"@graph\":[{\"@type\":\"WebPage\",\"@id\":\"https:\/\/www.uqac.ca\/uqactualites\/2007\/08\/21\/les-concours-du-cee-uqac-un-soutien-concret-au-developpement-de-lentrepreneuriat-a-luqac\/\",\"url\":\"https:\/\/www.uqac.ca\/uqactualites\/2007\/08\/21\/les-concours-du-cee-uqac-un-soutien-concret-au-developpement-de-lentrepreneuriat-a-luqac\/\",\"name\":\"Les concours du CEE-UQAC : un soutien concret au d\u00e9veloppement de l'entrepreneuriat \u00e0 l'UQAC! - UQACtualit\u00e9s\",\"isPartOf\":{\"@id\":\"https:\/\/www.uqac.ca\/uqactualites\/#website\"},\"primaryImageOfPage\":{\"@id\":\"https:\/\/www.uqac.ca\/uqactualites\/2007\/08\/21\/les-concours-du-cee-uqac-un-soutien-concret-au-developpement-de-lentrepreneuriat-a-luqac\/#primaryimage\"},\"image\":{\"@id\":\"https:\/\/www.uqac.ca\/uqactualites\/2007\/08\/21\/les-concours-du-cee-uqac-un-soutien-concret-au-developpement-de-lentrepreneuriat-a-luqac\/#primaryimage\"},\"thumbnailUrl\":\"http:\/\/www.uqac.ca\/wp-content\/uploads\/2012\/03\/RlO8ZVj3PLkJImlU-300x225.jpg\",\"datePublished\":\"2007-08-21T14:46:43+00:00\",\"dateModified\":\"2007-08-21T14:46:43+00:00\",\"author\":{\"@id\":\"https:\/\/www.uqac.ca\/uqactualites\/#\/schema\/person\/366c45a0c4f0e677b41b4af5886e2018\"},\"breadcrumb\":{\"@id\":\"https:\/\/www.uqac.ca\/uqactualites\/2007\/08\/21\/les-concours-du-cee-uqac-un-soutien-concret-au-developpement-de-lentrepreneuriat-a-luqac\/#breadcrumb\"},\"inLanguage\":\"fr-CA\",\"potentialAction\":[{\"@type\":\"ReadAction\",\"target\":[\"https:\/\/www.uqac.ca\/uqactualites\/2007\/08\/21\/les-concours-du-cee-uqac-un-soutien-concret-au-developpement-de-lentrepreneuriat-a-luqac\/\"]}]},{\"@type\":\"ImageObject\",\"inLanguage\":\"fr-CA\",\"@id\":\"https:\/\/www.uqac.ca\/uqactualites\/2007\/08\/21\/les-concours-du-cee-uqac-un-soutien-concret-au-developpement-de-lentrepreneuriat-a-luqac\/#primaryimage\",\"url\":\"http:\/\/www.uqac.ca\/wp-content\/uploads\/2012\/03\/RlO8ZVj3PLkJImlU-300x225.jpg\",\"contentUrl\":\"http:\/\/www.uqac.ca\/wp-content\/uploads\/2012\/03\/RlO8ZVj3PLkJImlU-300x225.jpg\"},{\"@type\":\"BreadcrumbList\",\"@id\":\"https:\/\/www.uqac.ca\/uqactualites\/2007\/08\/21\/les-concours-du-cee-uqac-un-soutien-concret-au-developpement-de-lentrepreneuriat-a-luqac\/#breadcrumb\",\"itemListElement\":[{\"@type\":\"ListItem\",\"position\":1,\"name\":\"Home\",\"item\":\"https:\/\/www.uqac.ca\/uqactualites\/\"},{\"@type\":\"ListItem\",\"position\":2,\"name\":\"Les concours du CEE-UQAC : un soutien concret au d\u00e9veloppement de l&rsquo;entrepreneuriat \u00e0 l&rsquo;UQAC!\"}]},{\"@type\":\"WebSite\",\"@id\":\"https:\/\/www.uqac.ca\/uqactualites\/#website\",\"url\":\"https:\/\/www.uqac.ca\/uqactualites\/\",\"name\":\"UQACtualit\u00e9s\",\"description\":\"Le portail des nouvelles de l&#039;UQAC\",\"potentialAction\":[{\"@type\":\"SearchAction\",\"target\":{\"@type\":\"EntryPoint\",\"urlTemplate\":\"https:\/\/www.uqac.ca\/uqactualites\/?s={search_term_string}\"},\"query-input\":{\"@type\":\"PropertyValueSpecification\",\"valueRequired\":true,\"valueName\":\"search_term_string\"}}],\"inLanguage\":\"fr-CA\"},{\"@type\":\"Person\",\"@id\":\"https:\/\/www.uqac.ca\/uqactualites\/#\/schema\/person\/366c45a0c4f0e677b41b4af5886e2018\",\"name\":\"Service des communications et des relations publiques\",\"image\":{\"@type\":\"ImageObject\",\"inLanguage\":\"fr-CA\",\"@id\":\"https:\/\/www.uqac.ca\/uqactualites\/#\/schema\/person\/image\/\",\"url\":\"https:\/\/secure.gravatar.com\/avatar\/20fbbda8a292f59f2d3461a5b999c00b?s=96&d=mm&r=g\",\"contentUrl\":\"https:\/\/secure.gravatar.com\/avatar\/20fbbda8a292f59f2d3461a5b999c00b?s=96&d=mm&r=g\",\"caption\":\"Service des communications et des relations publiques\"},\"url\":\"https:\/\/www.uqac.ca\/uqactualites\/author\/bap\/\"}]}<\/script>\r\n<!-- \/ Yoast SEO plugin. -->","yoast_head_json":{"title":"Les concours du CEE-UQAC : un soutien concret au d\u00e9veloppement de l'entrepreneuriat \u00e0 l'UQAC! - UQACtualit\u00e9s","robots":{"index":"index","follow":"follow","max-snippet":"max-snippet:-1","max-image-preview":"max-image-preview:large","max-video-preview":"max-video-preview:-1"},"canonical":"https:\/\/www.uqac.ca\/uqactualites\/2007\/08\/21\/les-concours-du-cee-uqac-un-soutien-concret-au-developpement-de-lentrepreneuriat-a-luqac\/","og_locale":"fr_CA","og_type":"article","og_title":"Les concours du CEE-UQAC : un soutien concret au d\u00e9veloppement de l'entrepreneuriat \u00e0 l'UQAC! - UQACtualit\u00e9s","og_description":"Depuis neuf ans, le Centre d&rsquo;entrepreneuriat et d&rsquo;essaimage de l&rsquo;UQAC offre aux \u00e9tudiants diff\u00e9rents concours qui r\u00e9compensent l&rsquo;entrepreneuriat au sein de l&rsquo;Universit\u00e9. C&rsquo;est avec fiert\u00e9 que le Centre d&rsquo;entrepreneuriat et d&rsquo;essaimage de l&rsquo;Universit\u00e9 du Qu\u00e9bec \u00e0 Chicoutimi vous pr\u00e9sente les gagnants des concours de l&rsquo;ann\u00e9e 2006-2007. Le Concours Id\u00e9e d&rsquo;affaires Le Concours Id\u00e9e d&rsquo;affaires a [&hellip;]","og_url":"https:\/\/www.uqac.ca\/uqactualites\/2007\/08\/21\/les-concours-du-cee-uqac-un-soutien-concret-au-developpement-de-lentrepreneuriat-a-luqac\/","og_site_name":"UQACtualit\u00e9s","article_published_time":"2007-08-21T14:46:43+00:00","og_image":[{"url":"http:\/\/www.uqac.ca\/wp-content\/uploads\/2012\/03\/RlO8ZVj3PLkJImlU-300x225.jpg","type":"","width":"","height":""}],"author":"Service des communications et des relations publiques","twitter_card":"summary_large_image","twitter_misc":{"\u00c9crit par":"Service des communications et des relations publiques","Estimation du temps de lecture":"5 minutes"},"schema":{"@context":"https:\/\/schema.org","@graph":[{"@type":"WebPage","@id":"https:\/\/www.uqac.ca\/uqactualites\/2007\/08\/21\/les-concours-du-cee-uqac-un-soutien-concret-au-developpement-de-lentrepreneuriat-a-luqac\/","url":"https:\/\/www.uqac.ca\/uqactualites\/2007\/08\/21\/les-concours-du-cee-uqac-un-soutien-concret-au-developpement-de-lentrepreneuriat-a-luqac\/","name":"Les concours du CEE-UQAC : un soutien concret au d\u00e9veloppement de l'entrepreneuriat \u00e0 l'UQAC! - UQACtualit\u00e9s","isPartOf":{"@id":"https:\/\/www.uqac.ca\/uqactualites\/#website"},"primaryImageOfPage":{"@id":"https:\/\/www.uqac.ca\/uqactualites\/2007\/08\/21\/les-concours-du-cee-uqac-un-soutien-concret-au-developpement-de-lentrepreneuriat-a-luqac\/#primaryimage"},"image":{"@id":"https:\/\/www.uqac.ca\/uqactualites\/2007\/08\/21\/les-concours-du-cee-uqac-un-soutien-concret-au-developpement-de-lentrepreneuriat-a-luqac\/#primaryimage"},"thumbnailUrl":"http:\/\/www.uqac.ca\/wp-content\/uploads\/2012\/03\/RlO8ZVj3PLkJImlU-300x225.jpg","datePublished":"2007-08-21T14:46:43+00:00","dateModified":"2007-08-21T14:46:43+00:00","author":{"@id":"https:\/\/www.uqac.ca\/uqactualites\/#\/schema\/person\/366c45a0c4f0e677b41b4af5886e2018"},"breadcrumb":{"@id":"https:\/\/www.uqac.ca\/uqactualites\/2007\/08\/21\/les-concours-du-cee-uqac-un-soutien-concret-au-developpement-de-lentrepreneuriat-a-luqac\/#breadcrumb"},"inLanguage":"fr-CA","potentialAction":[{"@type":"ReadAction","target":["https:\/\/www.uqac.ca\/uqactualites\/2007\/08\/21\/les-concours-du-cee-uqac-un-soutien-concret-au-developpement-de-lentrepreneuriat-a-luqac\/"]}]},{"@type":"ImageObject","inLanguage":"fr-CA","@id":"https:\/\/www.uqac.ca\/uqactualites\/2007\/08\/21\/les-concours-du-cee-uqac-un-soutien-concret-au-developpement-de-lentrepreneuriat-a-luqac\/#primaryimage","url":"http:\/\/www.uqac.ca\/wp-content\/uploads\/2012\/03\/RlO8ZVj3PLkJImlU-300x225.jpg","contentUrl":"http:\/\/www.uqac.ca\/wp-content\/uploads\/2012\/03\/RlO8ZVj3PLkJImlU-300x225.jpg"},{"@type":"BreadcrumbList","@id":"https:\/\/www.uqac.ca\/uqactualites\/2007\/08\/21\/les-concours-du-cee-uqac-un-soutien-concret-au-developpement-de-lentrepreneuriat-a-luqac\/#breadcrumb","itemListElement":[{"@type":"ListItem","position":1,"name":"Home","item":"https:\/\/www.uqac.ca\/uqactualites\/"},{"@type":"ListItem","position":2,"name":"Les concours du CEE-UQAC : un soutien concret au d\u00e9veloppement de l&rsquo;entrepreneuriat \u00e0 l&rsquo;UQAC!"}]},{"@type":"WebSite","@id":"https:\/\/www.uqac.ca\/uqactualites\/#website","url":"https:\/\/www.uqac.ca\/uqactualites\/","name":"UQACtualit\u00e9s","description":"Le portail des nouvelles de l&#039;UQAC","potentialAction":[{"@type":"SearchAction","target":{"@type":"EntryPoint","urlTemplate":"https:\/\/www.uqac.ca\/uqactualites\/?s={search_term_string}"},"query-input":{"@type":"PropertyValueSpecification","valueRequired":true,"valueName":"search_term_string"}}],"inLanguage":"fr-CA"},{"@type":"Person","@id":"https:\/\/www.uqac.ca\/uqactualites\/#\/schema\/person\/366c45a0c4f0e677b41b4af5886e2018","name":"Service des communications et des relations publiques","image":{"@type":"ImageObject","inLanguage":"fr-CA","@id":"https:\/\/www.uqac.ca\/uqactualites\/#\/schema\/person\/image\/","url":"https:\/\/secure.gravatar.com\/avatar\/20fbbda8a292f59f2d3461a5b999c00b?s=96&d=mm&r=g","contentUrl":"https:\/\/secure.gravatar.com\/avatar\/20fbbda8a292f59f2d3461a5b999c00b?s=96&d=mm&r=g","caption":"Service des communications et des relations publiques"},"url":"https:\/\/www.uqac.ca\/uqactualites\/author\/bap\/"}]}},"_links":{"self":[{"href":"https:\/\/www.uqac.ca\/uqactualites\/wp-json\/wp\/v2\/posts\/19494"}],"collection":[{"href":"https:\/\/www.uqac.ca\/uqactualites\/wp-json\/wp\/v2\/posts"}],"about":[{"href":"https:\/\/www.uqac.ca\/uqactualites\/wp-json\/wp\/v2\/types\/post"}],"author":[{"embeddable":true,"href":"https:\/\/www.uqac.ca\/uqactualites\/wp-json\/wp\/v2\/users\/5"}],"replies":[{"embeddable":true,"href":"https:\/\/www.uqac.ca\/uqactualites\/wp-json\/wp\/v2\/comments?post=19494"}],"version-history":[{"count":0,"href":"https:\/\/www.uqac.ca\/uqactualites\/wp-json\/wp\/v2\/posts\/19494\/revisions"}],"wp:attachment":[{"href":"https:\/\/www.uqac.ca\/uqactualites\/wp-json\/wp\/v2\/media?parent=19494"}],"wp:term":[{"taxonomy":"category","embeddable":true,"href":"https:\/\/www.uqac.ca\/uqactualites\/wp-json\/wp\/v2\/categories?post=19494"},{"taxonomy":"post_tag","embeddable":true,"href":"https:\/\/www.uqac.ca\/uqactualites\/wp-json\/wp\/v2\/tags?post=19494"}],"curies":[{"name":"wp","href":"https:\/\/api.w.org\/{rel}","templated":true}]}}