{"id":19496,"date":"2007-07-05T11:35:14","date_gmt":"2007-07-05T17:05:14","guid":{"rendered":"http:\/\/uqactualite.odev.ca\/2007\/07\/premier-prix-pour-un-etudiant-au-doctorat-en-ressources-minerales-de-luqac-lors-du-congres-national-de-licm\/"},"modified":"2007-07-05T11:35:14","modified_gmt":"2007-07-05T17:05:14","slug":"premier-prix-pour-un-etudiant-au-doctorat-en-ressources-minerales-de-luqac-lors-du-congres-national-de-licm","status":"publish","type":"post","link":"https:\/\/www.uqac.ca\/uqactualites\/2007\/07\/05\/premier-prix-pour-un-etudiant-au-doctorat-en-ressources-minerales-de-luqac-lors-du-congres-national-de-licm\/","title":{"rendered":"Premier prix pour un \u00e9tudiant au doctorat en ressources min\u00e9rales de l&rsquo;UQAC lors du Congr\u00e8s national de l&rsquo;ICM"},"content":{"rendered":"<p><figure id=\"attachment_19496\" aria-describedby=\"caption-attachment-19496\" style=\"width: 300px\" class=\"wp-caption alignright\"><a href=\"http:\/\/www.uqac.ca\/wp-content\/uploads\/2012\/03\/JCmgCxYvJK7DAXhw.jpg\"><img loading=\"lazy\" decoding=\"async\" class=\"size-medium wp-image-19496\" title=\"JCmgCxYvJK7DAXhw\" src=\"http:\/\/www.uqac.ca\/wp-content\/uploads\/2012\/03\/JCmgCxYvJK7DAXhw-300x225.jpg\" width=\"300\" height=\"225\" alt=\"\" \/><\/a><figcaption id=\"caption-attachment-19496\" class=\"wp-caption-text\">Monsieur Olivier C\u00f4t\u00e9-Mantha re\u00e7oit son prix de Monsieur Tony Carroll de la compagnie mini\u00e8re Phelps Dodge.<\/figcaption><\/figure>Six \u00e9tudiants de la ma\u00eetrise et du doctorat en ressources min\u00e9rales de l&rsquo;UQAC ont pr\u00e9sent\u00e9 des communications scientifiques, par affiche, lors du Congr\u00e8s national de l&rsquo;Institut Canadien des mines et de la M\u00e9tallurgie (ICM). Ce congr\u00e8s annuel, l&rsquo;un des plus importants dans le domaine minier, a eu lieu \u00e0 Montr\u00e9al \u00e0 la fin avril. <\/p>\n<p>Pour l&rsquo;occasion, les \u00e9tudiants ont \u00e9t\u00e9 invit\u00e9s \u00e0 pr\u00e9senter leur projet de ma\u00eetrise et de doctorat sous forme d&rsquo;une comp\u00e9tition d&rsquo;affiches. Diff\u00e9rents prix ont \u00e9t\u00e9 remis par la compagnie mini\u00e8re Phelps Dodge. Le premier prix de 1 250 $ a \u00e9t\u00e9 d\u00e9cern\u00e9 \u00e0 Monsieur Olivier C\u00f4t\u00e9-Mantha, \u00e9tudiant au doctorat en ressources min\u00e9rales \u00e0 l&rsquo;UQAC, pour l&rsquo;excellence de son affiche tant sur le contenu que sur la pr\u00e9sentation. Le titre de son affiche : <i>\u00ab The polymetallic mineralization system of the Line Lake area, Chibougamau, Quebec \u00bb<\/i>.<\/p>\n<p>Monsieur C\u00f4t\u00e9-Mantha est boursier du Conseil de recherche en sciences naturelles et en g\u00e9nie du Canada (CRSNG). Il a re\u00e7u un prix similaire, lors du congr\u00e8s G\u00e9oscience Abitibi 2006, pour son affiche.<\/p>\n<p>F\u00e9licitations!<\/p>\n","protected":false},"excerpt":{"rendered":"<p>Six \u00e9tudiants de la ma\u00eetrise et du doctorat en ressources min\u00e9rales de l&rsquo;UQAC ont pr\u00e9sent\u00e9 des communications scientifiques, par affiche, lors du Congr\u00e8s national de l&rsquo;Institut Canadien des mines et de la M\u00e9tallurgie (ICM). Ce congr\u00e8s annuel, l&rsquo;un des plus importants dans le domaine minier, a eu lieu \u00e0 Montr\u00e9al \u00e0 la fin avril. Pour [&hellip;]<\/p>\n","protected":false},"author":5,"featured_media":0,"comment_status":"closed","ping_status":"1","sticky":false,"template":"","format":"standard","meta":{"footnotes":""},"categories":[9],"tags":[],"yoast_head":"<!-- This site is optimized with the Yoast SEO plugin v24.2 - https:\/\/yoast.com\/wordpress\/plugins\/seo\/ -->\r\n<title>Premier prix pour un \u00e9tudiant au doctorat en ressources min\u00e9rales de l&#039;UQAC lors du Congr\u00e8s national de l&#039;ICM - UQACtualit\u00e9s<\/title>\r\n<meta name=\"robots\" content=\"index, follow, max-snippet:-1, max-image-preview:large, max-video-preview:-1\" \/>\r\n<link rel=\"canonical\" href=\"https:\/\/www.uqac.ca\/uqactualites\/2007\/07\/05\/premier-prix-pour-un-etudiant-au-doctorat-en-ressources-minerales-de-luqac-lors-du-congres-national-de-licm\/\" \/>\r\n<meta property=\"og:locale\" content=\"fr_CA\" \/>\r\n<meta property=\"og:type\" content=\"article\" \/>\r\n<meta property=\"og:title\" content=\"Premier prix pour un \u00e9tudiant au doctorat en ressources min\u00e9rales de l&#039;UQAC lors du Congr\u00e8s national de l&#039;ICM - UQACtualit\u00e9s\" \/>\r\n<meta property=\"og:description\" content=\"Six \u00e9tudiants de la ma\u00eetrise et du doctorat en ressources min\u00e9rales de l&rsquo;UQAC ont pr\u00e9sent\u00e9 des communications scientifiques, par affiche, lors du Congr\u00e8s national de l&rsquo;Institut Canadien des mines et de la M\u00e9tallurgie (ICM). Ce congr\u00e8s annuel, l&rsquo;un des plus importants dans le domaine minier, a eu lieu \u00e0 Montr\u00e9al \u00e0 la fin avril. Pour [&hellip;]\" \/>\r\n<meta property=\"og:url\" content=\"https:\/\/www.uqac.ca\/uqactualites\/2007\/07\/05\/premier-prix-pour-un-etudiant-au-doctorat-en-ressources-minerales-de-luqac-lors-du-congres-national-de-licm\/\" \/>\r\n<meta property=\"og:site_name\" content=\"UQACtualit\u00e9s\" \/>\r\n<meta property=\"article:published_time\" content=\"2007-07-05T17:05:14+00:00\" \/>\r\n<meta property=\"og:image\" content=\"http:\/\/www.uqac.ca\/wp-content\/uploads\/2012\/03\/JCmgCxYvJK7DAXhw-300x225.jpg\" \/>\r\n<meta name=\"author\" content=\"Service des communications et des relations publiques\" \/>\r\n<meta name=\"twitter:card\" content=\"summary_large_image\" \/>\r\n<meta name=\"twitter:label1\" content=\"\u00c9crit par\" \/>\n\t<meta name=\"twitter:data1\" content=\"Service des communications et des relations publiques\" \/>\n\t<meta name=\"twitter:label2\" content=\"Estimation du temps de lecture\" \/>\n\t<meta name=\"twitter:data2\" content=\"1 minute\" \/>\r\n<script type=\"application\/ld+json\" class=\"yoast-schema-graph\">{\"@context\":\"https:\/\/schema.org\",\"@graph\":[{\"@type\":\"WebPage\",\"@id\":\"https:\/\/www.uqac.ca\/uqactualites\/2007\/07\/05\/premier-prix-pour-un-etudiant-au-doctorat-en-ressources-minerales-de-luqac-lors-du-congres-national-de-licm\/\",\"url\":\"https:\/\/www.uqac.ca\/uqactualites\/2007\/07\/05\/premier-prix-pour-un-etudiant-au-doctorat-en-ressources-minerales-de-luqac-lors-du-congres-national-de-licm\/\",\"name\":\"Premier prix pour un \u00e9tudiant au doctorat en ressources min\u00e9rales de l'UQAC lors du Congr\u00e8s national de l'ICM - UQACtualit\u00e9s\",\"isPartOf\":{\"@id\":\"https:\/\/www.uqac.ca\/uqactualites\/#website\"},\"primaryImageOfPage\":{\"@id\":\"https:\/\/www.uqac.ca\/uqactualites\/2007\/07\/05\/premier-prix-pour-un-etudiant-au-doctorat-en-ressources-minerales-de-luqac-lors-du-congres-national-de-licm\/#primaryimage\"},\"image\":{\"@id\":\"https:\/\/www.uqac.ca\/uqactualites\/2007\/07\/05\/premier-prix-pour-un-etudiant-au-doctorat-en-ressources-minerales-de-luqac-lors-du-congres-national-de-licm\/#primaryimage\"},\"thumbnailUrl\":\"http:\/\/www.uqac.ca\/wp-content\/uploads\/2012\/03\/JCmgCxYvJK7DAXhw-300x225.jpg\",\"datePublished\":\"2007-07-05T17:05:14+00:00\",\"dateModified\":\"2007-07-05T17:05:14+00:00\",\"author\":{\"@id\":\"https:\/\/www.uqac.ca\/uqactualites\/#\/schema\/person\/366c45a0c4f0e677b41b4af5886e2018\"},\"breadcrumb\":{\"@id\":\"https:\/\/www.uqac.ca\/uqactualites\/2007\/07\/05\/premier-prix-pour-un-etudiant-au-doctorat-en-ressources-minerales-de-luqac-lors-du-congres-national-de-licm\/#breadcrumb\"},\"inLanguage\":\"fr-CA\",\"potentialAction\":[{\"@type\":\"ReadAction\",\"target\":[\"https:\/\/www.uqac.ca\/uqactualites\/2007\/07\/05\/premier-prix-pour-un-etudiant-au-doctorat-en-ressources-minerales-de-luqac-lors-du-congres-national-de-licm\/\"]}]},{\"@type\":\"ImageObject\",\"inLanguage\":\"fr-CA\",\"@id\":\"https:\/\/www.uqac.ca\/uqactualites\/2007\/07\/05\/premier-prix-pour-un-etudiant-au-doctorat-en-ressources-minerales-de-luqac-lors-du-congres-national-de-licm\/#primaryimage\",\"url\":\"http:\/\/www.uqac.ca\/wp-content\/uploads\/2012\/03\/JCmgCxYvJK7DAXhw-300x225.jpg\",\"contentUrl\":\"http:\/\/www.uqac.ca\/wp-content\/uploads\/2012\/03\/JCmgCxYvJK7DAXhw-300x225.jpg\"},{\"@type\":\"BreadcrumbList\",\"@id\":\"https:\/\/www.uqac.ca\/uqactualites\/2007\/07\/05\/premier-prix-pour-un-etudiant-au-doctorat-en-ressources-minerales-de-luqac-lors-du-congres-national-de-licm\/#breadcrumb\",\"itemListElement\":[{\"@type\":\"ListItem\",\"position\":1,\"name\":\"Home\",\"item\":\"https:\/\/www.uqac.ca\/uqactualites\/\"},{\"@type\":\"ListItem\",\"position\":2,\"name\":\"Premier prix pour un \u00e9tudiant au doctorat en ressources min\u00e9rales de l&rsquo;UQAC lors du Congr\u00e8s national de l&rsquo;ICM\"}]},{\"@type\":\"WebSite\",\"@id\":\"https:\/\/www.uqac.ca\/uqactualites\/#website\",\"url\":\"https:\/\/www.uqac.ca\/uqactualites\/\",\"name\":\"UQACtualit\u00e9s\",\"description\":\"Le portail des nouvelles de l&#039;UQAC\",\"potentialAction\":[{\"@type\":\"SearchAction\",\"target\":{\"@type\":\"EntryPoint\",\"urlTemplate\":\"https:\/\/www.uqac.ca\/uqactualites\/?s={search_term_string}\"},\"query-input\":{\"@type\":\"PropertyValueSpecification\",\"valueRequired\":true,\"valueName\":\"search_term_string\"}}],\"inLanguage\":\"fr-CA\"},{\"@type\":\"Person\",\"@id\":\"https:\/\/www.uqac.ca\/uqactualites\/#\/schema\/person\/366c45a0c4f0e677b41b4af5886e2018\",\"name\":\"Service des communications et des relations publiques\",\"image\":{\"@type\":\"ImageObject\",\"inLanguage\":\"fr-CA\",\"@id\":\"https:\/\/www.uqac.ca\/uqactualites\/#\/schema\/person\/image\/\",\"url\":\"https:\/\/secure.gravatar.com\/avatar\/20fbbda8a292f59f2d3461a5b999c00b?s=96&d=mm&r=g\",\"contentUrl\":\"https:\/\/secure.gravatar.com\/avatar\/20fbbda8a292f59f2d3461a5b999c00b?s=96&d=mm&r=g\",\"caption\":\"Service des communications et des relations publiques\"},\"url\":\"https:\/\/www.uqac.ca\/uqactualites\/author\/bap\/\"}]}<\/script>\r\n<!-- \/ Yoast SEO plugin. -->","yoast_head_json":{"title":"Premier prix pour un \u00e9tudiant au doctorat en ressources min\u00e9rales de l'UQAC lors du Congr\u00e8s national de l'ICM - UQACtualit\u00e9s","robots":{"index":"index","follow":"follow","max-snippet":"max-snippet:-1","max-image-preview":"max-image-preview:large","max-video-preview":"max-video-preview:-1"},"canonical":"https:\/\/www.uqac.ca\/uqactualites\/2007\/07\/05\/premier-prix-pour-un-etudiant-au-doctorat-en-ressources-minerales-de-luqac-lors-du-congres-national-de-licm\/","og_locale":"fr_CA","og_type":"article","og_title":"Premier prix pour un \u00e9tudiant au doctorat en ressources min\u00e9rales de l'UQAC lors du Congr\u00e8s national de l'ICM - UQACtualit\u00e9s","og_description":"Six \u00e9tudiants de la ma\u00eetrise et du doctorat en ressources min\u00e9rales de l&rsquo;UQAC ont pr\u00e9sent\u00e9 des communications scientifiques, par affiche, lors du Congr\u00e8s national de l&rsquo;Institut Canadien des mines et de la M\u00e9tallurgie (ICM). Ce congr\u00e8s annuel, l&rsquo;un des plus importants dans le domaine minier, a eu lieu \u00e0 Montr\u00e9al \u00e0 la fin avril. Pour [&hellip;]","og_url":"https:\/\/www.uqac.ca\/uqactualites\/2007\/07\/05\/premier-prix-pour-un-etudiant-au-doctorat-en-ressources-minerales-de-luqac-lors-du-congres-national-de-licm\/","og_site_name":"UQACtualit\u00e9s","article_published_time":"2007-07-05T17:05:14+00:00","og_image":[{"url":"http:\/\/www.uqac.ca\/wp-content\/uploads\/2012\/03\/JCmgCxYvJK7DAXhw-300x225.jpg","type":"","width":"","height":""}],"author":"Service des communications et des relations publiques","twitter_card":"summary_large_image","twitter_misc":{"\u00c9crit par":"Service des communications et des relations publiques","Estimation du temps de lecture":"1 minute"},"schema":{"@context":"https:\/\/schema.org","@graph":[{"@type":"WebPage","@id":"https:\/\/www.uqac.ca\/uqactualites\/2007\/07\/05\/premier-prix-pour-un-etudiant-au-doctorat-en-ressources-minerales-de-luqac-lors-du-congres-national-de-licm\/","url":"https:\/\/www.uqac.ca\/uqactualites\/2007\/07\/05\/premier-prix-pour-un-etudiant-au-doctorat-en-ressources-minerales-de-luqac-lors-du-congres-national-de-licm\/","name":"Premier prix pour un \u00e9tudiant au doctorat en ressources min\u00e9rales de l'UQAC lors du Congr\u00e8s national de l'ICM - UQACtualit\u00e9s","isPartOf":{"@id":"https:\/\/www.uqac.ca\/uqactualites\/#website"},"primaryImageOfPage":{"@id":"https:\/\/www.uqac.ca\/uqactualites\/2007\/07\/05\/premier-prix-pour-un-etudiant-au-doctorat-en-ressources-minerales-de-luqac-lors-du-congres-national-de-licm\/#primaryimage"},"image":{"@id":"https:\/\/www.uqac.ca\/uqactualites\/2007\/07\/05\/premier-prix-pour-un-etudiant-au-doctorat-en-ressources-minerales-de-luqac-lors-du-congres-national-de-licm\/#primaryimage"},"thumbnailUrl":"http:\/\/www.uqac.ca\/wp-content\/uploads\/2012\/03\/JCmgCxYvJK7DAXhw-300x225.jpg","datePublished":"2007-07-05T17:05:14+00:00","dateModified":"2007-07-05T17:05:14+00:00","author":{"@id":"https:\/\/www.uqac.ca\/uqactualites\/#\/schema\/person\/366c45a0c4f0e677b41b4af5886e2018"},"breadcrumb":{"@id":"https:\/\/www.uqac.ca\/uqactualites\/2007\/07\/05\/premier-prix-pour-un-etudiant-au-doctorat-en-ressources-minerales-de-luqac-lors-du-congres-national-de-licm\/#breadcrumb"},"inLanguage":"fr-CA","potentialAction":[{"@type":"ReadAction","target":["https:\/\/www.uqac.ca\/uqactualites\/2007\/07\/05\/premier-prix-pour-un-etudiant-au-doctorat-en-ressources-minerales-de-luqac-lors-du-congres-national-de-licm\/"]}]},{"@type":"ImageObject","inLanguage":"fr-CA","@id":"https:\/\/www.uqac.ca\/uqactualites\/2007\/07\/05\/premier-prix-pour-un-etudiant-au-doctorat-en-ressources-minerales-de-luqac-lors-du-congres-national-de-licm\/#primaryimage","url":"http:\/\/www.uqac.ca\/wp-content\/uploads\/2012\/03\/JCmgCxYvJK7DAXhw-300x225.jpg","contentUrl":"http:\/\/www.uqac.ca\/wp-content\/uploads\/2012\/03\/JCmgCxYvJK7DAXhw-300x225.jpg"},{"@type":"BreadcrumbList","@id":"https:\/\/www.uqac.ca\/uqactualites\/2007\/07\/05\/premier-prix-pour-un-etudiant-au-doctorat-en-ressources-minerales-de-luqac-lors-du-congres-national-de-licm\/#breadcrumb","itemListElement":[{"@type":"ListItem","position":1,"name":"Home","item":"https:\/\/www.uqac.ca\/uqactualites\/"},{"@type":"ListItem","position":2,"name":"Premier prix pour un \u00e9tudiant au doctorat en ressources min\u00e9rales de l&rsquo;UQAC lors du Congr\u00e8s national de l&rsquo;ICM"}]},{"@type":"WebSite","@id":"https:\/\/www.uqac.ca\/uqactualites\/#website","url":"https:\/\/www.uqac.ca\/uqactualites\/","name":"UQACtualit\u00e9s","description":"Le portail des nouvelles de l&#039;UQAC","potentialAction":[{"@type":"SearchAction","target":{"@type":"EntryPoint","urlTemplate":"https:\/\/www.uqac.ca\/uqactualites\/?s={search_term_string}"},"query-input":{"@type":"PropertyValueSpecification","valueRequired":true,"valueName":"search_term_string"}}],"inLanguage":"fr-CA"},{"@type":"Person","@id":"https:\/\/www.uqac.ca\/uqactualites\/#\/schema\/person\/366c45a0c4f0e677b41b4af5886e2018","name":"Service des communications et des relations publiques","image":{"@type":"ImageObject","inLanguage":"fr-CA","@id":"https:\/\/www.uqac.ca\/uqactualites\/#\/schema\/person\/image\/","url":"https:\/\/secure.gravatar.com\/avatar\/20fbbda8a292f59f2d3461a5b999c00b?s=96&d=mm&r=g","contentUrl":"https:\/\/secure.gravatar.com\/avatar\/20fbbda8a292f59f2d3461a5b999c00b?s=96&d=mm&r=g","caption":"Service des communications et des relations publiques"},"url":"https:\/\/www.uqac.ca\/uqactualites\/author\/bap\/"}]}},"_links":{"self":[{"href":"https:\/\/www.uqac.ca\/uqactualites\/wp-json\/wp\/v2\/posts\/19496"}],"collection":[{"href":"https:\/\/www.uqac.ca\/uqactualites\/wp-json\/wp\/v2\/posts"}],"about":[{"href":"https:\/\/www.uqac.ca\/uqactualites\/wp-json\/wp\/v2\/types\/post"}],"author":[{"embeddable":true,"href":"https:\/\/www.uqac.ca\/uqactualites\/wp-json\/wp\/v2\/users\/5"}],"replies":[{"embeddable":true,"href":"https:\/\/www.uqac.ca\/uqactualites\/wp-json\/wp\/v2\/comments?post=19496"}],"version-history":[{"count":0,"href":"https:\/\/www.uqac.ca\/uqactualites\/wp-json\/wp\/v2\/posts\/19496\/revisions"}],"wp:attachment":[{"href":"https:\/\/www.uqac.ca\/uqactualites\/wp-json\/wp\/v2\/media?parent=19496"}],"wp:term":[{"taxonomy":"category","embeddable":true,"href":"https:\/\/www.uqac.ca\/uqactualites\/wp-json\/wp\/v2\/categories?post=19496"},{"taxonomy":"post_tag","embeddable":true,"href":"https:\/\/www.uqac.ca\/uqactualites\/wp-json\/wp\/v2\/tags?post=19496"}],"curies":[{"name":"wp","href":"https:\/\/api.w.org\/{rel}","templated":true}]}}