{"id":19519,"date":"2007-04-12T08:48:05","date_gmt":"2007-04-12T14:18:05","guid":{"rendered":"http:\/\/uqactualite.odev.ca\/2007\/04\/pierre-w-boudreault-publie-aux-presses-de-luniversite-laval\/"},"modified":"2007-04-12T08:48:05","modified_gmt":"2007-04-12T14:18:05","slug":"pierre-w-boudreault-publie-aux-presses-de-luniversite-laval","status":"publish","type":"post","link":"https:\/\/www.uqac.ca\/uqactualites\/2007\/04\/12\/pierre-w-boudreault-publie-aux-presses-de-luniversite-laval\/","title":{"rendered":"Pierre W. Boudreault publie aux Presses de l&rsquo;Universit\u00e9 Laval"},"content":{"rendered":"<p><figure id=\"attachment_19519\" aria-describedby=\"caption-attachment-19519\" style=\"width: 300px\" class=\"wp-caption alignright\"><a href=\"http:\/\/www.uqac.ca\/wp-content\/uploads\/2012\/03\/pIC4a62e0aFmNz4a.jpg\"><img loading=\"lazy\" decoding=\"async\" class=\"size-medium wp-image-19519\" title=\"pIC4a62e0aFmNz4a\" src=\"http:\/\/www.uqac.ca\/wp-content\/uploads\/2012\/03\/pIC4a62e0aFmNz4a-300x225.jpg\" width=\"300\" height=\"225\" alt=\"\" \/><\/a><figcaption id=\"caption-attachment-19519\" class=\"wp-caption-text\">Pierre W. Boudreault est professeur au D\u00e9partement des sciences humaines de l&#039;UQAC et il a publi\u00e9, \u00e0 l&#039;automne 2006, aux Presses de l&#039;Universit\u00e9 du Qu\u00e9bec \u00ab G\u00e9nies des lieux \u2014 Enchev\u00eatrement culturel, clivages et r\u00e9-inventions du sujet collectif \u00bb, et aux \u00e9ditions de l&#039;Harmattan : \u00ab L&#039;identit\u00e9 en miettes \u2014 Limites et beaux risques aux multiculturalismes extr\u00eames \u00bb.<\/figcaption><\/figure>Pierre W. Boudreault vient de publier en codirection avec Denis Jeffrey, aux Presses de l&rsquo;Universit\u00e9 Laval, dans la collection  \u00ab Sociologie au coin de la rue \u00bb Identit\u00e9s en errance \u2014 Multi-identit\u00e9, territoire impermanent et \u00eatre social.<\/p>\n<p>Somm\u00e9 d&rsquo;\u00eatre soi-m\u00eame dans un monde d&rsquo;individus lib\u00e9r\u00e9s des all\u00e9geances morales face \u00e0 sa soci\u00e9t\u00e9, ne devrait-on pas repenser la question de l&rsquo;identit\u00e9 dans des cadres humains plus volatils? L&rsquo;individu \u00e9tant conscient de la n\u00e9cessit\u00e9 d&rsquo;\u00eatre libre et autonome, tout ce qui peut repr\u00e9senter un mur ou une limite est repouss\u00e9, rejet\u00e9, combattu. En retour, sans limites ni cadres de r\u00e9f\u00e9rence accept\u00e9s collectivement, l&rsquo;individu risque l&rsquo;errance s&rsquo;il ne trouve pas l&rsquo;\u00e9cho ni le miroir capable d&rsquo;indiquer la mesure de ses limites personnelles.<\/p>\n<p>Dans un monde pluraliste o\u00f9 l&rsquo;enchev\u00eatrement culturel et la diff\u00e9rence s&rsquo;imposent \u00e0 l&rsquo;encontre de la ressemblance et de la similitude, la qu\u00eate identitaire se d\u00e9ploie, en quelque sorte, \u00e0 partir d&rsquo;une offre diversifi\u00e9e de formes de reconnaissance. Nombre d&rsquo;individus sont \u00e0 la recherche d&#8217;embl\u00e8mes identitaires qui les repr\u00e9sentent. Ne vivons-nous pas \u00e0 l&rsquo;\u00e8re des identit\u00e9s lib\u00e9r\u00e9es ou \u00e0 l&rsquo;\u00e8re des identit\u00e9s en qu\u00eate de fronti\u00e8res? En fait, la modernit\u00e9 la plus actuelle ne se d\u00e9marque-t-elle pas par cet hyperph\u00e9nom\u00e8ne des identit\u00e9s en errance?<\/p>\n<p>Ce livre passionnera les sociologues, psychologues, politologues, \u00e9ducateurs, \u00e9conomistes, citoyens int\u00e9ress\u00e9s \u00e0 voir comment la formation de cadres d&rsquo;exp\u00e9rience est au fondement d&rsquo;un \u00ab \u00eatre social \u00bb cr\u00e9ateur d&rsquo;une soci\u00e9t\u00e9 nouvelle. Ce livre int\u00e9ressera \u00e9galement toutes les personnes qui r\u00e9fl\u00e9chissent sur la recomposition cosmopolitique des cadres identitaires, notamment de ce que sont les trajectoires des jeunes au moment o\u00f9 la mondialisation cr\u00e9e un nouvel imaginaire du \u00ab vivre-ensemble \u00bb fond\u00e9 sur des territoires flottants. Un nouvel \u00ab \u00eatre social \u00bb postmoderne est \u00e0 l&rsquo;\u0153uvre qui s&rsquo;accommode paradoxalement d&rsquo;une esth\u00e9tique des diff\u00e9rences et de la diversit\u00e9. Comment la recomposition d&rsquo;espaces sociaux complexes trace les conventions, par cons\u00e9quent les limites de la libert\u00e9 individuelle, qui pourtant, permet la vie sociale. Les identit\u00e9s individuelles sont en jeu dans la red\u00e9finition sociale d&rsquo;un espace devenu potentiel. Les jeunes, par leur silence ou par leur clameur, en sont peut-\u00eatre la conscience, les proph\u00e8tes.<\/p>\n<p>Ont collabor\u00e9 \u00e0 cet ouvrage J\u00e9r\u00f4me Boissonade, H\u00e9l\u00e8ne Brunaux, Mario C\u00f4t\u00e9, Malgorzata Kowalska, Michel Maffesoli, Denis Martouzet, Malgorzata Melchior, Fran\u00e7oise Moncomble, Guillaume Penel, Fabio Poggi, France Poulain, Jos\u00e9 Augusto Dos Santos Alves. <\/p>\n<p>Pierre W. Boudreault est professeur au D\u00e9partement des sciences humaines de l&rsquo;UQAC et il a publi\u00e9, \u00e0 l&rsquo;automne 2006, aux Presses de l&rsquo;Universit\u00e9 du Qu\u00e9bec \u00ab G\u00e9nies des lieux \u2014 Enchev\u00eatrement culturel, clivages et r\u00e9-inventions du sujet collectif \u00bb, et aux \u00e9ditions de l&rsquo;Harmattan : \u00ab L&rsquo;identit\u00e9 en miettes \u2014 Limites et beaux risques aux multiculturalismes extr\u00eames \u00bb.<\/p>\n","protected":false},"excerpt":{"rendered":"<p>Pierre W. Boudreault vient de publier en codirection avec Denis Jeffrey, aux Presses de l&rsquo;Universit\u00e9 Laval, dans la collection \u00ab Sociologie au coin de la rue \u00bb Identit\u00e9s en errance \u2014 Multi-identit\u00e9, territoire impermanent et \u00eatre social. Somm\u00e9 d&rsquo;\u00eatre soi-m\u00eame dans un monde d&rsquo;individus lib\u00e9r\u00e9s des all\u00e9geances morales face \u00e0 sa soci\u00e9t\u00e9, ne devrait-on pas [&hellip;]<\/p>\n","protected":false},"author":5,"featured_media":0,"comment_status":"closed","ping_status":"1","sticky":false,"template":"","format":"standard","meta":{"footnotes":""},"categories":[25],"tags":[],"yoast_head":"<!-- This site is optimized with the Yoast SEO plugin v24.2 - https:\/\/yoast.com\/wordpress\/plugins\/seo\/ -->\r\n<title>Pierre W. Boudreault publie aux Presses de l&#039;Universit\u00e9 Laval - UQACtualit\u00e9s<\/title>\r\n<meta name=\"robots\" content=\"index, follow, max-snippet:-1, max-image-preview:large, max-video-preview:-1\" \/>\r\n<link rel=\"canonical\" href=\"https:\/\/www.uqac.ca\/uqactualites\/2007\/04\/12\/pierre-w-boudreault-publie-aux-presses-de-luniversite-laval\/\" \/>\r\n<meta property=\"og:locale\" content=\"fr_CA\" \/>\r\n<meta property=\"og:type\" content=\"article\" \/>\r\n<meta property=\"og:title\" content=\"Pierre W. Boudreault publie aux Presses de l&#039;Universit\u00e9 Laval - UQACtualit\u00e9s\" \/>\r\n<meta property=\"og:description\" content=\"Pierre W. Boudreault vient de publier en codirection avec Denis Jeffrey, aux Presses de l&rsquo;Universit\u00e9 Laval, dans la collection \u00ab Sociologie au coin de la rue \u00bb Identit\u00e9s en errance \u2014 Multi-identit\u00e9, territoire impermanent et \u00eatre social. Somm\u00e9 d&rsquo;\u00eatre soi-m\u00eame dans un monde d&rsquo;individus lib\u00e9r\u00e9s des all\u00e9geances morales face \u00e0 sa soci\u00e9t\u00e9, ne devrait-on pas [&hellip;]\" \/>\r\n<meta property=\"og:url\" content=\"https:\/\/www.uqac.ca\/uqactualites\/2007\/04\/12\/pierre-w-boudreault-publie-aux-presses-de-luniversite-laval\/\" \/>\r\n<meta property=\"og:site_name\" content=\"UQACtualit\u00e9s\" \/>\r\n<meta property=\"article:published_time\" content=\"2007-04-12T14:18:05+00:00\" \/>\r\n<meta property=\"og:image\" content=\"http:\/\/www.uqac.ca\/wp-content\/uploads\/2012\/03\/pIC4a62e0aFmNz4a-300x225.jpg\" \/>\r\n<meta name=\"author\" content=\"Service des communications et des relations publiques\" \/>\r\n<meta name=\"twitter:card\" content=\"summary_large_image\" \/>\r\n<meta name=\"twitter:label1\" content=\"\u00c9crit par\" \/>\n\t<meta name=\"twitter:data1\" content=\"Service des communications et des relations publiques\" \/>\n\t<meta name=\"twitter:label2\" content=\"Estimation du temps de lecture\" \/>\n\t<meta name=\"twitter:data2\" content=\"3 minutes\" \/>\r\n<script type=\"application\/ld+json\" class=\"yoast-schema-graph\">{\"@context\":\"https:\/\/schema.org\",\"@graph\":[{\"@type\":\"WebPage\",\"@id\":\"https:\/\/www.uqac.ca\/uqactualites\/2007\/04\/12\/pierre-w-boudreault-publie-aux-presses-de-luniversite-laval\/\",\"url\":\"https:\/\/www.uqac.ca\/uqactualites\/2007\/04\/12\/pierre-w-boudreault-publie-aux-presses-de-luniversite-laval\/\",\"name\":\"Pierre W. Boudreault publie aux Presses de l'Universit\u00e9 Laval - UQACtualit\u00e9s\",\"isPartOf\":{\"@id\":\"https:\/\/www.uqac.ca\/uqactualites\/#website\"},\"primaryImageOfPage\":{\"@id\":\"https:\/\/www.uqac.ca\/uqactualites\/2007\/04\/12\/pierre-w-boudreault-publie-aux-presses-de-luniversite-laval\/#primaryimage\"},\"image\":{\"@id\":\"https:\/\/www.uqac.ca\/uqactualites\/2007\/04\/12\/pierre-w-boudreault-publie-aux-presses-de-luniversite-laval\/#primaryimage\"},\"thumbnailUrl\":\"http:\/\/www.uqac.ca\/wp-content\/uploads\/2012\/03\/pIC4a62e0aFmNz4a-300x225.jpg\",\"datePublished\":\"2007-04-12T14:18:05+00:00\",\"dateModified\":\"2007-04-12T14:18:05+00:00\",\"author\":{\"@id\":\"https:\/\/www.uqac.ca\/uqactualites\/#\/schema\/person\/366c45a0c4f0e677b41b4af5886e2018\"},\"breadcrumb\":{\"@id\":\"https:\/\/www.uqac.ca\/uqactualites\/2007\/04\/12\/pierre-w-boudreault-publie-aux-presses-de-luniversite-laval\/#breadcrumb\"},\"inLanguage\":\"fr-CA\",\"potentialAction\":[{\"@type\":\"ReadAction\",\"target\":[\"https:\/\/www.uqac.ca\/uqactualites\/2007\/04\/12\/pierre-w-boudreault-publie-aux-presses-de-luniversite-laval\/\"]}]},{\"@type\":\"ImageObject\",\"inLanguage\":\"fr-CA\",\"@id\":\"https:\/\/www.uqac.ca\/uqactualites\/2007\/04\/12\/pierre-w-boudreault-publie-aux-presses-de-luniversite-laval\/#primaryimage\",\"url\":\"http:\/\/www.uqac.ca\/wp-content\/uploads\/2012\/03\/pIC4a62e0aFmNz4a-300x225.jpg\",\"contentUrl\":\"http:\/\/www.uqac.ca\/wp-content\/uploads\/2012\/03\/pIC4a62e0aFmNz4a-300x225.jpg\"},{\"@type\":\"BreadcrumbList\",\"@id\":\"https:\/\/www.uqac.ca\/uqactualites\/2007\/04\/12\/pierre-w-boudreault-publie-aux-presses-de-luniversite-laval\/#breadcrumb\",\"itemListElement\":[{\"@type\":\"ListItem\",\"position\":1,\"name\":\"Home\",\"item\":\"https:\/\/www.uqac.ca\/uqactualites\/\"},{\"@type\":\"ListItem\",\"position\":2,\"name\":\"Pierre W. Boudreault publie aux Presses de l&rsquo;Universit\u00e9 Laval\"}]},{\"@type\":\"WebSite\",\"@id\":\"https:\/\/www.uqac.ca\/uqactualites\/#website\",\"url\":\"https:\/\/www.uqac.ca\/uqactualites\/\",\"name\":\"UQACtualit\u00e9s\",\"description\":\"Le portail des nouvelles de l&#039;UQAC\",\"potentialAction\":[{\"@type\":\"SearchAction\",\"target\":{\"@type\":\"EntryPoint\",\"urlTemplate\":\"https:\/\/www.uqac.ca\/uqactualites\/?s={search_term_string}\"},\"query-input\":{\"@type\":\"PropertyValueSpecification\",\"valueRequired\":true,\"valueName\":\"search_term_string\"}}],\"inLanguage\":\"fr-CA\"},{\"@type\":\"Person\",\"@id\":\"https:\/\/www.uqac.ca\/uqactualites\/#\/schema\/person\/366c45a0c4f0e677b41b4af5886e2018\",\"name\":\"Service des communications et des relations publiques\",\"image\":{\"@type\":\"ImageObject\",\"inLanguage\":\"fr-CA\",\"@id\":\"https:\/\/www.uqac.ca\/uqactualites\/#\/schema\/person\/image\/\",\"url\":\"https:\/\/secure.gravatar.com\/avatar\/20fbbda8a292f59f2d3461a5b999c00b?s=96&d=mm&r=g\",\"contentUrl\":\"https:\/\/secure.gravatar.com\/avatar\/20fbbda8a292f59f2d3461a5b999c00b?s=96&d=mm&r=g\",\"caption\":\"Service des communications et des relations publiques\"},\"url\":\"https:\/\/www.uqac.ca\/uqactualites\/author\/bap\/\"}]}<\/script>\r\n<!-- \/ Yoast SEO plugin. -->","yoast_head_json":{"title":"Pierre W. Boudreault publie aux Presses de l'Universit\u00e9 Laval - UQACtualit\u00e9s","robots":{"index":"index","follow":"follow","max-snippet":"max-snippet:-1","max-image-preview":"max-image-preview:large","max-video-preview":"max-video-preview:-1"},"canonical":"https:\/\/www.uqac.ca\/uqactualites\/2007\/04\/12\/pierre-w-boudreault-publie-aux-presses-de-luniversite-laval\/","og_locale":"fr_CA","og_type":"article","og_title":"Pierre W. Boudreault publie aux Presses de l'Universit\u00e9 Laval - UQACtualit\u00e9s","og_description":"Pierre W. Boudreault vient de publier en codirection avec Denis Jeffrey, aux Presses de l&rsquo;Universit\u00e9 Laval, dans la collection \u00ab Sociologie au coin de la rue \u00bb Identit\u00e9s en errance \u2014 Multi-identit\u00e9, territoire impermanent et \u00eatre social. Somm\u00e9 d&rsquo;\u00eatre soi-m\u00eame dans un monde d&rsquo;individus lib\u00e9r\u00e9s des all\u00e9geances morales face \u00e0 sa soci\u00e9t\u00e9, ne devrait-on pas [&hellip;]","og_url":"https:\/\/www.uqac.ca\/uqactualites\/2007\/04\/12\/pierre-w-boudreault-publie-aux-presses-de-luniversite-laval\/","og_site_name":"UQACtualit\u00e9s","article_published_time":"2007-04-12T14:18:05+00:00","og_image":[{"url":"http:\/\/www.uqac.ca\/wp-content\/uploads\/2012\/03\/pIC4a62e0aFmNz4a-300x225.jpg","type":"","width":"","height":""}],"author":"Service des communications et des relations publiques","twitter_card":"summary_large_image","twitter_misc":{"\u00c9crit par":"Service des communications et des relations publiques","Estimation du temps de lecture":"3 minutes"},"schema":{"@context":"https:\/\/schema.org","@graph":[{"@type":"WebPage","@id":"https:\/\/www.uqac.ca\/uqactualites\/2007\/04\/12\/pierre-w-boudreault-publie-aux-presses-de-luniversite-laval\/","url":"https:\/\/www.uqac.ca\/uqactualites\/2007\/04\/12\/pierre-w-boudreault-publie-aux-presses-de-luniversite-laval\/","name":"Pierre W. Boudreault publie aux Presses de l'Universit\u00e9 Laval - UQACtualit\u00e9s","isPartOf":{"@id":"https:\/\/www.uqac.ca\/uqactualites\/#website"},"primaryImageOfPage":{"@id":"https:\/\/www.uqac.ca\/uqactualites\/2007\/04\/12\/pierre-w-boudreault-publie-aux-presses-de-luniversite-laval\/#primaryimage"},"image":{"@id":"https:\/\/www.uqac.ca\/uqactualites\/2007\/04\/12\/pierre-w-boudreault-publie-aux-presses-de-luniversite-laval\/#primaryimage"},"thumbnailUrl":"http:\/\/www.uqac.ca\/wp-content\/uploads\/2012\/03\/pIC4a62e0aFmNz4a-300x225.jpg","datePublished":"2007-04-12T14:18:05+00:00","dateModified":"2007-04-12T14:18:05+00:00","author":{"@id":"https:\/\/www.uqac.ca\/uqactualites\/#\/schema\/person\/366c45a0c4f0e677b41b4af5886e2018"},"breadcrumb":{"@id":"https:\/\/www.uqac.ca\/uqactualites\/2007\/04\/12\/pierre-w-boudreault-publie-aux-presses-de-luniversite-laval\/#breadcrumb"},"inLanguage":"fr-CA","potentialAction":[{"@type":"ReadAction","target":["https:\/\/www.uqac.ca\/uqactualites\/2007\/04\/12\/pierre-w-boudreault-publie-aux-presses-de-luniversite-laval\/"]}]},{"@type":"ImageObject","inLanguage":"fr-CA","@id":"https:\/\/www.uqac.ca\/uqactualites\/2007\/04\/12\/pierre-w-boudreault-publie-aux-presses-de-luniversite-laval\/#primaryimage","url":"http:\/\/www.uqac.ca\/wp-content\/uploads\/2012\/03\/pIC4a62e0aFmNz4a-300x225.jpg","contentUrl":"http:\/\/www.uqac.ca\/wp-content\/uploads\/2012\/03\/pIC4a62e0aFmNz4a-300x225.jpg"},{"@type":"BreadcrumbList","@id":"https:\/\/www.uqac.ca\/uqactualites\/2007\/04\/12\/pierre-w-boudreault-publie-aux-presses-de-luniversite-laval\/#breadcrumb","itemListElement":[{"@type":"ListItem","position":1,"name":"Home","item":"https:\/\/www.uqac.ca\/uqactualites\/"},{"@type":"ListItem","position":2,"name":"Pierre W. Boudreault publie aux Presses de l&rsquo;Universit\u00e9 Laval"}]},{"@type":"WebSite","@id":"https:\/\/www.uqac.ca\/uqactualites\/#website","url":"https:\/\/www.uqac.ca\/uqactualites\/","name":"UQACtualit\u00e9s","description":"Le portail des nouvelles de l&#039;UQAC","potentialAction":[{"@type":"SearchAction","target":{"@type":"EntryPoint","urlTemplate":"https:\/\/www.uqac.ca\/uqactualites\/?s={search_term_string}"},"query-input":{"@type":"PropertyValueSpecification","valueRequired":true,"valueName":"search_term_string"}}],"inLanguage":"fr-CA"},{"@type":"Person","@id":"https:\/\/www.uqac.ca\/uqactualites\/#\/schema\/person\/366c45a0c4f0e677b41b4af5886e2018","name":"Service des communications et des relations publiques","image":{"@type":"ImageObject","inLanguage":"fr-CA","@id":"https:\/\/www.uqac.ca\/uqactualites\/#\/schema\/person\/image\/","url":"https:\/\/secure.gravatar.com\/avatar\/20fbbda8a292f59f2d3461a5b999c00b?s=96&d=mm&r=g","contentUrl":"https:\/\/secure.gravatar.com\/avatar\/20fbbda8a292f59f2d3461a5b999c00b?s=96&d=mm&r=g","caption":"Service des communications et des relations publiques"},"url":"https:\/\/www.uqac.ca\/uqactualites\/author\/bap\/"}]}},"_links":{"self":[{"href":"https:\/\/www.uqac.ca\/uqactualites\/wp-json\/wp\/v2\/posts\/19519"}],"collection":[{"href":"https:\/\/www.uqac.ca\/uqactualites\/wp-json\/wp\/v2\/posts"}],"about":[{"href":"https:\/\/www.uqac.ca\/uqactualites\/wp-json\/wp\/v2\/types\/post"}],"author":[{"embeddable":true,"href":"https:\/\/www.uqac.ca\/uqactualites\/wp-json\/wp\/v2\/users\/5"}],"replies":[{"embeddable":true,"href":"https:\/\/www.uqac.ca\/uqactualites\/wp-json\/wp\/v2\/comments?post=19519"}],"version-history":[{"count":0,"href":"https:\/\/www.uqac.ca\/uqactualites\/wp-json\/wp\/v2\/posts\/19519\/revisions"}],"wp:attachment":[{"href":"https:\/\/www.uqac.ca\/uqactualites\/wp-json\/wp\/v2\/media?parent=19519"}],"wp:term":[{"taxonomy":"category","embeddable":true,"href":"https:\/\/www.uqac.ca\/uqactualites\/wp-json\/wp\/v2\/categories?post=19519"},{"taxonomy":"post_tag","embeddable":true,"href":"https:\/\/www.uqac.ca\/uqactualites\/wp-json\/wp\/v2\/tags?post=19519"}],"curies":[{"name":"wp","href":"https:\/\/api.w.org\/{rel}","templated":true}]}}