{"id":19520,"date":"2007-04-12T08:47:56","date_gmt":"2007-04-12T14:17:56","guid":{"rendered":"http:\/\/uqactualite.odev.ca\/2007\/04\/nomination-de-monsieur-christian-gagnon\/"},"modified":"2007-04-12T08:47:56","modified_gmt":"2007-04-12T14:17:56","slug":"nomination-de-monsieur-christian-gagnon","status":"publish","type":"post","link":"https:\/\/www.uqac.ca\/uqactualites\/2007\/04\/12\/nomination-de-monsieur-christian-gagnon\/","title":{"rendered":"Nomination de Monsieur Christian Gagnon"},"content":{"rendered":"<p><figure id=\"attachment_19520\" aria-describedby=\"caption-attachment-19520\" style=\"width: 225px\" class=\"wp-caption alignright\"><a href=\"http:\/\/www.uqac.ca\/wp-content\/uploads\/2012\/03\/uhtSnQU2LMYWD3Ea.jpg\"><img loading=\"lazy\" decoding=\"async\" class=\"size-medium wp-image-19520\" title=\"uhtSnQU2LMYWD3Ea\" src=\"http:\/\/www.uqac.ca\/wp-content\/uploads\/2012\/03\/uhtSnQU2LMYWD3Ea-225x300.jpg\" width=\"225\" height=\"300\" alt=\"\" \/><\/a><figcaption id=\"caption-attachment-19520\" class=\"wp-caption-text\">Monsieur Christian Gagnon, conseiller cadre pour la r\u00e9gion de la C\u00f4te-Nord<\/figcaption><\/figure>L&rsquo;Universit\u00e9 du Qu\u00e9bec \u00e0 Chicoutimi (UQAC) a le plaisir d&rsquo;annoncer la nomination de monsieur Christian Gagnon \u00e0 titre de conseiller cadre pour la r\u00e9gion de la C\u00f4te-Nord. <\/p>\n<p>La direction de l&rsquo;UQAC est heureuse de s&rsquo;adjoindre les services de monsieur Gagnon \u00e0 plus d&rsquo;un titre. Fort d&rsquo;une connaissance approfondie du milieu du d\u00e9veloppement r\u00e9gional, en plus de son exp\u00e9rience du secteur de l&rsquo;\u00e9ducation \u00e0 titre de directeur du C\u00e9gep de Sept-\u00celes, monsieur Gagnon assume les fonctions de responsable du d\u00e9veloppement de l&rsquo;enseignement et de la recherche pour la r\u00e9gion de la C\u00f4te-Nord et celle de repr\u00e9sentant de l&rsquo;UQAC aux diff\u00e9rentes tables r\u00e9gionales de concertation.<\/p>\n<p>De plus, il a comme mandat d&rsquo;assurer la repr\u00e9sentativit\u00e9 de l&rsquo;UQAC aupr\u00e8s de la population de la C\u00f4te-Nord. <\/p>\n<p>Monsieur Gagnon est demeur\u00e9 tr\u00e8s actif dans son milieu. Au cours des derni\u00e8res ann\u00e9es il a agi comme repr\u00e9sentant des institutions d&rsquo;enseignement sup\u00e9rieur au sein de plusieurs organismes dont le Conseil r\u00e9gional des partenaires du march\u00e9 du travail de la C\u00f4te-Nord et le Centre local de d\u00e9veloppement (CLD) de la MRC des Sept-Rivi\u00e8res. Monsieur Gagnon a \u00e9galement assum\u00e9 la pr\u00e9sidence du Conseil d&rsquo;orientation des services universitaires de l&rsquo;est de la C\u00f4te-Nord depuis sa cr\u00e9ation, en 1993.<\/p>\n","protected":false},"excerpt":{"rendered":"<p>L&rsquo;Universit\u00e9 du Qu\u00e9bec \u00e0 Chicoutimi (UQAC) a le plaisir d&rsquo;annoncer la nomination de monsieur Christian Gagnon \u00e0 titre de conseiller cadre pour la r\u00e9gion de la C\u00f4te-Nord. La direction de l&rsquo;UQAC est heureuse de s&rsquo;adjoindre les services de monsieur Gagnon \u00e0 plus d&rsquo;un titre. Fort d&rsquo;une connaissance approfondie du milieu du d\u00e9veloppement r\u00e9gional, en plus [&hellip;]<\/p>\n","protected":false},"author":5,"featured_media":0,"comment_status":"closed","ping_status":"1","sticky":false,"template":"","format":"standard","meta":{"footnotes":""},"categories":[15],"tags":[],"yoast_head":"<!-- This site is optimized with the Yoast SEO plugin v24.2 - https:\/\/yoast.com\/wordpress\/plugins\/seo\/ -->\r\n<title>Nomination de Monsieur Christian Gagnon - UQACtualit\u00e9s<\/title>\r\n<meta name=\"robots\" content=\"index, follow, max-snippet:-1, max-image-preview:large, max-video-preview:-1\" \/>\r\n<link rel=\"canonical\" href=\"https:\/\/www.uqac.ca\/uqactualites\/2007\/04\/12\/nomination-de-monsieur-christian-gagnon\/\" \/>\r\n<meta property=\"og:locale\" content=\"fr_CA\" \/>\r\n<meta property=\"og:type\" content=\"article\" \/>\r\n<meta property=\"og:title\" content=\"Nomination de Monsieur Christian Gagnon - UQACtualit\u00e9s\" \/>\r\n<meta property=\"og:description\" content=\"L&rsquo;Universit\u00e9 du Qu\u00e9bec \u00e0 Chicoutimi (UQAC) a le plaisir d&rsquo;annoncer la nomination de monsieur Christian Gagnon \u00e0 titre de conseiller cadre pour la r\u00e9gion de la C\u00f4te-Nord. La direction de l&rsquo;UQAC est heureuse de s&rsquo;adjoindre les services de monsieur Gagnon \u00e0 plus d&rsquo;un titre. Fort d&rsquo;une connaissance approfondie du milieu du d\u00e9veloppement r\u00e9gional, en plus [&hellip;]\" \/>\r\n<meta property=\"og:url\" content=\"https:\/\/www.uqac.ca\/uqactualites\/2007\/04\/12\/nomination-de-monsieur-christian-gagnon\/\" \/>\r\n<meta property=\"og:site_name\" content=\"UQACtualit\u00e9s\" \/>\r\n<meta property=\"article:published_time\" content=\"2007-04-12T14:17:56+00:00\" \/>\r\n<meta property=\"og:image\" content=\"http:\/\/www.uqac.ca\/wp-content\/uploads\/2012\/03\/uhtSnQU2LMYWD3Ea-225x300.jpg\" \/>\r\n<meta name=\"author\" content=\"Service des communications et des relations publiques\" \/>\r\n<meta name=\"twitter:card\" content=\"summary_large_image\" \/>\r\n<meta name=\"twitter:label1\" content=\"\u00c9crit par\" \/>\n\t<meta name=\"twitter:data1\" content=\"Service des communications et des relations publiques\" \/>\n\t<meta name=\"twitter:label2\" content=\"Estimation du temps de lecture\" \/>\n\t<meta name=\"twitter:data2\" content=\"1 minute\" \/>\r\n<script type=\"application\/ld+json\" class=\"yoast-schema-graph\">{\"@context\":\"https:\/\/schema.org\",\"@graph\":[{\"@type\":\"WebPage\",\"@id\":\"https:\/\/www.uqac.ca\/uqactualites\/2007\/04\/12\/nomination-de-monsieur-christian-gagnon\/\",\"url\":\"https:\/\/www.uqac.ca\/uqactualites\/2007\/04\/12\/nomination-de-monsieur-christian-gagnon\/\",\"name\":\"Nomination de Monsieur Christian Gagnon - UQACtualit\u00e9s\",\"isPartOf\":{\"@id\":\"https:\/\/www.uqac.ca\/uqactualites\/#website\"},\"primaryImageOfPage\":{\"@id\":\"https:\/\/www.uqac.ca\/uqactualites\/2007\/04\/12\/nomination-de-monsieur-christian-gagnon\/#primaryimage\"},\"image\":{\"@id\":\"https:\/\/www.uqac.ca\/uqactualites\/2007\/04\/12\/nomination-de-monsieur-christian-gagnon\/#primaryimage\"},\"thumbnailUrl\":\"http:\/\/www.uqac.ca\/wp-content\/uploads\/2012\/03\/uhtSnQU2LMYWD3Ea-225x300.jpg\",\"datePublished\":\"2007-04-12T14:17:56+00:00\",\"dateModified\":\"2007-04-12T14:17:56+00:00\",\"author\":{\"@id\":\"https:\/\/www.uqac.ca\/uqactualites\/#\/schema\/person\/366c45a0c4f0e677b41b4af5886e2018\"},\"breadcrumb\":{\"@id\":\"https:\/\/www.uqac.ca\/uqactualites\/2007\/04\/12\/nomination-de-monsieur-christian-gagnon\/#breadcrumb\"},\"inLanguage\":\"fr-CA\",\"potentialAction\":[{\"@type\":\"ReadAction\",\"target\":[\"https:\/\/www.uqac.ca\/uqactualites\/2007\/04\/12\/nomination-de-monsieur-christian-gagnon\/\"]}]},{\"@type\":\"ImageObject\",\"inLanguage\":\"fr-CA\",\"@id\":\"https:\/\/www.uqac.ca\/uqactualites\/2007\/04\/12\/nomination-de-monsieur-christian-gagnon\/#primaryimage\",\"url\":\"http:\/\/www.uqac.ca\/wp-content\/uploads\/2012\/03\/uhtSnQU2LMYWD3Ea-225x300.jpg\",\"contentUrl\":\"http:\/\/www.uqac.ca\/wp-content\/uploads\/2012\/03\/uhtSnQU2LMYWD3Ea-225x300.jpg\"},{\"@type\":\"BreadcrumbList\",\"@id\":\"https:\/\/www.uqac.ca\/uqactualites\/2007\/04\/12\/nomination-de-monsieur-christian-gagnon\/#breadcrumb\",\"itemListElement\":[{\"@type\":\"ListItem\",\"position\":1,\"name\":\"Home\",\"item\":\"https:\/\/www.uqac.ca\/uqactualites\/\"},{\"@type\":\"ListItem\",\"position\":2,\"name\":\"Nomination de Monsieur Christian Gagnon\"}]},{\"@type\":\"WebSite\",\"@id\":\"https:\/\/www.uqac.ca\/uqactualites\/#website\",\"url\":\"https:\/\/www.uqac.ca\/uqactualites\/\",\"name\":\"UQACtualit\u00e9s\",\"description\":\"Le portail des nouvelles de l&#039;UQAC\",\"potentialAction\":[{\"@type\":\"SearchAction\",\"target\":{\"@type\":\"EntryPoint\",\"urlTemplate\":\"https:\/\/www.uqac.ca\/uqactualites\/?s={search_term_string}\"},\"query-input\":{\"@type\":\"PropertyValueSpecification\",\"valueRequired\":true,\"valueName\":\"search_term_string\"}}],\"inLanguage\":\"fr-CA\"},{\"@type\":\"Person\",\"@id\":\"https:\/\/www.uqac.ca\/uqactualites\/#\/schema\/person\/366c45a0c4f0e677b41b4af5886e2018\",\"name\":\"Service des communications et des relations publiques\",\"image\":{\"@type\":\"ImageObject\",\"inLanguage\":\"fr-CA\",\"@id\":\"https:\/\/www.uqac.ca\/uqactualites\/#\/schema\/person\/image\/\",\"url\":\"https:\/\/secure.gravatar.com\/avatar\/20fbbda8a292f59f2d3461a5b999c00b?s=96&d=mm&r=g\",\"contentUrl\":\"https:\/\/secure.gravatar.com\/avatar\/20fbbda8a292f59f2d3461a5b999c00b?s=96&d=mm&r=g\",\"caption\":\"Service des communications et des relations publiques\"},\"url\":\"https:\/\/www.uqac.ca\/uqactualites\/author\/bap\/\"}]}<\/script>\r\n<!-- \/ Yoast SEO plugin. -->","yoast_head_json":{"title":"Nomination de Monsieur Christian Gagnon - UQACtualit\u00e9s","robots":{"index":"index","follow":"follow","max-snippet":"max-snippet:-1","max-image-preview":"max-image-preview:large","max-video-preview":"max-video-preview:-1"},"canonical":"https:\/\/www.uqac.ca\/uqactualites\/2007\/04\/12\/nomination-de-monsieur-christian-gagnon\/","og_locale":"fr_CA","og_type":"article","og_title":"Nomination de Monsieur Christian Gagnon - UQACtualit\u00e9s","og_description":"L&rsquo;Universit\u00e9 du Qu\u00e9bec \u00e0 Chicoutimi (UQAC) a le plaisir d&rsquo;annoncer la nomination de monsieur Christian Gagnon \u00e0 titre de conseiller cadre pour la r\u00e9gion de la C\u00f4te-Nord. La direction de l&rsquo;UQAC est heureuse de s&rsquo;adjoindre les services de monsieur Gagnon \u00e0 plus d&rsquo;un titre. Fort d&rsquo;une connaissance approfondie du milieu du d\u00e9veloppement r\u00e9gional, en plus [&hellip;]","og_url":"https:\/\/www.uqac.ca\/uqactualites\/2007\/04\/12\/nomination-de-monsieur-christian-gagnon\/","og_site_name":"UQACtualit\u00e9s","article_published_time":"2007-04-12T14:17:56+00:00","og_image":[{"url":"http:\/\/www.uqac.ca\/wp-content\/uploads\/2012\/03\/uhtSnQU2LMYWD3Ea-225x300.jpg","type":"","width":"","height":""}],"author":"Service des communications et des relations publiques","twitter_card":"summary_large_image","twitter_misc":{"\u00c9crit par":"Service des communications et des relations publiques","Estimation du temps de lecture":"1 minute"},"schema":{"@context":"https:\/\/schema.org","@graph":[{"@type":"WebPage","@id":"https:\/\/www.uqac.ca\/uqactualites\/2007\/04\/12\/nomination-de-monsieur-christian-gagnon\/","url":"https:\/\/www.uqac.ca\/uqactualites\/2007\/04\/12\/nomination-de-monsieur-christian-gagnon\/","name":"Nomination de Monsieur Christian Gagnon - UQACtualit\u00e9s","isPartOf":{"@id":"https:\/\/www.uqac.ca\/uqactualites\/#website"},"primaryImageOfPage":{"@id":"https:\/\/www.uqac.ca\/uqactualites\/2007\/04\/12\/nomination-de-monsieur-christian-gagnon\/#primaryimage"},"image":{"@id":"https:\/\/www.uqac.ca\/uqactualites\/2007\/04\/12\/nomination-de-monsieur-christian-gagnon\/#primaryimage"},"thumbnailUrl":"http:\/\/www.uqac.ca\/wp-content\/uploads\/2012\/03\/uhtSnQU2LMYWD3Ea-225x300.jpg","datePublished":"2007-04-12T14:17:56+00:00","dateModified":"2007-04-12T14:17:56+00:00","author":{"@id":"https:\/\/www.uqac.ca\/uqactualites\/#\/schema\/person\/366c45a0c4f0e677b41b4af5886e2018"},"breadcrumb":{"@id":"https:\/\/www.uqac.ca\/uqactualites\/2007\/04\/12\/nomination-de-monsieur-christian-gagnon\/#breadcrumb"},"inLanguage":"fr-CA","potentialAction":[{"@type":"ReadAction","target":["https:\/\/www.uqac.ca\/uqactualites\/2007\/04\/12\/nomination-de-monsieur-christian-gagnon\/"]}]},{"@type":"ImageObject","inLanguage":"fr-CA","@id":"https:\/\/www.uqac.ca\/uqactualites\/2007\/04\/12\/nomination-de-monsieur-christian-gagnon\/#primaryimage","url":"http:\/\/www.uqac.ca\/wp-content\/uploads\/2012\/03\/uhtSnQU2LMYWD3Ea-225x300.jpg","contentUrl":"http:\/\/www.uqac.ca\/wp-content\/uploads\/2012\/03\/uhtSnQU2LMYWD3Ea-225x300.jpg"},{"@type":"BreadcrumbList","@id":"https:\/\/www.uqac.ca\/uqactualites\/2007\/04\/12\/nomination-de-monsieur-christian-gagnon\/#breadcrumb","itemListElement":[{"@type":"ListItem","position":1,"name":"Home","item":"https:\/\/www.uqac.ca\/uqactualites\/"},{"@type":"ListItem","position":2,"name":"Nomination de Monsieur Christian Gagnon"}]},{"@type":"WebSite","@id":"https:\/\/www.uqac.ca\/uqactualites\/#website","url":"https:\/\/www.uqac.ca\/uqactualites\/","name":"UQACtualit\u00e9s","description":"Le portail des nouvelles de l&#039;UQAC","potentialAction":[{"@type":"SearchAction","target":{"@type":"EntryPoint","urlTemplate":"https:\/\/www.uqac.ca\/uqactualites\/?s={search_term_string}"},"query-input":{"@type":"PropertyValueSpecification","valueRequired":true,"valueName":"search_term_string"}}],"inLanguage":"fr-CA"},{"@type":"Person","@id":"https:\/\/www.uqac.ca\/uqactualites\/#\/schema\/person\/366c45a0c4f0e677b41b4af5886e2018","name":"Service des communications et des relations publiques","image":{"@type":"ImageObject","inLanguage":"fr-CA","@id":"https:\/\/www.uqac.ca\/uqactualites\/#\/schema\/person\/image\/","url":"https:\/\/secure.gravatar.com\/avatar\/20fbbda8a292f59f2d3461a5b999c00b?s=96&d=mm&r=g","contentUrl":"https:\/\/secure.gravatar.com\/avatar\/20fbbda8a292f59f2d3461a5b999c00b?s=96&d=mm&r=g","caption":"Service des communications et des relations publiques"},"url":"https:\/\/www.uqac.ca\/uqactualites\/author\/bap\/"}]}},"_links":{"self":[{"href":"https:\/\/www.uqac.ca\/uqactualites\/wp-json\/wp\/v2\/posts\/19520"}],"collection":[{"href":"https:\/\/www.uqac.ca\/uqactualites\/wp-json\/wp\/v2\/posts"}],"about":[{"href":"https:\/\/www.uqac.ca\/uqactualites\/wp-json\/wp\/v2\/types\/post"}],"author":[{"embeddable":true,"href":"https:\/\/www.uqac.ca\/uqactualites\/wp-json\/wp\/v2\/users\/5"}],"replies":[{"embeddable":true,"href":"https:\/\/www.uqac.ca\/uqactualites\/wp-json\/wp\/v2\/comments?post=19520"}],"version-history":[{"count":0,"href":"https:\/\/www.uqac.ca\/uqactualites\/wp-json\/wp\/v2\/posts\/19520\/revisions"}],"wp:attachment":[{"href":"https:\/\/www.uqac.ca\/uqactualites\/wp-json\/wp\/v2\/media?parent=19520"}],"wp:term":[{"taxonomy":"category","embeddable":true,"href":"https:\/\/www.uqac.ca\/uqactualites\/wp-json\/wp\/v2\/categories?post=19520"},{"taxonomy":"post_tag","embeddable":true,"href":"https:\/\/www.uqac.ca\/uqactualites\/wp-json\/wp\/v2\/tags?post=19520"}],"curies":[{"name":"wp","href":"https:\/\/api.w.org\/{rel}","templated":true}]}}