{"id":19523,"date":"2007-04-12T08:47:08","date_gmt":"2007-04-12T14:17:08","guid":{"rendered":"http:\/\/uqactualite.odev.ca\/2007\/04\/trois-etudiantes-en-arts-se-distinguent\/"},"modified":"2007-04-12T08:47:08","modified_gmt":"2007-04-12T14:17:08","slug":"trois-etudiantes-en-arts-se-distinguent","status":"publish","type":"post","link":"https:\/\/www.uqac.ca\/uqactualites\/2007\/04\/12\/trois-etudiantes-en-arts-se-distinguent\/","title":{"rendered":"Trois \u00e9tudiantes en Arts se distinguent"},"content":{"rendered":"<figure id=\"attachment_19523\" aria-describedby=\"caption-attachment-19523\" style=\"width: 225px\" class=\"wp-caption alignright\"><a href=\"http:\/\/www.uqac.ca\/wp-content\/uploads\/2012\/03\/fOHtV43Hr7KU7Hzo.jpg\"><img loading=\"lazy\" decoding=\"async\" class=\"size-medium wp-image-19523\" title=\"fOHtV43Hr7KU7Hzo\" src=\"http:\/\/www.uqac.ca\/wp-content\/uploads\/2012\/03\/fOHtV43Hr7KU7Hzo-225x300.jpg\" alt=\"\" width=\"225\" height=\"300\" \/><\/a><figcaption id=\"caption-attachment-19523\" class=\"wp-caption-text\">\u00ab Graciles Danseuses \u00bb<\/figcaption><\/figure>\n<figure id=\"attachment_19523\" aria-describedby=\"caption-attachment-19523\" style=\"width: 222px\" class=\"wp-caption alignright\"><a href=\"http:\/\/www.uqac.ca\/wp-content\/uploads\/2012\/03\/c1UxWlKRheUKOJi5.jpg\"><img loading=\"lazy\" decoding=\"async\" class=\"size-medium wp-image-19523\" title=\"c1UxWlKRheUKOJi5\" src=\"http:\/\/www.uqac.ca\/wp-content\/uploads\/2012\/03\/c1UxWlKRheUKOJi5-222x300.jpg\" alt=\"\" width=\"222\" height=\"300\" \/><\/a><figcaption id=\"caption-attachment-19523\" class=\"wp-caption-text\">Sara L\u00e9tourneau, H\u00e9l\u00e8ne Beaulieu et Magali Baribeau-Marchand \u00e9tudiantes au Baccalaur\u00e9at interdisciplinaire en arts \u00e0 l&#039;UQAC.<\/figcaption><\/figure>\n<p>Avec la neige comme mati\u00e8re premi\u00e8re et des pelles pour la sculpter, trois \u00e9tudiantes de l&rsquo;UQAC au Baccalaur\u00e9at interdisciplinaire en Arts se sont d\u00e9marqu\u00e9es au volet de la rel\u00e8ve de l&rsquo;International de sculpture sur neige du Carnaval de Qu\u00e9bec, du 25 au 28 janvier dernier.<\/p>\n<p>En effet, Magali Baribeau-Marchand, H\u00e9l\u00e8ne Beaulieu et Sara L\u00e9tourneau, avec leur sculpture \u00ab Graciles Danseuses \u00bb, se sont vue attribuer la mention Henri-Jamet, d&rsquo;un jury compos\u00e9 de trois sculpteurs qu\u00e9b\u00e9cois de renom. Elles ont m\u00e9rit\u00e9, ainsi, le premier prix (sur 10 \u00e9quipes participantes) du volet Rel\u00e8ve. La sculpture portant sur le th\u00e8me de la f\u00e9minit\u00e9 \u00e9tait un d\u00e9fi d&rsquo;\u00e9quilibre impressionnant que les trois \u00e9tudiantes ont relev\u00e9 avec succ\u00e8s. Elles se sont m\u00e9rit\u00e9es 35 heures de formation priv\u00e9e en sculpture \u00e0 l&rsquo;\u00e9cole des M\u00e9tiers d&rsquo;art de Qu\u00e9bec d&rsquo;une valeur de 1500 $, une belle r\u00e9compense pour leurs initiatives et leurs efforts.<\/p>\n<p>La force de ce travail vient du fait que l&rsquo;\u0153uvre fut r\u00e9alis\u00e9e en poussant les propri\u00e9t\u00e9s de la taille de la neige \u00e0 sa limite. Ainsi, tout fut mis en place pour r\u00e9aliser l&rsquo;\u0153uvre dans les contraintes techniques du mat\u00e9riau mais aussi dans un contenu plastique, harmonieux, accessible et pertinent.<\/p>\n<p>Chapeau les filles!<\/p>\n","protected":false},"excerpt":{"rendered":"<p>Avec la neige comme mati\u00e8re premi\u00e8re et des pelles pour la sculpter, trois \u00e9tudiantes de l&rsquo;UQAC au Baccalaur\u00e9at interdisciplinaire en Arts se sont d\u00e9marqu\u00e9es au volet de la rel\u00e8ve de l&rsquo;International de sculpture sur neige du Carnaval de Qu\u00e9bec, du 25 au 28 janvier dernier. En effet, Magali Baribeau-Marchand, H\u00e9l\u00e8ne Beaulieu et Sara L\u00e9tourneau, avec [&hellip;]<\/p>\n","protected":false},"author":5,"featured_media":0,"comment_status":"closed","ping_status":"closed","sticky":false,"template":"","format":"standard","meta":{"footnotes":""},"categories":[9],"tags":[],"yoast_head":"<!-- This site is optimized with the Yoast SEO plugin v24.2 - https:\/\/yoast.com\/wordpress\/plugins\/seo\/ -->\r\n<title>Trois \u00e9tudiantes en Arts se distinguent - UQACtualit\u00e9s<\/title>\r\n<meta name=\"robots\" content=\"index, follow, max-snippet:-1, max-image-preview:large, max-video-preview:-1\" \/>\r\n<link rel=\"canonical\" href=\"https:\/\/www.uqac.ca\/uqactualites\/2007\/04\/12\/trois-etudiantes-en-arts-se-distinguent\/\" \/>\r\n<meta property=\"og:locale\" content=\"fr_CA\" \/>\r\n<meta property=\"og:type\" content=\"article\" \/>\r\n<meta property=\"og:title\" content=\"Trois \u00e9tudiantes en Arts se distinguent - UQACtualit\u00e9s\" \/>\r\n<meta property=\"og:description\" content=\"Avec la neige comme mati\u00e8re premi\u00e8re et des pelles pour la sculpter, trois \u00e9tudiantes de l&rsquo;UQAC au Baccalaur\u00e9at interdisciplinaire en Arts se sont d\u00e9marqu\u00e9es au volet de la rel\u00e8ve de l&rsquo;International de sculpture sur neige du Carnaval de Qu\u00e9bec, du 25 au 28 janvier dernier. En effet, Magali Baribeau-Marchand, H\u00e9l\u00e8ne Beaulieu et Sara L\u00e9tourneau, avec [&hellip;]\" \/>\r\n<meta property=\"og:url\" content=\"https:\/\/www.uqac.ca\/uqactualites\/2007\/04\/12\/trois-etudiantes-en-arts-se-distinguent\/\" \/>\r\n<meta property=\"og:site_name\" content=\"UQACtualit\u00e9s\" \/>\r\n<meta property=\"article:published_time\" content=\"2007-04-12T14:17:08+00:00\" \/>\r\n<meta property=\"og:image\" content=\"http:\/\/www.uqac.ca\/wp-content\/uploads\/2012\/03\/fOHtV43Hr7KU7Hzo-225x300.jpg\" \/>\r\n<meta name=\"author\" content=\"Service des communications et des relations publiques\" \/>\r\n<meta name=\"twitter:card\" content=\"summary_large_image\" \/>\r\n<meta name=\"twitter:label1\" content=\"\u00c9crit par\" \/>\n\t<meta name=\"twitter:data1\" content=\"Service des communications et des relations publiques\" \/>\n\t<meta name=\"twitter:label2\" content=\"Estimation du temps de lecture\" \/>\n\t<meta name=\"twitter:data2\" content=\"1 minute\" \/>\r\n<script type=\"application\/ld+json\" class=\"yoast-schema-graph\">{\"@context\":\"https:\/\/schema.org\",\"@graph\":[{\"@type\":\"WebPage\",\"@id\":\"https:\/\/www.uqac.ca\/uqactualites\/2007\/04\/12\/trois-etudiantes-en-arts-se-distinguent\/\",\"url\":\"https:\/\/www.uqac.ca\/uqactualites\/2007\/04\/12\/trois-etudiantes-en-arts-se-distinguent\/\",\"name\":\"Trois \u00e9tudiantes en Arts se distinguent - UQACtualit\u00e9s\",\"isPartOf\":{\"@id\":\"https:\/\/www.uqac.ca\/uqactualites\/#website\"},\"primaryImageOfPage\":{\"@id\":\"https:\/\/www.uqac.ca\/uqactualites\/2007\/04\/12\/trois-etudiantes-en-arts-se-distinguent\/#primaryimage\"},\"image\":{\"@id\":\"https:\/\/www.uqac.ca\/uqactualites\/2007\/04\/12\/trois-etudiantes-en-arts-se-distinguent\/#primaryimage\"},\"thumbnailUrl\":\"http:\/\/www.uqac.ca\/wp-content\/uploads\/2012\/03\/fOHtV43Hr7KU7Hzo-225x300.jpg\",\"datePublished\":\"2007-04-12T14:17:08+00:00\",\"dateModified\":\"2007-04-12T14:17:08+00:00\",\"author\":{\"@id\":\"https:\/\/www.uqac.ca\/uqactualites\/#\/schema\/person\/366c45a0c4f0e677b41b4af5886e2018\"},\"breadcrumb\":{\"@id\":\"https:\/\/www.uqac.ca\/uqactualites\/2007\/04\/12\/trois-etudiantes-en-arts-se-distinguent\/#breadcrumb\"},\"inLanguage\":\"fr-CA\",\"potentialAction\":[{\"@type\":\"ReadAction\",\"target\":[\"https:\/\/www.uqac.ca\/uqactualites\/2007\/04\/12\/trois-etudiantes-en-arts-se-distinguent\/\"]}]},{\"@type\":\"ImageObject\",\"inLanguage\":\"fr-CA\",\"@id\":\"https:\/\/www.uqac.ca\/uqactualites\/2007\/04\/12\/trois-etudiantes-en-arts-se-distinguent\/#primaryimage\",\"url\":\"http:\/\/www.uqac.ca\/wp-content\/uploads\/2012\/03\/fOHtV43Hr7KU7Hzo-225x300.jpg\",\"contentUrl\":\"http:\/\/www.uqac.ca\/wp-content\/uploads\/2012\/03\/fOHtV43Hr7KU7Hzo-225x300.jpg\"},{\"@type\":\"BreadcrumbList\",\"@id\":\"https:\/\/www.uqac.ca\/uqactualites\/2007\/04\/12\/trois-etudiantes-en-arts-se-distinguent\/#breadcrumb\",\"itemListElement\":[{\"@type\":\"ListItem\",\"position\":1,\"name\":\"Home\",\"item\":\"https:\/\/www.uqac.ca\/uqactualites\/\"},{\"@type\":\"ListItem\",\"position\":2,\"name\":\"Trois \u00e9tudiantes en Arts se distinguent\"}]},{\"@type\":\"WebSite\",\"@id\":\"https:\/\/www.uqac.ca\/uqactualites\/#website\",\"url\":\"https:\/\/www.uqac.ca\/uqactualites\/\",\"name\":\"UQACtualit\u00e9s\",\"description\":\"Le portail des nouvelles de l&#039;UQAC\",\"potentialAction\":[{\"@type\":\"SearchAction\",\"target\":{\"@type\":\"EntryPoint\",\"urlTemplate\":\"https:\/\/www.uqac.ca\/uqactualites\/?s={search_term_string}\"},\"query-input\":{\"@type\":\"PropertyValueSpecification\",\"valueRequired\":true,\"valueName\":\"search_term_string\"}}],\"inLanguage\":\"fr-CA\"},{\"@type\":\"Person\",\"@id\":\"https:\/\/www.uqac.ca\/uqactualites\/#\/schema\/person\/366c45a0c4f0e677b41b4af5886e2018\",\"name\":\"Service des communications et des relations publiques\",\"image\":{\"@type\":\"ImageObject\",\"inLanguage\":\"fr-CA\",\"@id\":\"https:\/\/www.uqac.ca\/uqactualites\/#\/schema\/person\/image\/\",\"url\":\"https:\/\/secure.gravatar.com\/avatar\/20fbbda8a292f59f2d3461a5b999c00b?s=96&d=mm&r=g\",\"contentUrl\":\"https:\/\/secure.gravatar.com\/avatar\/20fbbda8a292f59f2d3461a5b999c00b?s=96&d=mm&r=g\",\"caption\":\"Service des communications et des relations publiques\"},\"url\":\"https:\/\/www.uqac.ca\/uqactualites\/author\/bap\/\"}]}<\/script>\r\n<!-- \/ Yoast SEO plugin. -->","yoast_head_json":{"title":"Trois \u00e9tudiantes en Arts se distinguent - UQACtualit\u00e9s","robots":{"index":"index","follow":"follow","max-snippet":"max-snippet:-1","max-image-preview":"max-image-preview:large","max-video-preview":"max-video-preview:-1"},"canonical":"https:\/\/www.uqac.ca\/uqactualites\/2007\/04\/12\/trois-etudiantes-en-arts-se-distinguent\/","og_locale":"fr_CA","og_type":"article","og_title":"Trois \u00e9tudiantes en Arts se distinguent - UQACtualit\u00e9s","og_description":"Avec la neige comme mati\u00e8re premi\u00e8re et des pelles pour la sculpter, trois \u00e9tudiantes de l&rsquo;UQAC au Baccalaur\u00e9at interdisciplinaire en Arts se sont d\u00e9marqu\u00e9es au volet de la rel\u00e8ve de l&rsquo;International de sculpture sur neige du Carnaval de Qu\u00e9bec, du 25 au 28 janvier dernier. En effet, Magali Baribeau-Marchand, H\u00e9l\u00e8ne Beaulieu et Sara L\u00e9tourneau, avec [&hellip;]","og_url":"https:\/\/www.uqac.ca\/uqactualites\/2007\/04\/12\/trois-etudiantes-en-arts-se-distinguent\/","og_site_name":"UQACtualit\u00e9s","article_published_time":"2007-04-12T14:17:08+00:00","og_image":[{"url":"http:\/\/www.uqac.ca\/wp-content\/uploads\/2012\/03\/fOHtV43Hr7KU7Hzo-225x300.jpg","type":"","width":"","height":""}],"author":"Service des communications et des relations publiques","twitter_card":"summary_large_image","twitter_misc":{"\u00c9crit par":"Service des communications et des relations publiques","Estimation du temps de lecture":"1 minute"},"schema":{"@context":"https:\/\/schema.org","@graph":[{"@type":"WebPage","@id":"https:\/\/www.uqac.ca\/uqactualites\/2007\/04\/12\/trois-etudiantes-en-arts-se-distinguent\/","url":"https:\/\/www.uqac.ca\/uqactualites\/2007\/04\/12\/trois-etudiantes-en-arts-se-distinguent\/","name":"Trois \u00e9tudiantes en Arts se distinguent - UQACtualit\u00e9s","isPartOf":{"@id":"https:\/\/www.uqac.ca\/uqactualites\/#website"},"primaryImageOfPage":{"@id":"https:\/\/www.uqac.ca\/uqactualites\/2007\/04\/12\/trois-etudiantes-en-arts-se-distinguent\/#primaryimage"},"image":{"@id":"https:\/\/www.uqac.ca\/uqactualites\/2007\/04\/12\/trois-etudiantes-en-arts-se-distinguent\/#primaryimage"},"thumbnailUrl":"http:\/\/www.uqac.ca\/wp-content\/uploads\/2012\/03\/fOHtV43Hr7KU7Hzo-225x300.jpg","datePublished":"2007-04-12T14:17:08+00:00","dateModified":"2007-04-12T14:17:08+00:00","author":{"@id":"https:\/\/www.uqac.ca\/uqactualites\/#\/schema\/person\/366c45a0c4f0e677b41b4af5886e2018"},"breadcrumb":{"@id":"https:\/\/www.uqac.ca\/uqactualites\/2007\/04\/12\/trois-etudiantes-en-arts-se-distinguent\/#breadcrumb"},"inLanguage":"fr-CA","potentialAction":[{"@type":"ReadAction","target":["https:\/\/www.uqac.ca\/uqactualites\/2007\/04\/12\/trois-etudiantes-en-arts-se-distinguent\/"]}]},{"@type":"ImageObject","inLanguage":"fr-CA","@id":"https:\/\/www.uqac.ca\/uqactualites\/2007\/04\/12\/trois-etudiantes-en-arts-se-distinguent\/#primaryimage","url":"http:\/\/www.uqac.ca\/wp-content\/uploads\/2012\/03\/fOHtV43Hr7KU7Hzo-225x300.jpg","contentUrl":"http:\/\/www.uqac.ca\/wp-content\/uploads\/2012\/03\/fOHtV43Hr7KU7Hzo-225x300.jpg"},{"@type":"BreadcrumbList","@id":"https:\/\/www.uqac.ca\/uqactualites\/2007\/04\/12\/trois-etudiantes-en-arts-se-distinguent\/#breadcrumb","itemListElement":[{"@type":"ListItem","position":1,"name":"Home","item":"https:\/\/www.uqac.ca\/uqactualites\/"},{"@type":"ListItem","position":2,"name":"Trois \u00e9tudiantes en Arts se distinguent"}]},{"@type":"WebSite","@id":"https:\/\/www.uqac.ca\/uqactualites\/#website","url":"https:\/\/www.uqac.ca\/uqactualites\/","name":"UQACtualit\u00e9s","description":"Le portail des nouvelles de l&#039;UQAC","potentialAction":[{"@type":"SearchAction","target":{"@type":"EntryPoint","urlTemplate":"https:\/\/www.uqac.ca\/uqactualites\/?s={search_term_string}"},"query-input":{"@type":"PropertyValueSpecification","valueRequired":true,"valueName":"search_term_string"}}],"inLanguage":"fr-CA"},{"@type":"Person","@id":"https:\/\/www.uqac.ca\/uqactualites\/#\/schema\/person\/366c45a0c4f0e677b41b4af5886e2018","name":"Service des communications et des relations publiques","image":{"@type":"ImageObject","inLanguage":"fr-CA","@id":"https:\/\/www.uqac.ca\/uqactualites\/#\/schema\/person\/image\/","url":"https:\/\/secure.gravatar.com\/avatar\/20fbbda8a292f59f2d3461a5b999c00b?s=96&d=mm&r=g","contentUrl":"https:\/\/secure.gravatar.com\/avatar\/20fbbda8a292f59f2d3461a5b999c00b?s=96&d=mm&r=g","caption":"Service des communications et des relations publiques"},"url":"https:\/\/www.uqac.ca\/uqactualites\/author\/bap\/"}]}},"_links":{"self":[{"href":"https:\/\/www.uqac.ca\/uqactualites\/wp-json\/wp\/v2\/posts\/19523"}],"collection":[{"href":"https:\/\/www.uqac.ca\/uqactualites\/wp-json\/wp\/v2\/posts"}],"about":[{"href":"https:\/\/www.uqac.ca\/uqactualites\/wp-json\/wp\/v2\/types\/post"}],"author":[{"embeddable":true,"href":"https:\/\/www.uqac.ca\/uqactualites\/wp-json\/wp\/v2\/users\/5"}],"replies":[{"embeddable":true,"href":"https:\/\/www.uqac.ca\/uqactualites\/wp-json\/wp\/v2\/comments?post=19523"}],"version-history":[{"count":0,"href":"https:\/\/www.uqac.ca\/uqactualites\/wp-json\/wp\/v2\/posts\/19523\/revisions"}],"wp:attachment":[{"href":"https:\/\/www.uqac.ca\/uqactualites\/wp-json\/wp\/v2\/media?parent=19523"}],"wp:term":[{"taxonomy":"category","embeddable":true,"href":"https:\/\/www.uqac.ca\/uqactualites\/wp-json\/wp\/v2\/categories?post=19523"},{"taxonomy":"post_tag","embeddable":true,"href":"https:\/\/www.uqac.ca\/uqactualites\/wp-json\/wp\/v2\/tags?post=19523"}],"curies":[{"name":"wp","href":"https:\/\/api.w.org\/{rel}","templated":true}]}}