{"id":19536,"date":"2007-01-09T11:36:07","date_gmt":"2007-01-09T17:06:07","guid":{"rendered":"http:\/\/uqactualite.odev.ca\/2007\/01\/nomination-au-poste-de-directeur-du-service-des-activites-et-des-amenagements-sportifs-a-luqac\/"},"modified":"2007-01-09T11:36:07","modified_gmt":"2007-01-09T17:06:07","slug":"nomination-au-poste-de-directeur-du-service-des-activites-et-des-amenagements-sportifs-a-luqac","status":"publish","type":"post","link":"https:\/\/www.uqac.ca\/uqactualites\/2007\/01\/09\/nomination-au-poste-de-directeur-du-service-des-activites-et-des-amenagements-sportifs-a-luqac\/","title":{"rendered":"Nomination au poste de directeur du Service des activit\u00e9s et des am\u00e9nagements sportifs \u00e0 l&rsquo;UQAC"},"content":{"rendered":"<p><figure id=\"attachment_19536\" aria-describedby=\"caption-attachment-19536\" style=\"width: 225px\" class=\"wp-caption alignright\"><a href=\"http:\/\/www.uqac.ca\/wp-content\/uploads\/2012\/03\/qTn5fyUKt79Pr0uL.jpg\"><img loading=\"lazy\" decoding=\"async\" class=\"size-medium wp-image-19536\" title=\"qTn5fyUKt79Pr0uL\" src=\"http:\/\/www.uqac.ca\/wp-content\/uploads\/2012\/03\/qTn5fyUKt79Pr0uL-225x300.jpg\" width=\"225\" height=\"300\" alt=\"\" \/><\/a><figcaption id=\"caption-attachment-19536\" class=\"wp-caption-text\">Mario Ruel, directeur du Service des activit\u00e9s et des am\u00e9nagements sportifs \u00e0 l&#039;Universit\u00e9 du Qu\u00e9bec \u00e0 Chicoutimi.<\/figcaption><\/figure>Le Comit\u00e9 ex\u00e9cutif de l&rsquo;Universit\u00e9 du Qu\u00e9bec \u00e0 Chicoutimi, lors de sa derni\u00e8re r\u00e9union, a d\u00e9sign\u00e9 Monsieur Mario Ruel, directeur du Service des activit\u00e9s et des am\u00e9nagements sportifs \u00e0 l&rsquo;Universit\u00e9 du Qu\u00e9bec \u00e0 Chicoutimi. Monsieur Ruel occupe cette fonction depuis le 15 novembre 2006.<\/p>\n<p>Il est \u00e0 l&#8217;emploi de l&rsquo;UQAC depuis 1983 o\u00f9 il a occup\u00e9 diff\u00e9rentes fonctions au sein du Service des activit\u00e9s et des am\u00e9nagements sportifs. <\/p>\n<p>Soulignons, entre autres, que Monsieur Ruel fait partie du conseil d&rsquo;administration du Regroupement loisirs et sports du Saguenay\u2014Lac-Saint-Jean et a \u00e9t\u00e9 pr\u00e9sident de l&rsquo;Association r\u00e9gionale du sport \u00e9tudiant.<\/p>\n<p>Nous lui souhaitons tout le succ\u00e8s possible dans ses nouvelles fonctions.<\/p>\n","protected":false},"excerpt":{"rendered":"<p>Le Comit\u00e9 ex\u00e9cutif de l&rsquo;Universit\u00e9 du Qu\u00e9bec \u00e0 Chicoutimi, lors de sa derni\u00e8re r\u00e9union, a d\u00e9sign\u00e9 Monsieur Mario Ruel, directeur du Service des activit\u00e9s et des am\u00e9nagements sportifs \u00e0 l&rsquo;Universit\u00e9 du Qu\u00e9bec \u00e0 Chicoutimi. Monsieur Ruel occupe cette fonction depuis le 15 novembre 2006. Il est \u00e0 l&#8217;emploi de l&rsquo;UQAC depuis 1983 o\u00f9 il a [&hellip;]<\/p>\n","protected":false},"author":5,"featured_media":0,"comment_status":"closed","ping_status":"1","sticky":false,"template":"","format":"standard","meta":{"footnotes":""},"categories":[15],"tags":[],"yoast_head":"<!-- This site is optimized with the Yoast SEO plugin v24.2 - https:\/\/yoast.com\/wordpress\/plugins\/seo\/ -->\r\n<title>Nomination au poste de directeur du Service des activit\u00e9s et des am\u00e9nagements sportifs \u00e0 l&#039;UQAC - UQACtualit\u00e9s<\/title>\r\n<meta name=\"robots\" content=\"index, follow, max-snippet:-1, max-image-preview:large, max-video-preview:-1\" \/>\r\n<link rel=\"canonical\" href=\"https:\/\/www.uqac.ca\/uqactualites\/2007\/01\/09\/nomination-au-poste-de-directeur-du-service-des-activites-et-des-amenagements-sportifs-a-luqac\/\" \/>\r\n<meta property=\"og:locale\" content=\"fr_CA\" \/>\r\n<meta property=\"og:type\" content=\"article\" \/>\r\n<meta property=\"og:title\" content=\"Nomination au poste de directeur du Service des activit\u00e9s et des am\u00e9nagements sportifs \u00e0 l&#039;UQAC - UQACtualit\u00e9s\" \/>\r\n<meta property=\"og:description\" content=\"Le Comit\u00e9 ex\u00e9cutif de l&rsquo;Universit\u00e9 du Qu\u00e9bec \u00e0 Chicoutimi, lors de sa derni\u00e8re r\u00e9union, a d\u00e9sign\u00e9 Monsieur Mario Ruel, directeur du Service des activit\u00e9s et des am\u00e9nagements sportifs \u00e0 l&rsquo;Universit\u00e9 du Qu\u00e9bec \u00e0 Chicoutimi. Monsieur Ruel occupe cette fonction depuis le 15 novembre 2006. Il est \u00e0 l&#8217;emploi de l&rsquo;UQAC depuis 1983 o\u00f9 il a [&hellip;]\" \/>\r\n<meta property=\"og:url\" content=\"https:\/\/www.uqac.ca\/uqactualites\/2007\/01\/09\/nomination-au-poste-de-directeur-du-service-des-activites-et-des-amenagements-sportifs-a-luqac\/\" \/>\r\n<meta property=\"og:site_name\" content=\"UQACtualit\u00e9s\" \/>\r\n<meta property=\"article:published_time\" content=\"2007-01-09T17:06:07+00:00\" \/>\r\n<meta property=\"og:image\" content=\"http:\/\/www.uqac.ca\/wp-content\/uploads\/2012\/03\/qTn5fyUKt79Pr0uL-225x300.jpg\" \/>\r\n<meta name=\"author\" content=\"Service des communications et des relations publiques\" \/>\r\n<meta name=\"twitter:card\" content=\"summary_large_image\" \/>\r\n<meta name=\"twitter:label1\" content=\"\u00c9crit par\" \/>\n\t<meta name=\"twitter:data1\" content=\"Service des communications et des relations publiques\" \/>\n\t<meta name=\"twitter:label2\" content=\"Estimation du temps de lecture\" \/>\n\t<meta name=\"twitter:data2\" content=\"1 minute\" \/>\r\n<script type=\"application\/ld+json\" class=\"yoast-schema-graph\">{\"@context\":\"https:\/\/schema.org\",\"@graph\":[{\"@type\":\"WebPage\",\"@id\":\"https:\/\/www.uqac.ca\/uqactualites\/2007\/01\/09\/nomination-au-poste-de-directeur-du-service-des-activites-et-des-amenagements-sportifs-a-luqac\/\",\"url\":\"https:\/\/www.uqac.ca\/uqactualites\/2007\/01\/09\/nomination-au-poste-de-directeur-du-service-des-activites-et-des-amenagements-sportifs-a-luqac\/\",\"name\":\"Nomination au poste de directeur du Service des activit\u00e9s et des am\u00e9nagements sportifs \u00e0 l'UQAC - UQACtualit\u00e9s\",\"isPartOf\":{\"@id\":\"https:\/\/www.uqac.ca\/uqactualites\/#website\"},\"primaryImageOfPage\":{\"@id\":\"https:\/\/www.uqac.ca\/uqactualites\/2007\/01\/09\/nomination-au-poste-de-directeur-du-service-des-activites-et-des-amenagements-sportifs-a-luqac\/#primaryimage\"},\"image\":{\"@id\":\"https:\/\/www.uqac.ca\/uqactualites\/2007\/01\/09\/nomination-au-poste-de-directeur-du-service-des-activites-et-des-amenagements-sportifs-a-luqac\/#primaryimage\"},\"thumbnailUrl\":\"http:\/\/www.uqac.ca\/wp-content\/uploads\/2012\/03\/qTn5fyUKt79Pr0uL-225x300.jpg\",\"datePublished\":\"2007-01-09T17:06:07+00:00\",\"dateModified\":\"2007-01-09T17:06:07+00:00\",\"author\":{\"@id\":\"https:\/\/www.uqac.ca\/uqactualites\/#\/schema\/person\/366c45a0c4f0e677b41b4af5886e2018\"},\"breadcrumb\":{\"@id\":\"https:\/\/www.uqac.ca\/uqactualites\/2007\/01\/09\/nomination-au-poste-de-directeur-du-service-des-activites-et-des-amenagements-sportifs-a-luqac\/#breadcrumb\"},\"inLanguage\":\"fr-CA\",\"potentialAction\":[{\"@type\":\"ReadAction\",\"target\":[\"https:\/\/www.uqac.ca\/uqactualites\/2007\/01\/09\/nomination-au-poste-de-directeur-du-service-des-activites-et-des-amenagements-sportifs-a-luqac\/\"]}]},{\"@type\":\"ImageObject\",\"inLanguage\":\"fr-CA\",\"@id\":\"https:\/\/www.uqac.ca\/uqactualites\/2007\/01\/09\/nomination-au-poste-de-directeur-du-service-des-activites-et-des-amenagements-sportifs-a-luqac\/#primaryimage\",\"url\":\"http:\/\/www.uqac.ca\/wp-content\/uploads\/2012\/03\/qTn5fyUKt79Pr0uL-225x300.jpg\",\"contentUrl\":\"http:\/\/www.uqac.ca\/wp-content\/uploads\/2012\/03\/qTn5fyUKt79Pr0uL-225x300.jpg\"},{\"@type\":\"BreadcrumbList\",\"@id\":\"https:\/\/www.uqac.ca\/uqactualites\/2007\/01\/09\/nomination-au-poste-de-directeur-du-service-des-activites-et-des-amenagements-sportifs-a-luqac\/#breadcrumb\",\"itemListElement\":[{\"@type\":\"ListItem\",\"position\":1,\"name\":\"Home\",\"item\":\"https:\/\/www.uqac.ca\/uqactualites\/\"},{\"@type\":\"ListItem\",\"position\":2,\"name\":\"Nomination au poste de directeur du Service des activit\u00e9s et des am\u00e9nagements sportifs \u00e0 l&rsquo;UQAC\"}]},{\"@type\":\"WebSite\",\"@id\":\"https:\/\/www.uqac.ca\/uqactualites\/#website\",\"url\":\"https:\/\/www.uqac.ca\/uqactualites\/\",\"name\":\"UQACtualit\u00e9s\",\"description\":\"Le portail des nouvelles de l&#039;UQAC\",\"potentialAction\":[{\"@type\":\"SearchAction\",\"target\":{\"@type\":\"EntryPoint\",\"urlTemplate\":\"https:\/\/www.uqac.ca\/uqactualites\/?s={search_term_string}\"},\"query-input\":{\"@type\":\"PropertyValueSpecification\",\"valueRequired\":true,\"valueName\":\"search_term_string\"}}],\"inLanguage\":\"fr-CA\"},{\"@type\":\"Person\",\"@id\":\"https:\/\/www.uqac.ca\/uqactualites\/#\/schema\/person\/366c45a0c4f0e677b41b4af5886e2018\",\"name\":\"Service des communications et des relations publiques\",\"image\":{\"@type\":\"ImageObject\",\"inLanguage\":\"fr-CA\",\"@id\":\"https:\/\/www.uqac.ca\/uqactualites\/#\/schema\/person\/image\/\",\"url\":\"https:\/\/secure.gravatar.com\/avatar\/20fbbda8a292f59f2d3461a5b999c00b?s=96&d=mm&r=g\",\"contentUrl\":\"https:\/\/secure.gravatar.com\/avatar\/20fbbda8a292f59f2d3461a5b999c00b?s=96&d=mm&r=g\",\"caption\":\"Service des communications et des relations publiques\"},\"url\":\"https:\/\/www.uqac.ca\/uqactualites\/author\/bap\/\"}]}<\/script>\r\n<!-- \/ Yoast SEO plugin. -->","yoast_head_json":{"title":"Nomination au poste de directeur du Service des activit\u00e9s et des am\u00e9nagements sportifs \u00e0 l'UQAC - UQACtualit\u00e9s","robots":{"index":"index","follow":"follow","max-snippet":"max-snippet:-1","max-image-preview":"max-image-preview:large","max-video-preview":"max-video-preview:-1"},"canonical":"https:\/\/www.uqac.ca\/uqactualites\/2007\/01\/09\/nomination-au-poste-de-directeur-du-service-des-activites-et-des-amenagements-sportifs-a-luqac\/","og_locale":"fr_CA","og_type":"article","og_title":"Nomination au poste de directeur du Service des activit\u00e9s et des am\u00e9nagements sportifs \u00e0 l'UQAC - UQACtualit\u00e9s","og_description":"Le Comit\u00e9 ex\u00e9cutif de l&rsquo;Universit\u00e9 du Qu\u00e9bec \u00e0 Chicoutimi, lors de sa derni\u00e8re r\u00e9union, a d\u00e9sign\u00e9 Monsieur Mario Ruel, directeur du Service des activit\u00e9s et des am\u00e9nagements sportifs \u00e0 l&rsquo;Universit\u00e9 du Qu\u00e9bec \u00e0 Chicoutimi. Monsieur Ruel occupe cette fonction depuis le 15 novembre 2006. Il est \u00e0 l&#8217;emploi de l&rsquo;UQAC depuis 1983 o\u00f9 il a [&hellip;]","og_url":"https:\/\/www.uqac.ca\/uqactualites\/2007\/01\/09\/nomination-au-poste-de-directeur-du-service-des-activites-et-des-amenagements-sportifs-a-luqac\/","og_site_name":"UQACtualit\u00e9s","article_published_time":"2007-01-09T17:06:07+00:00","og_image":[{"url":"http:\/\/www.uqac.ca\/wp-content\/uploads\/2012\/03\/qTn5fyUKt79Pr0uL-225x300.jpg","type":"","width":"","height":""}],"author":"Service des communications et des relations publiques","twitter_card":"summary_large_image","twitter_misc":{"\u00c9crit par":"Service des communications et des relations publiques","Estimation du temps de lecture":"1 minute"},"schema":{"@context":"https:\/\/schema.org","@graph":[{"@type":"WebPage","@id":"https:\/\/www.uqac.ca\/uqactualites\/2007\/01\/09\/nomination-au-poste-de-directeur-du-service-des-activites-et-des-amenagements-sportifs-a-luqac\/","url":"https:\/\/www.uqac.ca\/uqactualites\/2007\/01\/09\/nomination-au-poste-de-directeur-du-service-des-activites-et-des-amenagements-sportifs-a-luqac\/","name":"Nomination au poste de directeur du Service des activit\u00e9s et des am\u00e9nagements sportifs \u00e0 l'UQAC - UQACtualit\u00e9s","isPartOf":{"@id":"https:\/\/www.uqac.ca\/uqactualites\/#website"},"primaryImageOfPage":{"@id":"https:\/\/www.uqac.ca\/uqactualites\/2007\/01\/09\/nomination-au-poste-de-directeur-du-service-des-activites-et-des-amenagements-sportifs-a-luqac\/#primaryimage"},"image":{"@id":"https:\/\/www.uqac.ca\/uqactualites\/2007\/01\/09\/nomination-au-poste-de-directeur-du-service-des-activites-et-des-amenagements-sportifs-a-luqac\/#primaryimage"},"thumbnailUrl":"http:\/\/www.uqac.ca\/wp-content\/uploads\/2012\/03\/qTn5fyUKt79Pr0uL-225x300.jpg","datePublished":"2007-01-09T17:06:07+00:00","dateModified":"2007-01-09T17:06:07+00:00","author":{"@id":"https:\/\/www.uqac.ca\/uqactualites\/#\/schema\/person\/366c45a0c4f0e677b41b4af5886e2018"},"breadcrumb":{"@id":"https:\/\/www.uqac.ca\/uqactualites\/2007\/01\/09\/nomination-au-poste-de-directeur-du-service-des-activites-et-des-amenagements-sportifs-a-luqac\/#breadcrumb"},"inLanguage":"fr-CA","potentialAction":[{"@type":"ReadAction","target":["https:\/\/www.uqac.ca\/uqactualites\/2007\/01\/09\/nomination-au-poste-de-directeur-du-service-des-activites-et-des-amenagements-sportifs-a-luqac\/"]}]},{"@type":"ImageObject","inLanguage":"fr-CA","@id":"https:\/\/www.uqac.ca\/uqactualites\/2007\/01\/09\/nomination-au-poste-de-directeur-du-service-des-activites-et-des-amenagements-sportifs-a-luqac\/#primaryimage","url":"http:\/\/www.uqac.ca\/wp-content\/uploads\/2012\/03\/qTn5fyUKt79Pr0uL-225x300.jpg","contentUrl":"http:\/\/www.uqac.ca\/wp-content\/uploads\/2012\/03\/qTn5fyUKt79Pr0uL-225x300.jpg"},{"@type":"BreadcrumbList","@id":"https:\/\/www.uqac.ca\/uqactualites\/2007\/01\/09\/nomination-au-poste-de-directeur-du-service-des-activites-et-des-amenagements-sportifs-a-luqac\/#breadcrumb","itemListElement":[{"@type":"ListItem","position":1,"name":"Home","item":"https:\/\/www.uqac.ca\/uqactualites\/"},{"@type":"ListItem","position":2,"name":"Nomination au poste de directeur du Service des activit\u00e9s et des am\u00e9nagements sportifs \u00e0 l&rsquo;UQAC"}]},{"@type":"WebSite","@id":"https:\/\/www.uqac.ca\/uqactualites\/#website","url":"https:\/\/www.uqac.ca\/uqactualites\/","name":"UQACtualit\u00e9s","description":"Le portail des nouvelles de l&#039;UQAC","potentialAction":[{"@type":"SearchAction","target":{"@type":"EntryPoint","urlTemplate":"https:\/\/www.uqac.ca\/uqactualites\/?s={search_term_string}"},"query-input":{"@type":"PropertyValueSpecification","valueRequired":true,"valueName":"search_term_string"}}],"inLanguage":"fr-CA"},{"@type":"Person","@id":"https:\/\/www.uqac.ca\/uqactualites\/#\/schema\/person\/366c45a0c4f0e677b41b4af5886e2018","name":"Service des communications et des relations publiques","image":{"@type":"ImageObject","inLanguage":"fr-CA","@id":"https:\/\/www.uqac.ca\/uqactualites\/#\/schema\/person\/image\/","url":"https:\/\/secure.gravatar.com\/avatar\/20fbbda8a292f59f2d3461a5b999c00b?s=96&d=mm&r=g","contentUrl":"https:\/\/secure.gravatar.com\/avatar\/20fbbda8a292f59f2d3461a5b999c00b?s=96&d=mm&r=g","caption":"Service des communications et des relations publiques"},"url":"https:\/\/www.uqac.ca\/uqactualites\/author\/bap\/"}]}},"_links":{"self":[{"href":"https:\/\/www.uqac.ca\/uqactualites\/wp-json\/wp\/v2\/posts\/19536"}],"collection":[{"href":"https:\/\/www.uqac.ca\/uqactualites\/wp-json\/wp\/v2\/posts"}],"about":[{"href":"https:\/\/www.uqac.ca\/uqactualites\/wp-json\/wp\/v2\/types\/post"}],"author":[{"embeddable":true,"href":"https:\/\/www.uqac.ca\/uqactualites\/wp-json\/wp\/v2\/users\/5"}],"replies":[{"embeddable":true,"href":"https:\/\/www.uqac.ca\/uqactualites\/wp-json\/wp\/v2\/comments?post=19536"}],"version-history":[{"count":0,"href":"https:\/\/www.uqac.ca\/uqactualites\/wp-json\/wp\/v2\/posts\/19536\/revisions"}],"wp:attachment":[{"href":"https:\/\/www.uqac.ca\/uqactualites\/wp-json\/wp\/v2\/media?parent=19536"}],"wp:term":[{"taxonomy":"category","embeddable":true,"href":"https:\/\/www.uqac.ca\/uqactualites\/wp-json\/wp\/v2\/categories?post=19536"},{"taxonomy":"post_tag","embeddable":true,"href":"https:\/\/www.uqac.ca\/uqactualites\/wp-json\/wp\/v2\/tags?post=19536"}],"curies":[{"name":"wp","href":"https:\/\/api.w.org\/{rel}","templated":true}]}}