{"id":19543,"date":"2006-12-19T14:49:11","date_gmt":"2006-12-19T20:19:11","guid":{"rendered":"http:\/\/uqactualite.odev.ca\/2006\/12\/luniversite-de-moncton-remet-un-doctorat-honoris-causa-a-monsieur-gerard-bouchard\/"},"modified":"2006-12-19T14:49:11","modified_gmt":"2006-12-19T20:19:11","slug":"luniversite-de-moncton-remet-un-doctorat-honoris-causa-a-monsieur-gerard-bouchard","status":"publish","type":"post","link":"https:\/\/www.uqac.ca\/uqactualites\/2006\/12\/19\/luniversite-de-moncton-remet-un-doctorat-honoris-causa-a-monsieur-gerard-bouchard\/","title":{"rendered":"L&rsquo;Universit\u00e9 de Moncton remet un doctorat Honoris Causa \u00e0 Monsieur G\u00e9rard Bouchard"},"content":{"rendered":"<p><figure id=\"attachment_19543\" aria-describedby=\"caption-attachment-19543\" style=\"width: 225px\" class=\"wp-caption alignright\"><a href=\"http:\/\/www.uqac.ca\/wp-content\/uploads\/2012\/03\/Nebo7heHLrLMjYzk.jpg\"><img loading=\"lazy\" decoding=\"async\" class=\"size-medium wp-image-19543\" title=\"Nebo7heHLrLMjYzk\" src=\"http:\/\/www.uqac.ca\/wp-content\/uploads\/2012\/03\/Nebo7heHLrLMjYzk-225x300.jpg\" width=\"225\" height=\"300\" alt=\"\" \/><\/a><figcaption id=\"caption-attachment-19543\" class=\"wp-caption-text\">G\u00e9rard Bouchard<\/figcaption><\/figure>L&rsquo;Universit\u00e9 de Moncton a d\u00e9cern\u00e9 le 21 octobre dernier, un doctorat honoris causa, \u00e0 Monsieur G\u00e9rard Bouchard, professeur au D\u00e9partement des sciences humaines \u00e0 l&rsquo;Universit\u00e9 du Qu\u00e9bec \u00e0 Chicoutimi, lors de la Collation des grades de la Facult\u00e9 des sciences sociales et des arts.<\/p>\n<p>L&rsquo;Universit\u00e9 de Moncton a ainsi voulu reconna\u00eetre la qualit\u00e9 et le rayonnement des travaux de Monsieur Bouchard, en particulier dans le domaine de la g\u00e9n\u00e9tique, de l&rsquo;\u00e9tude compar\u00e9e des collectivit\u00e9s neuves et des imaginaires collectifs. \u00c0 cette occasion, l&rsquo;invit\u00e9 d&rsquo;honneur a \u00e9galement \u00e9t\u00e9 charg\u00e9 de prononcer le discours d&rsquo;usage \u00e0 l&rsquo;intention des gradu\u00e9s et du personnel de l&rsquo;Universit\u00e9.<\/p>\n<p>Le recteur de l&rsquo;Universit\u00e9 de Moncton, Monsieur Yvon Fontaine, n&rsquo;a pas manqu\u00e9 de souligner les nombreuses similitudes entre l&rsquo;Universit\u00e9 du Qu\u00e9bec \u00e0 Chicoutimi et l&rsquo;Universit\u00e9 de Moncton. Il s&rsquo;est r\u00e9joui de ce que ces universit\u00e9s de taille modeste, situ\u00e9es en p\u00e9riph\u00e9rie des m\u00e9tropoles, puissent n\u00e9anmoins faire leur marque \u00e0 l&rsquo;\u00e9chelle internationale. La carri\u00e8re de Monsieur G\u00e9rard Bouchard en est pour lui un exemple \u00e9loquent.<\/p>\n<p>Soulignons que Monsieur G\u00e9rard Bouchard a d\u00e9j\u00e0 re\u00e7u, en 2001, un doctorat honorifique de l&rsquo;Universit\u00e9 McGill.<\/p>\n","protected":false},"excerpt":{"rendered":"<p>L&rsquo;Universit\u00e9 de Moncton a d\u00e9cern\u00e9 le 21 octobre dernier, un doctorat honoris causa, \u00e0 Monsieur G\u00e9rard Bouchard, professeur au D\u00e9partement des sciences humaines \u00e0 l&rsquo;Universit\u00e9 du Qu\u00e9bec \u00e0 Chicoutimi, lors de la Collation des grades de la Facult\u00e9 des sciences sociales et des arts. L&rsquo;Universit\u00e9 de Moncton a ainsi voulu reconna\u00eetre la qualit\u00e9 et le [&hellip;]<\/p>\n","protected":false},"author":5,"featured_media":0,"comment_status":"closed","ping_status":"1","sticky":false,"template":"","format":"standard","meta":{"footnotes":""},"categories":[9],"tags":[],"yoast_head":"<!-- This site is optimized with the Yoast SEO plugin v24.2 - https:\/\/yoast.com\/wordpress\/plugins\/seo\/ -->\r\n<title>L&#039;Universit\u00e9 de Moncton remet un doctorat Honoris Causa \u00e0 Monsieur G\u00e9rard Bouchard - UQACtualit\u00e9s<\/title>\r\n<meta name=\"robots\" content=\"index, follow, max-snippet:-1, max-image-preview:large, max-video-preview:-1\" \/>\r\n<link rel=\"canonical\" href=\"https:\/\/www.uqac.ca\/uqactualites\/2006\/12\/19\/luniversite-de-moncton-remet-un-doctorat-honoris-causa-a-monsieur-gerard-bouchard\/\" \/>\r\n<meta property=\"og:locale\" content=\"fr_CA\" \/>\r\n<meta property=\"og:type\" content=\"article\" \/>\r\n<meta property=\"og:title\" content=\"L&#039;Universit\u00e9 de Moncton remet un doctorat Honoris Causa \u00e0 Monsieur G\u00e9rard Bouchard - UQACtualit\u00e9s\" \/>\r\n<meta property=\"og:description\" content=\"L&rsquo;Universit\u00e9 de Moncton a d\u00e9cern\u00e9 le 21 octobre dernier, un doctorat honoris causa, \u00e0 Monsieur G\u00e9rard Bouchard, professeur au D\u00e9partement des sciences humaines \u00e0 l&rsquo;Universit\u00e9 du Qu\u00e9bec \u00e0 Chicoutimi, lors de la Collation des grades de la Facult\u00e9 des sciences sociales et des arts. L&rsquo;Universit\u00e9 de Moncton a ainsi voulu reconna\u00eetre la qualit\u00e9 et le [&hellip;]\" \/>\r\n<meta property=\"og:url\" content=\"https:\/\/www.uqac.ca\/uqactualites\/2006\/12\/19\/luniversite-de-moncton-remet-un-doctorat-honoris-causa-a-monsieur-gerard-bouchard\/\" \/>\r\n<meta property=\"og:site_name\" content=\"UQACtualit\u00e9s\" \/>\r\n<meta property=\"article:published_time\" content=\"2006-12-19T20:19:11+00:00\" \/>\r\n<meta property=\"og:image\" content=\"http:\/\/www.uqac.ca\/wp-content\/uploads\/2012\/03\/Nebo7heHLrLMjYzk-225x300.jpg\" \/>\r\n<meta name=\"author\" content=\"Service des communications et des relations publiques\" \/>\r\n<meta name=\"twitter:card\" content=\"summary_large_image\" \/>\r\n<meta name=\"twitter:label1\" content=\"\u00c9crit par\" \/>\n\t<meta name=\"twitter:data1\" content=\"Service des communications et des relations publiques\" \/>\n\t<meta name=\"twitter:label2\" content=\"Estimation du temps de lecture\" \/>\n\t<meta name=\"twitter:data2\" content=\"1 minute\" \/>\r\n<script type=\"application\/ld+json\" class=\"yoast-schema-graph\">{\"@context\":\"https:\/\/schema.org\",\"@graph\":[{\"@type\":\"WebPage\",\"@id\":\"https:\/\/www.uqac.ca\/uqactualites\/2006\/12\/19\/luniversite-de-moncton-remet-un-doctorat-honoris-causa-a-monsieur-gerard-bouchard\/\",\"url\":\"https:\/\/www.uqac.ca\/uqactualites\/2006\/12\/19\/luniversite-de-moncton-remet-un-doctorat-honoris-causa-a-monsieur-gerard-bouchard\/\",\"name\":\"L'Universit\u00e9 de Moncton remet un doctorat Honoris Causa \u00e0 Monsieur G\u00e9rard Bouchard - UQACtualit\u00e9s\",\"isPartOf\":{\"@id\":\"https:\/\/www.uqac.ca\/uqactualites\/#website\"},\"primaryImageOfPage\":{\"@id\":\"https:\/\/www.uqac.ca\/uqactualites\/2006\/12\/19\/luniversite-de-moncton-remet-un-doctorat-honoris-causa-a-monsieur-gerard-bouchard\/#primaryimage\"},\"image\":{\"@id\":\"https:\/\/www.uqac.ca\/uqactualites\/2006\/12\/19\/luniversite-de-moncton-remet-un-doctorat-honoris-causa-a-monsieur-gerard-bouchard\/#primaryimage\"},\"thumbnailUrl\":\"http:\/\/www.uqac.ca\/wp-content\/uploads\/2012\/03\/Nebo7heHLrLMjYzk-225x300.jpg\",\"datePublished\":\"2006-12-19T20:19:11+00:00\",\"dateModified\":\"2006-12-19T20:19:11+00:00\",\"author\":{\"@id\":\"https:\/\/www.uqac.ca\/uqactualites\/#\/schema\/person\/366c45a0c4f0e677b41b4af5886e2018\"},\"breadcrumb\":{\"@id\":\"https:\/\/www.uqac.ca\/uqactualites\/2006\/12\/19\/luniversite-de-moncton-remet-un-doctorat-honoris-causa-a-monsieur-gerard-bouchard\/#breadcrumb\"},\"inLanguage\":\"fr-CA\",\"potentialAction\":[{\"@type\":\"ReadAction\",\"target\":[\"https:\/\/www.uqac.ca\/uqactualites\/2006\/12\/19\/luniversite-de-moncton-remet-un-doctorat-honoris-causa-a-monsieur-gerard-bouchard\/\"]}]},{\"@type\":\"ImageObject\",\"inLanguage\":\"fr-CA\",\"@id\":\"https:\/\/www.uqac.ca\/uqactualites\/2006\/12\/19\/luniversite-de-moncton-remet-un-doctorat-honoris-causa-a-monsieur-gerard-bouchard\/#primaryimage\",\"url\":\"http:\/\/www.uqac.ca\/wp-content\/uploads\/2012\/03\/Nebo7heHLrLMjYzk-225x300.jpg\",\"contentUrl\":\"http:\/\/www.uqac.ca\/wp-content\/uploads\/2012\/03\/Nebo7heHLrLMjYzk-225x300.jpg\"},{\"@type\":\"BreadcrumbList\",\"@id\":\"https:\/\/www.uqac.ca\/uqactualites\/2006\/12\/19\/luniversite-de-moncton-remet-un-doctorat-honoris-causa-a-monsieur-gerard-bouchard\/#breadcrumb\",\"itemListElement\":[{\"@type\":\"ListItem\",\"position\":1,\"name\":\"Home\",\"item\":\"https:\/\/www.uqac.ca\/uqactualites\/\"},{\"@type\":\"ListItem\",\"position\":2,\"name\":\"L&rsquo;Universit\u00e9 de Moncton remet un doctorat Honoris Causa \u00e0 Monsieur G\u00e9rard Bouchard\"}]},{\"@type\":\"WebSite\",\"@id\":\"https:\/\/www.uqac.ca\/uqactualites\/#website\",\"url\":\"https:\/\/www.uqac.ca\/uqactualites\/\",\"name\":\"UQACtualit\u00e9s\",\"description\":\"Le portail des nouvelles de l&#039;UQAC\",\"potentialAction\":[{\"@type\":\"SearchAction\",\"target\":{\"@type\":\"EntryPoint\",\"urlTemplate\":\"https:\/\/www.uqac.ca\/uqactualites\/?s={search_term_string}\"},\"query-input\":{\"@type\":\"PropertyValueSpecification\",\"valueRequired\":true,\"valueName\":\"search_term_string\"}}],\"inLanguage\":\"fr-CA\"},{\"@type\":\"Person\",\"@id\":\"https:\/\/www.uqac.ca\/uqactualites\/#\/schema\/person\/366c45a0c4f0e677b41b4af5886e2018\",\"name\":\"Service des communications et des relations publiques\",\"image\":{\"@type\":\"ImageObject\",\"inLanguage\":\"fr-CA\",\"@id\":\"https:\/\/www.uqac.ca\/uqactualites\/#\/schema\/person\/image\/\",\"url\":\"https:\/\/secure.gravatar.com\/avatar\/20fbbda8a292f59f2d3461a5b999c00b?s=96&d=mm&r=g\",\"contentUrl\":\"https:\/\/secure.gravatar.com\/avatar\/20fbbda8a292f59f2d3461a5b999c00b?s=96&d=mm&r=g\",\"caption\":\"Service des communications et des relations publiques\"},\"url\":\"https:\/\/www.uqac.ca\/uqactualites\/author\/bap\/\"}]}<\/script>\r\n<!-- \/ Yoast SEO plugin. -->","yoast_head_json":{"title":"L'Universit\u00e9 de Moncton remet un doctorat Honoris Causa \u00e0 Monsieur G\u00e9rard Bouchard - UQACtualit\u00e9s","robots":{"index":"index","follow":"follow","max-snippet":"max-snippet:-1","max-image-preview":"max-image-preview:large","max-video-preview":"max-video-preview:-1"},"canonical":"https:\/\/www.uqac.ca\/uqactualites\/2006\/12\/19\/luniversite-de-moncton-remet-un-doctorat-honoris-causa-a-monsieur-gerard-bouchard\/","og_locale":"fr_CA","og_type":"article","og_title":"L'Universit\u00e9 de Moncton remet un doctorat Honoris Causa \u00e0 Monsieur G\u00e9rard Bouchard - UQACtualit\u00e9s","og_description":"L&rsquo;Universit\u00e9 de Moncton a d\u00e9cern\u00e9 le 21 octobre dernier, un doctorat honoris causa, \u00e0 Monsieur G\u00e9rard Bouchard, professeur au D\u00e9partement des sciences humaines \u00e0 l&rsquo;Universit\u00e9 du Qu\u00e9bec \u00e0 Chicoutimi, lors de la Collation des grades de la Facult\u00e9 des sciences sociales et des arts. L&rsquo;Universit\u00e9 de Moncton a ainsi voulu reconna\u00eetre la qualit\u00e9 et le [&hellip;]","og_url":"https:\/\/www.uqac.ca\/uqactualites\/2006\/12\/19\/luniversite-de-moncton-remet-un-doctorat-honoris-causa-a-monsieur-gerard-bouchard\/","og_site_name":"UQACtualit\u00e9s","article_published_time":"2006-12-19T20:19:11+00:00","og_image":[{"url":"http:\/\/www.uqac.ca\/wp-content\/uploads\/2012\/03\/Nebo7heHLrLMjYzk-225x300.jpg","type":"","width":"","height":""}],"author":"Service des communications et des relations publiques","twitter_card":"summary_large_image","twitter_misc":{"\u00c9crit par":"Service des communications et des relations publiques","Estimation du temps de lecture":"1 minute"},"schema":{"@context":"https:\/\/schema.org","@graph":[{"@type":"WebPage","@id":"https:\/\/www.uqac.ca\/uqactualites\/2006\/12\/19\/luniversite-de-moncton-remet-un-doctorat-honoris-causa-a-monsieur-gerard-bouchard\/","url":"https:\/\/www.uqac.ca\/uqactualites\/2006\/12\/19\/luniversite-de-moncton-remet-un-doctorat-honoris-causa-a-monsieur-gerard-bouchard\/","name":"L'Universit\u00e9 de Moncton remet un doctorat Honoris Causa \u00e0 Monsieur G\u00e9rard Bouchard - UQACtualit\u00e9s","isPartOf":{"@id":"https:\/\/www.uqac.ca\/uqactualites\/#website"},"primaryImageOfPage":{"@id":"https:\/\/www.uqac.ca\/uqactualites\/2006\/12\/19\/luniversite-de-moncton-remet-un-doctorat-honoris-causa-a-monsieur-gerard-bouchard\/#primaryimage"},"image":{"@id":"https:\/\/www.uqac.ca\/uqactualites\/2006\/12\/19\/luniversite-de-moncton-remet-un-doctorat-honoris-causa-a-monsieur-gerard-bouchard\/#primaryimage"},"thumbnailUrl":"http:\/\/www.uqac.ca\/wp-content\/uploads\/2012\/03\/Nebo7heHLrLMjYzk-225x300.jpg","datePublished":"2006-12-19T20:19:11+00:00","dateModified":"2006-12-19T20:19:11+00:00","author":{"@id":"https:\/\/www.uqac.ca\/uqactualites\/#\/schema\/person\/366c45a0c4f0e677b41b4af5886e2018"},"breadcrumb":{"@id":"https:\/\/www.uqac.ca\/uqactualites\/2006\/12\/19\/luniversite-de-moncton-remet-un-doctorat-honoris-causa-a-monsieur-gerard-bouchard\/#breadcrumb"},"inLanguage":"fr-CA","potentialAction":[{"@type":"ReadAction","target":["https:\/\/www.uqac.ca\/uqactualites\/2006\/12\/19\/luniversite-de-moncton-remet-un-doctorat-honoris-causa-a-monsieur-gerard-bouchard\/"]}]},{"@type":"ImageObject","inLanguage":"fr-CA","@id":"https:\/\/www.uqac.ca\/uqactualites\/2006\/12\/19\/luniversite-de-moncton-remet-un-doctorat-honoris-causa-a-monsieur-gerard-bouchard\/#primaryimage","url":"http:\/\/www.uqac.ca\/wp-content\/uploads\/2012\/03\/Nebo7heHLrLMjYzk-225x300.jpg","contentUrl":"http:\/\/www.uqac.ca\/wp-content\/uploads\/2012\/03\/Nebo7heHLrLMjYzk-225x300.jpg"},{"@type":"BreadcrumbList","@id":"https:\/\/www.uqac.ca\/uqactualites\/2006\/12\/19\/luniversite-de-moncton-remet-un-doctorat-honoris-causa-a-monsieur-gerard-bouchard\/#breadcrumb","itemListElement":[{"@type":"ListItem","position":1,"name":"Home","item":"https:\/\/www.uqac.ca\/uqactualites\/"},{"@type":"ListItem","position":2,"name":"L&rsquo;Universit\u00e9 de Moncton remet un doctorat Honoris Causa \u00e0 Monsieur G\u00e9rard Bouchard"}]},{"@type":"WebSite","@id":"https:\/\/www.uqac.ca\/uqactualites\/#website","url":"https:\/\/www.uqac.ca\/uqactualites\/","name":"UQACtualit\u00e9s","description":"Le portail des nouvelles de l&#039;UQAC","potentialAction":[{"@type":"SearchAction","target":{"@type":"EntryPoint","urlTemplate":"https:\/\/www.uqac.ca\/uqactualites\/?s={search_term_string}"},"query-input":{"@type":"PropertyValueSpecification","valueRequired":true,"valueName":"search_term_string"}}],"inLanguage":"fr-CA"},{"@type":"Person","@id":"https:\/\/www.uqac.ca\/uqactualites\/#\/schema\/person\/366c45a0c4f0e677b41b4af5886e2018","name":"Service des communications et des relations publiques","image":{"@type":"ImageObject","inLanguage":"fr-CA","@id":"https:\/\/www.uqac.ca\/uqactualites\/#\/schema\/person\/image\/","url":"https:\/\/secure.gravatar.com\/avatar\/20fbbda8a292f59f2d3461a5b999c00b?s=96&d=mm&r=g","contentUrl":"https:\/\/secure.gravatar.com\/avatar\/20fbbda8a292f59f2d3461a5b999c00b?s=96&d=mm&r=g","caption":"Service des communications et des relations publiques"},"url":"https:\/\/www.uqac.ca\/uqactualites\/author\/bap\/"}]}},"_links":{"self":[{"href":"https:\/\/www.uqac.ca\/uqactualites\/wp-json\/wp\/v2\/posts\/19543"}],"collection":[{"href":"https:\/\/www.uqac.ca\/uqactualites\/wp-json\/wp\/v2\/posts"}],"about":[{"href":"https:\/\/www.uqac.ca\/uqactualites\/wp-json\/wp\/v2\/types\/post"}],"author":[{"embeddable":true,"href":"https:\/\/www.uqac.ca\/uqactualites\/wp-json\/wp\/v2\/users\/5"}],"replies":[{"embeddable":true,"href":"https:\/\/www.uqac.ca\/uqactualites\/wp-json\/wp\/v2\/comments?post=19543"}],"version-history":[{"count":0,"href":"https:\/\/www.uqac.ca\/uqactualites\/wp-json\/wp\/v2\/posts\/19543\/revisions"}],"wp:attachment":[{"href":"https:\/\/www.uqac.ca\/uqactualites\/wp-json\/wp\/v2\/media?parent=19543"}],"wp:term":[{"taxonomy":"category","embeddable":true,"href":"https:\/\/www.uqac.ca\/uqactualites\/wp-json\/wp\/v2\/categories?post=19543"},{"taxonomy":"post_tag","embeddable":true,"href":"https:\/\/www.uqac.ca\/uqactualites\/wp-json\/wp\/v2\/tags?post=19543"}],"curies":[{"name":"wp","href":"https:\/\/api.w.org\/{rel}","templated":true}]}}