{"id":19544,"date":"2006-12-07T14:52:47","date_gmt":"2006-12-07T20:22:47","guid":{"rendered":"http:\/\/uqactualite.odev.ca\/2006\/12\/stages-internationaux-de-formation-pratique-les-etudiants-en-education-presentent-le-fruit-de-leur-experience\/"},"modified":"2006-12-07T14:52:47","modified_gmt":"2006-12-07T20:22:47","slug":"stages-internationaux-de-formation-pratique-les-etudiants-en-education-presentent-le-fruit-de-leur-experience","status":"publish","type":"post","link":"https:\/\/www.uqac.ca\/uqactualites\/2006\/12\/07\/stages-internationaux-de-formation-pratique-les-etudiants-en-education-presentent-le-fruit-de-leur-experience\/","title":{"rendered":"Stages internationaux de formation pratique : Les \u00e9tudiants en \u00e9ducation pr\u00e9sentent le fruit de leur exp\u00e9rience"},"content":{"rendered":"<p><figure id=\"attachment_19544\" aria-describedby=\"caption-attachment-19544\" style=\"width: 300px\" class=\"wp-caption alignright\"><a href=\"http:\/\/www.uqac.ca\/wp-content\/uploads\/2012\/03\/PcXY0j7aJEfaLN9i.jpg\"><img loading=\"lazy\" decoding=\"async\" class=\"size-medium wp-image-19544\" title=\"PcXY0j7aJEfaLN9i\" src=\"http:\/\/www.uqac.ca\/wp-content\/uploads\/2012\/03\/PcXY0j7aJEfaLN9i-300x225.jpg\" width=\"300\" height=\"225\" alt=\"\" \/><\/a><figcaption id=\"caption-attachment-19544\" class=\"wp-caption-text\">De gauche \u00e0 droite, en commen\u00e7ant par la rang\u00e9e du haut, les \u00e9tudiantes et les \u00e9tudiants qui ont r\u00e9alis\u00e9 un stage international : M\u00e9lina Fortin, Martin Lavoie, Marie-Michele Bouchard, Marie-Chantale Proulx-Lapierre, \u00c9milie Larouche, Marie-Pier D\u00e9ry, Anna Dumais, Roxanne Fortin, Marie-H\u00e9l\u00e8ne Houde, Claudie Bouchard, Caroline Morissette, Julie Doucet, \u00c9laine B\u00e9rub\u00e9, Sabrina Boucher et \u00c9rika Munger. N&#039;apparaissent pas sur la photo : Claudia Belley-Gu\u00e9rin et Yannick Gaudreault.<\/figcaption><\/figure>Dix-sept \u00e9tudiants du module d&rsquo;\u00e9ducation au pr\u00e9scolaire et d&rsquo;enseignement au primaire ont particip\u00e9, le printemps dernier, \u00e0 un programme de stages \u00e0 l&rsquo;\u00e9tranger en formation des ma\u00eetres. Ce programme a \u00e9t\u00e9 d\u00e9velopp\u00e9 conjointement par le D\u00e9partement des sciences de l&rsquo;\u00e9ducation et de psychologie de l&rsquo;UQAC, l&rsquo;Institut p\u00e9dagogique DeFr\u00e9, attach\u00e9 \u00e0 la Haute \u00c9cole de Bruxelles en Belgique, la Haute \u00c9cole ISELL Ste-Croix de Li\u00e8ge, en Belgique, et l&rsquo;Institut Universitaire de Formation des Ma\u00eetres d&rsquo;Auvergne, en France, (antennes de Clermont-Ferrand, d&rsquo;Aurillac et de Moulins).<\/p>\n<p>Il offre notamment aux \u00e9tudiants inscrits en 2e ann\u00e9e du Baccalaur\u00e9at d&rsquo;\u00e9ducation au pr\u00e9scolaire et d&rsquo;enseignement au primaire la possibilit\u00e9 d&rsquo;effectuer un stage de formation pratique de deux mois dans une \u00e9cole primaire de Belgique ou de France. Outre l&rsquo;inestimable bagage interculturel qu&rsquo;ils acqui\u00e8rent, ces \u00e9tudiants s&rsquo;initient \u00e0 des pratiques p\u00e9dagogiques diff\u00e9rentes, souvent inusit\u00e9es au Qu\u00e9bec. Effectu\u00e9e dans une perspective d&rsquo;\u00e9ducation compar\u00e9e, l&rsquo;exp\u00e9rience leur permet ainsi de d\u00e9velopper un regard critique sur ce qui se fait dans les \u00e9coles primaires du Qu\u00e9bec et d&rsquo;ailleurs, et sur le monde de l&rsquo;\u00e9ducation en g\u00e9n\u00e9ral. <\/p>\n<p>Maintenant de retour au Qu\u00e9bec, les \u00e9tudiants effectueront des pr\u00e9sentations publiques de leur exp\u00e9rience afin de partager leurs nouvelles connaissances avec leurs coll\u00e8gues et les autres membres de la communaut\u00e9 universitaire :<\/p>\n<ul>\n<li>Le groupe qui a fait un stage \u00e0 Bruxelles fait une pr\u00e9sentation le jeudi 19 octobre \u00e0 11 h 30 au local P1-7000, Pavillon principal.&#8232;\n<li>Le groupe qui a fait un stage \u00e0 Li\u00e8ge fait une pr\u00e9sentation le jeudi 2 novembre \u00e0 11 h 30 au local P3-1050, Pavillon principal.&#8232;\n<li>Les \u00e9tudiants qui sont all\u00e9s \u00e0 Aurillac et Clermont-Ferrand, en France, font une pr\u00e9sentation le mercredi 1er novembre \u00e0 11 h 30 au local P3-1050, Pavillon principal.\n<\/ul>\n<p>Pour obtenir des renseignements sur les pr\u00e9sentations des \u00e9tudiants et le programme d&rsquo;\u00e9changes interculturels et de stage international au D\u00e9partement des sciences de l&rsquo;\u00e9ducation et de psychologie, contactez le professeur Roberto Gauthier, au poste 5609.<\/p>\n","protected":false},"excerpt":{"rendered":"<p>Dix-sept \u00e9tudiants du module d&rsquo;\u00e9ducation au pr\u00e9scolaire et d&rsquo;enseignement au primaire ont particip\u00e9, le printemps dernier, \u00e0 un programme de stages \u00e0 l&rsquo;\u00e9tranger en formation des ma\u00eetres. Ce programme a \u00e9t\u00e9 d\u00e9velopp\u00e9 conjointement par le D\u00e9partement des sciences de l&rsquo;\u00e9ducation et de psychologie de l&rsquo;UQAC, l&rsquo;Institut p\u00e9dagogique DeFr\u00e9, attach\u00e9 \u00e0 la Haute \u00c9cole de Bruxelles [&hellip;]<\/p>\n","protected":false},"author":5,"featured_media":0,"comment_status":"closed","ping_status":"1","sticky":false,"template":"","format":"standard","meta":{"footnotes":""},"categories":[2],"tags":[],"yoast_head":"<!-- This site is optimized with the Yoast SEO plugin v24.2 - https:\/\/yoast.com\/wordpress\/plugins\/seo\/ -->\r\n<title>Stages internationaux de formation pratique : Les \u00e9tudiants en \u00e9ducation pr\u00e9sentent le fruit de leur exp\u00e9rience - UQACtualit\u00e9s<\/title>\r\n<meta name=\"robots\" content=\"index, follow, max-snippet:-1, max-image-preview:large, max-video-preview:-1\" \/>\r\n<link rel=\"canonical\" href=\"https:\/\/www.uqac.ca\/uqactualites\/2006\/12\/07\/stages-internationaux-de-formation-pratique-les-etudiants-en-education-presentent-le-fruit-de-leur-experience\/\" \/>\r\n<meta property=\"og:locale\" content=\"fr_CA\" \/>\r\n<meta property=\"og:type\" content=\"article\" \/>\r\n<meta property=\"og:title\" content=\"Stages internationaux de formation pratique : Les \u00e9tudiants en \u00e9ducation pr\u00e9sentent le fruit de leur exp\u00e9rience - UQACtualit\u00e9s\" \/>\r\n<meta property=\"og:description\" content=\"Dix-sept \u00e9tudiants du module d&rsquo;\u00e9ducation au pr\u00e9scolaire et d&rsquo;enseignement au primaire ont particip\u00e9, le printemps dernier, \u00e0 un programme de stages \u00e0 l&rsquo;\u00e9tranger en formation des ma\u00eetres. Ce programme a \u00e9t\u00e9 d\u00e9velopp\u00e9 conjointement par le D\u00e9partement des sciences de l&rsquo;\u00e9ducation et de psychologie de l&rsquo;UQAC, l&rsquo;Institut p\u00e9dagogique DeFr\u00e9, attach\u00e9 \u00e0 la Haute \u00c9cole de Bruxelles [&hellip;]\" \/>\r\n<meta property=\"og:url\" content=\"https:\/\/www.uqac.ca\/uqactualites\/2006\/12\/07\/stages-internationaux-de-formation-pratique-les-etudiants-en-education-presentent-le-fruit-de-leur-experience\/\" \/>\r\n<meta property=\"og:site_name\" content=\"UQACtualit\u00e9s\" \/>\r\n<meta property=\"article:published_time\" content=\"2006-12-07T20:22:47+00:00\" \/>\r\n<meta property=\"og:image\" content=\"http:\/\/www.uqac.ca\/wp-content\/uploads\/2012\/03\/PcXY0j7aJEfaLN9i-300x225.jpg\" \/>\r\n<meta name=\"author\" content=\"Service des communications et des relations publiques\" \/>\r\n<meta name=\"twitter:card\" content=\"summary_large_image\" \/>\r\n<meta name=\"twitter:label1\" content=\"\u00c9crit par\" \/>\n\t<meta name=\"twitter:data1\" content=\"Service des communications et des relations publiques\" \/>\n\t<meta name=\"twitter:label2\" content=\"Estimation du temps de lecture\" \/>\n\t<meta name=\"twitter:data2\" content=\"2 minutes\" \/>\r\n<script type=\"application\/ld+json\" class=\"yoast-schema-graph\">{\"@context\":\"https:\/\/schema.org\",\"@graph\":[{\"@type\":\"WebPage\",\"@id\":\"https:\/\/www.uqac.ca\/uqactualites\/2006\/12\/07\/stages-internationaux-de-formation-pratique-les-etudiants-en-education-presentent-le-fruit-de-leur-experience\/\",\"url\":\"https:\/\/www.uqac.ca\/uqactualites\/2006\/12\/07\/stages-internationaux-de-formation-pratique-les-etudiants-en-education-presentent-le-fruit-de-leur-experience\/\",\"name\":\"Stages internationaux de formation pratique : Les \u00e9tudiants en \u00e9ducation pr\u00e9sentent le fruit de leur exp\u00e9rience - UQACtualit\u00e9s\",\"isPartOf\":{\"@id\":\"https:\/\/www.uqac.ca\/uqactualites\/#website\"},\"primaryImageOfPage\":{\"@id\":\"https:\/\/www.uqac.ca\/uqactualites\/2006\/12\/07\/stages-internationaux-de-formation-pratique-les-etudiants-en-education-presentent-le-fruit-de-leur-experience\/#primaryimage\"},\"image\":{\"@id\":\"https:\/\/www.uqac.ca\/uqactualites\/2006\/12\/07\/stages-internationaux-de-formation-pratique-les-etudiants-en-education-presentent-le-fruit-de-leur-experience\/#primaryimage\"},\"thumbnailUrl\":\"http:\/\/www.uqac.ca\/wp-content\/uploads\/2012\/03\/PcXY0j7aJEfaLN9i-300x225.jpg\",\"datePublished\":\"2006-12-07T20:22:47+00:00\",\"dateModified\":\"2006-12-07T20:22:47+00:00\",\"author\":{\"@id\":\"https:\/\/www.uqac.ca\/uqactualites\/#\/schema\/person\/366c45a0c4f0e677b41b4af5886e2018\"},\"breadcrumb\":{\"@id\":\"https:\/\/www.uqac.ca\/uqactualites\/2006\/12\/07\/stages-internationaux-de-formation-pratique-les-etudiants-en-education-presentent-le-fruit-de-leur-experience\/#breadcrumb\"},\"inLanguage\":\"fr-CA\",\"potentialAction\":[{\"@type\":\"ReadAction\",\"target\":[\"https:\/\/www.uqac.ca\/uqactualites\/2006\/12\/07\/stages-internationaux-de-formation-pratique-les-etudiants-en-education-presentent-le-fruit-de-leur-experience\/\"]}]},{\"@type\":\"ImageObject\",\"inLanguage\":\"fr-CA\",\"@id\":\"https:\/\/www.uqac.ca\/uqactualites\/2006\/12\/07\/stages-internationaux-de-formation-pratique-les-etudiants-en-education-presentent-le-fruit-de-leur-experience\/#primaryimage\",\"url\":\"http:\/\/www.uqac.ca\/wp-content\/uploads\/2012\/03\/PcXY0j7aJEfaLN9i-300x225.jpg\",\"contentUrl\":\"http:\/\/www.uqac.ca\/wp-content\/uploads\/2012\/03\/PcXY0j7aJEfaLN9i-300x225.jpg\"},{\"@type\":\"BreadcrumbList\",\"@id\":\"https:\/\/www.uqac.ca\/uqactualites\/2006\/12\/07\/stages-internationaux-de-formation-pratique-les-etudiants-en-education-presentent-le-fruit-de-leur-experience\/#breadcrumb\",\"itemListElement\":[{\"@type\":\"ListItem\",\"position\":1,\"name\":\"Home\",\"item\":\"https:\/\/www.uqac.ca\/uqactualites\/\"},{\"@type\":\"ListItem\",\"position\":2,\"name\":\"Stages internationaux de formation pratique : Les \u00e9tudiants en \u00e9ducation pr\u00e9sentent le fruit de leur exp\u00e9rience\"}]},{\"@type\":\"WebSite\",\"@id\":\"https:\/\/www.uqac.ca\/uqactualites\/#website\",\"url\":\"https:\/\/www.uqac.ca\/uqactualites\/\",\"name\":\"UQACtualit\u00e9s\",\"description\":\"Le portail des nouvelles de l&#039;UQAC\",\"potentialAction\":[{\"@type\":\"SearchAction\",\"target\":{\"@type\":\"EntryPoint\",\"urlTemplate\":\"https:\/\/www.uqac.ca\/uqactualites\/?s={search_term_string}\"},\"query-input\":{\"@type\":\"PropertyValueSpecification\",\"valueRequired\":true,\"valueName\":\"search_term_string\"}}],\"inLanguage\":\"fr-CA\"},{\"@type\":\"Person\",\"@id\":\"https:\/\/www.uqac.ca\/uqactualites\/#\/schema\/person\/366c45a0c4f0e677b41b4af5886e2018\",\"name\":\"Service des communications et des relations publiques\",\"image\":{\"@type\":\"ImageObject\",\"inLanguage\":\"fr-CA\",\"@id\":\"https:\/\/www.uqac.ca\/uqactualites\/#\/schema\/person\/image\/\",\"url\":\"https:\/\/secure.gravatar.com\/avatar\/20fbbda8a292f59f2d3461a5b999c00b?s=96&d=mm&r=g\",\"contentUrl\":\"https:\/\/secure.gravatar.com\/avatar\/20fbbda8a292f59f2d3461a5b999c00b?s=96&d=mm&r=g\",\"caption\":\"Service des communications et des relations publiques\"},\"url\":\"https:\/\/www.uqac.ca\/uqactualites\/author\/bap\/\"}]}<\/script>\r\n<!-- \/ Yoast SEO plugin. -->","yoast_head_json":{"title":"Stages internationaux de formation pratique : Les \u00e9tudiants en \u00e9ducation pr\u00e9sentent le fruit de leur exp\u00e9rience - UQACtualit\u00e9s","robots":{"index":"index","follow":"follow","max-snippet":"max-snippet:-1","max-image-preview":"max-image-preview:large","max-video-preview":"max-video-preview:-1"},"canonical":"https:\/\/www.uqac.ca\/uqactualites\/2006\/12\/07\/stages-internationaux-de-formation-pratique-les-etudiants-en-education-presentent-le-fruit-de-leur-experience\/","og_locale":"fr_CA","og_type":"article","og_title":"Stages internationaux de formation pratique : Les \u00e9tudiants en \u00e9ducation pr\u00e9sentent le fruit de leur exp\u00e9rience - UQACtualit\u00e9s","og_description":"Dix-sept \u00e9tudiants du module d&rsquo;\u00e9ducation au pr\u00e9scolaire et d&rsquo;enseignement au primaire ont particip\u00e9, le printemps dernier, \u00e0 un programme de stages \u00e0 l&rsquo;\u00e9tranger en formation des ma\u00eetres. Ce programme a \u00e9t\u00e9 d\u00e9velopp\u00e9 conjointement par le D\u00e9partement des sciences de l&rsquo;\u00e9ducation et de psychologie de l&rsquo;UQAC, l&rsquo;Institut p\u00e9dagogique DeFr\u00e9, attach\u00e9 \u00e0 la Haute \u00c9cole de Bruxelles [&hellip;]","og_url":"https:\/\/www.uqac.ca\/uqactualites\/2006\/12\/07\/stages-internationaux-de-formation-pratique-les-etudiants-en-education-presentent-le-fruit-de-leur-experience\/","og_site_name":"UQACtualit\u00e9s","article_published_time":"2006-12-07T20:22:47+00:00","og_image":[{"url":"http:\/\/www.uqac.ca\/wp-content\/uploads\/2012\/03\/PcXY0j7aJEfaLN9i-300x225.jpg","type":"","width":"","height":""}],"author":"Service des communications et des relations publiques","twitter_card":"summary_large_image","twitter_misc":{"\u00c9crit par":"Service des communications et des relations publiques","Estimation du temps de lecture":"2 minutes"},"schema":{"@context":"https:\/\/schema.org","@graph":[{"@type":"WebPage","@id":"https:\/\/www.uqac.ca\/uqactualites\/2006\/12\/07\/stages-internationaux-de-formation-pratique-les-etudiants-en-education-presentent-le-fruit-de-leur-experience\/","url":"https:\/\/www.uqac.ca\/uqactualites\/2006\/12\/07\/stages-internationaux-de-formation-pratique-les-etudiants-en-education-presentent-le-fruit-de-leur-experience\/","name":"Stages internationaux de formation pratique : Les \u00e9tudiants en \u00e9ducation pr\u00e9sentent le fruit de leur exp\u00e9rience - UQACtualit\u00e9s","isPartOf":{"@id":"https:\/\/www.uqac.ca\/uqactualites\/#website"},"primaryImageOfPage":{"@id":"https:\/\/www.uqac.ca\/uqactualites\/2006\/12\/07\/stages-internationaux-de-formation-pratique-les-etudiants-en-education-presentent-le-fruit-de-leur-experience\/#primaryimage"},"image":{"@id":"https:\/\/www.uqac.ca\/uqactualites\/2006\/12\/07\/stages-internationaux-de-formation-pratique-les-etudiants-en-education-presentent-le-fruit-de-leur-experience\/#primaryimage"},"thumbnailUrl":"http:\/\/www.uqac.ca\/wp-content\/uploads\/2012\/03\/PcXY0j7aJEfaLN9i-300x225.jpg","datePublished":"2006-12-07T20:22:47+00:00","dateModified":"2006-12-07T20:22:47+00:00","author":{"@id":"https:\/\/www.uqac.ca\/uqactualites\/#\/schema\/person\/366c45a0c4f0e677b41b4af5886e2018"},"breadcrumb":{"@id":"https:\/\/www.uqac.ca\/uqactualites\/2006\/12\/07\/stages-internationaux-de-formation-pratique-les-etudiants-en-education-presentent-le-fruit-de-leur-experience\/#breadcrumb"},"inLanguage":"fr-CA","potentialAction":[{"@type":"ReadAction","target":["https:\/\/www.uqac.ca\/uqactualites\/2006\/12\/07\/stages-internationaux-de-formation-pratique-les-etudiants-en-education-presentent-le-fruit-de-leur-experience\/"]}]},{"@type":"ImageObject","inLanguage":"fr-CA","@id":"https:\/\/www.uqac.ca\/uqactualites\/2006\/12\/07\/stages-internationaux-de-formation-pratique-les-etudiants-en-education-presentent-le-fruit-de-leur-experience\/#primaryimage","url":"http:\/\/www.uqac.ca\/wp-content\/uploads\/2012\/03\/PcXY0j7aJEfaLN9i-300x225.jpg","contentUrl":"http:\/\/www.uqac.ca\/wp-content\/uploads\/2012\/03\/PcXY0j7aJEfaLN9i-300x225.jpg"},{"@type":"BreadcrumbList","@id":"https:\/\/www.uqac.ca\/uqactualites\/2006\/12\/07\/stages-internationaux-de-formation-pratique-les-etudiants-en-education-presentent-le-fruit-de-leur-experience\/#breadcrumb","itemListElement":[{"@type":"ListItem","position":1,"name":"Home","item":"https:\/\/www.uqac.ca\/uqactualites\/"},{"@type":"ListItem","position":2,"name":"Stages internationaux de formation pratique : Les \u00e9tudiants en \u00e9ducation pr\u00e9sentent le fruit de leur exp\u00e9rience"}]},{"@type":"WebSite","@id":"https:\/\/www.uqac.ca\/uqactualites\/#website","url":"https:\/\/www.uqac.ca\/uqactualites\/","name":"UQACtualit\u00e9s","description":"Le portail des nouvelles de l&#039;UQAC","potentialAction":[{"@type":"SearchAction","target":{"@type":"EntryPoint","urlTemplate":"https:\/\/www.uqac.ca\/uqactualites\/?s={search_term_string}"},"query-input":{"@type":"PropertyValueSpecification","valueRequired":true,"valueName":"search_term_string"}}],"inLanguage":"fr-CA"},{"@type":"Person","@id":"https:\/\/www.uqac.ca\/uqactualites\/#\/schema\/person\/366c45a0c4f0e677b41b4af5886e2018","name":"Service des communications et des relations publiques","image":{"@type":"ImageObject","inLanguage":"fr-CA","@id":"https:\/\/www.uqac.ca\/uqactualites\/#\/schema\/person\/image\/","url":"https:\/\/secure.gravatar.com\/avatar\/20fbbda8a292f59f2d3461a5b999c00b?s=96&d=mm&r=g","contentUrl":"https:\/\/secure.gravatar.com\/avatar\/20fbbda8a292f59f2d3461a5b999c00b?s=96&d=mm&r=g","caption":"Service des communications et des relations publiques"},"url":"https:\/\/www.uqac.ca\/uqactualites\/author\/bap\/"}]}},"_links":{"self":[{"href":"https:\/\/www.uqac.ca\/uqactualites\/wp-json\/wp\/v2\/posts\/19544"}],"collection":[{"href":"https:\/\/www.uqac.ca\/uqactualites\/wp-json\/wp\/v2\/posts"}],"about":[{"href":"https:\/\/www.uqac.ca\/uqactualites\/wp-json\/wp\/v2\/types\/post"}],"author":[{"embeddable":true,"href":"https:\/\/www.uqac.ca\/uqactualites\/wp-json\/wp\/v2\/users\/5"}],"replies":[{"embeddable":true,"href":"https:\/\/www.uqac.ca\/uqactualites\/wp-json\/wp\/v2\/comments?post=19544"}],"version-history":[{"count":0,"href":"https:\/\/www.uqac.ca\/uqactualites\/wp-json\/wp\/v2\/posts\/19544\/revisions"}],"wp:attachment":[{"href":"https:\/\/www.uqac.ca\/uqactualites\/wp-json\/wp\/v2\/media?parent=19544"}],"wp:term":[{"taxonomy":"category","embeddable":true,"href":"https:\/\/www.uqac.ca\/uqactualites\/wp-json\/wp\/v2\/categories?post=19544"},{"taxonomy":"post_tag","embeddable":true,"href":"https:\/\/www.uqac.ca\/uqactualites\/wp-json\/wp\/v2\/tags?post=19544"}],"curies":[{"name":"wp","href":"https:\/\/api.w.org\/{rel}","templated":true}]}}