{"id":19548,"date":"2006-11-01T09:43:11","date_gmt":"2006-11-01T15:13:11","guid":{"rendered":"http:\/\/uqactualite.odev.ca\/2006\/11\/jules-dufour-nomme-au-cercle-universel-des-ambassadeurs-de-la-paix\/"},"modified":"2006-11-01T09:43:11","modified_gmt":"2006-11-01T15:13:11","slug":"jules-dufour-nomme-au-cercle-universel-des-ambassadeurs-de-la-paix","status":"publish","type":"post","link":"https:\/\/www.uqac.ca\/uqactualites\/2006\/11\/01\/jules-dufour-nomme-au-cercle-universel-des-ambassadeurs-de-la-paix\/","title":{"rendered":"Jules Dufour nomm\u00e9 au Cercle universel des ambassadeurs de la paix"},"content":{"rendered":"<p><figure id=\"attachment_19548\" aria-describedby=\"caption-attachment-19548\" style=\"width: 300px\" class=\"wp-caption alignright\"><a href=\"http:\/\/www.uqac.ca\/wp-content\/uploads\/2012\/03\/9xZpIjss0Ck3ugS4.jpg\"><img loading=\"lazy\" decoding=\"async\" class=\"size-medium wp-image-19548\" title=\"9xZpIjss0Ck3ugS4\" src=\"http:\/\/www.uqac.ca\/wp-content\/uploads\/2012\/03\/9xZpIjss0Ck3ugS4-300x225.jpg\" width=\"300\" height=\"225\" alt=\"\" \/><\/a><figcaption id=\"caption-attachment-19548\" class=\"wp-caption-text\">Monsieur Jules Dufour, professeur \u00e9m\u00e9rite de l&#039;Universit\u00e9 du Qu\u00e9bec \u00e0 Chicoutimi, a re\u00e7u le titre \u00ab d&#039;Ambassadeur de la paix \u00bb.<\/figcaption><\/figure>Monsieur Jules Dufour a re\u00e7u le titre \u00ab d&rsquo;Ambassadeur de la paix \u00bb en ao\u00fbt 2006. C&rsquo;est le Conseil mondial du \u00ab Cercle universel des ambassadeurs de la paix \u00bb, une organisation internationale dont le si\u00e8ge social est situ\u00e9 \u00e0 Gen\u00e8ve, qui lui a remis cette distinction. Cette organisation a pour objectif de reconna\u00eetre les actions des femmes et des hommes de tous pays qui oeuvrent pour la paix, sur le plan mondial, national et individuel. Le \u00ab Cercle des ambassadeurs de la paix \u00bb fait, entre autres, la promotion des  \u0153uvres, discours, livres, films et conf\u00e9rences produits par ces artisans de la paix. Le Cercle a \u00e9galement cr\u00e9\u00e9 un comit\u00e9 d&rsquo;honneur mondial, form\u00e9 par des ambassadeurs de la paix, compos\u00e9 de personnalit\u00e9s oeuvrant et participant, par leurs actions, \u00e0 l&rsquo;harmonie entre les peuples.<\/p>\n<p>Soulignons que Monsieur Dufour s&rsquo;implique activement dans le domaine du d\u00e9sarmement et de la paix depuis pr\u00e8s de 25 ans. Auteur de nombreux articles sur les questions de paix, de d\u00e9sarmement et de s\u00e9curit\u00e9, il a pr\u00e9sent\u00e9 plusieurs conf\u00e9rences sur ce sujet au Canada et en Europe. Au long de sa carri\u00e8re, il a  particip\u00e9 r\u00e9guli\u00e8rement \u00e0 des commissions d&rsquo;enqu\u00eate en plus de travailler au sein d&rsquo;organismes consacr\u00e9s \u00e0 la paix. Jules Dufour agit \u00e0 titre de consultant pour le Bureau international de la Paix de Gen\u00e8ve depuis 1992.<\/p>\n","protected":false},"excerpt":{"rendered":"<p>Monsieur Jules Dufour a re\u00e7u le titre \u00ab d&rsquo;Ambassadeur de la paix \u00bb en ao\u00fbt 2006. C&rsquo;est le Conseil mondial du \u00ab Cercle universel des ambassadeurs de la paix \u00bb, une organisation internationale dont le si\u00e8ge social est situ\u00e9 \u00e0 Gen\u00e8ve, qui lui a remis cette distinction. Cette organisation a pour objectif de reconna\u00eetre les [&hellip;]<\/p>\n","protected":false},"author":5,"featured_media":0,"comment_status":"closed","ping_status":"1","sticky":false,"template":"","format":"standard","meta":{"footnotes":""},"categories":[15],"tags":[],"yoast_head":"<!-- This site is optimized with the Yoast SEO plugin v24.2 - https:\/\/yoast.com\/wordpress\/plugins\/seo\/ -->\r\n<title>Jules Dufour nomm\u00e9 au Cercle universel des ambassadeurs de la paix - UQACtualit\u00e9s<\/title>\r\n<meta name=\"robots\" content=\"index, follow, max-snippet:-1, max-image-preview:large, max-video-preview:-1\" \/>\r\n<link rel=\"canonical\" href=\"https:\/\/www.uqac.ca\/uqactualites\/2006\/11\/01\/jules-dufour-nomme-au-cercle-universel-des-ambassadeurs-de-la-paix\/\" \/>\r\n<meta property=\"og:locale\" content=\"fr_CA\" \/>\r\n<meta property=\"og:type\" content=\"article\" \/>\r\n<meta property=\"og:title\" content=\"Jules Dufour nomm\u00e9 au Cercle universel des ambassadeurs de la paix - UQACtualit\u00e9s\" \/>\r\n<meta property=\"og:description\" content=\"Monsieur Jules Dufour a re\u00e7u le titre \u00ab d&rsquo;Ambassadeur de la paix \u00bb en ao\u00fbt 2006. C&rsquo;est le Conseil mondial du \u00ab Cercle universel des ambassadeurs de la paix \u00bb, une organisation internationale dont le si\u00e8ge social est situ\u00e9 \u00e0 Gen\u00e8ve, qui lui a remis cette distinction. Cette organisation a pour objectif de reconna\u00eetre les [&hellip;]\" \/>\r\n<meta property=\"og:url\" content=\"https:\/\/www.uqac.ca\/uqactualites\/2006\/11\/01\/jules-dufour-nomme-au-cercle-universel-des-ambassadeurs-de-la-paix\/\" \/>\r\n<meta property=\"og:site_name\" content=\"UQACtualit\u00e9s\" \/>\r\n<meta property=\"article:published_time\" content=\"2006-11-01T15:13:11+00:00\" \/>\r\n<meta property=\"og:image\" content=\"http:\/\/www.uqac.ca\/wp-content\/uploads\/2012\/03\/9xZpIjss0Ck3ugS4-300x225.jpg\" \/>\r\n<meta name=\"author\" content=\"Service des communications et des relations publiques\" \/>\r\n<meta name=\"twitter:card\" content=\"summary_large_image\" \/>\r\n<meta name=\"twitter:label1\" content=\"\u00c9crit par\" \/>\n\t<meta name=\"twitter:data1\" content=\"Service des communications et des relations publiques\" \/>\n\t<meta name=\"twitter:label2\" content=\"Estimation du temps de lecture\" \/>\n\t<meta name=\"twitter:data2\" content=\"1 minute\" \/>\r\n<script type=\"application\/ld+json\" class=\"yoast-schema-graph\">{\"@context\":\"https:\/\/schema.org\",\"@graph\":[{\"@type\":\"WebPage\",\"@id\":\"https:\/\/www.uqac.ca\/uqactualites\/2006\/11\/01\/jules-dufour-nomme-au-cercle-universel-des-ambassadeurs-de-la-paix\/\",\"url\":\"https:\/\/www.uqac.ca\/uqactualites\/2006\/11\/01\/jules-dufour-nomme-au-cercle-universel-des-ambassadeurs-de-la-paix\/\",\"name\":\"Jules Dufour nomm\u00e9 au Cercle universel des ambassadeurs de la paix - UQACtualit\u00e9s\",\"isPartOf\":{\"@id\":\"https:\/\/www.uqac.ca\/uqactualites\/#website\"},\"primaryImageOfPage\":{\"@id\":\"https:\/\/www.uqac.ca\/uqactualites\/2006\/11\/01\/jules-dufour-nomme-au-cercle-universel-des-ambassadeurs-de-la-paix\/#primaryimage\"},\"image\":{\"@id\":\"https:\/\/www.uqac.ca\/uqactualites\/2006\/11\/01\/jules-dufour-nomme-au-cercle-universel-des-ambassadeurs-de-la-paix\/#primaryimage\"},\"thumbnailUrl\":\"http:\/\/www.uqac.ca\/wp-content\/uploads\/2012\/03\/9xZpIjss0Ck3ugS4-300x225.jpg\",\"datePublished\":\"2006-11-01T15:13:11+00:00\",\"dateModified\":\"2006-11-01T15:13:11+00:00\",\"author\":{\"@id\":\"https:\/\/www.uqac.ca\/uqactualites\/#\/schema\/person\/366c45a0c4f0e677b41b4af5886e2018\"},\"breadcrumb\":{\"@id\":\"https:\/\/www.uqac.ca\/uqactualites\/2006\/11\/01\/jules-dufour-nomme-au-cercle-universel-des-ambassadeurs-de-la-paix\/#breadcrumb\"},\"inLanguage\":\"fr-CA\",\"potentialAction\":[{\"@type\":\"ReadAction\",\"target\":[\"https:\/\/www.uqac.ca\/uqactualites\/2006\/11\/01\/jules-dufour-nomme-au-cercle-universel-des-ambassadeurs-de-la-paix\/\"]}]},{\"@type\":\"ImageObject\",\"inLanguage\":\"fr-CA\",\"@id\":\"https:\/\/www.uqac.ca\/uqactualites\/2006\/11\/01\/jules-dufour-nomme-au-cercle-universel-des-ambassadeurs-de-la-paix\/#primaryimage\",\"url\":\"http:\/\/www.uqac.ca\/wp-content\/uploads\/2012\/03\/9xZpIjss0Ck3ugS4-300x225.jpg\",\"contentUrl\":\"http:\/\/www.uqac.ca\/wp-content\/uploads\/2012\/03\/9xZpIjss0Ck3ugS4-300x225.jpg\"},{\"@type\":\"BreadcrumbList\",\"@id\":\"https:\/\/www.uqac.ca\/uqactualites\/2006\/11\/01\/jules-dufour-nomme-au-cercle-universel-des-ambassadeurs-de-la-paix\/#breadcrumb\",\"itemListElement\":[{\"@type\":\"ListItem\",\"position\":1,\"name\":\"Home\",\"item\":\"https:\/\/www.uqac.ca\/uqactualites\/\"},{\"@type\":\"ListItem\",\"position\":2,\"name\":\"Jules Dufour nomm\u00e9 au Cercle universel des ambassadeurs de la paix\"}]},{\"@type\":\"WebSite\",\"@id\":\"https:\/\/www.uqac.ca\/uqactualites\/#website\",\"url\":\"https:\/\/www.uqac.ca\/uqactualites\/\",\"name\":\"UQACtualit\u00e9s\",\"description\":\"Le portail des nouvelles de l&#039;UQAC\",\"potentialAction\":[{\"@type\":\"SearchAction\",\"target\":{\"@type\":\"EntryPoint\",\"urlTemplate\":\"https:\/\/www.uqac.ca\/uqactualites\/?s={search_term_string}\"},\"query-input\":{\"@type\":\"PropertyValueSpecification\",\"valueRequired\":true,\"valueName\":\"search_term_string\"}}],\"inLanguage\":\"fr-CA\"},{\"@type\":\"Person\",\"@id\":\"https:\/\/www.uqac.ca\/uqactualites\/#\/schema\/person\/366c45a0c4f0e677b41b4af5886e2018\",\"name\":\"Service des communications et des relations publiques\",\"image\":{\"@type\":\"ImageObject\",\"inLanguage\":\"fr-CA\",\"@id\":\"https:\/\/www.uqac.ca\/uqactualites\/#\/schema\/person\/image\/\",\"url\":\"https:\/\/secure.gravatar.com\/avatar\/20fbbda8a292f59f2d3461a5b999c00b?s=96&d=mm&r=g\",\"contentUrl\":\"https:\/\/secure.gravatar.com\/avatar\/20fbbda8a292f59f2d3461a5b999c00b?s=96&d=mm&r=g\",\"caption\":\"Service des communications et des relations publiques\"},\"url\":\"https:\/\/www.uqac.ca\/uqactualites\/author\/bap\/\"}]}<\/script>\r\n<!-- \/ Yoast SEO plugin. -->","yoast_head_json":{"title":"Jules Dufour nomm\u00e9 au Cercle universel des ambassadeurs de la paix - UQACtualit\u00e9s","robots":{"index":"index","follow":"follow","max-snippet":"max-snippet:-1","max-image-preview":"max-image-preview:large","max-video-preview":"max-video-preview:-1"},"canonical":"https:\/\/www.uqac.ca\/uqactualites\/2006\/11\/01\/jules-dufour-nomme-au-cercle-universel-des-ambassadeurs-de-la-paix\/","og_locale":"fr_CA","og_type":"article","og_title":"Jules Dufour nomm\u00e9 au Cercle universel des ambassadeurs de la paix - UQACtualit\u00e9s","og_description":"Monsieur Jules Dufour a re\u00e7u le titre \u00ab d&rsquo;Ambassadeur de la paix \u00bb en ao\u00fbt 2006. C&rsquo;est le Conseil mondial du \u00ab Cercle universel des ambassadeurs de la paix \u00bb, une organisation internationale dont le si\u00e8ge social est situ\u00e9 \u00e0 Gen\u00e8ve, qui lui a remis cette distinction. Cette organisation a pour objectif de reconna\u00eetre les [&hellip;]","og_url":"https:\/\/www.uqac.ca\/uqactualites\/2006\/11\/01\/jules-dufour-nomme-au-cercle-universel-des-ambassadeurs-de-la-paix\/","og_site_name":"UQACtualit\u00e9s","article_published_time":"2006-11-01T15:13:11+00:00","og_image":[{"url":"http:\/\/www.uqac.ca\/wp-content\/uploads\/2012\/03\/9xZpIjss0Ck3ugS4-300x225.jpg","type":"","width":"","height":""}],"author":"Service des communications et des relations publiques","twitter_card":"summary_large_image","twitter_misc":{"\u00c9crit par":"Service des communications et des relations publiques","Estimation du temps de lecture":"1 minute"},"schema":{"@context":"https:\/\/schema.org","@graph":[{"@type":"WebPage","@id":"https:\/\/www.uqac.ca\/uqactualites\/2006\/11\/01\/jules-dufour-nomme-au-cercle-universel-des-ambassadeurs-de-la-paix\/","url":"https:\/\/www.uqac.ca\/uqactualites\/2006\/11\/01\/jules-dufour-nomme-au-cercle-universel-des-ambassadeurs-de-la-paix\/","name":"Jules Dufour nomm\u00e9 au Cercle universel des ambassadeurs de la paix - UQACtualit\u00e9s","isPartOf":{"@id":"https:\/\/www.uqac.ca\/uqactualites\/#website"},"primaryImageOfPage":{"@id":"https:\/\/www.uqac.ca\/uqactualites\/2006\/11\/01\/jules-dufour-nomme-au-cercle-universel-des-ambassadeurs-de-la-paix\/#primaryimage"},"image":{"@id":"https:\/\/www.uqac.ca\/uqactualites\/2006\/11\/01\/jules-dufour-nomme-au-cercle-universel-des-ambassadeurs-de-la-paix\/#primaryimage"},"thumbnailUrl":"http:\/\/www.uqac.ca\/wp-content\/uploads\/2012\/03\/9xZpIjss0Ck3ugS4-300x225.jpg","datePublished":"2006-11-01T15:13:11+00:00","dateModified":"2006-11-01T15:13:11+00:00","author":{"@id":"https:\/\/www.uqac.ca\/uqactualites\/#\/schema\/person\/366c45a0c4f0e677b41b4af5886e2018"},"breadcrumb":{"@id":"https:\/\/www.uqac.ca\/uqactualites\/2006\/11\/01\/jules-dufour-nomme-au-cercle-universel-des-ambassadeurs-de-la-paix\/#breadcrumb"},"inLanguage":"fr-CA","potentialAction":[{"@type":"ReadAction","target":["https:\/\/www.uqac.ca\/uqactualites\/2006\/11\/01\/jules-dufour-nomme-au-cercle-universel-des-ambassadeurs-de-la-paix\/"]}]},{"@type":"ImageObject","inLanguage":"fr-CA","@id":"https:\/\/www.uqac.ca\/uqactualites\/2006\/11\/01\/jules-dufour-nomme-au-cercle-universel-des-ambassadeurs-de-la-paix\/#primaryimage","url":"http:\/\/www.uqac.ca\/wp-content\/uploads\/2012\/03\/9xZpIjss0Ck3ugS4-300x225.jpg","contentUrl":"http:\/\/www.uqac.ca\/wp-content\/uploads\/2012\/03\/9xZpIjss0Ck3ugS4-300x225.jpg"},{"@type":"BreadcrumbList","@id":"https:\/\/www.uqac.ca\/uqactualites\/2006\/11\/01\/jules-dufour-nomme-au-cercle-universel-des-ambassadeurs-de-la-paix\/#breadcrumb","itemListElement":[{"@type":"ListItem","position":1,"name":"Home","item":"https:\/\/www.uqac.ca\/uqactualites\/"},{"@type":"ListItem","position":2,"name":"Jules Dufour nomm\u00e9 au Cercle universel des ambassadeurs de la paix"}]},{"@type":"WebSite","@id":"https:\/\/www.uqac.ca\/uqactualites\/#website","url":"https:\/\/www.uqac.ca\/uqactualites\/","name":"UQACtualit\u00e9s","description":"Le portail des nouvelles de l&#039;UQAC","potentialAction":[{"@type":"SearchAction","target":{"@type":"EntryPoint","urlTemplate":"https:\/\/www.uqac.ca\/uqactualites\/?s={search_term_string}"},"query-input":{"@type":"PropertyValueSpecification","valueRequired":true,"valueName":"search_term_string"}}],"inLanguage":"fr-CA"},{"@type":"Person","@id":"https:\/\/www.uqac.ca\/uqactualites\/#\/schema\/person\/366c45a0c4f0e677b41b4af5886e2018","name":"Service des communications et des relations publiques","image":{"@type":"ImageObject","inLanguage":"fr-CA","@id":"https:\/\/www.uqac.ca\/uqactualites\/#\/schema\/person\/image\/","url":"https:\/\/secure.gravatar.com\/avatar\/20fbbda8a292f59f2d3461a5b999c00b?s=96&d=mm&r=g","contentUrl":"https:\/\/secure.gravatar.com\/avatar\/20fbbda8a292f59f2d3461a5b999c00b?s=96&d=mm&r=g","caption":"Service des communications et des relations publiques"},"url":"https:\/\/www.uqac.ca\/uqactualites\/author\/bap\/"}]}},"_links":{"self":[{"href":"https:\/\/www.uqac.ca\/uqactualites\/wp-json\/wp\/v2\/posts\/19548"}],"collection":[{"href":"https:\/\/www.uqac.ca\/uqactualites\/wp-json\/wp\/v2\/posts"}],"about":[{"href":"https:\/\/www.uqac.ca\/uqactualites\/wp-json\/wp\/v2\/types\/post"}],"author":[{"embeddable":true,"href":"https:\/\/www.uqac.ca\/uqactualites\/wp-json\/wp\/v2\/users\/5"}],"replies":[{"embeddable":true,"href":"https:\/\/www.uqac.ca\/uqactualites\/wp-json\/wp\/v2\/comments?post=19548"}],"version-history":[{"count":0,"href":"https:\/\/www.uqac.ca\/uqactualites\/wp-json\/wp\/v2\/posts\/19548\/revisions"}],"wp:attachment":[{"href":"https:\/\/www.uqac.ca\/uqactualites\/wp-json\/wp\/v2\/media?parent=19548"}],"wp:term":[{"taxonomy":"category","embeddable":true,"href":"https:\/\/www.uqac.ca\/uqactualites\/wp-json\/wp\/v2\/categories?post=19548"},{"taxonomy":"post_tag","embeddable":true,"href":"https:\/\/www.uqac.ca\/uqactualites\/wp-json\/wp\/v2\/tags?post=19548"}],"curies":[{"name":"wp","href":"https:\/\/api.w.org\/{rel}","templated":true}]}}