{"id":19549,"date":"2006-11-01T09:43:02","date_gmt":"2006-11-01T15:13:02","guid":{"rendered":"http:\/\/uqactualite.odev.ca\/2006\/11\/wulf-mueller-est-nomme-eminent-conferencier-par-linstitut-canadien-des-mines-de-la-metallurgie-et-du-petrole\/"},"modified":"2006-11-01T09:43:02","modified_gmt":"2006-11-01T15:13:02","slug":"wulf-mueller-est-nomme-eminent-conferencier-par-linstitut-canadien-des-mines-de-la-metallurgie-et-du-petrole","status":"publish","type":"post","link":"https:\/\/www.uqac.ca\/uqactualites\/2006\/11\/01\/wulf-mueller-est-nomme-eminent-conferencier-par-linstitut-canadien-des-mines-de-la-metallurgie-et-du-petrole\/","title":{"rendered":"Wulf Mueller est nomm\u00e9 \u00ab \u00c9minent conf\u00e9rencier \u00bb par l&rsquo;Institut canadien des mines, de la m\u00e9tallurgie et du p\u00e9trole"},"content":{"rendered":"<p><figure id=\"attachment_19549\" aria-describedby=\"caption-attachment-19549\" style=\"width: 300px\" class=\"wp-caption alignright\"><a href=\"http:\/\/www.uqac.ca\/wp-content\/uploads\/2012\/03\/A279F1jW0yT05RMf.jpg\"><img loading=\"lazy\" decoding=\"async\" class=\"size-medium wp-image-19549\" title=\"A279F1jW0yT05RMf\" src=\"http:\/\/www.uqac.ca\/wp-content\/uploads\/2012\/03\/A279F1jW0yT05RMf-300x225.jpg\" width=\"300\" height=\"225\" alt=\"\" \/><\/a><figcaption id=\"caption-attachment-19549\" class=\"wp-caption-text\">Le professeur Wulf Mueller prononcera des conf\u00e9rences dans le cadre du \u00ab Programme des \u00e9minents conf\u00e9renciers 2006-2007 \u00bb.<\/figcaption><\/figure>L&rsquo;Institut canadien des mines, de la m\u00e9tallurgie et du p\u00e9trole (CIM) a reconnu l&rsquo;expertise remarquable de Monsieur Wulf Mueller, professeur au D\u00e9partement des sciences appliqu\u00e9es, en retenant ses services \u00e0 titre d&rsquo;\u00e9minent conf\u00e9rencier. Le \u00ab Programme des \u00e9minents conf\u00e9renciers \u00bb a \u00e9t\u00e9 cr\u00e9\u00e9 par le CIM dans l&rsquo;objectif de diffuser des connaissances concernant les principaux enjeux de l&rsquo;industrie des min\u00e9raux, des m\u00e9taux et du p\u00e9trole.<\/p>\n<p>Dans le cadre de ce programme, le professeur Mueller sera invit\u00e9 \u00e0 prononcer des conf\u00e9rences, partout au Canada, sur le th\u00e8me : \u00ab Les caldeiras arch\u00e9ennes subaquatiques : des h\u00f4tes de premier ordre pour les gisements de sulfures massifs encaiss\u00e9s dans les roches volcaniques de la ceinture de l&rsquo;Abitibi \u00bb. En effet, au fil de ses travaux de recherche, le professeur Mueller a contribu\u00e9 de mani\u00e8re significative \u00e0 l&rsquo;am\u00e9lioration des connaissances dans ce domaine de la g\u00e9ologie.<\/p>\n<p>Fond\u00e9 en 1898, l&rsquo;Institut canadien des mines, de la m\u00e9tallurgie et du p\u00e9trole regroupe 12 000 membres de l&rsquo;industrie.<\/p>\n","protected":false},"excerpt":{"rendered":"<p>L&rsquo;Institut canadien des mines, de la m\u00e9tallurgie et du p\u00e9trole (CIM) a reconnu l&rsquo;expertise remarquable de Monsieur Wulf Mueller, professeur au D\u00e9partement des sciences appliqu\u00e9es, en retenant ses services \u00e0 titre d&rsquo;\u00e9minent conf\u00e9rencier. Le \u00ab Programme des \u00e9minents conf\u00e9renciers \u00bb a \u00e9t\u00e9 cr\u00e9\u00e9 par le CIM dans l&rsquo;objectif de diffuser des connaissances concernant les principaux [&hellip;]<\/p>\n","protected":false},"author":5,"featured_media":0,"comment_status":"closed","ping_status":"1","sticky":false,"template":"","format":"standard","meta":{"footnotes":""},"categories":[9],"tags":[],"yoast_head":"<!-- This site is optimized with the Yoast SEO plugin v24.2 - https:\/\/yoast.com\/wordpress\/plugins\/seo\/ -->\r\n<title>Wulf Mueller est nomm\u00e9 \u00ab \u00c9minent conf\u00e9rencier \u00bb par l&#039;Institut canadien des mines, de la m\u00e9tallurgie et du p\u00e9trole - UQACtualit\u00e9s<\/title>\r\n<meta name=\"robots\" content=\"index, follow, max-snippet:-1, max-image-preview:large, max-video-preview:-1\" \/>\r\n<link rel=\"canonical\" href=\"https:\/\/www.uqac.ca\/uqactualites\/2006\/11\/01\/wulf-mueller-est-nomme-eminent-conferencier-par-linstitut-canadien-des-mines-de-la-metallurgie-et-du-petrole\/\" \/>\r\n<meta property=\"og:locale\" content=\"fr_CA\" \/>\r\n<meta property=\"og:type\" content=\"article\" \/>\r\n<meta property=\"og:title\" content=\"Wulf Mueller est nomm\u00e9 \u00ab \u00c9minent conf\u00e9rencier \u00bb par l&#039;Institut canadien des mines, de la m\u00e9tallurgie et du p\u00e9trole - UQACtualit\u00e9s\" \/>\r\n<meta property=\"og:description\" content=\"L&rsquo;Institut canadien des mines, de la m\u00e9tallurgie et du p\u00e9trole (CIM) a reconnu l&rsquo;expertise remarquable de Monsieur Wulf Mueller, professeur au D\u00e9partement des sciences appliqu\u00e9es, en retenant ses services \u00e0 titre d&rsquo;\u00e9minent conf\u00e9rencier. Le \u00ab Programme des \u00e9minents conf\u00e9renciers \u00bb a \u00e9t\u00e9 cr\u00e9\u00e9 par le CIM dans l&rsquo;objectif de diffuser des connaissances concernant les principaux [&hellip;]\" \/>\r\n<meta property=\"og:url\" content=\"https:\/\/www.uqac.ca\/uqactualites\/2006\/11\/01\/wulf-mueller-est-nomme-eminent-conferencier-par-linstitut-canadien-des-mines-de-la-metallurgie-et-du-petrole\/\" \/>\r\n<meta property=\"og:site_name\" content=\"UQACtualit\u00e9s\" \/>\r\n<meta property=\"article:published_time\" content=\"2006-11-01T15:13:02+00:00\" \/>\r\n<meta property=\"og:image\" content=\"http:\/\/www.uqac.ca\/wp-content\/uploads\/2012\/03\/A279F1jW0yT05RMf-300x225.jpg\" \/>\r\n<meta name=\"author\" content=\"Service des communications et des relations publiques\" \/>\r\n<meta name=\"twitter:card\" content=\"summary_large_image\" \/>\r\n<meta name=\"twitter:label1\" content=\"\u00c9crit par\" \/>\n\t<meta name=\"twitter:data1\" content=\"Service des communications et des relations publiques\" \/>\n\t<meta name=\"twitter:label2\" content=\"Estimation du temps de lecture\" \/>\n\t<meta name=\"twitter:data2\" content=\"1 minute\" \/>\r\n<script type=\"application\/ld+json\" class=\"yoast-schema-graph\">{\"@context\":\"https:\/\/schema.org\",\"@graph\":[{\"@type\":\"WebPage\",\"@id\":\"https:\/\/www.uqac.ca\/uqactualites\/2006\/11\/01\/wulf-mueller-est-nomme-eminent-conferencier-par-linstitut-canadien-des-mines-de-la-metallurgie-et-du-petrole\/\",\"url\":\"https:\/\/www.uqac.ca\/uqactualites\/2006\/11\/01\/wulf-mueller-est-nomme-eminent-conferencier-par-linstitut-canadien-des-mines-de-la-metallurgie-et-du-petrole\/\",\"name\":\"Wulf Mueller est nomm\u00e9 \u00ab \u00c9minent conf\u00e9rencier \u00bb par l'Institut canadien des mines, de la m\u00e9tallurgie et du p\u00e9trole - UQACtualit\u00e9s\",\"isPartOf\":{\"@id\":\"https:\/\/www.uqac.ca\/uqactualites\/#website\"},\"primaryImageOfPage\":{\"@id\":\"https:\/\/www.uqac.ca\/uqactualites\/2006\/11\/01\/wulf-mueller-est-nomme-eminent-conferencier-par-linstitut-canadien-des-mines-de-la-metallurgie-et-du-petrole\/#primaryimage\"},\"image\":{\"@id\":\"https:\/\/www.uqac.ca\/uqactualites\/2006\/11\/01\/wulf-mueller-est-nomme-eminent-conferencier-par-linstitut-canadien-des-mines-de-la-metallurgie-et-du-petrole\/#primaryimage\"},\"thumbnailUrl\":\"http:\/\/www.uqac.ca\/wp-content\/uploads\/2012\/03\/A279F1jW0yT05RMf-300x225.jpg\",\"datePublished\":\"2006-11-01T15:13:02+00:00\",\"dateModified\":\"2006-11-01T15:13:02+00:00\",\"author\":{\"@id\":\"https:\/\/www.uqac.ca\/uqactualites\/#\/schema\/person\/366c45a0c4f0e677b41b4af5886e2018\"},\"breadcrumb\":{\"@id\":\"https:\/\/www.uqac.ca\/uqactualites\/2006\/11\/01\/wulf-mueller-est-nomme-eminent-conferencier-par-linstitut-canadien-des-mines-de-la-metallurgie-et-du-petrole\/#breadcrumb\"},\"inLanguage\":\"fr-CA\",\"potentialAction\":[{\"@type\":\"ReadAction\",\"target\":[\"https:\/\/www.uqac.ca\/uqactualites\/2006\/11\/01\/wulf-mueller-est-nomme-eminent-conferencier-par-linstitut-canadien-des-mines-de-la-metallurgie-et-du-petrole\/\"]}]},{\"@type\":\"ImageObject\",\"inLanguage\":\"fr-CA\",\"@id\":\"https:\/\/www.uqac.ca\/uqactualites\/2006\/11\/01\/wulf-mueller-est-nomme-eminent-conferencier-par-linstitut-canadien-des-mines-de-la-metallurgie-et-du-petrole\/#primaryimage\",\"url\":\"http:\/\/www.uqac.ca\/wp-content\/uploads\/2012\/03\/A279F1jW0yT05RMf-300x225.jpg\",\"contentUrl\":\"http:\/\/www.uqac.ca\/wp-content\/uploads\/2012\/03\/A279F1jW0yT05RMf-300x225.jpg\"},{\"@type\":\"BreadcrumbList\",\"@id\":\"https:\/\/www.uqac.ca\/uqactualites\/2006\/11\/01\/wulf-mueller-est-nomme-eminent-conferencier-par-linstitut-canadien-des-mines-de-la-metallurgie-et-du-petrole\/#breadcrumb\",\"itemListElement\":[{\"@type\":\"ListItem\",\"position\":1,\"name\":\"Home\",\"item\":\"https:\/\/www.uqac.ca\/uqactualites\/\"},{\"@type\":\"ListItem\",\"position\":2,\"name\":\"Wulf Mueller est nomm\u00e9 \u00ab \u00c9minent conf\u00e9rencier \u00bb par l&rsquo;Institut canadien des mines, de la m\u00e9tallurgie et du p\u00e9trole\"}]},{\"@type\":\"WebSite\",\"@id\":\"https:\/\/www.uqac.ca\/uqactualites\/#website\",\"url\":\"https:\/\/www.uqac.ca\/uqactualites\/\",\"name\":\"UQACtualit\u00e9s\",\"description\":\"Le portail des nouvelles de l&#039;UQAC\",\"potentialAction\":[{\"@type\":\"SearchAction\",\"target\":{\"@type\":\"EntryPoint\",\"urlTemplate\":\"https:\/\/www.uqac.ca\/uqactualites\/?s={search_term_string}\"},\"query-input\":{\"@type\":\"PropertyValueSpecification\",\"valueRequired\":true,\"valueName\":\"search_term_string\"}}],\"inLanguage\":\"fr-CA\"},{\"@type\":\"Person\",\"@id\":\"https:\/\/www.uqac.ca\/uqactualites\/#\/schema\/person\/366c45a0c4f0e677b41b4af5886e2018\",\"name\":\"Service des communications et des relations publiques\",\"image\":{\"@type\":\"ImageObject\",\"inLanguage\":\"fr-CA\",\"@id\":\"https:\/\/www.uqac.ca\/uqactualites\/#\/schema\/person\/image\/\",\"url\":\"https:\/\/secure.gravatar.com\/avatar\/20fbbda8a292f59f2d3461a5b999c00b?s=96&d=mm&r=g\",\"contentUrl\":\"https:\/\/secure.gravatar.com\/avatar\/20fbbda8a292f59f2d3461a5b999c00b?s=96&d=mm&r=g\",\"caption\":\"Service des communications et des relations publiques\"},\"url\":\"https:\/\/www.uqac.ca\/uqactualites\/author\/bap\/\"}]}<\/script>\r\n<!-- \/ Yoast SEO plugin. -->","yoast_head_json":{"title":"Wulf Mueller est nomm\u00e9 \u00ab \u00c9minent conf\u00e9rencier \u00bb par l'Institut canadien des mines, de la m\u00e9tallurgie et du p\u00e9trole - UQACtualit\u00e9s","robots":{"index":"index","follow":"follow","max-snippet":"max-snippet:-1","max-image-preview":"max-image-preview:large","max-video-preview":"max-video-preview:-1"},"canonical":"https:\/\/www.uqac.ca\/uqactualites\/2006\/11\/01\/wulf-mueller-est-nomme-eminent-conferencier-par-linstitut-canadien-des-mines-de-la-metallurgie-et-du-petrole\/","og_locale":"fr_CA","og_type":"article","og_title":"Wulf Mueller est nomm\u00e9 \u00ab \u00c9minent conf\u00e9rencier \u00bb par l'Institut canadien des mines, de la m\u00e9tallurgie et du p\u00e9trole - UQACtualit\u00e9s","og_description":"L&rsquo;Institut canadien des mines, de la m\u00e9tallurgie et du p\u00e9trole (CIM) a reconnu l&rsquo;expertise remarquable de Monsieur Wulf Mueller, professeur au D\u00e9partement des sciences appliqu\u00e9es, en retenant ses services \u00e0 titre d&rsquo;\u00e9minent conf\u00e9rencier. Le \u00ab Programme des \u00e9minents conf\u00e9renciers \u00bb a \u00e9t\u00e9 cr\u00e9\u00e9 par le CIM dans l&rsquo;objectif de diffuser des connaissances concernant les principaux [&hellip;]","og_url":"https:\/\/www.uqac.ca\/uqactualites\/2006\/11\/01\/wulf-mueller-est-nomme-eminent-conferencier-par-linstitut-canadien-des-mines-de-la-metallurgie-et-du-petrole\/","og_site_name":"UQACtualit\u00e9s","article_published_time":"2006-11-01T15:13:02+00:00","og_image":[{"url":"http:\/\/www.uqac.ca\/wp-content\/uploads\/2012\/03\/A279F1jW0yT05RMf-300x225.jpg","type":"","width":"","height":""}],"author":"Service des communications et des relations publiques","twitter_card":"summary_large_image","twitter_misc":{"\u00c9crit par":"Service des communications et des relations publiques","Estimation du temps de lecture":"1 minute"},"schema":{"@context":"https:\/\/schema.org","@graph":[{"@type":"WebPage","@id":"https:\/\/www.uqac.ca\/uqactualites\/2006\/11\/01\/wulf-mueller-est-nomme-eminent-conferencier-par-linstitut-canadien-des-mines-de-la-metallurgie-et-du-petrole\/","url":"https:\/\/www.uqac.ca\/uqactualites\/2006\/11\/01\/wulf-mueller-est-nomme-eminent-conferencier-par-linstitut-canadien-des-mines-de-la-metallurgie-et-du-petrole\/","name":"Wulf Mueller est nomm\u00e9 \u00ab \u00c9minent conf\u00e9rencier \u00bb par l'Institut canadien des mines, de la m\u00e9tallurgie et du p\u00e9trole - UQACtualit\u00e9s","isPartOf":{"@id":"https:\/\/www.uqac.ca\/uqactualites\/#website"},"primaryImageOfPage":{"@id":"https:\/\/www.uqac.ca\/uqactualites\/2006\/11\/01\/wulf-mueller-est-nomme-eminent-conferencier-par-linstitut-canadien-des-mines-de-la-metallurgie-et-du-petrole\/#primaryimage"},"image":{"@id":"https:\/\/www.uqac.ca\/uqactualites\/2006\/11\/01\/wulf-mueller-est-nomme-eminent-conferencier-par-linstitut-canadien-des-mines-de-la-metallurgie-et-du-petrole\/#primaryimage"},"thumbnailUrl":"http:\/\/www.uqac.ca\/wp-content\/uploads\/2012\/03\/A279F1jW0yT05RMf-300x225.jpg","datePublished":"2006-11-01T15:13:02+00:00","dateModified":"2006-11-01T15:13:02+00:00","author":{"@id":"https:\/\/www.uqac.ca\/uqactualites\/#\/schema\/person\/366c45a0c4f0e677b41b4af5886e2018"},"breadcrumb":{"@id":"https:\/\/www.uqac.ca\/uqactualites\/2006\/11\/01\/wulf-mueller-est-nomme-eminent-conferencier-par-linstitut-canadien-des-mines-de-la-metallurgie-et-du-petrole\/#breadcrumb"},"inLanguage":"fr-CA","potentialAction":[{"@type":"ReadAction","target":["https:\/\/www.uqac.ca\/uqactualites\/2006\/11\/01\/wulf-mueller-est-nomme-eminent-conferencier-par-linstitut-canadien-des-mines-de-la-metallurgie-et-du-petrole\/"]}]},{"@type":"ImageObject","inLanguage":"fr-CA","@id":"https:\/\/www.uqac.ca\/uqactualites\/2006\/11\/01\/wulf-mueller-est-nomme-eminent-conferencier-par-linstitut-canadien-des-mines-de-la-metallurgie-et-du-petrole\/#primaryimage","url":"http:\/\/www.uqac.ca\/wp-content\/uploads\/2012\/03\/A279F1jW0yT05RMf-300x225.jpg","contentUrl":"http:\/\/www.uqac.ca\/wp-content\/uploads\/2012\/03\/A279F1jW0yT05RMf-300x225.jpg"},{"@type":"BreadcrumbList","@id":"https:\/\/www.uqac.ca\/uqactualites\/2006\/11\/01\/wulf-mueller-est-nomme-eminent-conferencier-par-linstitut-canadien-des-mines-de-la-metallurgie-et-du-petrole\/#breadcrumb","itemListElement":[{"@type":"ListItem","position":1,"name":"Home","item":"https:\/\/www.uqac.ca\/uqactualites\/"},{"@type":"ListItem","position":2,"name":"Wulf Mueller est nomm\u00e9 \u00ab \u00c9minent conf\u00e9rencier \u00bb par l&rsquo;Institut canadien des mines, de la m\u00e9tallurgie et du p\u00e9trole"}]},{"@type":"WebSite","@id":"https:\/\/www.uqac.ca\/uqactualites\/#website","url":"https:\/\/www.uqac.ca\/uqactualites\/","name":"UQACtualit\u00e9s","description":"Le portail des nouvelles de l&#039;UQAC","potentialAction":[{"@type":"SearchAction","target":{"@type":"EntryPoint","urlTemplate":"https:\/\/www.uqac.ca\/uqactualites\/?s={search_term_string}"},"query-input":{"@type":"PropertyValueSpecification","valueRequired":true,"valueName":"search_term_string"}}],"inLanguage":"fr-CA"},{"@type":"Person","@id":"https:\/\/www.uqac.ca\/uqactualites\/#\/schema\/person\/366c45a0c4f0e677b41b4af5886e2018","name":"Service des communications et des relations publiques","image":{"@type":"ImageObject","inLanguage":"fr-CA","@id":"https:\/\/www.uqac.ca\/uqactualites\/#\/schema\/person\/image\/","url":"https:\/\/secure.gravatar.com\/avatar\/20fbbda8a292f59f2d3461a5b999c00b?s=96&d=mm&r=g","contentUrl":"https:\/\/secure.gravatar.com\/avatar\/20fbbda8a292f59f2d3461a5b999c00b?s=96&d=mm&r=g","caption":"Service des communications et des relations publiques"},"url":"https:\/\/www.uqac.ca\/uqactualites\/author\/bap\/"}]}},"_links":{"self":[{"href":"https:\/\/www.uqac.ca\/uqactualites\/wp-json\/wp\/v2\/posts\/19549"}],"collection":[{"href":"https:\/\/www.uqac.ca\/uqactualites\/wp-json\/wp\/v2\/posts"}],"about":[{"href":"https:\/\/www.uqac.ca\/uqactualites\/wp-json\/wp\/v2\/types\/post"}],"author":[{"embeddable":true,"href":"https:\/\/www.uqac.ca\/uqactualites\/wp-json\/wp\/v2\/users\/5"}],"replies":[{"embeddable":true,"href":"https:\/\/www.uqac.ca\/uqactualites\/wp-json\/wp\/v2\/comments?post=19549"}],"version-history":[{"count":0,"href":"https:\/\/www.uqac.ca\/uqactualites\/wp-json\/wp\/v2\/posts\/19549\/revisions"}],"wp:attachment":[{"href":"https:\/\/www.uqac.ca\/uqactualites\/wp-json\/wp\/v2\/media?parent=19549"}],"wp:term":[{"taxonomy":"category","embeddable":true,"href":"https:\/\/www.uqac.ca\/uqactualites\/wp-json\/wp\/v2\/categories?post=19549"},{"taxonomy":"post_tag","embeddable":true,"href":"https:\/\/www.uqac.ca\/uqactualites\/wp-json\/wp\/v2\/tags?post=19549"}],"curies":[{"name":"wp","href":"https:\/\/api.w.org\/{rel}","templated":true}]}}