{"id":19553,"date":"2006-09-22T14:12:13","date_gmt":"2006-09-22T19:42:13","guid":{"rendered":"http:\/\/uqactualite.odev.ca\/2006\/09\/anne-mevellec-est-finaliste-des-prix-de-la-fondation-jean-charles-bonenfant\/"},"modified":"2006-09-22T14:12:13","modified_gmt":"2006-09-22T19:42:13","slug":"anne-mevellec-est-finaliste-des-prix-de-la-fondation-jean-charles-bonenfant","status":"publish","type":"post","link":"https:\/\/www.uqac.ca\/uqactualites\/2006\/09\/22\/anne-mevellec-est-finaliste-des-prix-de-la-fondation-jean-charles-bonenfant\/","title":{"rendered":"Anne M\u00e9vellec est finaliste des Prix de la Fondation Jean-Charles-Bonenfant"},"content":{"rendered":"<p><figure id=\"attachment_19553\" aria-describedby=\"caption-attachment-19553\" style=\"width: 261px\" class=\"wp-caption alignright\"><a href=\"http:\/\/www.uqac.ca\/wp-content\/uploads\/2012\/03\/ZowNpze7rsRt7nuC.jpg\"><img loading=\"lazy\" decoding=\"async\" class=\"size-medium wp-image-19553\" title=\"ZowNpze7rsRt7nuC\" src=\"http:\/\/www.uqac.ca\/wp-content\/uploads\/2012\/03\/ZowNpze7rsRt7nuC-261x300.jpg\" width=\"261\" height=\"300\" alt=\"\" \/><\/a><figcaption id=\"caption-attachment-19553\" class=\"wp-caption-text\">Anne M\u00e9vellec, laur\u00e9ate des <i>Prix de la Fondation Jean-Charles Bonenfant<\/i>, d\u00e9tient un Doctorat en d\u00e9veloppement r\u00e9gional de l&#039;Universit\u00e9 du Qu\u00e9bec \u00e0 Chicoutimi.<\/figcaption><\/figure>Dipl\u00f4m\u00e9e du Doctorat en d\u00e9veloppement r\u00e9gional de l&rsquo;Universit\u00e9 du Qu\u00e9bec \u00e0 Chicoutimi, Anne M\u00e9vellec a re\u00e7u, pour sa th\u00e8se, un prix litt\u00e9raire accompagn\u00e9 d&rsquo;une bourse de la Fondation Jean-Charles-Bonenfant. Intitul\u00e9e \u00ab<i>&nbsp;La construction politique des agglom\u00e9rations. Logiques politiques et dynamiques institutionnelles. Une comparaison franco-qu\u00e9b\u00e9coise.&nbsp;<\/i>\u00bb (Universit\u00e9 du Qu\u00e9bec \u00e0 Chicoutimi et Universit\u00e9 de Rennes 1), sa th\u00e8se \u00e9tait sous la direction de Marc-Urbain Proulx, professeur \u00e0 l&rsquo;UQAC et Joseph Fontaine, professeur \u00e0 l&rsquo;Universit\u00e9 Jean-Monnet \u2013 Saint-\u00c9tienne (France).<\/p>\n<p>Soulignons que la th\u00e8se de Madame M\u00e9vellec lui a \u00e9galement valu le <i>Prix Minist\u00e8re des Relations internationales du Qu\u00e9bec (MRI)\/Minist\u00e8re des affaires \u00e9trang\u00e8res de France (MAEF)<\/i>. L&rsquo;auteur de la th\u00e8se prim\u00e9e remporte un s\u00e9jour d&rsquo;une semaine \u00e0 Paris \u00e0 l&rsquo;occasion de l&rsquo;\u00e9dition 2007 de la \u00ab Journ\u00e9e du livre politique \u00bb en France. Ces deux prix ont \u00e9t\u00e9 remis \u00e0 l&rsquo;auteure \u00e0 l&rsquo;occasion d&rsquo;une c\u00e9r\u00e9monie qui s&rsquo;est d\u00e9roul\u00e9e \u00e0 la Biblioth\u00e8que de l&rsquo;Assembl\u00e9e nationale, \u00e0 Qu\u00e9bec, en avril 2006.<\/p>\n<p>La laur\u00e9ate a poursuivi ses \u00e9tudes dans le cadre du programme conjoint de Doctorat en d\u00e9veloppement r\u00e9gional UQAC\/UQAR. Elle obtiendra \u00e9galement le Doctorat de l&rsquo;Universit\u00e9 de Rennes 1, Doctorat \u2013 mention \u00ab Science politique \u00bb \u2013 \u00c9cole doctorale \u00ab Droit, science politique et philosophie \u00bb.<\/p>\n<p>La Fondation Jean-Charles-Bonenfant d\u00e9cerne, entre autres, des prix aux auteurs d&rsquo;une th\u00e8se de doctorat ou d&rsquo;un m\u00e9moire de ma\u00eetrise portant sur la politique au Qu\u00e9bec et plus sp\u00e9cifiquement sur la vie, les institutions et sur les acteurs politiques. <\/p>\n","protected":false},"excerpt":{"rendered":"<p>Dipl\u00f4m\u00e9e du Doctorat en d\u00e9veloppement r\u00e9gional de l&rsquo;Universit\u00e9 du Qu\u00e9bec \u00e0 Chicoutimi, Anne M\u00e9vellec a re\u00e7u, pour sa th\u00e8se, un prix litt\u00e9raire accompagn\u00e9 d&rsquo;une bourse de la Fondation Jean-Charles-Bonenfant. Intitul\u00e9e \u00ab&nbsp;La construction politique des agglom\u00e9rations. Logiques politiques et dynamiques institutionnelles. Une comparaison franco-qu\u00e9b\u00e9coise.&nbsp;\u00bb (Universit\u00e9 du Qu\u00e9bec \u00e0 Chicoutimi et Universit\u00e9 de Rennes 1), sa th\u00e8se [&hellip;]<\/p>\n","protected":false},"author":5,"featured_media":0,"comment_status":"closed","ping_status":"1","sticky":false,"template":"","format":"standard","meta":{"footnotes":""},"categories":[9],"tags":[],"yoast_head":"<!-- This site is optimized with the Yoast SEO plugin v24.2 - https:\/\/yoast.com\/wordpress\/plugins\/seo\/ -->\r\n<title>Anne M\u00e9vellec est finaliste des Prix de la Fondation Jean-Charles-Bonenfant - UQACtualit\u00e9s<\/title>\r\n<meta name=\"robots\" content=\"index, follow, max-snippet:-1, max-image-preview:large, max-video-preview:-1\" \/>\r\n<link rel=\"canonical\" href=\"https:\/\/www.uqac.ca\/uqactualites\/2006\/09\/22\/anne-mevellec-est-finaliste-des-prix-de-la-fondation-jean-charles-bonenfant\/\" \/>\r\n<meta property=\"og:locale\" content=\"fr_CA\" \/>\r\n<meta property=\"og:type\" content=\"article\" \/>\r\n<meta property=\"og:title\" content=\"Anne M\u00e9vellec est finaliste des Prix de la Fondation Jean-Charles-Bonenfant - UQACtualit\u00e9s\" \/>\r\n<meta property=\"og:description\" content=\"Dipl\u00f4m\u00e9e du Doctorat en d\u00e9veloppement r\u00e9gional de l&rsquo;Universit\u00e9 du Qu\u00e9bec \u00e0 Chicoutimi, Anne M\u00e9vellec a re\u00e7u, pour sa th\u00e8se, un prix litt\u00e9raire accompagn\u00e9 d&rsquo;une bourse de la Fondation Jean-Charles-Bonenfant. Intitul\u00e9e \u00ab&nbsp;La construction politique des agglom\u00e9rations. Logiques politiques et dynamiques institutionnelles. Une comparaison franco-qu\u00e9b\u00e9coise.&nbsp;\u00bb (Universit\u00e9 du Qu\u00e9bec \u00e0 Chicoutimi et Universit\u00e9 de Rennes 1), sa th\u00e8se [&hellip;]\" \/>\r\n<meta property=\"og:url\" content=\"https:\/\/www.uqac.ca\/uqactualites\/2006\/09\/22\/anne-mevellec-est-finaliste-des-prix-de-la-fondation-jean-charles-bonenfant\/\" \/>\r\n<meta property=\"og:site_name\" content=\"UQACtualit\u00e9s\" \/>\r\n<meta property=\"article:published_time\" content=\"2006-09-22T19:42:13+00:00\" \/>\r\n<meta property=\"og:image\" content=\"http:\/\/www.uqac.ca\/wp-content\/uploads\/2012\/03\/ZowNpze7rsRt7nuC-261x300.jpg\" \/>\r\n<meta name=\"author\" content=\"Service des communications et des relations publiques\" \/>\r\n<meta name=\"twitter:card\" content=\"summary_large_image\" \/>\r\n<meta name=\"twitter:label1\" content=\"\u00c9crit par\" \/>\n\t<meta name=\"twitter:data1\" content=\"Service des communications et des relations publiques\" \/>\n\t<meta name=\"twitter:label2\" content=\"Estimation du temps de lecture\" \/>\n\t<meta name=\"twitter:data2\" content=\"1 minute\" \/>\r\n<script type=\"application\/ld+json\" class=\"yoast-schema-graph\">{\"@context\":\"https:\/\/schema.org\",\"@graph\":[{\"@type\":\"WebPage\",\"@id\":\"https:\/\/www.uqac.ca\/uqactualites\/2006\/09\/22\/anne-mevellec-est-finaliste-des-prix-de-la-fondation-jean-charles-bonenfant\/\",\"url\":\"https:\/\/www.uqac.ca\/uqactualites\/2006\/09\/22\/anne-mevellec-est-finaliste-des-prix-de-la-fondation-jean-charles-bonenfant\/\",\"name\":\"Anne M\u00e9vellec est finaliste des Prix de la Fondation Jean-Charles-Bonenfant - UQACtualit\u00e9s\",\"isPartOf\":{\"@id\":\"https:\/\/www.uqac.ca\/uqactualites\/#website\"},\"primaryImageOfPage\":{\"@id\":\"https:\/\/www.uqac.ca\/uqactualites\/2006\/09\/22\/anne-mevellec-est-finaliste-des-prix-de-la-fondation-jean-charles-bonenfant\/#primaryimage\"},\"image\":{\"@id\":\"https:\/\/www.uqac.ca\/uqactualites\/2006\/09\/22\/anne-mevellec-est-finaliste-des-prix-de-la-fondation-jean-charles-bonenfant\/#primaryimage\"},\"thumbnailUrl\":\"http:\/\/www.uqac.ca\/wp-content\/uploads\/2012\/03\/ZowNpze7rsRt7nuC-261x300.jpg\",\"datePublished\":\"2006-09-22T19:42:13+00:00\",\"dateModified\":\"2006-09-22T19:42:13+00:00\",\"author\":{\"@id\":\"https:\/\/www.uqac.ca\/uqactualites\/#\/schema\/person\/366c45a0c4f0e677b41b4af5886e2018\"},\"breadcrumb\":{\"@id\":\"https:\/\/www.uqac.ca\/uqactualites\/2006\/09\/22\/anne-mevellec-est-finaliste-des-prix-de-la-fondation-jean-charles-bonenfant\/#breadcrumb\"},\"inLanguage\":\"fr-CA\",\"potentialAction\":[{\"@type\":\"ReadAction\",\"target\":[\"https:\/\/www.uqac.ca\/uqactualites\/2006\/09\/22\/anne-mevellec-est-finaliste-des-prix-de-la-fondation-jean-charles-bonenfant\/\"]}]},{\"@type\":\"ImageObject\",\"inLanguage\":\"fr-CA\",\"@id\":\"https:\/\/www.uqac.ca\/uqactualites\/2006\/09\/22\/anne-mevellec-est-finaliste-des-prix-de-la-fondation-jean-charles-bonenfant\/#primaryimage\",\"url\":\"http:\/\/www.uqac.ca\/wp-content\/uploads\/2012\/03\/ZowNpze7rsRt7nuC-261x300.jpg\",\"contentUrl\":\"http:\/\/www.uqac.ca\/wp-content\/uploads\/2012\/03\/ZowNpze7rsRt7nuC-261x300.jpg\"},{\"@type\":\"BreadcrumbList\",\"@id\":\"https:\/\/www.uqac.ca\/uqactualites\/2006\/09\/22\/anne-mevellec-est-finaliste-des-prix-de-la-fondation-jean-charles-bonenfant\/#breadcrumb\",\"itemListElement\":[{\"@type\":\"ListItem\",\"position\":1,\"name\":\"Home\",\"item\":\"https:\/\/www.uqac.ca\/uqactualites\/\"},{\"@type\":\"ListItem\",\"position\":2,\"name\":\"Anne M\u00e9vellec est finaliste des Prix de la Fondation Jean-Charles-Bonenfant\"}]},{\"@type\":\"WebSite\",\"@id\":\"https:\/\/www.uqac.ca\/uqactualites\/#website\",\"url\":\"https:\/\/www.uqac.ca\/uqactualites\/\",\"name\":\"UQACtualit\u00e9s\",\"description\":\"Le portail des nouvelles de l&#039;UQAC\",\"potentialAction\":[{\"@type\":\"SearchAction\",\"target\":{\"@type\":\"EntryPoint\",\"urlTemplate\":\"https:\/\/www.uqac.ca\/uqactualites\/?s={search_term_string}\"},\"query-input\":{\"@type\":\"PropertyValueSpecification\",\"valueRequired\":true,\"valueName\":\"search_term_string\"}}],\"inLanguage\":\"fr-CA\"},{\"@type\":\"Person\",\"@id\":\"https:\/\/www.uqac.ca\/uqactualites\/#\/schema\/person\/366c45a0c4f0e677b41b4af5886e2018\",\"name\":\"Service des communications et des relations publiques\",\"image\":{\"@type\":\"ImageObject\",\"inLanguage\":\"fr-CA\",\"@id\":\"https:\/\/www.uqac.ca\/uqactualites\/#\/schema\/person\/image\/\",\"url\":\"https:\/\/secure.gravatar.com\/avatar\/20fbbda8a292f59f2d3461a5b999c00b?s=96&d=mm&r=g\",\"contentUrl\":\"https:\/\/secure.gravatar.com\/avatar\/20fbbda8a292f59f2d3461a5b999c00b?s=96&d=mm&r=g\",\"caption\":\"Service des communications et des relations publiques\"},\"url\":\"https:\/\/www.uqac.ca\/uqactualites\/author\/bap\/\"}]}<\/script>\r\n<!-- \/ Yoast SEO plugin. -->","yoast_head_json":{"title":"Anne M\u00e9vellec est finaliste des Prix de la Fondation Jean-Charles-Bonenfant - UQACtualit\u00e9s","robots":{"index":"index","follow":"follow","max-snippet":"max-snippet:-1","max-image-preview":"max-image-preview:large","max-video-preview":"max-video-preview:-1"},"canonical":"https:\/\/www.uqac.ca\/uqactualites\/2006\/09\/22\/anne-mevellec-est-finaliste-des-prix-de-la-fondation-jean-charles-bonenfant\/","og_locale":"fr_CA","og_type":"article","og_title":"Anne M\u00e9vellec est finaliste des Prix de la Fondation Jean-Charles-Bonenfant - UQACtualit\u00e9s","og_description":"Dipl\u00f4m\u00e9e du Doctorat en d\u00e9veloppement r\u00e9gional de l&rsquo;Universit\u00e9 du Qu\u00e9bec \u00e0 Chicoutimi, Anne M\u00e9vellec a re\u00e7u, pour sa th\u00e8se, un prix litt\u00e9raire accompagn\u00e9 d&rsquo;une bourse de la Fondation Jean-Charles-Bonenfant. Intitul\u00e9e \u00ab&nbsp;La construction politique des agglom\u00e9rations. Logiques politiques et dynamiques institutionnelles. Une comparaison franco-qu\u00e9b\u00e9coise.&nbsp;\u00bb (Universit\u00e9 du Qu\u00e9bec \u00e0 Chicoutimi et Universit\u00e9 de Rennes 1), sa th\u00e8se [&hellip;]","og_url":"https:\/\/www.uqac.ca\/uqactualites\/2006\/09\/22\/anne-mevellec-est-finaliste-des-prix-de-la-fondation-jean-charles-bonenfant\/","og_site_name":"UQACtualit\u00e9s","article_published_time":"2006-09-22T19:42:13+00:00","og_image":[{"url":"http:\/\/www.uqac.ca\/wp-content\/uploads\/2012\/03\/ZowNpze7rsRt7nuC-261x300.jpg","type":"","width":"","height":""}],"author":"Service des communications et des relations publiques","twitter_card":"summary_large_image","twitter_misc":{"\u00c9crit par":"Service des communications et des relations publiques","Estimation du temps de lecture":"1 minute"},"schema":{"@context":"https:\/\/schema.org","@graph":[{"@type":"WebPage","@id":"https:\/\/www.uqac.ca\/uqactualites\/2006\/09\/22\/anne-mevellec-est-finaliste-des-prix-de-la-fondation-jean-charles-bonenfant\/","url":"https:\/\/www.uqac.ca\/uqactualites\/2006\/09\/22\/anne-mevellec-est-finaliste-des-prix-de-la-fondation-jean-charles-bonenfant\/","name":"Anne M\u00e9vellec est finaliste des Prix de la Fondation Jean-Charles-Bonenfant - UQACtualit\u00e9s","isPartOf":{"@id":"https:\/\/www.uqac.ca\/uqactualites\/#website"},"primaryImageOfPage":{"@id":"https:\/\/www.uqac.ca\/uqactualites\/2006\/09\/22\/anne-mevellec-est-finaliste-des-prix-de-la-fondation-jean-charles-bonenfant\/#primaryimage"},"image":{"@id":"https:\/\/www.uqac.ca\/uqactualites\/2006\/09\/22\/anne-mevellec-est-finaliste-des-prix-de-la-fondation-jean-charles-bonenfant\/#primaryimage"},"thumbnailUrl":"http:\/\/www.uqac.ca\/wp-content\/uploads\/2012\/03\/ZowNpze7rsRt7nuC-261x300.jpg","datePublished":"2006-09-22T19:42:13+00:00","dateModified":"2006-09-22T19:42:13+00:00","author":{"@id":"https:\/\/www.uqac.ca\/uqactualites\/#\/schema\/person\/366c45a0c4f0e677b41b4af5886e2018"},"breadcrumb":{"@id":"https:\/\/www.uqac.ca\/uqactualites\/2006\/09\/22\/anne-mevellec-est-finaliste-des-prix-de-la-fondation-jean-charles-bonenfant\/#breadcrumb"},"inLanguage":"fr-CA","potentialAction":[{"@type":"ReadAction","target":["https:\/\/www.uqac.ca\/uqactualites\/2006\/09\/22\/anne-mevellec-est-finaliste-des-prix-de-la-fondation-jean-charles-bonenfant\/"]}]},{"@type":"ImageObject","inLanguage":"fr-CA","@id":"https:\/\/www.uqac.ca\/uqactualites\/2006\/09\/22\/anne-mevellec-est-finaliste-des-prix-de-la-fondation-jean-charles-bonenfant\/#primaryimage","url":"http:\/\/www.uqac.ca\/wp-content\/uploads\/2012\/03\/ZowNpze7rsRt7nuC-261x300.jpg","contentUrl":"http:\/\/www.uqac.ca\/wp-content\/uploads\/2012\/03\/ZowNpze7rsRt7nuC-261x300.jpg"},{"@type":"BreadcrumbList","@id":"https:\/\/www.uqac.ca\/uqactualites\/2006\/09\/22\/anne-mevellec-est-finaliste-des-prix-de-la-fondation-jean-charles-bonenfant\/#breadcrumb","itemListElement":[{"@type":"ListItem","position":1,"name":"Home","item":"https:\/\/www.uqac.ca\/uqactualites\/"},{"@type":"ListItem","position":2,"name":"Anne M\u00e9vellec est finaliste des Prix de la Fondation Jean-Charles-Bonenfant"}]},{"@type":"WebSite","@id":"https:\/\/www.uqac.ca\/uqactualites\/#website","url":"https:\/\/www.uqac.ca\/uqactualites\/","name":"UQACtualit\u00e9s","description":"Le portail des nouvelles de l&#039;UQAC","potentialAction":[{"@type":"SearchAction","target":{"@type":"EntryPoint","urlTemplate":"https:\/\/www.uqac.ca\/uqactualites\/?s={search_term_string}"},"query-input":{"@type":"PropertyValueSpecification","valueRequired":true,"valueName":"search_term_string"}}],"inLanguage":"fr-CA"},{"@type":"Person","@id":"https:\/\/www.uqac.ca\/uqactualites\/#\/schema\/person\/366c45a0c4f0e677b41b4af5886e2018","name":"Service des communications et des relations publiques","image":{"@type":"ImageObject","inLanguage":"fr-CA","@id":"https:\/\/www.uqac.ca\/uqactualites\/#\/schema\/person\/image\/","url":"https:\/\/secure.gravatar.com\/avatar\/20fbbda8a292f59f2d3461a5b999c00b?s=96&d=mm&r=g","contentUrl":"https:\/\/secure.gravatar.com\/avatar\/20fbbda8a292f59f2d3461a5b999c00b?s=96&d=mm&r=g","caption":"Service des communications et des relations publiques"},"url":"https:\/\/www.uqac.ca\/uqactualites\/author\/bap\/"}]}},"_links":{"self":[{"href":"https:\/\/www.uqac.ca\/uqactualites\/wp-json\/wp\/v2\/posts\/19553"}],"collection":[{"href":"https:\/\/www.uqac.ca\/uqactualites\/wp-json\/wp\/v2\/posts"}],"about":[{"href":"https:\/\/www.uqac.ca\/uqactualites\/wp-json\/wp\/v2\/types\/post"}],"author":[{"embeddable":true,"href":"https:\/\/www.uqac.ca\/uqactualites\/wp-json\/wp\/v2\/users\/5"}],"replies":[{"embeddable":true,"href":"https:\/\/www.uqac.ca\/uqactualites\/wp-json\/wp\/v2\/comments?post=19553"}],"version-history":[{"count":0,"href":"https:\/\/www.uqac.ca\/uqactualites\/wp-json\/wp\/v2\/posts\/19553\/revisions"}],"wp:attachment":[{"href":"https:\/\/www.uqac.ca\/uqactualites\/wp-json\/wp\/v2\/media?parent=19553"}],"wp:term":[{"taxonomy":"category","embeddable":true,"href":"https:\/\/www.uqac.ca\/uqactualites\/wp-json\/wp\/v2\/categories?post=19553"},{"taxonomy":"post_tag","embeddable":true,"href":"https:\/\/www.uqac.ca\/uqactualites\/wp-json\/wp\/v2\/tags?post=19553"}],"curies":[{"name":"wp","href":"https:\/\/api.w.org\/{rel}","templated":true}]}}