{"id":19556,"date":"2006-09-11T16:21:22","date_gmt":"2006-09-11T21:51:22","guid":{"rendered":"http:\/\/uqactualite.odev.ca\/2006\/09\/la-poesie-et-lavenir-de-la-planete\/"},"modified":"2006-09-11T16:21:22","modified_gmt":"2006-09-11T21:51:22","slug":"la-poesie-et-lavenir-de-la-planete","status":"publish","type":"post","link":"https:\/\/www.uqac.ca\/uqactualites\/2006\/09\/11\/la-poesie-et-lavenir-de-la-planete\/","title":{"rendered":"La po\u00e9sie et l&rsquo;avenir de la plan\u00e8te"},"content":{"rendered":"<p><figure id=\"attachment_19556\" aria-describedby=\"caption-attachment-19556\" style=\"width: 300px\" class=\"wp-caption alignright\"><a href=\"http:\/\/www.uqac.ca\/wp-content\/uploads\/2012\/03\/FIvjD0fGQ0riwJj7.jpg\"><img loading=\"lazy\" decoding=\"async\" class=\"size-medium wp-image-19556\" title=\"FIvjD0fGQ0riwJj7\" src=\"http:\/\/www.uqac.ca\/wp-content\/uploads\/2012\/03\/FIvjD0fGQ0riwJj7-300x225.jpg\" width=\"300\" height=\"225\" alt=\"\" \/><\/a><figcaption id=\"caption-attachment-19556\" class=\"wp-caption-text\">Monsieur Mustapha Fahmi est professeur de litt\u00e9rature anglaise au D\u00e9partement des arts et lettres et directeur par int\u00e9rim de l&#039;Unit\u00e9 d&#039;enseignement en lettres \u00e0 l&#039;Universit\u00e9 du Qu\u00e9bec \u00e0 Chicoutimi. Monsieur Fahmi est un sp\u00e9cialiste de Shakespeare de renomm\u00e9e internationale. Auteur de plusieurs publications, portant notamment sur Shakespeare, il prononce \u00e9galement de nombreuses conf\u00e9rences en Europe, en Am\u00e9rique et en Australie.<\/figcaption><\/figure><i>Voici la pr\u00e9face de la derni\u00e8re \u00e9dition de \u00ab La Bonante \u00bb, une revue de cr\u00e9ation litt\u00e9raire publi\u00e9e par l&rsquo;Unit\u00e9 d&rsquo;enseignement en lettres,  parue en avril 2006. Cette publication pr\u00e9sente les textes cr\u00e9\u00e9s  dans le cadre du Concours litt\u00e9raire annuel organis\u00e9 \u00e0 l&rsquo;Universit\u00e9 du Qu\u00e9bec \u00e0 Chicoutimi.<\/i><\/p>\n<p>Dans un des po\u00e8mes les plus c\u00e9l\u00e8bres du vingti\u00e8me si\u00e8cle, \u00ab The Wasteland, \u00bb le po\u00e8te am\u00e9ricain T.S. Eliot nous d\u00e9crit une terre en d\u00e9solation, une terre o\u00f9 rien ne pousse, o\u00f9 m\u00eame les \u00eatres vivants ont cess\u00e9 de se reproduire. Dans un passage particuli\u00e8rement fort, le po\u00e8te s&rsquo;adresse directement \u00e0 l&rsquo;homme :<br \/>\n<i><br \/>\nSon of man,<br \/>\nYou cannot say, or guess, for you know only<br \/>\nA heap of broken images, where the sun beats,<br \/>\nAnd the dead tree gives no shelter, the cricket no relief,<br \/>\nAnd the dry stone no sound of water. <\/i><\/p>\n<p>Le po\u00e8me a une r\u00e9sonance \u00e9cologique claire, malgr\u00e9 le fait qu&rsquo;il soit publi\u00e9 longtemps avant l&rsquo;\u00e9mergence de l&rsquo;environnementalisme moderne. Cependant, ce qui distingue le passage que je viens de citer des dizaines de rapports publi\u00e9s chaque ann\u00e9e dans les journaux sur l&rsquo;\u00e9tat de la plan\u00e8te, c&rsquo;est que, une fois lu, ce passage est difficile \u00e0 oublier. Pourquoi ? Parce qu&rsquo;il fait ce que seule la po\u00e9sie sait faire, c&rsquo;est-\u00e0-dire, cr\u00e9er un espace o\u00f9 les choses se d\u00e9voilent et se r\u00e9v\u00e8lent d&rsquo;une fa\u00e7on propre \u00e0 leur essence. Les \u00e9cologistes peuvent nous d\u00e9crire avec pr\u00e9cision tout ce qui peut arriver \u00e0 un arbre, mais seul le langage po\u00e9tique est capable de nous r\u00e9v\u00e9ler \u00ab l&rsquo;arbret\u00e9 \u00bb de l&rsquo;arbre, c&rsquo;est-\u00e0-dire, sa fa\u00e7on unique et inimitable d&rsquo;\u00eatre dans le monde. C&rsquo;est cette particularit\u00e9 qui rend la po\u00e9sie indispensable de nos jours. Une \u00e9ducation \u00e9cologique est utile, certes, mais elle est loin de garantir un meilleur avenir pour notre plan\u00e8te, car contrairement \u00e0 ce qu&rsquo;on pense, ce ne sont pas les statistiques d\u00e9taill\u00e9es sur le r\u00e9chauffement de la terre qui pousseront les gens \u00e0 prot\u00e9ger la nature. Les gens prot\u00e8gent ce qu&rsquo;ils aiment et l&rsquo;amour de la nature passe par la po\u00e9sie. <\/p>\n<p>\u00c0 une \u00e9poque o\u00f9 tout est encadr\u00e9, o\u00f9 tout fait partie d&rsquo;un syst\u00e8me, o\u00f9 tout est r\u00e9duit \u00e0 une ressource. \u00c0 une \u00e9poque o\u00f9 l&rsquo;\u00e9tudiant n&rsquo;est plus un \u00e9tudiant mais un client qui paie pour un service qui le pr\u00e9pare pour un march\u00e9. \u00c0 une \u00e9poque o\u00f9 le bon professeur n&rsquo;est plus un professeur, mais plut\u00f4t un chercheur qui passe une partie consid\u00e9rable de son temps \u00e0 chercher des subventions de recherche, la po\u00e9sie devient de plus en plus pertinente comme arme contre l&rsquo;encadrement. Car, contrairement au langage quotidien qui s&rsquo;appauvrit de jour en jour et devient une langue de bois qui aplatit les id\u00e9es et unifie les sentiments, la po\u00e9sie est par sa nature une forme de transgression. Elle transgresse les limites du langage ainsi que les limites de la logique, parfois : \u00ab Je tremble dans l&rsquo;azur comme un sphinx incompris \/ J&rsquo;unis un c\u0153ur de neige \u00e0 la blancheur des cygnes \/ Je hais le mouvement qui d\u00e9place les lignes \/ Et jamais je ne pleure et jamais je ne ris, \u00bb dit Baudelaire. <\/p>\n<p>\u00catre un humain, selon Heidegger, c&rsquo;est, avant tout, \u00eatre capable \u00ab d&rsquo;habiter. \u00bb Habiter, non pas dans le sens d&rsquo;occuper une place dans l&rsquo;espace, mais plut\u00f4t dans le sens de s&rsquo;abandonner et de s&rsquo;ouvrir \u00e0 l&rsquo;espace dans une relation de devoir et de responsabilit\u00e9. Mais Heidegger nous dit \u00e9galement que \u00ab l&rsquo;homme habite en po\u00e8te. \u00bb Cela veut-il dire que seuls les po\u00e8tes sont des \u00eatres humains? Certainement pas. \u00ab L&rsquo;homme habite en po\u00e8te \u00bb signifie surtout qu&rsquo;il n y a pas d&rsquo;avenir pour l&rsquo;\u00eatre humain, si ce dernier n&rsquo;arrive pas \u00e0 comprendre qu&rsquo;il est le don de quelque chose en dehors de lui-m\u00eame, quelque chose au-del\u00e0 de l&rsquo;humain. Cela veut \u00e9galement dire que les \u00e9l\u00e9ments naturels ont leurs propres revendications. Ils nous demandent, entre autres, de les laisser se r\u00e9v\u00e9ler comme des choses qui ont un sens propre, au lieu de les r\u00e9duire \u00e0 des ressources et de leur imposer un sens qui leur est \u00e9tranger, un sens qui, en fin de compte, satisfait nos besoins. Cette r\u00e9v\u00e9lation est le domaine de la po\u00e9sie. C&rsquo;est la po\u00e9sie qui sauvera le monde.<\/p>\n","protected":false},"excerpt":{"rendered":"<p>Voici la pr\u00e9face de la derni\u00e8re \u00e9dition de \u00ab La Bonante \u00bb, une revue de cr\u00e9ation litt\u00e9raire publi\u00e9e par l&rsquo;Unit\u00e9 d&rsquo;enseignement en lettres, parue en avril 2006. Cette publication pr\u00e9sente les textes cr\u00e9\u00e9s dans le cadre du Concours litt\u00e9raire annuel organis\u00e9 \u00e0 l&rsquo;Universit\u00e9 du Qu\u00e9bec \u00e0 Chicoutimi. Dans un des po\u00e8mes les plus c\u00e9l\u00e8bres du [&hellip;]<\/p>\n","protected":false},"author":5,"featured_media":0,"comment_status":"closed","ping_status":"1","sticky":false,"template":"","format":"standard","meta":{"footnotes":""},"categories":[25],"tags":[],"yoast_head":"<!-- This site is optimized with the Yoast SEO plugin v24.2 - https:\/\/yoast.com\/wordpress\/plugins\/seo\/ -->\r\n<title>La po\u00e9sie et l&#039;avenir de la plan\u00e8te - UQACtualit\u00e9s<\/title>\r\n<meta name=\"robots\" content=\"index, follow, max-snippet:-1, max-image-preview:large, max-video-preview:-1\" \/>\r\n<link rel=\"canonical\" href=\"https:\/\/www.uqac.ca\/uqactualites\/2006\/09\/11\/la-poesie-et-lavenir-de-la-planete\/\" \/>\r\n<meta property=\"og:locale\" content=\"fr_CA\" \/>\r\n<meta property=\"og:type\" content=\"article\" \/>\r\n<meta property=\"og:title\" content=\"La po\u00e9sie et l&#039;avenir de la plan\u00e8te - UQACtualit\u00e9s\" \/>\r\n<meta property=\"og:description\" content=\"Voici la pr\u00e9face de la derni\u00e8re \u00e9dition de \u00ab La Bonante \u00bb, une revue de cr\u00e9ation litt\u00e9raire publi\u00e9e par l&rsquo;Unit\u00e9 d&rsquo;enseignement en lettres, parue en avril 2006. Cette publication pr\u00e9sente les textes cr\u00e9\u00e9s dans le cadre du Concours litt\u00e9raire annuel organis\u00e9 \u00e0 l&rsquo;Universit\u00e9 du Qu\u00e9bec \u00e0 Chicoutimi. Dans un des po\u00e8mes les plus c\u00e9l\u00e8bres du [&hellip;]\" \/>\r\n<meta property=\"og:url\" content=\"https:\/\/www.uqac.ca\/uqactualites\/2006\/09\/11\/la-poesie-et-lavenir-de-la-planete\/\" \/>\r\n<meta property=\"og:site_name\" content=\"UQACtualit\u00e9s\" \/>\r\n<meta property=\"article:published_time\" content=\"2006-09-11T21:51:22+00:00\" \/>\r\n<meta property=\"og:image\" content=\"http:\/\/www.uqac.ca\/wp-content\/uploads\/2012\/03\/FIvjD0fGQ0riwJj7-300x225.jpg\" \/>\r\n<meta name=\"author\" content=\"Service des communications et des relations publiques\" \/>\r\n<meta name=\"twitter:card\" content=\"summary_large_image\" \/>\r\n<meta name=\"twitter:label1\" content=\"\u00c9crit par\" \/>\n\t<meta name=\"twitter:data1\" content=\"Service des communications et des relations publiques\" \/>\n\t<meta name=\"twitter:label2\" content=\"Estimation du temps de lecture\" \/>\n\t<meta name=\"twitter:data2\" content=\"4 minutes\" \/>\r\n<script type=\"application\/ld+json\" class=\"yoast-schema-graph\">{\"@context\":\"https:\/\/schema.org\",\"@graph\":[{\"@type\":\"WebPage\",\"@id\":\"https:\/\/www.uqac.ca\/uqactualites\/2006\/09\/11\/la-poesie-et-lavenir-de-la-planete\/\",\"url\":\"https:\/\/www.uqac.ca\/uqactualites\/2006\/09\/11\/la-poesie-et-lavenir-de-la-planete\/\",\"name\":\"La po\u00e9sie et l'avenir de la plan\u00e8te - UQACtualit\u00e9s\",\"isPartOf\":{\"@id\":\"https:\/\/www.uqac.ca\/uqactualites\/#website\"},\"primaryImageOfPage\":{\"@id\":\"https:\/\/www.uqac.ca\/uqactualites\/2006\/09\/11\/la-poesie-et-lavenir-de-la-planete\/#primaryimage\"},\"image\":{\"@id\":\"https:\/\/www.uqac.ca\/uqactualites\/2006\/09\/11\/la-poesie-et-lavenir-de-la-planete\/#primaryimage\"},\"thumbnailUrl\":\"http:\/\/www.uqac.ca\/wp-content\/uploads\/2012\/03\/FIvjD0fGQ0riwJj7-300x225.jpg\",\"datePublished\":\"2006-09-11T21:51:22+00:00\",\"dateModified\":\"2006-09-11T21:51:22+00:00\",\"author\":{\"@id\":\"https:\/\/www.uqac.ca\/uqactualites\/#\/schema\/person\/366c45a0c4f0e677b41b4af5886e2018\"},\"breadcrumb\":{\"@id\":\"https:\/\/www.uqac.ca\/uqactualites\/2006\/09\/11\/la-poesie-et-lavenir-de-la-planete\/#breadcrumb\"},\"inLanguage\":\"fr-CA\",\"potentialAction\":[{\"@type\":\"ReadAction\",\"target\":[\"https:\/\/www.uqac.ca\/uqactualites\/2006\/09\/11\/la-poesie-et-lavenir-de-la-planete\/\"]}]},{\"@type\":\"ImageObject\",\"inLanguage\":\"fr-CA\",\"@id\":\"https:\/\/www.uqac.ca\/uqactualites\/2006\/09\/11\/la-poesie-et-lavenir-de-la-planete\/#primaryimage\",\"url\":\"http:\/\/www.uqac.ca\/wp-content\/uploads\/2012\/03\/FIvjD0fGQ0riwJj7-300x225.jpg\",\"contentUrl\":\"http:\/\/www.uqac.ca\/wp-content\/uploads\/2012\/03\/FIvjD0fGQ0riwJj7-300x225.jpg\"},{\"@type\":\"BreadcrumbList\",\"@id\":\"https:\/\/www.uqac.ca\/uqactualites\/2006\/09\/11\/la-poesie-et-lavenir-de-la-planete\/#breadcrumb\",\"itemListElement\":[{\"@type\":\"ListItem\",\"position\":1,\"name\":\"Home\",\"item\":\"https:\/\/www.uqac.ca\/uqactualites\/\"},{\"@type\":\"ListItem\",\"position\":2,\"name\":\"La po\u00e9sie et l&rsquo;avenir de la plan\u00e8te\"}]},{\"@type\":\"WebSite\",\"@id\":\"https:\/\/www.uqac.ca\/uqactualites\/#website\",\"url\":\"https:\/\/www.uqac.ca\/uqactualites\/\",\"name\":\"UQACtualit\u00e9s\",\"description\":\"Le portail des nouvelles de l&#039;UQAC\",\"potentialAction\":[{\"@type\":\"SearchAction\",\"target\":{\"@type\":\"EntryPoint\",\"urlTemplate\":\"https:\/\/www.uqac.ca\/uqactualites\/?s={search_term_string}\"},\"query-input\":{\"@type\":\"PropertyValueSpecification\",\"valueRequired\":true,\"valueName\":\"search_term_string\"}}],\"inLanguage\":\"fr-CA\"},{\"@type\":\"Person\",\"@id\":\"https:\/\/www.uqac.ca\/uqactualites\/#\/schema\/person\/366c45a0c4f0e677b41b4af5886e2018\",\"name\":\"Service des communications et des relations publiques\",\"image\":{\"@type\":\"ImageObject\",\"inLanguage\":\"fr-CA\",\"@id\":\"https:\/\/www.uqac.ca\/uqactualites\/#\/schema\/person\/image\/\",\"url\":\"https:\/\/secure.gravatar.com\/avatar\/20fbbda8a292f59f2d3461a5b999c00b?s=96&d=mm&r=g\",\"contentUrl\":\"https:\/\/secure.gravatar.com\/avatar\/20fbbda8a292f59f2d3461a5b999c00b?s=96&d=mm&r=g\",\"caption\":\"Service des communications et des relations publiques\"},\"url\":\"https:\/\/www.uqac.ca\/uqactualites\/author\/bap\/\"}]}<\/script>\r\n<!-- \/ Yoast SEO plugin. -->","yoast_head_json":{"title":"La po\u00e9sie et l'avenir de la plan\u00e8te - UQACtualit\u00e9s","robots":{"index":"index","follow":"follow","max-snippet":"max-snippet:-1","max-image-preview":"max-image-preview:large","max-video-preview":"max-video-preview:-1"},"canonical":"https:\/\/www.uqac.ca\/uqactualites\/2006\/09\/11\/la-poesie-et-lavenir-de-la-planete\/","og_locale":"fr_CA","og_type":"article","og_title":"La po\u00e9sie et l'avenir de la plan\u00e8te - UQACtualit\u00e9s","og_description":"Voici la pr\u00e9face de la derni\u00e8re \u00e9dition de \u00ab La Bonante \u00bb, une revue de cr\u00e9ation litt\u00e9raire publi\u00e9e par l&rsquo;Unit\u00e9 d&rsquo;enseignement en lettres, parue en avril 2006. Cette publication pr\u00e9sente les textes cr\u00e9\u00e9s dans le cadre du Concours litt\u00e9raire annuel organis\u00e9 \u00e0 l&rsquo;Universit\u00e9 du Qu\u00e9bec \u00e0 Chicoutimi. Dans un des po\u00e8mes les plus c\u00e9l\u00e8bres du [&hellip;]","og_url":"https:\/\/www.uqac.ca\/uqactualites\/2006\/09\/11\/la-poesie-et-lavenir-de-la-planete\/","og_site_name":"UQACtualit\u00e9s","article_published_time":"2006-09-11T21:51:22+00:00","og_image":[{"url":"http:\/\/www.uqac.ca\/wp-content\/uploads\/2012\/03\/FIvjD0fGQ0riwJj7-300x225.jpg","type":"","width":"","height":""}],"author":"Service des communications et des relations publiques","twitter_card":"summary_large_image","twitter_misc":{"\u00c9crit par":"Service des communications et des relations publiques","Estimation du temps de lecture":"4 minutes"},"schema":{"@context":"https:\/\/schema.org","@graph":[{"@type":"WebPage","@id":"https:\/\/www.uqac.ca\/uqactualites\/2006\/09\/11\/la-poesie-et-lavenir-de-la-planete\/","url":"https:\/\/www.uqac.ca\/uqactualites\/2006\/09\/11\/la-poesie-et-lavenir-de-la-planete\/","name":"La po\u00e9sie et l'avenir de la plan\u00e8te - UQACtualit\u00e9s","isPartOf":{"@id":"https:\/\/www.uqac.ca\/uqactualites\/#website"},"primaryImageOfPage":{"@id":"https:\/\/www.uqac.ca\/uqactualites\/2006\/09\/11\/la-poesie-et-lavenir-de-la-planete\/#primaryimage"},"image":{"@id":"https:\/\/www.uqac.ca\/uqactualites\/2006\/09\/11\/la-poesie-et-lavenir-de-la-planete\/#primaryimage"},"thumbnailUrl":"http:\/\/www.uqac.ca\/wp-content\/uploads\/2012\/03\/FIvjD0fGQ0riwJj7-300x225.jpg","datePublished":"2006-09-11T21:51:22+00:00","dateModified":"2006-09-11T21:51:22+00:00","author":{"@id":"https:\/\/www.uqac.ca\/uqactualites\/#\/schema\/person\/366c45a0c4f0e677b41b4af5886e2018"},"breadcrumb":{"@id":"https:\/\/www.uqac.ca\/uqactualites\/2006\/09\/11\/la-poesie-et-lavenir-de-la-planete\/#breadcrumb"},"inLanguage":"fr-CA","potentialAction":[{"@type":"ReadAction","target":["https:\/\/www.uqac.ca\/uqactualites\/2006\/09\/11\/la-poesie-et-lavenir-de-la-planete\/"]}]},{"@type":"ImageObject","inLanguage":"fr-CA","@id":"https:\/\/www.uqac.ca\/uqactualites\/2006\/09\/11\/la-poesie-et-lavenir-de-la-planete\/#primaryimage","url":"http:\/\/www.uqac.ca\/wp-content\/uploads\/2012\/03\/FIvjD0fGQ0riwJj7-300x225.jpg","contentUrl":"http:\/\/www.uqac.ca\/wp-content\/uploads\/2012\/03\/FIvjD0fGQ0riwJj7-300x225.jpg"},{"@type":"BreadcrumbList","@id":"https:\/\/www.uqac.ca\/uqactualites\/2006\/09\/11\/la-poesie-et-lavenir-de-la-planete\/#breadcrumb","itemListElement":[{"@type":"ListItem","position":1,"name":"Home","item":"https:\/\/www.uqac.ca\/uqactualites\/"},{"@type":"ListItem","position":2,"name":"La po\u00e9sie et l&rsquo;avenir de la plan\u00e8te"}]},{"@type":"WebSite","@id":"https:\/\/www.uqac.ca\/uqactualites\/#website","url":"https:\/\/www.uqac.ca\/uqactualites\/","name":"UQACtualit\u00e9s","description":"Le portail des nouvelles de l&#039;UQAC","potentialAction":[{"@type":"SearchAction","target":{"@type":"EntryPoint","urlTemplate":"https:\/\/www.uqac.ca\/uqactualites\/?s={search_term_string}"},"query-input":{"@type":"PropertyValueSpecification","valueRequired":true,"valueName":"search_term_string"}}],"inLanguage":"fr-CA"},{"@type":"Person","@id":"https:\/\/www.uqac.ca\/uqactualites\/#\/schema\/person\/366c45a0c4f0e677b41b4af5886e2018","name":"Service des communications et des relations publiques","image":{"@type":"ImageObject","inLanguage":"fr-CA","@id":"https:\/\/www.uqac.ca\/uqactualites\/#\/schema\/person\/image\/","url":"https:\/\/secure.gravatar.com\/avatar\/20fbbda8a292f59f2d3461a5b999c00b?s=96&d=mm&r=g","contentUrl":"https:\/\/secure.gravatar.com\/avatar\/20fbbda8a292f59f2d3461a5b999c00b?s=96&d=mm&r=g","caption":"Service des communications et des relations publiques"},"url":"https:\/\/www.uqac.ca\/uqactualites\/author\/bap\/"}]}},"_links":{"self":[{"href":"https:\/\/www.uqac.ca\/uqactualites\/wp-json\/wp\/v2\/posts\/19556"}],"collection":[{"href":"https:\/\/www.uqac.ca\/uqactualites\/wp-json\/wp\/v2\/posts"}],"about":[{"href":"https:\/\/www.uqac.ca\/uqactualites\/wp-json\/wp\/v2\/types\/post"}],"author":[{"embeddable":true,"href":"https:\/\/www.uqac.ca\/uqactualites\/wp-json\/wp\/v2\/users\/5"}],"replies":[{"embeddable":true,"href":"https:\/\/www.uqac.ca\/uqactualites\/wp-json\/wp\/v2\/comments?post=19556"}],"version-history":[{"count":0,"href":"https:\/\/www.uqac.ca\/uqactualites\/wp-json\/wp\/v2\/posts\/19556\/revisions"}],"wp:attachment":[{"href":"https:\/\/www.uqac.ca\/uqactualites\/wp-json\/wp\/v2\/media?parent=19556"}],"wp:term":[{"taxonomy":"category","embeddable":true,"href":"https:\/\/www.uqac.ca\/uqactualites\/wp-json\/wp\/v2\/categories?post=19556"},{"taxonomy":"post_tag","embeddable":true,"href":"https:\/\/www.uqac.ca\/uqactualites\/wp-json\/wp\/v2\/tags?post=19556"}],"curies":[{"name":"wp","href":"https:\/\/api.w.org\/{rel}","templated":true}]}}