{"id":19572,"date":"2006-04-18T09:57:09","date_gmt":"2006-04-18T15:27:09","guid":{"rendered":"http:\/\/uqactualite.odev.ca\/2006\/04\/de-la-lucidite\/"},"modified":"2006-04-18T09:57:09","modified_gmt":"2006-04-18T15:27:09","slug":"de-la-lucidite","status":"publish","type":"post","link":"https:\/\/www.uqac.ca\/uqactualites\/2006\/04\/18\/de-la-lucidite\/","title":{"rendered":"De la lucidit\u00e9"},"content":{"rendered":"<p><figure id=\"attachment_19572\" aria-describedby=\"caption-attachment-19572\" style=\"width: 300px\" class=\"wp-caption alignright\"><a href=\"http:\/\/www.uqac.ca\/wp-content\/uploads\/2012\/03\/mfLlusHFNQlBONv9.jpg\"><img loading=\"lazy\" decoding=\"async\" class=\"size-medium wp-image-19572\" title=\"mfLlusHFNQlBONv9\" src=\"http:\/\/www.uqac.ca\/wp-content\/uploads\/2012\/03\/mfLlusHFNQlBONv9-300x225.jpg\" width=\"300\" height=\"225\" alt=\"\" \/><\/a><figcaption id=\"caption-attachment-19572\" class=\"wp-caption-text\">Madame Genevi\u00e8ve Nootens est professeure de science politique \u00e0 l&#039;Universit\u00e9 du Qu\u00e9bec \u00e0 Chicoutimi et est titulaire de la Chaire de recherche du Canada sur la d\u00e9mocratie et la souverainet\u00e9.<\/figcaption><\/figure>Dans 50 ans, la question de la dette publique aura l&rsquo;air d&rsquo;une broutille \u00e0 c\u00f4t\u00e9 des probl\u00e8mes environnementaux.<\/p>\n<p>Les yeux des Qu\u00e9b\u00e9cois semblent maintenant tourn\u00e9s unanimement vers la question fatidique de la dette publique. Il est dor\u00e9navant de mise, m\u00eame chez les associations jeunesses de nos deux principaux partis provinciaux, de faire de cette question le principal enjeu de politique et de justice interg\u00e9n\u00e9rationnelle. Mais s&rsquo;il est important de ne pas endetter outre mesure les g\u00e9n\u00e9rations futures, ce probl\u00e8me n&rsquo;est-il pas secondaire \u00e0 c\u00f4t\u00e9 des menaces qui p\u00e8sent sur l&rsquo;environnement et qui risquent bien davantage d&rsquo;hypoth\u00e9quer l&rsquo;avenir que la question de la dette publique? Car \u00e0 bien y penser, nous serons bien avanc\u00e9s, lorsque nous aurons rembours\u00e9 l&rsquo;hypoth\u00e8que, mais d\u00e9moli la maison!<\/p>\n<p>Le dernier remaniement minist\u00e9riel \u00e0 Qu\u00e9bec nous aura soulign\u00e9, s&rsquo;il \u00e9tait encore besoin de le faire, que l&rsquo;environnement demeure pour beaucoup d&rsquo;entre nous, et pour une bonne partie de nos \u00e9lites politiques, une pr\u00e9occupation secondaire. Au-del\u00e0 des \u00e9nonc\u00e9s de principe, on se rend vite compte, en effet, que les int\u00e9r\u00eats \u00e9conomiques et les consid\u00e9rations \u00e9lectoralistes viennent facilement \u00e0 bout des bonnes intentions. Pourtant, d&rsquo;autres chroniqueurs l&rsquo;ont soulign\u00e9, le ministre de l&rsquo;Environnement devrait, dans le contexte actuel, diriger un super-minist\u00e8re et disposer d&rsquo;outils lui permettant de superviser tous les projets et les domaines susceptibles d&rsquo;avoir un impact environnemental. Malheureusement, on semble encore tr\u00e8s loin de s&rsquo;\u00eatre fait \u00e0 cette id\u00e9e, \u00e0 Qu\u00e9bec. Comment se fait-il que nous soyons incapables d&rsquo;assumer nos responsabilit\u00e9s \u00e0 cet \u00e9gard?<\/p>\n<p>Il y a deux raisons qui expliquent notre incurie. D&rsquo;une part, au-del\u00e0 du scepticisme d\u00e9sesp\u00e9rant qu&rsquo;affichent encore certaines personnes relativement aux cons\u00e9quences pr\u00e9visibles de ce que nous faisons subir \u00e0 la plan\u00e8te, il y a, souvent, nos propres contradictions. Celles qui font que l&rsquo;on aimerait bien r\u00e9aliser les objectifs de Kyoto, par exemple, mais que toute remise en cause de notre mode de vie souvent trop confortable nous fait bien vite oublier.<\/p>\n<p>Mais il y a plus. Car, d&rsquo;autre part, il ne faut pas se leurrer: il serait irr\u00e9aliste d&rsquo;attendre de chacun d&rsquo;entre nous qu&rsquo;il se plie continuellement et volontairement aux exigences n\u00e9cessaires pour atteindre ces objectifs. C&rsquo;est peut-\u00eatre particuli\u00e8rement vrai de certaines entreprises, dont les profits pourraient \u00eatre menac\u00e9s par des r\u00e8gles environnementales plus strictes; mais c&rsquo;est aussi vrai pour chacun d&rsquo;entre nous. \u00c0 moins d&rsquo;\u00eatre dot\u00e9 d&rsquo;une morale personnelle irr\u00e9prochable, rigoureuse, qui ne faillit jamais, la plupart des individus ont tendance \u00e0 \u00eatre parfois un peu paresseux, ou pr\u00e9f\u00e8rent payer plut\u00f4t que de renoncer \u00e0 un certain niveau de confort (et ils pr\u00e9f\u00e8rent payer plus tard que t\u00f4t!). Par cons\u00e9quent, sans un encadrement l\u00e9gislatif et r\u00e9glementaire rigoureux, il est parfaitement illusoire de penser qu&rsquo;on pourra am\u00e9liorer un tant soit peu la qualit\u00e9 de l&rsquo;environnement que nous l\u00e9guerons aux g\u00e9n\u00e9rations futures.<\/p>\n<p><b>Le r\u00f4le du l\u00e9gislateur<\/b><\/p>\n<p>C&rsquo;est l\u00e0 que nos politiciens entrent en sc\u00e8ne, et que leur propre incurie devient criante. Car seul le l\u00e9gislateur (ces d\u00e9put\u00e9s que nous avons \u00e9lus pour nous repr\u00e9senter dans la prise de d\u00e9cision) peut assurer la mise sur pied d&rsquo;un cadre r\u00e9glementaire rigoureux en cette mati\u00e8re. Or, l&rsquo;une des choses que nous rappelle le dernier remaniement minist\u00e9riel, c&rsquo;est qu&rsquo;une trop grande proximit\u00e9 entre l&rsquo;\u00e9lite politique et l&rsquo;\u00e9lite \u00e9conomique compromet l&rsquo;engagement des \u00e9lus envers le bien commun. \u00c0 cet \u00e9gard, je crains d&rsquo;\u00eatre pessimiste: le d\u00e9part de Thomas Mulcair, l&rsquo;annonce pr\u00e9matur\u00e9e de Claude B\u00e9chard concernant les terminaux m\u00e9thaniers, la pr\u00e9sence au cabinet du premier ministre d&rsquo;un ancien de Gaz M\u00e9tro, la hausse abrupte des tarifs d&rsquo;hydro\u00e9lectricit\u00e9,&#8230; tout cela semble au-del\u00e0 de la simple co\u00efncidence. Il n&rsquo;y a peut-\u00eatre l\u00e0 pas de v\u00e9ritable conflit d&rsquo;int\u00e9r\u00eat. Mais si le gouvernement actuel favorise le d\u00e9veloppement du gaz naturel (notamment), les citoyens pourront toujours se permettre de douter des v\u00e9ritables raisons qui motiveraient ce choix.<\/p>\n<p>D&rsquo;autant plus qu&rsquo;en mati\u00e8re d&rsquo;environnement plus qu&rsquo;en toute autre chose, \u00e0 l&rsquo;heure actuelle, il y a p\u00e9ril en la demeure, et pas seulement au sens figur\u00e9. C&rsquo;est l&rsquo;un des crit\u00e8res \u00e0 l&rsquo;\u00e9chelle desquels nous devrions jauger le sens des responsabilit\u00e9s de nos \u00e9lus, leur vision de l&rsquo;avenir, leur capacit\u00e9 de mobiliser les citoyens afin de faire face \u00e0 l&rsquo;un des enjeux les plus d\u00e9terminants de ce si\u00e8cle. Dans 50 ans, la question de la dette publique aura l&rsquo;air d&rsquo;une broutille \u00e0 c\u00f4t\u00e9 des probl\u00e8mes environnementaux. En fait, elle l&rsquo;est d\u00e9j\u00e0, mais nous ne le r\u00e9alisons pas encore. Lucides, vous avez dit?<\/p>\n<p><i>Genevi\u00e8ve Nootens<\/i><\/p>\n<p>La chronique \u00ab<i>Qu\u00e9bec grand angle<\/i>\u00bb a \u00e9t\u00e9 publi\u00e9e dans les pages \u00abForum\u00bb de La Presse du 11 mars 2006. Ce texte a \u00e9t\u00e9 reproduit avec l&rsquo;aimable autorisation du journal La Presse.<\/p>\n","protected":false},"excerpt":{"rendered":"<p>Dans 50 ans, la question de la dette publique aura l&rsquo;air d&rsquo;une broutille \u00e0 c\u00f4t\u00e9 des probl\u00e8mes environnementaux. Les yeux des Qu\u00e9b\u00e9cois semblent maintenant tourn\u00e9s unanimement vers la question fatidique de la dette publique. Il est dor\u00e9navant de mise, m\u00eame chez les associations jeunesses de nos deux principaux partis provinciaux, de faire de cette question [&hellip;]<\/p>\n","protected":false},"author":5,"featured_media":0,"comment_status":"closed","ping_status":"1","sticky":false,"template":"","format":"standard","meta":{"footnotes":""},"categories":[2772],"tags":[],"yoast_head":"<!-- This site is optimized with the Yoast SEO plugin v24.2 - https:\/\/yoast.com\/wordpress\/plugins\/seo\/ -->\r\n<title>De la lucidit\u00e9 - UQACtualit\u00e9s<\/title>\r\n<meta name=\"robots\" content=\"index, follow, max-snippet:-1, max-image-preview:large, max-video-preview:-1\" \/>\r\n<link rel=\"canonical\" href=\"https:\/\/www.uqac.ca\/uqactualites\/2006\/04\/18\/de-la-lucidite\/\" \/>\r\n<meta property=\"og:locale\" content=\"fr_CA\" \/>\r\n<meta property=\"og:type\" content=\"article\" \/>\r\n<meta property=\"og:title\" content=\"De la lucidit\u00e9 - UQACtualit\u00e9s\" \/>\r\n<meta property=\"og:description\" content=\"Dans 50 ans, la question de la dette publique aura l&rsquo;air d&rsquo;une broutille \u00e0 c\u00f4t\u00e9 des probl\u00e8mes environnementaux. Les yeux des Qu\u00e9b\u00e9cois semblent maintenant tourn\u00e9s unanimement vers la question fatidique de la dette publique. Il est dor\u00e9navant de mise, m\u00eame chez les associations jeunesses de nos deux principaux partis provinciaux, de faire de cette question [&hellip;]\" \/>\r\n<meta property=\"og:url\" content=\"https:\/\/www.uqac.ca\/uqactualites\/2006\/04\/18\/de-la-lucidite\/\" \/>\r\n<meta property=\"og:site_name\" content=\"UQACtualit\u00e9s\" \/>\r\n<meta property=\"article:published_time\" content=\"2006-04-18T15:27:09+00:00\" \/>\r\n<meta property=\"og:image\" content=\"http:\/\/www.uqac.ca\/wp-content\/uploads\/2012\/03\/mfLlusHFNQlBONv9-300x225.jpg\" \/>\r\n<meta name=\"author\" content=\"Service des communications et des relations publiques\" \/>\r\n<meta name=\"twitter:card\" content=\"summary_large_image\" \/>\r\n<meta name=\"twitter:label1\" content=\"\u00c9crit par\" \/>\n\t<meta name=\"twitter:data1\" content=\"Service des communications et des relations publiques\" \/>\n\t<meta name=\"twitter:label2\" content=\"Estimation du temps de lecture\" \/>\n\t<meta name=\"twitter:data2\" content=\"4 minutes\" \/>\r\n<script type=\"application\/ld+json\" class=\"yoast-schema-graph\">{\"@context\":\"https:\/\/schema.org\",\"@graph\":[{\"@type\":\"WebPage\",\"@id\":\"https:\/\/www.uqac.ca\/uqactualites\/2006\/04\/18\/de-la-lucidite\/\",\"url\":\"https:\/\/www.uqac.ca\/uqactualites\/2006\/04\/18\/de-la-lucidite\/\",\"name\":\"De la lucidit\u00e9 - UQACtualit\u00e9s\",\"isPartOf\":{\"@id\":\"https:\/\/www.uqac.ca\/uqactualites\/#website\"},\"primaryImageOfPage\":{\"@id\":\"https:\/\/www.uqac.ca\/uqactualites\/2006\/04\/18\/de-la-lucidite\/#primaryimage\"},\"image\":{\"@id\":\"https:\/\/www.uqac.ca\/uqactualites\/2006\/04\/18\/de-la-lucidite\/#primaryimage\"},\"thumbnailUrl\":\"http:\/\/www.uqac.ca\/wp-content\/uploads\/2012\/03\/mfLlusHFNQlBONv9-300x225.jpg\",\"datePublished\":\"2006-04-18T15:27:09+00:00\",\"dateModified\":\"2006-04-18T15:27:09+00:00\",\"author\":{\"@id\":\"https:\/\/www.uqac.ca\/uqactualites\/#\/schema\/person\/366c45a0c4f0e677b41b4af5886e2018\"},\"breadcrumb\":{\"@id\":\"https:\/\/www.uqac.ca\/uqactualites\/2006\/04\/18\/de-la-lucidite\/#breadcrumb\"},\"inLanguage\":\"fr-CA\",\"potentialAction\":[{\"@type\":\"ReadAction\",\"target\":[\"https:\/\/www.uqac.ca\/uqactualites\/2006\/04\/18\/de-la-lucidite\/\"]}]},{\"@type\":\"ImageObject\",\"inLanguage\":\"fr-CA\",\"@id\":\"https:\/\/www.uqac.ca\/uqactualites\/2006\/04\/18\/de-la-lucidite\/#primaryimage\",\"url\":\"http:\/\/www.uqac.ca\/wp-content\/uploads\/2012\/03\/mfLlusHFNQlBONv9-300x225.jpg\",\"contentUrl\":\"http:\/\/www.uqac.ca\/wp-content\/uploads\/2012\/03\/mfLlusHFNQlBONv9-300x225.jpg\"},{\"@type\":\"BreadcrumbList\",\"@id\":\"https:\/\/www.uqac.ca\/uqactualites\/2006\/04\/18\/de-la-lucidite\/#breadcrumb\",\"itemListElement\":[{\"@type\":\"ListItem\",\"position\":1,\"name\":\"Home\",\"item\":\"https:\/\/www.uqac.ca\/uqactualites\/\"},{\"@type\":\"ListItem\",\"position\":2,\"name\":\"De la lucidit\u00e9\"}]},{\"@type\":\"WebSite\",\"@id\":\"https:\/\/www.uqac.ca\/uqactualites\/#website\",\"url\":\"https:\/\/www.uqac.ca\/uqactualites\/\",\"name\":\"UQACtualit\u00e9s\",\"description\":\"Le portail des nouvelles de l&#039;UQAC\",\"potentialAction\":[{\"@type\":\"SearchAction\",\"target\":{\"@type\":\"EntryPoint\",\"urlTemplate\":\"https:\/\/www.uqac.ca\/uqactualites\/?s={search_term_string}\"},\"query-input\":{\"@type\":\"PropertyValueSpecification\",\"valueRequired\":true,\"valueName\":\"search_term_string\"}}],\"inLanguage\":\"fr-CA\"},{\"@type\":\"Person\",\"@id\":\"https:\/\/www.uqac.ca\/uqactualites\/#\/schema\/person\/366c45a0c4f0e677b41b4af5886e2018\",\"name\":\"Service des communications et des relations publiques\",\"image\":{\"@type\":\"ImageObject\",\"inLanguage\":\"fr-CA\",\"@id\":\"https:\/\/www.uqac.ca\/uqactualites\/#\/schema\/person\/image\/\",\"url\":\"https:\/\/secure.gravatar.com\/avatar\/20fbbda8a292f59f2d3461a5b999c00b?s=96&d=mm&r=g\",\"contentUrl\":\"https:\/\/secure.gravatar.com\/avatar\/20fbbda8a292f59f2d3461a5b999c00b?s=96&d=mm&r=g\",\"caption\":\"Service des communications et des relations publiques\"},\"url\":\"https:\/\/www.uqac.ca\/uqactualites\/author\/bap\/\"}]}<\/script>\r\n<!-- \/ Yoast SEO plugin. -->","yoast_head_json":{"title":"De la lucidit\u00e9 - UQACtualit\u00e9s","robots":{"index":"index","follow":"follow","max-snippet":"max-snippet:-1","max-image-preview":"max-image-preview:large","max-video-preview":"max-video-preview:-1"},"canonical":"https:\/\/www.uqac.ca\/uqactualites\/2006\/04\/18\/de-la-lucidite\/","og_locale":"fr_CA","og_type":"article","og_title":"De la lucidit\u00e9 - UQACtualit\u00e9s","og_description":"Dans 50 ans, la question de la dette publique aura l&rsquo;air d&rsquo;une broutille \u00e0 c\u00f4t\u00e9 des probl\u00e8mes environnementaux. Les yeux des Qu\u00e9b\u00e9cois semblent maintenant tourn\u00e9s unanimement vers la question fatidique de la dette publique. Il est dor\u00e9navant de mise, m\u00eame chez les associations jeunesses de nos deux principaux partis provinciaux, de faire de cette question [&hellip;]","og_url":"https:\/\/www.uqac.ca\/uqactualites\/2006\/04\/18\/de-la-lucidite\/","og_site_name":"UQACtualit\u00e9s","article_published_time":"2006-04-18T15:27:09+00:00","og_image":[{"url":"http:\/\/www.uqac.ca\/wp-content\/uploads\/2012\/03\/mfLlusHFNQlBONv9-300x225.jpg","type":"","width":"","height":""}],"author":"Service des communications et des relations publiques","twitter_card":"summary_large_image","twitter_misc":{"\u00c9crit par":"Service des communications et des relations publiques","Estimation du temps de lecture":"4 minutes"},"schema":{"@context":"https:\/\/schema.org","@graph":[{"@type":"WebPage","@id":"https:\/\/www.uqac.ca\/uqactualites\/2006\/04\/18\/de-la-lucidite\/","url":"https:\/\/www.uqac.ca\/uqactualites\/2006\/04\/18\/de-la-lucidite\/","name":"De la lucidit\u00e9 - UQACtualit\u00e9s","isPartOf":{"@id":"https:\/\/www.uqac.ca\/uqactualites\/#website"},"primaryImageOfPage":{"@id":"https:\/\/www.uqac.ca\/uqactualites\/2006\/04\/18\/de-la-lucidite\/#primaryimage"},"image":{"@id":"https:\/\/www.uqac.ca\/uqactualites\/2006\/04\/18\/de-la-lucidite\/#primaryimage"},"thumbnailUrl":"http:\/\/www.uqac.ca\/wp-content\/uploads\/2012\/03\/mfLlusHFNQlBONv9-300x225.jpg","datePublished":"2006-04-18T15:27:09+00:00","dateModified":"2006-04-18T15:27:09+00:00","author":{"@id":"https:\/\/www.uqac.ca\/uqactualites\/#\/schema\/person\/366c45a0c4f0e677b41b4af5886e2018"},"breadcrumb":{"@id":"https:\/\/www.uqac.ca\/uqactualites\/2006\/04\/18\/de-la-lucidite\/#breadcrumb"},"inLanguage":"fr-CA","potentialAction":[{"@type":"ReadAction","target":["https:\/\/www.uqac.ca\/uqactualites\/2006\/04\/18\/de-la-lucidite\/"]}]},{"@type":"ImageObject","inLanguage":"fr-CA","@id":"https:\/\/www.uqac.ca\/uqactualites\/2006\/04\/18\/de-la-lucidite\/#primaryimage","url":"http:\/\/www.uqac.ca\/wp-content\/uploads\/2012\/03\/mfLlusHFNQlBONv9-300x225.jpg","contentUrl":"http:\/\/www.uqac.ca\/wp-content\/uploads\/2012\/03\/mfLlusHFNQlBONv9-300x225.jpg"},{"@type":"BreadcrumbList","@id":"https:\/\/www.uqac.ca\/uqactualites\/2006\/04\/18\/de-la-lucidite\/#breadcrumb","itemListElement":[{"@type":"ListItem","position":1,"name":"Home","item":"https:\/\/www.uqac.ca\/uqactualites\/"},{"@type":"ListItem","position":2,"name":"De la lucidit\u00e9"}]},{"@type":"WebSite","@id":"https:\/\/www.uqac.ca\/uqactualites\/#website","url":"https:\/\/www.uqac.ca\/uqactualites\/","name":"UQACtualit\u00e9s","description":"Le portail des nouvelles de l&#039;UQAC","potentialAction":[{"@type":"SearchAction","target":{"@type":"EntryPoint","urlTemplate":"https:\/\/www.uqac.ca\/uqactualites\/?s={search_term_string}"},"query-input":{"@type":"PropertyValueSpecification","valueRequired":true,"valueName":"search_term_string"}}],"inLanguage":"fr-CA"},{"@type":"Person","@id":"https:\/\/www.uqac.ca\/uqactualites\/#\/schema\/person\/366c45a0c4f0e677b41b4af5886e2018","name":"Service des communications et des relations publiques","image":{"@type":"ImageObject","inLanguage":"fr-CA","@id":"https:\/\/www.uqac.ca\/uqactualites\/#\/schema\/person\/image\/","url":"https:\/\/secure.gravatar.com\/avatar\/20fbbda8a292f59f2d3461a5b999c00b?s=96&d=mm&r=g","contentUrl":"https:\/\/secure.gravatar.com\/avatar\/20fbbda8a292f59f2d3461a5b999c00b?s=96&d=mm&r=g","caption":"Service des communications et des relations publiques"},"url":"https:\/\/www.uqac.ca\/uqactualites\/author\/bap\/"}]}},"_links":{"self":[{"href":"https:\/\/www.uqac.ca\/uqactualites\/wp-json\/wp\/v2\/posts\/19572"}],"collection":[{"href":"https:\/\/www.uqac.ca\/uqactualites\/wp-json\/wp\/v2\/posts"}],"about":[{"href":"https:\/\/www.uqac.ca\/uqactualites\/wp-json\/wp\/v2\/types\/post"}],"author":[{"embeddable":true,"href":"https:\/\/www.uqac.ca\/uqactualites\/wp-json\/wp\/v2\/users\/5"}],"replies":[{"embeddable":true,"href":"https:\/\/www.uqac.ca\/uqactualites\/wp-json\/wp\/v2\/comments?post=19572"}],"version-history":[{"count":0,"href":"https:\/\/www.uqac.ca\/uqactualites\/wp-json\/wp\/v2\/posts\/19572\/revisions"}],"wp:attachment":[{"href":"https:\/\/www.uqac.ca\/uqactualites\/wp-json\/wp\/v2\/media?parent=19572"}],"wp:term":[{"taxonomy":"category","embeddable":true,"href":"https:\/\/www.uqac.ca\/uqactualites\/wp-json\/wp\/v2\/categories?post=19572"},{"taxonomy":"post_tag","embeddable":true,"href":"https:\/\/www.uqac.ca\/uqactualites\/wp-json\/wp\/v2\/tags?post=19572"}],"curies":[{"name":"wp","href":"https:\/\/api.w.org\/{rel}","templated":true}]}}