{"id":19584,"date":"2006-02-01T09:21:34","date_gmt":"2006-02-01T14:51:34","guid":{"rendered":"http:\/\/uqactualite.odev.ca\/2006\/02\/une-vague-daluminium-au-coeur-de-lestrie\/"},"modified":"2006-02-01T09:21:34","modified_gmt":"2006-02-01T14:51:34","slug":"une-vague-daluminium-au-coeur-de-lestrie","status":"publish","type":"post","link":"https:\/\/www.uqac.ca\/uqactualites\/2006\/02\/01\/une-vague-daluminium-au-coeur-de-lestrie\/","title":{"rendered":"Une vague d&rsquo;aluminium au c\u0153ur de l&rsquo;Estrie\u2026"},"content":{"rendered":"<p><figure id=\"attachment_19584\" aria-describedby=\"caption-attachment-19584\" style=\"width: 300px\" class=\"wp-caption alignright\"><a href=\"http:\/\/www.uqac.ca\/wp-content\/uploads\/2012\/03\/XQGgAiQBnzerbSq2.jpg\"><img loading=\"lazy\" decoding=\"async\" class=\"size-medium wp-image-19584\" title=\"XQGgAiQBnzerbSq2\" src=\"http:\/\/www.uqac.ca\/wp-content\/uploads\/2012\/03\/XQGgAiQBnzerbSq2-300x225.jpg\" width=\"300\" height=\"225\" alt=\"\" \/><\/a><figcaption id=\"caption-attachment-19584\" class=\"wp-caption-text\">L&#039;\u00e9quipe du REGAL\u2013UQAC s&#039;est distingu\u00e9e \u00e0 l&#039;occasion de la deuxi\u00e8me Journ\u00e9e des \u00e9tudiants du REGAL, en novembre 2005. De gauche \u00e0 droite, messieurs L\u00e1szl\u00f3 Kiss, professeur au D\u00e9partement des sciences appliqu\u00e9es; Dominic Toulouse et Mehran Riahi, tous les deux \u00e9tudiants \u00e0 la ma\u00eetrise en ing\u00e9nierie; Michel Gagnon, professeur au D\u00e9partement des sciences fondamentales; Simon Pilote, \u00e9galement \u00e9tudiant \u00e0 la ma\u00eetrise en ing\u00e9nierie et enfin, Daniel Marceau, professeur au D\u00e9partement des sciences fondamentales et directeur du REGAL-UQAC.<\/figcaption><\/figure>La deuxi\u00e8me <i>Journ\u00e9e des \u00e9tudiants du REGAL<\/i> (Regroupement aluminium) s&rsquo;est tenue le 17 novembre dernier \u00e0 l&rsquo;Universit\u00e9 de Sherbrooke. T\u00e9moignant du grand int\u00e9r\u00eat de l&rsquo;Universit\u00e9 du Qu\u00e9bec \u00e0 Chicoutimi et de ses partenaires envers la recherche sur l&rsquo;aluminium, une d\u00e9l\u00e9gation d&rsquo;une cinquantaine de personnes de la r\u00e9gion a pris part \u00e0 cet \u00e9v\u00e9nement, unique en son genre au Qu\u00e9bec. De ce nombre, vingt-quatre \u00e9tudiants de l&rsquo;UQAC se sont inscrits au concours d&rsquo;affiches afin de pr\u00e9senter la qualit\u00e9 de leur recherche. Trois \u00e9tudiants \u00e0 la ma\u00eetrise en ing\u00e9nierie de l&rsquo;UQAC figurent parmi les cinq laur\u00e9ats honor\u00e9s dans le cadre de ce concours. Celui-ci \u00e9tait commandit\u00e9 par les soci\u00e9t\u00e9s Alcan, Alouette, Alcoa, le Centre qu\u00e9b\u00e9cois de recherche et de d\u00e9veloppement de l&rsquo;aluminium (CQRDA) et  General Motors.<\/p>\n<p>\u00c9tudiant sous la supervision du professeur L\u00e1szl\u00f3 Kiss, M. Dominic Toulouse s&rsquo;est vu attribu\u00e9 le prix General Motors pour son affiche intitul\u00e9e <i>\u00ab \u00c9coulement gaz &#8211; liquide dans un canal ouvert vers le bas \u00bb<\/i>. M. Mehran Riahi, \u00e9tudiant des professeurs Daniel Marceau et Jean Perron, a re\u00e7u le prix <i>Alcan<\/i> pour son affiche :<i> \u00ab Three-dimensional Model of Interface between Ice and Aluminium \u00bb<\/i>. Enfin, le prix Alouette a \u00e9t\u00e9 remis \u00e0 M. Simon Pilote, \u00e9tudiant du professeur Daniel Marceau, pour son affiche : \u00ab \u00c9tude du comportement thermo-\u00e9lectro-m\u00e9canique en r\u00e9gime transitoire d&rsquo;une cuve de Hall-H\u00e9roult \u00bb.<\/p>\n<p>Par ailleurs, la soci\u00e9t\u00e9 Alcan International a profit\u00e9 de cet \u00e9v\u00e9nement pour remettre ses six bourses annuelles aux laur\u00e9ats du concours 2005. Pour terminer, M. Joe Lombard, directeur de l&rsquo;aluminerie Alouette, a pr\u00e9sent\u00e9 une conf\u00e9rence.<\/p>\n<p>Le REGAL a remerci\u00e9 chaleureusement ses pr\u00e9cieux commanditaires ainsi que l&rsquo;ensemble des participants \u00e0 cette activit\u00e9. Il est important de souligner que la troisi\u00e8me <i>Journ\u00e9e des \u00e9tudiants du REGAL<\/i> se d\u00e9roulera \u00e0 Montr\u00e9al, du 1er au 4 octobre 2006, dans le cadre de la 45e Conf\u00e9rence internationale des m\u00e9tallurgistes.<\/p>\n<p>Le REGAL, dont le si\u00e8ge social est \u00e0 l&rsquo;UQAC, est un regroupement en recherche sur l&rsquo;aluminium au Qu\u00e9bec. Il regroupe des chercheurs de plusieurs universit\u00e9s dont l&rsquo;Universit\u00e9 du Qu\u00e9bec \u00e0 Chicoutimi, l&rsquo;Universit\u00e9 Laval, l&rsquo;Universit\u00e9 McGill, l&rsquo;Universit\u00e9 de Sherbrooke, l&rsquo;\u00c9cole Polytechnique de Montr\u00e9al, l&rsquo;\u00c9cole de Technologie Sup\u00e9rieure et le c\u00e9gep de Trois-Rivi\u00e8res. Il r\u00e9unit, \u00e9galement, des groupes et centres de recherches f\u00e9d\u00e9raux (Institut des mat\u00e9riaux industriels, Centre des technologies de l&rsquo;aluminium) et des industries de m\u00eame que des utilisateurs de la technologie dans le domaine de l&rsquo;aluminium.<\/p>\n","protected":false},"excerpt":{"rendered":"<p>La deuxi\u00e8me Journ\u00e9e des \u00e9tudiants du REGAL (Regroupement aluminium) s&rsquo;est tenue le 17 novembre dernier \u00e0 l&rsquo;Universit\u00e9 de Sherbrooke. T\u00e9moignant du grand int\u00e9r\u00eat de l&rsquo;Universit\u00e9 du Qu\u00e9bec \u00e0 Chicoutimi et de ses partenaires envers la recherche sur l&rsquo;aluminium, une d\u00e9l\u00e9gation d&rsquo;une cinquantaine de personnes de la r\u00e9gion a pris part \u00e0 cet \u00e9v\u00e9nement, unique en [&hellip;]<\/p>\n","protected":false},"author":5,"featured_media":0,"comment_status":"closed","ping_status":"1","sticky":false,"template":"","format":"standard","meta":{"footnotes":""},"categories":[2],"tags":[],"yoast_head":"<!-- This site is optimized with the Yoast SEO plugin v24.2 - https:\/\/yoast.com\/wordpress\/plugins\/seo\/ -->\r\n<title>Une vague d&#039;aluminium au c\u0153ur de l&#039;Estrie\u2026 - UQACtualit\u00e9s<\/title>\r\n<meta name=\"robots\" content=\"index, follow, max-snippet:-1, max-image-preview:large, max-video-preview:-1\" \/>\r\n<link rel=\"canonical\" href=\"https:\/\/www.uqac.ca\/uqactualites\/2006\/02\/01\/une-vague-daluminium-au-coeur-de-lestrie\/\" \/>\r\n<meta property=\"og:locale\" content=\"fr_CA\" \/>\r\n<meta property=\"og:type\" content=\"article\" \/>\r\n<meta property=\"og:title\" content=\"Une vague d&#039;aluminium au c\u0153ur de l&#039;Estrie\u2026 - UQACtualit\u00e9s\" \/>\r\n<meta property=\"og:description\" content=\"La deuxi\u00e8me Journ\u00e9e des \u00e9tudiants du REGAL (Regroupement aluminium) s&rsquo;est tenue le 17 novembre dernier \u00e0 l&rsquo;Universit\u00e9 de Sherbrooke. T\u00e9moignant du grand int\u00e9r\u00eat de l&rsquo;Universit\u00e9 du Qu\u00e9bec \u00e0 Chicoutimi et de ses partenaires envers la recherche sur l&rsquo;aluminium, une d\u00e9l\u00e9gation d&rsquo;une cinquantaine de personnes de la r\u00e9gion a pris part \u00e0 cet \u00e9v\u00e9nement, unique en [&hellip;]\" \/>\r\n<meta property=\"og:url\" content=\"https:\/\/www.uqac.ca\/uqactualites\/2006\/02\/01\/une-vague-daluminium-au-coeur-de-lestrie\/\" \/>\r\n<meta property=\"og:site_name\" content=\"UQACtualit\u00e9s\" \/>\r\n<meta property=\"article:published_time\" content=\"2006-02-01T14:51:34+00:00\" \/>\r\n<meta property=\"og:image\" content=\"http:\/\/www.uqac.ca\/wp-content\/uploads\/2012\/03\/XQGgAiQBnzerbSq2-300x225.jpg\" \/>\r\n<meta name=\"author\" content=\"Service des communications et des relations publiques\" \/>\r\n<meta name=\"twitter:card\" content=\"summary_large_image\" \/>\r\n<meta name=\"twitter:label1\" content=\"\u00c9crit par\" \/>\n\t<meta name=\"twitter:data1\" content=\"Service des communications et des relations publiques\" \/>\n\t<meta name=\"twitter:label2\" content=\"Estimation du temps de lecture\" \/>\n\t<meta name=\"twitter:data2\" content=\"3 minutes\" \/>\r\n<script type=\"application\/ld+json\" class=\"yoast-schema-graph\">{\"@context\":\"https:\/\/schema.org\",\"@graph\":[{\"@type\":\"WebPage\",\"@id\":\"https:\/\/www.uqac.ca\/uqactualites\/2006\/02\/01\/une-vague-daluminium-au-coeur-de-lestrie\/\",\"url\":\"https:\/\/www.uqac.ca\/uqactualites\/2006\/02\/01\/une-vague-daluminium-au-coeur-de-lestrie\/\",\"name\":\"Une vague d'aluminium au c\u0153ur de l'Estrie\u2026 - UQACtualit\u00e9s\",\"isPartOf\":{\"@id\":\"https:\/\/www.uqac.ca\/uqactualites\/#website\"},\"primaryImageOfPage\":{\"@id\":\"https:\/\/www.uqac.ca\/uqactualites\/2006\/02\/01\/une-vague-daluminium-au-coeur-de-lestrie\/#primaryimage\"},\"image\":{\"@id\":\"https:\/\/www.uqac.ca\/uqactualites\/2006\/02\/01\/une-vague-daluminium-au-coeur-de-lestrie\/#primaryimage\"},\"thumbnailUrl\":\"http:\/\/www.uqac.ca\/wp-content\/uploads\/2012\/03\/XQGgAiQBnzerbSq2-300x225.jpg\",\"datePublished\":\"2006-02-01T14:51:34+00:00\",\"dateModified\":\"2006-02-01T14:51:34+00:00\",\"author\":{\"@id\":\"https:\/\/www.uqac.ca\/uqactualites\/#\/schema\/person\/366c45a0c4f0e677b41b4af5886e2018\"},\"breadcrumb\":{\"@id\":\"https:\/\/www.uqac.ca\/uqactualites\/2006\/02\/01\/une-vague-daluminium-au-coeur-de-lestrie\/#breadcrumb\"},\"inLanguage\":\"fr-CA\",\"potentialAction\":[{\"@type\":\"ReadAction\",\"target\":[\"https:\/\/www.uqac.ca\/uqactualites\/2006\/02\/01\/une-vague-daluminium-au-coeur-de-lestrie\/\"]}]},{\"@type\":\"ImageObject\",\"inLanguage\":\"fr-CA\",\"@id\":\"https:\/\/www.uqac.ca\/uqactualites\/2006\/02\/01\/une-vague-daluminium-au-coeur-de-lestrie\/#primaryimage\",\"url\":\"http:\/\/www.uqac.ca\/wp-content\/uploads\/2012\/03\/XQGgAiQBnzerbSq2-300x225.jpg\",\"contentUrl\":\"http:\/\/www.uqac.ca\/wp-content\/uploads\/2012\/03\/XQGgAiQBnzerbSq2-300x225.jpg\"},{\"@type\":\"BreadcrumbList\",\"@id\":\"https:\/\/www.uqac.ca\/uqactualites\/2006\/02\/01\/une-vague-daluminium-au-coeur-de-lestrie\/#breadcrumb\",\"itemListElement\":[{\"@type\":\"ListItem\",\"position\":1,\"name\":\"Home\",\"item\":\"https:\/\/www.uqac.ca\/uqactualites\/\"},{\"@type\":\"ListItem\",\"position\":2,\"name\":\"Une vague d&rsquo;aluminium au c\u0153ur de l&rsquo;Estrie\u2026\"}]},{\"@type\":\"WebSite\",\"@id\":\"https:\/\/www.uqac.ca\/uqactualites\/#website\",\"url\":\"https:\/\/www.uqac.ca\/uqactualites\/\",\"name\":\"UQACtualit\u00e9s\",\"description\":\"Le portail des nouvelles de l&#039;UQAC\",\"potentialAction\":[{\"@type\":\"SearchAction\",\"target\":{\"@type\":\"EntryPoint\",\"urlTemplate\":\"https:\/\/www.uqac.ca\/uqactualites\/?s={search_term_string}\"},\"query-input\":{\"@type\":\"PropertyValueSpecification\",\"valueRequired\":true,\"valueName\":\"search_term_string\"}}],\"inLanguage\":\"fr-CA\"},{\"@type\":\"Person\",\"@id\":\"https:\/\/www.uqac.ca\/uqactualites\/#\/schema\/person\/366c45a0c4f0e677b41b4af5886e2018\",\"name\":\"Service des communications et des relations publiques\",\"image\":{\"@type\":\"ImageObject\",\"inLanguage\":\"fr-CA\",\"@id\":\"https:\/\/www.uqac.ca\/uqactualites\/#\/schema\/person\/image\/\",\"url\":\"https:\/\/secure.gravatar.com\/avatar\/20fbbda8a292f59f2d3461a5b999c00b?s=96&d=mm&r=g\",\"contentUrl\":\"https:\/\/secure.gravatar.com\/avatar\/20fbbda8a292f59f2d3461a5b999c00b?s=96&d=mm&r=g\",\"caption\":\"Service des communications et des relations publiques\"},\"url\":\"https:\/\/www.uqac.ca\/uqactualites\/author\/bap\/\"}]}<\/script>\r\n<!-- \/ Yoast SEO plugin. -->","yoast_head_json":{"title":"Une vague d'aluminium au c\u0153ur de l'Estrie\u2026 - UQACtualit\u00e9s","robots":{"index":"index","follow":"follow","max-snippet":"max-snippet:-1","max-image-preview":"max-image-preview:large","max-video-preview":"max-video-preview:-1"},"canonical":"https:\/\/www.uqac.ca\/uqactualites\/2006\/02\/01\/une-vague-daluminium-au-coeur-de-lestrie\/","og_locale":"fr_CA","og_type":"article","og_title":"Une vague d'aluminium au c\u0153ur de l'Estrie\u2026 - UQACtualit\u00e9s","og_description":"La deuxi\u00e8me Journ\u00e9e des \u00e9tudiants du REGAL (Regroupement aluminium) s&rsquo;est tenue le 17 novembre dernier \u00e0 l&rsquo;Universit\u00e9 de Sherbrooke. T\u00e9moignant du grand int\u00e9r\u00eat de l&rsquo;Universit\u00e9 du Qu\u00e9bec \u00e0 Chicoutimi et de ses partenaires envers la recherche sur l&rsquo;aluminium, une d\u00e9l\u00e9gation d&rsquo;une cinquantaine de personnes de la r\u00e9gion a pris part \u00e0 cet \u00e9v\u00e9nement, unique en [&hellip;]","og_url":"https:\/\/www.uqac.ca\/uqactualites\/2006\/02\/01\/une-vague-daluminium-au-coeur-de-lestrie\/","og_site_name":"UQACtualit\u00e9s","article_published_time":"2006-02-01T14:51:34+00:00","og_image":[{"url":"http:\/\/www.uqac.ca\/wp-content\/uploads\/2012\/03\/XQGgAiQBnzerbSq2-300x225.jpg","type":"","width":"","height":""}],"author":"Service des communications et des relations publiques","twitter_card":"summary_large_image","twitter_misc":{"\u00c9crit par":"Service des communications et des relations publiques","Estimation du temps de lecture":"3 minutes"},"schema":{"@context":"https:\/\/schema.org","@graph":[{"@type":"WebPage","@id":"https:\/\/www.uqac.ca\/uqactualites\/2006\/02\/01\/une-vague-daluminium-au-coeur-de-lestrie\/","url":"https:\/\/www.uqac.ca\/uqactualites\/2006\/02\/01\/une-vague-daluminium-au-coeur-de-lestrie\/","name":"Une vague d'aluminium au c\u0153ur de l'Estrie\u2026 - UQACtualit\u00e9s","isPartOf":{"@id":"https:\/\/www.uqac.ca\/uqactualites\/#website"},"primaryImageOfPage":{"@id":"https:\/\/www.uqac.ca\/uqactualites\/2006\/02\/01\/une-vague-daluminium-au-coeur-de-lestrie\/#primaryimage"},"image":{"@id":"https:\/\/www.uqac.ca\/uqactualites\/2006\/02\/01\/une-vague-daluminium-au-coeur-de-lestrie\/#primaryimage"},"thumbnailUrl":"http:\/\/www.uqac.ca\/wp-content\/uploads\/2012\/03\/XQGgAiQBnzerbSq2-300x225.jpg","datePublished":"2006-02-01T14:51:34+00:00","dateModified":"2006-02-01T14:51:34+00:00","author":{"@id":"https:\/\/www.uqac.ca\/uqactualites\/#\/schema\/person\/366c45a0c4f0e677b41b4af5886e2018"},"breadcrumb":{"@id":"https:\/\/www.uqac.ca\/uqactualites\/2006\/02\/01\/une-vague-daluminium-au-coeur-de-lestrie\/#breadcrumb"},"inLanguage":"fr-CA","potentialAction":[{"@type":"ReadAction","target":["https:\/\/www.uqac.ca\/uqactualites\/2006\/02\/01\/une-vague-daluminium-au-coeur-de-lestrie\/"]}]},{"@type":"ImageObject","inLanguage":"fr-CA","@id":"https:\/\/www.uqac.ca\/uqactualites\/2006\/02\/01\/une-vague-daluminium-au-coeur-de-lestrie\/#primaryimage","url":"http:\/\/www.uqac.ca\/wp-content\/uploads\/2012\/03\/XQGgAiQBnzerbSq2-300x225.jpg","contentUrl":"http:\/\/www.uqac.ca\/wp-content\/uploads\/2012\/03\/XQGgAiQBnzerbSq2-300x225.jpg"},{"@type":"BreadcrumbList","@id":"https:\/\/www.uqac.ca\/uqactualites\/2006\/02\/01\/une-vague-daluminium-au-coeur-de-lestrie\/#breadcrumb","itemListElement":[{"@type":"ListItem","position":1,"name":"Home","item":"https:\/\/www.uqac.ca\/uqactualites\/"},{"@type":"ListItem","position":2,"name":"Une vague d&rsquo;aluminium au c\u0153ur de l&rsquo;Estrie\u2026"}]},{"@type":"WebSite","@id":"https:\/\/www.uqac.ca\/uqactualites\/#website","url":"https:\/\/www.uqac.ca\/uqactualites\/","name":"UQACtualit\u00e9s","description":"Le portail des nouvelles de l&#039;UQAC","potentialAction":[{"@type":"SearchAction","target":{"@type":"EntryPoint","urlTemplate":"https:\/\/www.uqac.ca\/uqactualites\/?s={search_term_string}"},"query-input":{"@type":"PropertyValueSpecification","valueRequired":true,"valueName":"search_term_string"}}],"inLanguage":"fr-CA"},{"@type":"Person","@id":"https:\/\/www.uqac.ca\/uqactualites\/#\/schema\/person\/366c45a0c4f0e677b41b4af5886e2018","name":"Service des communications et des relations publiques","image":{"@type":"ImageObject","inLanguage":"fr-CA","@id":"https:\/\/www.uqac.ca\/uqactualites\/#\/schema\/person\/image\/","url":"https:\/\/secure.gravatar.com\/avatar\/20fbbda8a292f59f2d3461a5b999c00b?s=96&d=mm&r=g","contentUrl":"https:\/\/secure.gravatar.com\/avatar\/20fbbda8a292f59f2d3461a5b999c00b?s=96&d=mm&r=g","caption":"Service des communications et des relations publiques"},"url":"https:\/\/www.uqac.ca\/uqactualites\/author\/bap\/"}]}},"_links":{"self":[{"href":"https:\/\/www.uqac.ca\/uqactualites\/wp-json\/wp\/v2\/posts\/19584"}],"collection":[{"href":"https:\/\/www.uqac.ca\/uqactualites\/wp-json\/wp\/v2\/posts"}],"about":[{"href":"https:\/\/www.uqac.ca\/uqactualites\/wp-json\/wp\/v2\/types\/post"}],"author":[{"embeddable":true,"href":"https:\/\/www.uqac.ca\/uqactualites\/wp-json\/wp\/v2\/users\/5"}],"replies":[{"embeddable":true,"href":"https:\/\/www.uqac.ca\/uqactualites\/wp-json\/wp\/v2\/comments?post=19584"}],"version-history":[{"count":0,"href":"https:\/\/www.uqac.ca\/uqactualites\/wp-json\/wp\/v2\/posts\/19584\/revisions"}],"wp:attachment":[{"href":"https:\/\/www.uqac.ca\/uqactualites\/wp-json\/wp\/v2\/media?parent=19584"}],"wp:term":[{"taxonomy":"category","embeddable":true,"href":"https:\/\/www.uqac.ca\/uqactualites\/wp-json\/wp\/v2\/categories?post=19584"},{"taxonomy":"post_tag","embeddable":true,"href":"https:\/\/www.uqac.ca\/uqactualites\/wp-json\/wp\/v2\/tags?post=19584"}],"curies":[{"name":"wp","href":"https:\/\/api.w.org\/{rel}","templated":true}]}}