{"id":19598,"date":"2005-12-06T08:19:52","date_gmt":"2005-12-06T13:49:52","guid":{"rendered":"http:\/\/uqactualite.odev.ca\/2005\/12\/les-paysages-du-saguenay-lac-saint-jean\/"},"modified":"2005-12-06T08:19:52","modified_gmt":"2005-12-06T13:49:52","slug":"les-paysages-du-saguenay-lac-saint-jean","status":"publish","type":"post","link":"https:\/\/www.uqac.ca\/uqactualites\/2005\/12\/06\/les-paysages-du-saguenay-lac-saint-jean\/","title":{"rendered":"Les paysages du Saguenay\u2013Lac-Saint-Jean"},"content":{"rendered":"<p><figure id=\"attachment_19598\" aria-describedby=\"caption-attachment-19598\" style=\"width: 195px\" class=\"wp-caption alignright\"><a href=\"http:\/\/www.uqac.ca\/wp-content\/uploads\/2012\/03\/Ehsnk8Hs3nxSr2ql.jpg\"><img loading=\"lazy\" decoding=\"async\" class=\"size-medium wp-image-19598\" title=\"Ehsnk8Hs3nxSr2ql\" src=\"http:\/\/www.uqac.ca\/wp-content\/uploads\/2012\/03\/Ehsnk8Hs3nxSr2ql-195x300.jpg\" width=\"195\" height=\"300\" alt=\"\" \/><\/a><figcaption id=\"caption-attachment-19598\" class=\"wp-caption-text\"><i>\u00ab Les Paysages du Saguenay\u2013Lac-Saint-Jean \u00bb<\/i>, publi\u00e9 \u00e0 l&#039;automne 2005 par le Conseil du loisir scientifique, pr\u00e9sente plus de 350 photographies. Plusieurs professeurs et chercheurs de l&#039;Universit\u00e9 du Qu\u00e9bec \u00e0 Chicoutimi ont particip\u00e9 \u00e0 la r\u00e9alisation de cet ouvrage. Conception graphique : Josiane Fortin.<\/figcaption><\/figure>Le Conseil du loisir scientifique (CLS) du Saguenay\u2013Lac-Saint-Jean a publi\u00e9 r\u00e9cemment un volume intitul\u00e9 \u00ab Paysages du Saguenay\u2013Lac-Saint\u2013Jean  \u2014 Voir, regarder et d\u00e9couvrir \u00bb. On y pr\u00e9sente, de fa\u00e7on synth\u00e9tique, des connaissances qui touchent \u00e0 la fois la g\u00e9ographie, l&rsquo;histoire,  l&rsquo;\u00e9conomie, le d\u00e9veloppement r\u00e9gional et l&rsquo;am\u00e9nagement du territoire. Il s&rsquo;agit du premier ouvrage qu\u00e9b\u00e9cois, portant sur les paysages, qui est con\u00e7u dans une telle perspective multidisciplinaire.<\/p>\n<p>Plusieurs auteurs, parmi lesquels des professeurs et chercheurs de l&rsquo;Universit\u00e9 du Qu\u00e9bec \u00e0 Chicoutimi, ont particip\u00e9 \u00e0 la r\u00e9alisation de ce volume. La coordination du livre a \u00e9t\u00e9 confi\u00e9e \u00e0 Monsieur Jocelyn Caron, du Conseil du loisir scientifique.<\/p>\n<p>Cette publication vise, entre autres, \u00e0 diffuser des connaissances scientifiques et des informations susceptibles de permettre une meilleure compr\u00e9hension des paysages de la r\u00e9gion. Des paysages naturels aux paysages urbains, en passant par les images du monde rural et celles de l&rsquo;industrie, le livre d\u00e9voile de multiples facettes du Saguenay\u2013Lac-Saint-Jean.<\/p>\n<p>Ce document de 228 pages en couleurs constitue un vivant condens\u00e9 de notre r\u00e9gion. L&rsquo;approche est efficace, la recherche fouill\u00e9e, tout en \u00e9tant accessible, et la cartographie omnipr\u00e9sente. Le livre contient plus de 350 photographies, de grande qualit\u00e9, parmi lesquelles certaines sont particuli\u00e8rement rares.<\/p>\n<p>Il est disponible directement aupr\u00e8s du Conseil du loisir scientifique, dans les librairies, dans la plupart des sites touristiques de la r\u00e9gion ainsi qu&rsquo;\u00e0 la Coop\u00e9rative \u00e9tudiante de l&rsquo;UQAC.<\/p>\n<p>Les professeurs et chercheurs de l&rsquo;Universit\u00e9 qui ont contribu\u00e9 \u00e0 cette publication sont : Marie-Jos\u00e9 Fortin, Ph.D., chercheure au Groupe de recherche et d&rsquo;intervention r\u00e9gionales; Jean D\u00e9sy, professeur associ\u00e9 et Gilles-H. Lemieux, professeur \u00e9m\u00e9rite, tous deux du D\u00e9partement des sciences humaines; R\u00e9jean Gagnon, professeur au D\u00e9partement des sciences fondamentales; Robert Loiselle, professeur au D\u00e9partement des sciences fondamentales, directeur du Laboratoire de biologie; Jean-Fran\u00e7ois Moreau, professeur-chercheur au D\u00e9partement des sciences humaines et responsable du Laboratoire d&rsquo;arch\u00e9logie; Denis W. Roy, professeur au D\u00e9partement des sciences appliqu\u00e9es.<\/p>\n","protected":false},"excerpt":{"rendered":"<p>Le Conseil du loisir scientifique (CLS) du Saguenay\u2013Lac-Saint-Jean a publi\u00e9 r\u00e9cemment un volume intitul\u00e9 \u00ab Paysages du Saguenay\u2013Lac-Saint\u2013Jean \u2014 Voir, regarder et d\u00e9couvrir \u00bb. On y pr\u00e9sente, de fa\u00e7on synth\u00e9tique, des connaissances qui touchent \u00e0 la fois la g\u00e9ographie, l&rsquo;histoire, l&rsquo;\u00e9conomie, le d\u00e9veloppement r\u00e9gional et l&rsquo;am\u00e9nagement du territoire. Il s&rsquo;agit du premier ouvrage qu\u00e9b\u00e9cois, portant [&hellip;]<\/p>\n","protected":false},"author":5,"featured_media":0,"comment_status":"closed","ping_status":"1","sticky":false,"template":"","format":"standard","meta":{"footnotes":""},"categories":[25],"tags":[],"yoast_head":"<!-- This site is optimized with the Yoast SEO plugin v24.2 - https:\/\/yoast.com\/wordpress\/plugins\/seo\/ -->\r\n<title>Les paysages du Saguenay\u2013Lac-Saint-Jean - UQACtualit\u00e9s<\/title>\r\n<meta name=\"robots\" content=\"index, follow, max-snippet:-1, max-image-preview:large, max-video-preview:-1\" \/>\r\n<link rel=\"canonical\" href=\"https:\/\/www.uqac.ca\/uqactualites\/2005\/12\/06\/les-paysages-du-saguenay-lac-saint-jean\/\" \/>\r\n<meta property=\"og:locale\" content=\"fr_CA\" \/>\r\n<meta property=\"og:type\" content=\"article\" \/>\r\n<meta property=\"og:title\" content=\"Les paysages du Saguenay\u2013Lac-Saint-Jean - UQACtualit\u00e9s\" \/>\r\n<meta property=\"og:description\" content=\"Le Conseil du loisir scientifique (CLS) du Saguenay\u2013Lac-Saint-Jean a publi\u00e9 r\u00e9cemment un volume intitul\u00e9 \u00ab Paysages du Saguenay\u2013Lac-Saint\u2013Jean \u2014 Voir, regarder et d\u00e9couvrir \u00bb. On y pr\u00e9sente, de fa\u00e7on synth\u00e9tique, des connaissances qui touchent \u00e0 la fois la g\u00e9ographie, l&rsquo;histoire, l&rsquo;\u00e9conomie, le d\u00e9veloppement r\u00e9gional et l&rsquo;am\u00e9nagement du territoire. Il s&rsquo;agit du premier ouvrage qu\u00e9b\u00e9cois, portant [&hellip;]\" \/>\r\n<meta property=\"og:url\" content=\"https:\/\/www.uqac.ca\/uqactualites\/2005\/12\/06\/les-paysages-du-saguenay-lac-saint-jean\/\" \/>\r\n<meta property=\"og:site_name\" content=\"UQACtualit\u00e9s\" \/>\r\n<meta property=\"article:published_time\" content=\"2005-12-06T13:49:52+00:00\" \/>\r\n<meta property=\"og:image\" content=\"http:\/\/www.uqac.ca\/wp-content\/uploads\/2012\/03\/Ehsnk8Hs3nxSr2ql-195x300.jpg\" \/>\r\n<meta name=\"author\" content=\"Service des communications et des relations publiques\" \/>\r\n<meta name=\"twitter:card\" content=\"summary_large_image\" \/>\r\n<meta name=\"twitter:label1\" content=\"\u00c9crit par\" \/>\n\t<meta name=\"twitter:data1\" content=\"Service des communications et des relations publiques\" \/>\n\t<meta name=\"twitter:label2\" content=\"Estimation du temps de lecture\" \/>\n\t<meta name=\"twitter:data2\" content=\"2 minutes\" \/>\r\n<script type=\"application\/ld+json\" class=\"yoast-schema-graph\">{\"@context\":\"https:\/\/schema.org\",\"@graph\":[{\"@type\":\"WebPage\",\"@id\":\"https:\/\/www.uqac.ca\/uqactualites\/2005\/12\/06\/les-paysages-du-saguenay-lac-saint-jean\/\",\"url\":\"https:\/\/www.uqac.ca\/uqactualites\/2005\/12\/06\/les-paysages-du-saguenay-lac-saint-jean\/\",\"name\":\"Les paysages du Saguenay\u2013Lac-Saint-Jean - UQACtualit\u00e9s\",\"isPartOf\":{\"@id\":\"https:\/\/www.uqac.ca\/uqactualites\/#website\"},\"primaryImageOfPage\":{\"@id\":\"https:\/\/www.uqac.ca\/uqactualites\/2005\/12\/06\/les-paysages-du-saguenay-lac-saint-jean\/#primaryimage\"},\"image\":{\"@id\":\"https:\/\/www.uqac.ca\/uqactualites\/2005\/12\/06\/les-paysages-du-saguenay-lac-saint-jean\/#primaryimage\"},\"thumbnailUrl\":\"http:\/\/www.uqac.ca\/wp-content\/uploads\/2012\/03\/Ehsnk8Hs3nxSr2ql-195x300.jpg\",\"datePublished\":\"2005-12-06T13:49:52+00:00\",\"dateModified\":\"2005-12-06T13:49:52+00:00\",\"author\":{\"@id\":\"https:\/\/www.uqac.ca\/uqactualites\/#\/schema\/person\/366c45a0c4f0e677b41b4af5886e2018\"},\"breadcrumb\":{\"@id\":\"https:\/\/www.uqac.ca\/uqactualites\/2005\/12\/06\/les-paysages-du-saguenay-lac-saint-jean\/#breadcrumb\"},\"inLanguage\":\"fr-CA\",\"potentialAction\":[{\"@type\":\"ReadAction\",\"target\":[\"https:\/\/www.uqac.ca\/uqactualites\/2005\/12\/06\/les-paysages-du-saguenay-lac-saint-jean\/\"]}]},{\"@type\":\"ImageObject\",\"inLanguage\":\"fr-CA\",\"@id\":\"https:\/\/www.uqac.ca\/uqactualites\/2005\/12\/06\/les-paysages-du-saguenay-lac-saint-jean\/#primaryimage\",\"url\":\"http:\/\/www.uqac.ca\/wp-content\/uploads\/2012\/03\/Ehsnk8Hs3nxSr2ql-195x300.jpg\",\"contentUrl\":\"http:\/\/www.uqac.ca\/wp-content\/uploads\/2012\/03\/Ehsnk8Hs3nxSr2ql-195x300.jpg\"},{\"@type\":\"BreadcrumbList\",\"@id\":\"https:\/\/www.uqac.ca\/uqactualites\/2005\/12\/06\/les-paysages-du-saguenay-lac-saint-jean\/#breadcrumb\",\"itemListElement\":[{\"@type\":\"ListItem\",\"position\":1,\"name\":\"Home\",\"item\":\"https:\/\/www.uqac.ca\/uqactualites\/\"},{\"@type\":\"ListItem\",\"position\":2,\"name\":\"Les paysages du Saguenay\u2013Lac-Saint-Jean\"}]},{\"@type\":\"WebSite\",\"@id\":\"https:\/\/www.uqac.ca\/uqactualites\/#website\",\"url\":\"https:\/\/www.uqac.ca\/uqactualites\/\",\"name\":\"UQACtualit\u00e9s\",\"description\":\"Le portail des nouvelles de l&#039;UQAC\",\"potentialAction\":[{\"@type\":\"SearchAction\",\"target\":{\"@type\":\"EntryPoint\",\"urlTemplate\":\"https:\/\/www.uqac.ca\/uqactualites\/?s={search_term_string}\"},\"query-input\":{\"@type\":\"PropertyValueSpecification\",\"valueRequired\":true,\"valueName\":\"search_term_string\"}}],\"inLanguage\":\"fr-CA\"},{\"@type\":\"Person\",\"@id\":\"https:\/\/www.uqac.ca\/uqactualites\/#\/schema\/person\/366c45a0c4f0e677b41b4af5886e2018\",\"name\":\"Service des communications et des relations publiques\",\"image\":{\"@type\":\"ImageObject\",\"inLanguage\":\"fr-CA\",\"@id\":\"https:\/\/www.uqac.ca\/uqactualites\/#\/schema\/person\/image\/\",\"url\":\"https:\/\/secure.gravatar.com\/avatar\/20fbbda8a292f59f2d3461a5b999c00b?s=96&d=mm&r=g\",\"contentUrl\":\"https:\/\/secure.gravatar.com\/avatar\/20fbbda8a292f59f2d3461a5b999c00b?s=96&d=mm&r=g\",\"caption\":\"Service des communications et des relations publiques\"},\"url\":\"https:\/\/www.uqac.ca\/uqactualites\/author\/bap\/\"}]}<\/script>\r\n<!-- \/ Yoast SEO plugin. -->","yoast_head_json":{"title":"Les paysages du Saguenay\u2013Lac-Saint-Jean - UQACtualit\u00e9s","robots":{"index":"index","follow":"follow","max-snippet":"max-snippet:-1","max-image-preview":"max-image-preview:large","max-video-preview":"max-video-preview:-1"},"canonical":"https:\/\/www.uqac.ca\/uqactualites\/2005\/12\/06\/les-paysages-du-saguenay-lac-saint-jean\/","og_locale":"fr_CA","og_type":"article","og_title":"Les paysages du Saguenay\u2013Lac-Saint-Jean - UQACtualit\u00e9s","og_description":"Le Conseil du loisir scientifique (CLS) du Saguenay\u2013Lac-Saint-Jean a publi\u00e9 r\u00e9cemment un volume intitul\u00e9 \u00ab Paysages du Saguenay\u2013Lac-Saint\u2013Jean \u2014 Voir, regarder et d\u00e9couvrir \u00bb. On y pr\u00e9sente, de fa\u00e7on synth\u00e9tique, des connaissances qui touchent \u00e0 la fois la g\u00e9ographie, l&rsquo;histoire, l&rsquo;\u00e9conomie, le d\u00e9veloppement r\u00e9gional et l&rsquo;am\u00e9nagement du territoire. Il s&rsquo;agit du premier ouvrage qu\u00e9b\u00e9cois, portant [&hellip;]","og_url":"https:\/\/www.uqac.ca\/uqactualites\/2005\/12\/06\/les-paysages-du-saguenay-lac-saint-jean\/","og_site_name":"UQACtualit\u00e9s","article_published_time":"2005-12-06T13:49:52+00:00","og_image":[{"url":"http:\/\/www.uqac.ca\/wp-content\/uploads\/2012\/03\/Ehsnk8Hs3nxSr2ql-195x300.jpg","type":"","width":"","height":""}],"author":"Service des communications et des relations publiques","twitter_card":"summary_large_image","twitter_misc":{"\u00c9crit par":"Service des communications et des relations publiques","Estimation du temps de lecture":"2 minutes"},"schema":{"@context":"https:\/\/schema.org","@graph":[{"@type":"WebPage","@id":"https:\/\/www.uqac.ca\/uqactualites\/2005\/12\/06\/les-paysages-du-saguenay-lac-saint-jean\/","url":"https:\/\/www.uqac.ca\/uqactualites\/2005\/12\/06\/les-paysages-du-saguenay-lac-saint-jean\/","name":"Les paysages du Saguenay\u2013Lac-Saint-Jean - UQACtualit\u00e9s","isPartOf":{"@id":"https:\/\/www.uqac.ca\/uqactualites\/#website"},"primaryImageOfPage":{"@id":"https:\/\/www.uqac.ca\/uqactualites\/2005\/12\/06\/les-paysages-du-saguenay-lac-saint-jean\/#primaryimage"},"image":{"@id":"https:\/\/www.uqac.ca\/uqactualites\/2005\/12\/06\/les-paysages-du-saguenay-lac-saint-jean\/#primaryimage"},"thumbnailUrl":"http:\/\/www.uqac.ca\/wp-content\/uploads\/2012\/03\/Ehsnk8Hs3nxSr2ql-195x300.jpg","datePublished":"2005-12-06T13:49:52+00:00","dateModified":"2005-12-06T13:49:52+00:00","author":{"@id":"https:\/\/www.uqac.ca\/uqactualites\/#\/schema\/person\/366c45a0c4f0e677b41b4af5886e2018"},"breadcrumb":{"@id":"https:\/\/www.uqac.ca\/uqactualites\/2005\/12\/06\/les-paysages-du-saguenay-lac-saint-jean\/#breadcrumb"},"inLanguage":"fr-CA","potentialAction":[{"@type":"ReadAction","target":["https:\/\/www.uqac.ca\/uqactualites\/2005\/12\/06\/les-paysages-du-saguenay-lac-saint-jean\/"]}]},{"@type":"ImageObject","inLanguage":"fr-CA","@id":"https:\/\/www.uqac.ca\/uqactualites\/2005\/12\/06\/les-paysages-du-saguenay-lac-saint-jean\/#primaryimage","url":"http:\/\/www.uqac.ca\/wp-content\/uploads\/2012\/03\/Ehsnk8Hs3nxSr2ql-195x300.jpg","contentUrl":"http:\/\/www.uqac.ca\/wp-content\/uploads\/2012\/03\/Ehsnk8Hs3nxSr2ql-195x300.jpg"},{"@type":"BreadcrumbList","@id":"https:\/\/www.uqac.ca\/uqactualites\/2005\/12\/06\/les-paysages-du-saguenay-lac-saint-jean\/#breadcrumb","itemListElement":[{"@type":"ListItem","position":1,"name":"Home","item":"https:\/\/www.uqac.ca\/uqactualites\/"},{"@type":"ListItem","position":2,"name":"Les paysages du Saguenay\u2013Lac-Saint-Jean"}]},{"@type":"WebSite","@id":"https:\/\/www.uqac.ca\/uqactualites\/#website","url":"https:\/\/www.uqac.ca\/uqactualites\/","name":"UQACtualit\u00e9s","description":"Le portail des nouvelles de l&#039;UQAC","potentialAction":[{"@type":"SearchAction","target":{"@type":"EntryPoint","urlTemplate":"https:\/\/www.uqac.ca\/uqactualites\/?s={search_term_string}"},"query-input":{"@type":"PropertyValueSpecification","valueRequired":true,"valueName":"search_term_string"}}],"inLanguage":"fr-CA"},{"@type":"Person","@id":"https:\/\/www.uqac.ca\/uqactualites\/#\/schema\/person\/366c45a0c4f0e677b41b4af5886e2018","name":"Service des communications et des relations publiques","image":{"@type":"ImageObject","inLanguage":"fr-CA","@id":"https:\/\/www.uqac.ca\/uqactualites\/#\/schema\/person\/image\/","url":"https:\/\/secure.gravatar.com\/avatar\/20fbbda8a292f59f2d3461a5b999c00b?s=96&d=mm&r=g","contentUrl":"https:\/\/secure.gravatar.com\/avatar\/20fbbda8a292f59f2d3461a5b999c00b?s=96&d=mm&r=g","caption":"Service des communications et des relations publiques"},"url":"https:\/\/www.uqac.ca\/uqactualites\/author\/bap\/"}]}},"_links":{"self":[{"href":"https:\/\/www.uqac.ca\/uqactualites\/wp-json\/wp\/v2\/posts\/19598"}],"collection":[{"href":"https:\/\/www.uqac.ca\/uqactualites\/wp-json\/wp\/v2\/posts"}],"about":[{"href":"https:\/\/www.uqac.ca\/uqactualites\/wp-json\/wp\/v2\/types\/post"}],"author":[{"embeddable":true,"href":"https:\/\/www.uqac.ca\/uqactualites\/wp-json\/wp\/v2\/users\/5"}],"replies":[{"embeddable":true,"href":"https:\/\/www.uqac.ca\/uqactualites\/wp-json\/wp\/v2\/comments?post=19598"}],"version-history":[{"count":0,"href":"https:\/\/www.uqac.ca\/uqactualites\/wp-json\/wp\/v2\/posts\/19598\/revisions"}],"wp:attachment":[{"href":"https:\/\/www.uqac.ca\/uqactualites\/wp-json\/wp\/v2\/media?parent=19598"}],"wp:term":[{"taxonomy":"category","embeddable":true,"href":"https:\/\/www.uqac.ca\/uqactualites\/wp-json\/wp\/v2\/categories?post=19598"},{"taxonomy":"post_tag","embeddable":true,"href":"https:\/\/www.uqac.ca\/uqactualites\/wp-json\/wp\/v2\/tags?post=19598"}],"curies":[{"name":"wp","href":"https:\/\/api.w.org\/{rel}","templated":true}]}}