{"id":19599,"date":"2005-12-06T08:19:41","date_gmt":"2005-12-06T13:49:41","guid":{"rendered":"http:\/\/uqactualite.odev.ca\/2005\/12\/les-fetes-de-la-rentree-2005-une-reussite\/"},"modified":"2005-12-06T08:19:41","modified_gmt":"2005-12-06T13:49:41","slug":"les-fetes-de-la-rentree-2005-une-reussite","status":"publish","type":"post","link":"https:\/\/www.uqac.ca\/uqactualites\/2005\/12\/06\/les-fetes-de-la-rentree-2005-une-reussite\/","title":{"rendered":"Les F\u00eates de la rentr\u00e9e 2005 : une  r\u00e9ussite"},"content":{"rendered":"<p><figure id=\"attachment_19599\" aria-describedby=\"caption-attachment-19599\" style=\"width: 300px\" class=\"wp-caption alignright\"><a href=\"http:\/\/www.uqac.ca\/wp-content\/uploads\/2012\/03\/IVrDxhcwXEvowXSK.jpg\"><img loading=\"lazy\" decoding=\"async\" class=\"size-medium wp-image-19599\" title=\"IVrDxhcwXEvowXSK\" src=\"http:\/\/www.uqac.ca\/wp-content\/uploads\/2012\/03\/IVrDxhcwXEvowXSK-300x225.jpg\" width=\"300\" height=\"225\" alt=\"\" \/><\/a><figcaption id=\"caption-attachment-19599\" class=\"wp-caption-text\">Le Salon \u00e9tudiant a permis \u00e0 la client\u00e8le nouvellement admise de d\u00e9couvrir les multiples ressources mises \u00e0 leur disposition \u00e0 l&#039;UQAC. <\/figcaption><\/figure><figure id=\"attachment_19599\" aria-describedby=\"caption-attachment-19599\" style=\"width: 300px\" class=\"wp-caption alignright\"><a href=\"http:\/\/www.uqac.ca\/wp-content\/uploads\/2012\/03\/XmgVCRDKtoDkfOV1.jpg\"><img loading=\"lazy\" decoding=\"async\" class=\"size-medium wp-image-19599\" title=\"XmgVCRDKtoDkfOV1\" src=\"http:\/\/www.uqac.ca\/wp-content\/uploads\/2012\/03\/XmgVCRDKtoDkfOV1-300x225.jpg\" width=\"300\" height=\"225\" alt=\"\" \/><\/a><figcaption id=\"caption-attachment-19599\" class=\"wp-caption-text\">De gauche \u00e0 droite : le recteur de l&#039;UQAC, M. Michel Belley; le pr\u00e9sident du MAGE-UQAC, M. Jean-Fran\u00e7ois Lalonde; le coordonnateur des F\u00eates de la rentr\u00e9e, M. \u00c9ric Roussel; la repr\u00e9sentante des Caisses Desjardins, Mme Nathalie Laprise, directrice ajointe, Services aux particuliers. Desjardins \u00e9tait le commanditaire officiel des F\u00eates de la rentr\u00e9e 2005.<\/figcaption><\/figure>L&rsquo;UQAC a accueilli chaleureusement les nouveaux \u00e9tudiants lors du Salon \u00e9tudiant des F\u00eates de la rentr\u00e9e 2005, une journ\u00e9e sp\u00e9ciale qui se d\u00e9roulait le lundi 29 ao\u00fbt dernier. Cet \u00e9v\u00e9nement a connu un franc succ\u00e8s avec la pr\u00e9sence d&rsquo;une foule importante form\u00e9e d&rsquo;une part, de la rel\u00e8ve de l&rsquo;Universit\u00e9 pour les prochaines ann\u00e9es et d&rsquo;autre part, des anciens venus commencer une autre ann\u00e9e d&rsquo;\u00e9tude. L&rsquo;objectif de cette activit\u00e9 \u00e9tait de permettre \u00e0 la client\u00e8le de d\u00e9couvrir l&rsquo;\u00e9ventail des outils mis \u00e0 sa disposition \u00e0 l&rsquo;Universit\u00e9. Chacun a \u00e9t\u00e9 inform\u00e9 ad\u00e9quatement, mettant ainsi toutes les chances de son c\u00f4t\u00e9, afin de r\u00e9ussir son projet d&rsquo;\u00e9tude.<\/p>\n<p>En parcourant le Salon \u00e9tudiant, les visiteurs ont obtenu des renseignements relatifs aux multiples ressources disponibles \u00e0 l&rsquo;Universit\u00e9. Effectivement, une trentaine d&rsquo;associations \u00e9tudiantes et d&rsquo;organismes s&rsquo;\u00e9taient r\u00e9unis dans le Centre social afin de pr\u00e9senter leurs services. \u00c0 cette occasion, les repr\u00e9sentants des regroupements \u00e9tudiants (associations et clubs divers) ont aussi fait conna\u00eetre leurs diff\u00e9rentes activit\u00e9s. Bref, les \u00e9tudiants nouvellement admis ont pu constater que l&rsquo;ensemble de la communaut\u00e9 universitaire mettait tout en \u0153uvre pour rendre leur int\u00e9gration rapide et harmonieuse.<\/p>\n<p>Les \u00e9tudiants ont re\u00e7u le traditionnel Agenda de l&rsquo;UQAC, en plus de proc\u00e9der \u00e0 l&rsquo;indispensable s\u00e9ance de photographie destin\u00e9e \u00e0 la carte d&rsquo;identit\u00e9. Pour agr\u00e9menter cette rentr\u00e9e, des pommes fra\u00eeches \u00e9taient distribu\u00e9es aux visiteurs du Salon \u00e9tudiant. L&rsquo;Universit\u00e9 du Qu\u00e9bec \u00e0 Chicoutimi et ses partenaires de la rentr\u00e9e ont attribu\u00e9 de nombreux prix, comme des bourses d&rsquo;\u00e9tudes offertes entre autres par le Fonds de d\u00e9veloppement de l&rsquo;UQAC, Abitibi-Consolidated et le Syndicat des charg\u00e9es et charg\u00e9s de cours de l&rsquo;UQAC. Finalement, l&rsquo;Universit\u00e9 a accord\u00e9 une bourse de 500 $ en exemption de frais de scolarit\u00e9.<\/p>\n<p>Soulignons qu&rsquo;une \u00e9quipe dynamique, form\u00e9e de b\u00e9n\u00e9voles et du personnel de l&rsquo;UQAC, a contribu\u00e9 \u00e0 rendre ces F\u00eates de la rentr\u00e9e agr\u00e9ables et int\u00e9ressantes. <\/p>\n","protected":false},"excerpt":{"rendered":"<p>L&rsquo;UQAC a accueilli chaleureusement les nouveaux \u00e9tudiants lors du Salon \u00e9tudiant des F\u00eates de la rentr\u00e9e 2005, une journ\u00e9e sp\u00e9ciale qui se d\u00e9roulait le lundi 29 ao\u00fbt dernier. Cet \u00e9v\u00e9nement a connu un franc succ\u00e8s avec la pr\u00e9sence d&rsquo;une foule importante form\u00e9e d&rsquo;une part, de la rel\u00e8ve de l&rsquo;Universit\u00e9 pour les prochaines ann\u00e9es et d&rsquo;autre [&hellip;]<\/p>\n","protected":false},"author":5,"featured_media":0,"comment_status":"closed","ping_status":"1","sticky":false,"template":"","format":"standard","meta":{"footnotes":""},"categories":[2],"tags":[],"yoast_head":"<!-- This site is optimized with the Yoast SEO plugin v24.2 - https:\/\/yoast.com\/wordpress\/plugins\/seo\/ -->\r\n<title>Les F\u00eates de la rentr\u00e9e 2005 : une r\u00e9ussite - UQACtualit\u00e9s<\/title>\r\n<meta name=\"robots\" content=\"index, follow, max-snippet:-1, max-image-preview:large, max-video-preview:-1\" \/>\r\n<link rel=\"canonical\" href=\"https:\/\/www.uqac.ca\/uqactualites\/2005\/12\/06\/les-fetes-de-la-rentree-2005-une-reussite\/\" \/>\r\n<meta property=\"og:locale\" content=\"fr_CA\" \/>\r\n<meta property=\"og:type\" content=\"article\" \/>\r\n<meta property=\"og:title\" content=\"Les F\u00eates de la rentr\u00e9e 2005 : une r\u00e9ussite - UQACtualit\u00e9s\" \/>\r\n<meta property=\"og:description\" content=\"L&rsquo;UQAC a accueilli chaleureusement les nouveaux \u00e9tudiants lors du Salon \u00e9tudiant des F\u00eates de la rentr\u00e9e 2005, une journ\u00e9e sp\u00e9ciale qui se d\u00e9roulait le lundi 29 ao\u00fbt dernier. Cet \u00e9v\u00e9nement a connu un franc succ\u00e8s avec la pr\u00e9sence d&rsquo;une foule importante form\u00e9e d&rsquo;une part, de la rel\u00e8ve de l&rsquo;Universit\u00e9 pour les prochaines ann\u00e9es et d&rsquo;autre [&hellip;]\" \/>\r\n<meta property=\"og:url\" content=\"https:\/\/www.uqac.ca\/uqactualites\/2005\/12\/06\/les-fetes-de-la-rentree-2005-une-reussite\/\" \/>\r\n<meta property=\"og:site_name\" content=\"UQACtualit\u00e9s\" \/>\r\n<meta property=\"article:published_time\" content=\"2005-12-06T13:49:41+00:00\" \/>\r\n<meta property=\"og:image\" content=\"http:\/\/www.uqac.ca\/wp-content\/uploads\/2012\/03\/IVrDxhcwXEvowXSK-300x225.jpg\" \/>\r\n<meta name=\"author\" content=\"Service des communications et des relations publiques\" \/>\r\n<meta name=\"twitter:card\" content=\"summary_large_image\" \/>\r\n<meta name=\"twitter:label1\" content=\"\u00c9crit par\" \/>\n\t<meta name=\"twitter:data1\" content=\"Service des communications et des relations publiques\" \/>\n\t<meta name=\"twitter:label2\" content=\"Estimation du temps de lecture\" \/>\n\t<meta name=\"twitter:data2\" content=\"2 minutes\" \/>\r\n<script type=\"application\/ld+json\" class=\"yoast-schema-graph\">{\"@context\":\"https:\/\/schema.org\",\"@graph\":[{\"@type\":\"WebPage\",\"@id\":\"https:\/\/www.uqac.ca\/uqactualites\/2005\/12\/06\/les-fetes-de-la-rentree-2005-une-reussite\/\",\"url\":\"https:\/\/www.uqac.ca\/uqactualites\/2005\/12\/06\/les-fetes-de-la-rentree-2005-une-reussite\/\",\"name\":\"Les F\u00eates de la rentr\u00e9e 2005 : une r\u00e9ussite - UQACtualit\u00e9s\",\"isPartOf\":{\"@id\":\"https:\/\/www.uqac.ca\/uqactualites\/#website\"},\"primaryImageOfPage\":{\"@id\":\"https:\/\/www.uqac.ca\/uqactualites\/2005\/12\/06\/les-fetes-de-la-rentree-2005-une-reussite\/#primaryimage\"},\"image\":{\"@id\":\"https:\/\/www.uqac.ca\/uqactualites\/2005\/12\/06\/les-fetes-de-la-rentree-2005-une-reussite\/#primaryimage\"},\"thumbnailUrl\":\"http:\/\/www.uqac.ca\/wp-content\/uploads\/2012\/03\/IVrDxhcwXEvowXSK-300x225.jpg\",\"datePublished\":\"2005-12-06T13:49:41+00:00\",\"dateModified\":\"2005-12-06T13:49:41+00:00\",\"author\":{\"@id\":\"https:\/\/www.uqac.ca\/uqactualites\/#\/schema\/person\/366c45a0c4f0e677b41b4af5886e2018\"},\"breadcrumb\":{\"@id\":\"https:\/\/www.uqac.ca\/uqactualites\/2005\/12\/06\/les-fetes-de-la-rentree-2005-une-reussite\/#breadcrumb\"},\"inLanguage\":\"fr-CA\",\"potentialAction\":[{\"@type\":\"ReadAction\",\"target\":[\"https:\/\/www.uqac.ca\/uqactualites\/2005\/12\/06\/les-fetes-de-la-rentree-2005-une-reussite\/\"]}]},{\"@type\":\"ImageObject\",\"inLanguage\":\"fr-CA\",\"@id\":\"https:\/\/www.uqac.ca\/uqactualites\/2005\/12\/06\/les-fetes-de-la-rentree-2005-une-reussite\/#primaryimage\",\"url\":\"http:\/\/www.uqac.ca\/wp-content\/uploads\/2012\/03\/IVrDxhcwXEvowXSK-300x225.jpg\",\"contentUrl\":\"http:\/\/www.uqac.ca\/wp-content\/uploads\/2012\/03\/IVrDxhcwXEvowXSK-300x225.jpg\"},{\"@type\":\"BreadcrumbList\",\"@id\":\"https:\/\/www.uqac.ca\/uqactualites\/2005\/12\/06\/les-fetes-de-la-rentree-2005-une-reussite\/#breadcrumb\",\"itemListElement\":[{\"@type\":\"ListItem\",\"position\":1,\"name\":\"Home\",\"item\":\"https:\/\/www.uqac.ca\/uqactualites\/\"},{\"@type\":\"ListItem\",\"position\":2,\"name\":\"Les F\u00eates de la rentr\u00e9e 2005 : une r\u00e9ussite\"}]},{\"@type\":\"WebSite\",\"@id\":\"https:\/\/www.uqac.ca\/uqactualites\/#website\",\"url\":\"https:\/\/www.uqac.ca\/uqactualites\/\",\"name\":\"UQACtualit\u00e9s\",\"description\":\"Le portail des nouvelles de l&#039;UQAC\",\"potentialAction\":[{\"@type\":\"SearchAction\",\"target\":{\"@type\":\"EntryPoint\",\"urlTemplate\":\"https:\/\/www.uqac.ca\/uqactualites\/?s={search_term_string}\"},\"query-input\":{\"@type\":\"PropertyValueSpecification\",\"valueRequired\":true,\"valueName\":\"search_term_string\"}}],\"inLanguage\":\"fr-CA\"},{\"@type\":\"Person\",\"@id\":\"https:\/\/www.uqac.ca\/uqactualites\/#\/schema\/person\/366c45a0c4f0e677b41b4af5886e2018\",\"name\":\"Service des communications et des relations publiques\",\"image\":{\"@type\":\"ImageObject\",\"inLanguage\":\"fr-CA\",\"@id\":\"https:\/\/www.uqac.ca\/uqactualites\/#\/schema\/person\/image\/\",\"url\":\"https:\/\/secure.gravatar.com\/avatar\/20fbbda8a292f59f2d3461a5b999c00b?s=96&d=mm&r=g\",\"contentUrl\":\"https:\/\/secure.gravatar.com\/avatar\/20fbbda8a292f59f2d3461a5b999c00b?s=96&d=mm&r=g\",\"caption\":\"Service des communications et des relations publiques\"},\"url\":\"https:\/\/www.uqac.ca\/uqactualites\/author\/bap\/\"}]}<\/script>\r\n<!-- \/ Yoast SEO plugin. -->","yoast_head_json":{"title":"Les F\u00eates de la rentr\u00e9e 2005 : une r\u00e9ussite - UQACtualit\u00e9s","robots":{"index":"index","follow":"follow","max-snippet":"max-snippet:-1","max-image-preview":"max-image-preview:large","max-video-preview":"max-video-preview:-1"},"canonical":"https:\/\/www.uqac.ca\/uqactualites\/2005\/12\/06\/les-fetes-de-la-rentree-2005-une-reussite\/","og_locale":"fr_CA","og_type":"article","og_title":"Les F\u00eates de la rentr\u00e9e 2005 : une r\u00e9ussite - UQACtualit\u00e9s","og_description":"L&rsquo;UQAC a accueilli chaleureusement les nouveaux \u00e9tudiants lors du Salon \u00e9tudiant des F\u00eates de la rentr\u00e9e 2005, une journ\u00e9e sp\u00e9ciale qui se d\u00e9roulait le lundi 29 ao\u00fbt dernier. Cet \u00e9v\u00e9nement a connu un franc succ\u00e8s avec la pr\u00e9sence d&rsquo;une foule importante form\u00e9e d&rsquo;une part, de la rel\u00e8ve de l&rsquo;Universit\u00e9 pour les prochaines ann\u00e9es et d&rsquo;autre [&hellip;]","og_url":"https:\/\/www.uqac.ca\/uqactualites\/2005\/12\/06\/les-fetes-de-la-rentree-2005-une-reussite\/","og_site_name":"UQACtualit\u00e9s","article_published_time":"2005-12-06T13:49:41+00:00","og_image":[{"url":"http:\/\/www.uqac.ca\/wp-content\/uploads\/2012\/03\/IVrDxhcwXEvowXSK-300x225.jpg","type":"","width":"","height":""}],"author":"Service des communications et des relations publiques","twitter_card":"summary_large_image","twitter_misc":{"\u00c9crit par":"Service des communications et des relations publiques","Estimation du temps de lecture":"2 minutes"},"schema":{"@context":"https:\/\/schema.org","@graph":[{"@type":"WebPage","@id":"https:\/\/www.uqac.ca\/uqactualites\/2005\/12\/06\/les-fetes-de-la-rentree-2005-une-reussite\/","url":"https:\/\/www.uqac.ca\/uqactualites\/2005\/12\/06\/les-fetes-de-la-rentree-2005-une-reussite\/","name":"Les F\u00eates de la rentr\u00e9e 2005 : une r\u00e9ussite - UQACtualit\u00e9s","isPartOf":{"@id":"https:\/\/www.uqac.ca\/uqactualites\/#website"},"primaryImageOfPage":{"@id":"https:\/\/www.uqac.ca\/uqactualites\/2005\/12\/06\/les-fetes-de-la-rentree-2005-une-reussite\/#primaryimage"},"image":{"@id":"https:\/\/www.uqac.ca\/uqactualites\/2005\/12\/06\/les-fetes-de-la-rentree-2005-une-reussite\/#primaryimage"},"thumbnailUrl":"http:\/\/www.uqac.ca\/wp-content\/uploads\/2012\/03\/IVrDxhcwXEvowXSK-300x225.jpg","datePublished":"2005-12-06T13:49:41+00:00","dateModified":"2005-12-06T13:49:41+00:00","author":{"@id":"https:\/\/www.uqac.ca\/uqactualites\/#\/schema\/person\/366c45a0c4f0e677b41b4af5886e2018"},"breadcrumb":{"@id":"https:\/\/www.uqac.ca\/uqactualites\/2005\/12\/06\/les-fetes-de-la-rentree-2005-une-reussite\/#breadcrumb"},"inLanguage":"fr-CA","potentialAction":[{"@type":"ReadAction","target":["https:\/\/www.uqac.ca\/uqactualites\/2005\/12\/06\/les-fetes-de-la-rentree-2005-une-reussite\/"]}]},{"@type":"ImageObject","inLanguage":"fr-CA","@id":"https:\/\/www.uqac.ca\/uqactualites\/2005\/12\/06\/les-fetes-de-la-rentree-2005-une-reussite\/#primaryimage","url":"http:\/\/www.uqac.ca\/wp-content\/uploads\/2012\/03\/IVrDxhcwXEvowXSK-300x225.jpg","contentUrl":"http:\/\/www.uqac.ca\/wp-content\/uploads\/2012\/03\/IVrDxhcwXEvowXSK-300x225.jpg"},{"@type":"BreadcrumbList","@id":"https:\/\/www.uqac.ca\/uqactualites\/2005\/12\/06\/les-fetes-de-la-rentree-2005-une-reussite\/#breadcrumb","itemListElement":[{"@type":"ListItem","position":1,"name":"Home","item":"https:\/\/www.uqac.ca\/uqactualites\/"},{"@type":"ListItem","position":2,"name":"Les F\u00eates de la rentr\u00e9e 2005 : une r\u00e9ussite"}]},{"@type":"WebSite","@id":"https:\/\/www.uqac.ca\/uqactualites\/#website","url":"https:\/\/www.uqac.ca\/uqactualites\/","name":"UQACtualit\u00e9s","description":"Le portail des nouvelles de l&#039;UQAC","potentialAction":[{"@type":"SearchAction","target":{"@type":"EntryPoint","urlTemplate":"https:\/\/www.uqac.ca\/uqactualites\/?s={search_term_string}"},"query-input":{"@type":"PropertyValueSpecification","valueRequired":true,"valueName":"search_term_string"}}],"inLanguage":"fr-CA"},{"@type":"Person","@id":"https:\/\/www.uqac.ca\/uqactualites\/#\/schema\/person\/366c45a0c4f0e677b41b4af5886e2018","name":"Service des communications et des relations publiques","image":{"@type":"ImageObject","inLanguage":"fr-CA","@id":"https:\/\/www.uqac.ca\/uqactualites\/#\/schema\/person\/image\/","url":"https:\/\/secure.gravatar.com\/avatar\/20fbbda8a292f59f2d3461a5b999c00b?s=96&d=mm&r=g","contentUrl":"https:\/\/secure.gravatar.com\/avatar\/20fbbda8a292f59f2d3461a5b999c00b?s=96&d=mm&r=g","caption":"Service des communications et des relations publiques"},"url":"https:\/\/www.uqac.ca\/uqactualites\/author\/bap\/"}]}},"_links":{"self":[{"href":"https:\/\/www.uqac.ca\/uqactualites\/wp-json\/wp\/v2\/posts\/19599"}],"collection":[{"href":"https:\/\/www.uqac.ca\/uqactualites\/wp-json\/wp\/v2\/posts"}],"about":[{"href":"https:\/\/www.uqac.ca\/uqactualites\/wp-json\/wp\/v2\/types\/post"}],"author":[{"embeddable":true,"href":"https:\/\/www.uqac.ca\/uqactualites\/wp-json\/wp\/v2\/users\/5"}],"replies":[{"embeddable":true,"href":"https:\/\/www.uqac.ca\/uqactualites\/wp-json\/wp\/v2\/comments?post=19599"}],"version-history":[{"count":0,"href":"https:\/\/www.uqac.ca\/uqactualites\/wp-json\/wp\/v2\/posts\/19599\/revisions"}],"wp:attachment":[{"href":"https:\/\/www.uqac.ca\/uqactualites\/wp-json\/wp\/v2\/media?parent=19599"}],"wp:term":[{"taxonomy":"category","embeddable":true,"href":"https:\/\/www.uqac.ca\/uqactualites\/wp-json\/wp\/v2\/categories?post=19599"},{"taxonomy":"post_tag","embeddable":true,"href":"https:\/\/www.uqac.ca\/uqactualites\/wp-json\/wp\/v2\/tags?post=19599"}],"curies":[{"name":"wp","href":"https:\/\/api.w.org\/{rel}","templated":true}]}}