{"id":19605,"date":"2005-09-23T09:40:46","date_gmt":"2005-09-23T15:10:46","guid":{"rendered":"http:\/\/uqactualite.odev.ca\/2005\/09\/projet-de-developpement-pedagogique-et-de-recherche-en-science-et-technologie\/"},"modified":"2005-09-23T09:40:46","modified_gmt":"2005-09-23T15:10:46","slug":"projet-de-developpement-pedagogique-et-de-recherche-en-science-et-technologie","status":"publish","type":"post","link":"https:\/\/www.uqac.ca\/uqactualites\/2005\/09\/23\/projet-de-developpement-pedagogique-et-de-recherche-en-science-et-technologie\/","title":{"rendered":"Projet de d\u00e9veloppement p\u00e9dagogique et de recherche en science et technologie"},"content":{"rendered":"<p><figure id=\"attachment_19605\" aria-describedby=\"caption-attachment-19605\" style=\"width: 300px\" class=\"wp-caption alignright\"><a href=\"http:\/\/www.uqac.ca\/wp-content\/uploads\/2012\/03\/wQUpzDpWSWlho1QS.jpg\"><img loading=\"lazy\" decoding=\"async\" class=\"size-medium wp-image-19605\" title=\"wQUpzDpWSWlho1QS\" src=\"http:\/\/www.uqac.ca\/wp-content\/uploads\/2012\/03\/wQUpzDpWSWlho1QS-300x224.jpg\" width=\"300\" height=\"224\" alt=\"\" \/><\/a><figcaption id=\"caption-attachment-19605\" class=\"wp-caption-text\">En collaboration \u00e9troite avec le milieu scolaire, un projet de d\u00e9veloppement p\u00e9dagogique et de recherche en science et technologie a \u00e9t\u00e9 lanc\u00e9 au trimestre d&#039;hiver 2005. De gauche \u00e0 droite, la directrice de l&#039;\u00e9cole primaire Saint-Marie-M\u00e9diatrice, Mme Pauline Tremblay; la professeure Christine Couture, du D\u00e9partement des sciences de l&#039;\u00e9ducation et de psychologie; la directrice du Consortium de recherche en \u00e9ducation, Mme Pauline Minier, \u00e9galement responsable des \u00e9tudes sup\u00e9rieures de deuxi\u00e8me cycle en \u00e9ducation.<\/figcaption><\/figure>Un projet de recherche collaborative a \u00e9t\u00e9 \u00e9labor\u00e9 \u00e0 partir de pr\u00e9occupations d&rsquo;enseignants du primaire soucieux d&rsquo;assurer \u00e0 leurs \u00e9l\u00e8ves une bonne formation en science et technologie. La directrice de l&rsquo;\u00e9cole primaire Sainte-Marie-M\u00e9diatrice de Jonqui\u00e8re, Mme Pauline Tremblay, de m\u00eame que la professeure Christine Couture, de l&rsquo;Universit\u00e9 du Qu\u00e9bec \u00e0 Chicoutimi, ont mis en forme ce projet de recherche. Ensuite, les initiatrices du projet ont obtenu le soutien de la Commission scolaire De La Jonqui\u00e8re qui acquitte les frais li\u00e9s au d\u00e9gagement des enseignants.<\/p>\n<p>Le Minist\u00e8re du D\u00e9veloppement \u00e9conomique et r\u00e9gional, dans le cadre du programme Aide \u00e0 la rel\u00e8ve en science et technologie, ainsi que le Consortium r\u00e9gional de recherche en \u00e9ducation ont appuy\u00e9 financi\u00e8rement cette d\u00e9marche. Ces instances ont accord\u00e9 au projet une somme globale de 35 000 $. Bref, la r\u00e9alisation des travaux de recherche est d\u00e9j\u00e0 amorc\u00e9e.<\/p>\n","protected":false},"excerpt":{"rendered":"<p>Un projet de recherche collaborative a \u00e9t\u00e9 \u00e9labor\u00e9 \u00e0 partir de pr\u00e9occupations d&rsquo;enseignants du primaire soucieux d&rsquo;assurer \u00e0 leurs \u00e9l\u00e8ves une bonne formation en science et technologie. La directrice de l&rsquo;\u00e9cole primaire Sainte-Marie-M\u00e9diatrice de Jonqui\u00e8re, Mme Pauline Tremblay, de m\u00eame que la professeure Christine Couture, de l&rsquo;Universit\u00e9 du Qu\u00e9bec \u00e0 Chicoutimi, ont mis en forme [&hellip;]<\/p>\n","protected":false},"author":5,"featured_media":0,"comment_status":"closed","ping_status":"1","sticky":false,"template":"","format":"standard","meta":{"footnotes":""},"categories":[2],"tags":[],"yoast_head":"<!-- This site is optimized with the Yoast SEO plugin v24.2 - https:\/\/yoast.com\/wordpress\/plugins\/seo\/ -->\r\n<title>Projet de d\u00e9veloppement p\u00e9dagogique et de recherche en science et technologie - UQACtualit\u00e9s<\/title>\r\n<meta name=\"robots\" content=\"index, follow, max-snippet:-1, max-image-preview:large, max-video-preview:-1\" \/>\r\n<link rel=\"canonical\" href=\"https:\/\/www.uqac.ca\/uqactualites\/2005\/09\/23\/projet-de-developpement-pedagogique-et-de-recherche-en-science-et-technologie\/\" \/>\r\n<meta property=\"og:locale\" content=\"fr_CA\" \/>\r\n<meta property=\"og:type\" content=\"article\" \/>\r\n<meta property=\"og:title\" content=\"Projet de d\u00e9veloppement p\u00e9dagogique et de recherche en science et technologie - UQACtualit\u00e9s\" \/>\r\n<meta property=\"og:description\" content=\"Un projet de recherche collaborative a \u00e9t\u00e9 \u00e9labor\u00e9 \u00e0 partir de pr\u00e9occupations d&rsquo;enseignants du primaire soucieux d&rsquo;assurer \u00e0 leurs \u00e9l\u00e8ves une bonne formation en science et technologie. La directrice de l&rsquo;\u00e9cole primaire Sainte-Marie-M\u00e9diatrice de Jonqui\u00e8re, Mme Pauline Tremblay, de m\u00eame que la professeure Christine Couture, de l&rsquo;Universit\u00e9 du Qu\u00e9bec \u00e0 Chicoutimi, ont mis en forme [&hellip;]\" \/>\r\n<meta property=\"og:url\" content=\"https:\/\/www.uqac.ca\/uqactualites\/2005\/09\/23\/projet-de-developpement-pedagogique-et-de-recherche-en-science-et-technologie\/\" \/>\r\n<meta property=\"og:site_name\" content=\"UQACtualit\u00e9s\" \/>\r\n<meta property=\"article:published_time\" content=\"2005-09-23T15:10:46+00:00\" \/>\r\n<meta property=\"og:image\" content=\"http:\/\/www.uqac.ca\/wp-content\/uploads\/2012\/03\/wQUpzDpWSWlho1QS-300x224.jpg\" \/>\r\n<meta name=\"author\" content=\"Service des communications et des relations publiques\" \/>\r\n<meta name=\"twitter:card\" content=\"summary_large_image\" \/>\r\n<meta name=\"twitter:label1\" content=\"\u00c9crit par\" \/>\n\t<meta name=\"twitter:data1\" content=\"Service des communications et des relations publiques\" \/>\n\t<meta name=\"twitter:label2\" content=\"Estimation du temps de lecture\" \/>\n\t<meta name=\"twitter:data2\" content=\"1 minute\" \/>\r\n<script type=\"application\/ld+json\" class=\"yoast-schema-graph\">{\"@context\":\"https:\/\/schema.org\",\"@graph\":[{\"@type\":\"WebPage\",\"@id\":\"https:\/\/www.uqac.ca\/uqactualites\/2005\/09\/23\/projet-de-developpement-pedagogique-et-de-recherche-en-science-et-technologie\/\",\"url\":\"https:\/\/www.uqac.ca\/uqactualites\/2005\/09\/23\/projet-de-developpement-pedagogique-et-de-recherche-en-science-et-technologie\/\",\"name\":\"Projet de d\u00e9veloppement p\u00e9dagogique et de recherche en science et technologie - UQACtualit\u00e9s\",\"isPartOf\":{\"@id\":\"https:\/\/www.uqac.ca\/uqactualites\/#website\"},\"primaryImageOfPage\":{\"@id\":\"https:\/\/www.uqac.ca\/uqactualites\/2005\/09\/23\/projet-de-developpement-pedagogique-et-de-recherche-en-science-et-technologie\/#primaryimage\"},\"image\":{\"@id\":\"https:\/\/www.uqac.ca\/uqactualites\/2005\/09\/23\/projet-de-developpement-pedagogique-et-de-recherche-en-science-et-technologie\/#primaryimage\"},\"thumbnailUrl\":\"http:\/\/www.uqac.ca\/wp-content\/uploads\/2012\/03\/wQUpzDpWSWlho1QS-300x224.jpg\",\"datePublished\":\"2005-09-23T15:10:46+00:00\",\"dateModified\":\"2005-09-23T15:10:46+00:00\",\"author\":{\"@id\":\"https:\/\/www.uqac.ca\/uqactualites\/#\/schema\/person\/366c45a0c4f0e677b41b4af5886e2018\"},\"breadcrumb\":{\"@id\":\"https:\/\/www.uqac.ca\/uqactualites\/2005\/09\/23\/projet-de-developpement-pedagogique-et-de-recherche-en-science-et-technologie\/#breadcrumb\"},\"inLanguage\":\"fr-CA\",\"potentialAction\":[{\"@type\":\"ReadAction\",\"target\":[\"https:\/\/www.uqac.ca\/uqactualites\/2005\/09\/23\/projet-de-developpement-pedagogique-et-de-recherche-en-science-et-technologie\/\"]}]},{\"@type\":\"ImageObject\",\"inLanguage\":\"fr-CA\",\"@id\":\"https:\/\/www.uqac.ca\/uqactualites\/2005\/09\/23\/projet-de-developpement-pedagogique-et-de-recherche-en-science-et-technologie\/#primaryimage\",\"url\":\"http:\/\/www.uqac.ca\/wp-content\/uploads\/2012\/03\/wQUpzDpWSWlho1QS-300x224.jpg\",\"contentUrl\":\"http:\/\/www.uqac.ca\/wp-content\/uploads\/2012\/03\/wQUpzDpWSWlho1QS-300x224.jpg\"},{\"@type\":\"BreadcrumbList\",\"@id\":\"https:\/\/www.uqac.ca\/uqactualites\/2005\/09\/23\/projet-de-developpement-pedagogique-et-de-recherche-en-science-et-technologie\/#breadcrumb\",\"itemListElement\":[{\"@type\":\"ListItem\",\"position\":1,\"name\":\"Home\",\"item\":\"https:\/\/www.uqac.ca\/uqactualites\/\"},{\"@type\":\"ListItem\",\"position\":2,\"name\":\"Projet de d\u00e9veloppement p\u00e9dagogique et de recherche en science et technologie\"}]},{\"@type\":\"WebSite\",\"@id\":\"https:\/\/www.uqac.ca\/uqactualites\/#website\",\"url\":\"https:\/\/www.uqac.ca\/uqactualites\/\",\"name\":\"UQACtualit\u00e9s\",\"description\":\"Le portail des nouvelles de l&#039;UQAC\",\"potentialAction\":[{\"@type\":\"SearchAction\",\"target\":{\"@type\":\"EntryPoint\",\"urlTemplate\":\"https:\/\/www.uqac.ca\/uqactualites\/?s={search_term_string}\"},\"query-input\":{\"@type\":\"PropertyValueSpecification\",\"valueRequired\":true,\"valueName\":\"search_term_string\"}}],\"inLanguage\":\"fr-CA\"},{\"@type\":\"Person\",\"@id\":\"https:\/\/www.uqac.ca\/uqactualites\/#\/schema\/person\/366c45a0c4f0e677b41b4af5886e2018\",\"name\":\"Service des communications et des relations publiques\",\"image\":{\"@type\":\"ImageObject\",\"inLanguage\":\"fr-CA\",\"@id\":\"https:\/\/www.uqac.ca\/uqactualites\/#\/schema\/person\/image\/\",\"url\":\"https:\/\/secure.gravatar.com\/avatar\/20fbbda8a292f59f2d3461a5b999c00b?s=96&d=mm&r=g\",\"contentUrl\":\"https:\/\/secure.gravatar.com\/avatar\/20fbbda8a292f59f2d3461a5b999c00b?s=96&d=mm&r=g\",\"caption\":\"Service des communications et des relations publiques\"},\"url\":\"https:\/\/www.uqac.ca\/uqactualites\/author\/bap\/\"}]}<\/script>\r\n<!-- \/ Yoast SEO plugin. -->","yoast_head_json":{"title":"Projet de d\u00e9veloppement p\u00e9dagogique et de recherche en science et technologie - UQACtualit\u00e9s","robots":{"index":"index","follow":"follow","max-snippet":"max-snippet:-1","max-image-preview":"max-image-preview:large","max-video-preview":"max-video-preview:-1"},"canonical":"https:\/\/www.uqac.ca\/uqactualites\/2005\/09\/23\/projet-de-developpement-pedagogique-et-de-recherche-en-science-et-technologie\/","og_locale":"fr_CA","og_type":"article","og_title":"Projet de d\u00e9veloppement p\u00e9dagogique et de recherche en science et technologie - UQACtualit\u00e9s","og_description":"Un projet de recherche collaborative a \u00e9t\u00e9 \u00e9labor\u00e9 \u00e0 partir de pr\u00e9occupations d&rsquo;enseignants du primaire soucieux d&rsquo;assurer \u00e0 leurs \u00e9l\u00e8ves une bonne formation en science et technologie. La directrice de l&rsquo;\u00e9cole primaire Sainte-Marie-M\u00e9diatrice de Jonqui\u00e8re, Mme Pauline Tremblay, de m\u00eame que la professeure Christine Couture, de l&rsquo;Universit\u00e9 du Qu\u00e9bec \u00e0 Chicoutimi, ont mis en forme [&hellip;]","og_url":"https:\/\/www.uqac.ca\/uqactualites\/2005\/09\/23\/projet-de-developpement-pedagogique-et-de-recherche-en-science-et-technologie\/","og_site_name":"UQACtualit\u00e9s","article_published_time":"2005-09-23T15:10:46+00:00","og_image":[{"url":"http:\/\/www.uqac.ca\/wp-content\/uploads\/2012\/03\/wQUpzDpWSWlho1QS-300x224.jpg","type":"","width":"","height":""}],"author":"Service des communications et des relations publiques","twitter_card":"summary_large_image","twitter_misc":{"\u00c9crit par":"Service des communications et des relations publiques","Estimation du temps de lecture":"1 minute"},"schema":{"@context":"https:\/\/schema.org","@graph":[{"@type":"WebPage","@id":"https:\/\/www.uqac.ca\/uqactualites\/2005\/09\/23\/projet-de-developpement-pedagogique-et-de-recherche-en-science-et-technologie\/","url":"https:\/\/www.uqac.ca\/uqactualites\/2005\/09\/23\/projet-de-developpement-pedagogique-et-de-recherche-en-science-et-technologie\/","name":"Projet de d\u00e9veloppement p\u00e9dagogique et de recherche en science et technologie - UQACtualit\u00e9s","isPartOf":{"@id":"https:\/\/www.uqac.ca\/uqactualites\/#website"},"primaryImageOfPage":{"@id":"https:\/\/www.uqac.ca\/uqactualites\/2005\/09\/23\/projet-de-developpement-pedagogique-et-de-recherche-en-science-et-technologie\/#primaryimage"},"image":{"@id":"https:\/\/www.uqac.ca\/uqactualites\/2005\/09\/23\/projet-de-developpement-pedagogique-et-de-recherche-en-science-et-technologie\/#primaryimage"},"thumbnailUrl":"http:\/\/www.uqac.ca\/wp-content\/uploads\/2012\/03\/wQUpzDpWSWlho1QS-300x224.jpg","datePublished":"2005-09-23T15:10:46+00:00","dateModified":"2005-09-23T15:10:46+00:00","author":{"@id":"https:\/\/www.uqac.ca\/uqactualites\/#\/schema\/person\/366c45a0c4f0e677b41b4af5886e2018"},"breadcrumb":{"@id":"https:\/\/www.uqac.ca\/uqactualites\/2005\/09\/23\/projet-de-developpement-pedagogique-et-de-recherche-en-science-et-technologie\/#breadcrumb"},"inLanguage":"fr-CA","potentialAction":[{"@type":"ReadAction","target":["https:\/\/www.uqac.ca\/uqactualites\/2005\/09\/23\/projet-de-developpement-pedagogique-et-de-recherche-en-science-et-technologie\/"]}]},{"@type":"ImageObject","inLanguage":"fr-CA","@id":"https:\/\/www.uqac.ca\/uqactualites\/2005\/09\/23\/projet-de-developpement-pedagogique-et-de-recherche-en-science-et-technologie\/#primaryimage","url":"http:\/\/www.uqac.ca\/wp-content\/uploads\/2012\/03\/wQUpzDpWSWlho1QS-300x224.jpg","contentUrl":"http:\/\/www.uqac.ca\/wp-content\/uploads\/2012\/03\/wQUpzDpWSWlho1QS-300x224.jpg"},{"@type":"BreadcrumbList","@id":"https:\/\/www.uqac.ca\/uqactualites\/2005\/09\/23\/projet-de-developpement-pedagogique-et-de-recherche-en-science-et-technologie\/#breadcrumb","itemListElement":[{"@type":"ListItem","position":1,"name":"Home","item":"https:\/\/www.uqac.ca\/uqactualites\/"},{"@type":"ListItem","position":2,"name":"Projet de d\u00e9veloppement p\u00e9dagogique et de recherche en science et technologie"}]},{"@type":"WebSite","@id":"https:\/\/www.uqac.ca\/uqactualites\/#website","url":"https:\/\/www.uqac.ca\/uqactualites\/","name":"UQACtualit\u00e9s","description":"Le portail des nouvelles de l&#039;UQAC","potentialAction":[{"@type":"SearchAction","target":{"@type":"EntryPoint","urlTemplate":"https:\/\/www.uqac.ca\/uqactualites\/?s={search_term_string}"},"query-input":{"@type":"PropertyValueSpecification","valueRequired":true,"valueName":"search_term_string"}}],"inLanguage":"fr-CA"},{"@type":"Person","@id":"https:\/\/www.uqac.ca\/uqactualites\/#\/schema\/person\/366c45a0c4f0e677b41b4af5886e2018","name":"Service des communications et des relations publiques","image":{"@type":"ImageObject","inLanguage":"fr-CA","@id":"https:\/\/www.uqac.ca\/uqactualites\/#\/schema\/person\/image\/","url":"https:\/\/secure.gravatar.com\/avatar\/20fbbda8a292f59f2d3461a5b999c00b?s=96&d=mm&r=g","contentUrl":"https:\/\/secure.gravatar.com\/avatar\/20fbbda8a292f59f2d3461a5b999c00b?s=96&d=mm&r=g","caption":"Service des communications et des relations publiques"},"url":"https:\/\/www.uqac.ca\/uqactualites\/author\/bap\/"}]}},"_links":{"self":[{"href":"https:\/\/www.uqac.ca\/uqactualites\/wp-json\/wp\/v2\/posts\/19605"}],"collection":[{"href":"https:\/\/www.uqac.ca\/uqactualites\/wp-json\/wp\/v2\/posts"}],"about":[{"href":"https:\/\/www.uqac.ca\/uqactualites\/wp-json\/wp\/v2\/types\/post"}],"author":[{"embeddable":true,"href":"https:\/\/www.uqac.ca\/uqactualites\/wp-json\/wp\/v2\/users\/5"}],"replies":[{"embeddable":true,"href":"https:\/\/www.uqac.ca\/uqactualites\/wp-json\/wp\/v2\/comments?post=19605"}],"version-history":[{"count":0,"href":"https:\/\/www.uqac.ca\/uqactualites\/wp-json\/wp\/v2\/posts\/19605\/revisions"}],"wp:attachment":[{"href":"https:\/\/www.uqac.ca\/uqactualites\/wp-json\/wp\/v2\/media?parent=19605"}],"wp:term":[{"taxonomy":"category","embeddable":true,"href":"https:\/\/www.uqac.ca\/uqactualites\/wp-json\/wp\/v2\/categories?post=19605"},{"taxonomy":"post_tag","embeddable":true,"href":"https:\/\/www.uqac.ca\/uqactualites\/wp-json\/wp\/v2\/tags?post=19605"}],"curies":[{"name":"wp","href":"https:\/\/api.w.org\/{rel}","templated":true}]}}