{"id":19606,"date":"2005-09-23T09:40:30","date_gmt":"2005-09-23T15:10:30","guid":{"rendered":"http:\/\/uqactualite.odev.ca\/2005\/09\/bourse-de-lindustrie-miniere-du-quebec\/"},"modified":"2005-09-23T09:40:30","modified_gmt":"2005-09-23T15:10:30","slug":"bourse-de-lindustrie-miniere-du-quebec","status":"publish","type":"post","link":"https:\/\/www.uqac.ca\/uqactualites\/2005\/09\/23\/bourse-de-lindustrie-miniere-du-quebec\/","title":{"rendered":"Bourse de l&rsquo;industrie mini\u00e8re du Qu\u00e9bec"},"content":{"rendered":"<p><figure id=\"attachment_19606\" aria-describedby=\"caption-attachment-19606\" style=\"width: 300px\" class=\"wp-caption alignright\"><a href=\"http:\/\/www.uqac.ca\/wp-content\/uploads\/2012\/03\/5yzcq501xU9abOOY.jpg\"><img loading=\"lazy\" decoding=\"async\" class=\"size-medium wp-image-19606\" title=\"5yzcq501xU9abOOY\" src=\"http:\/\/www.uqac.ca\/wp-content\/uploads\/2012\/03\/5yzcq501xU9abOOY-300x225.jpg\" width=\"300\" height=\"225\" alt=\"\" \/><\/a><figcaption id=\"caption-attachment-19606\" class=\"wp-caption-text\">M. Jean-Fran\u00e7ois No\u00ebl, \u00e9tudiant au baccalaur\u00e9at en g\u00e9nie g\u00e9ologique, quatri\u00e8me ann\u00e9e, re\u00e7oit une bourse des mains du ministre des Ressources naturelles du Qu\u00e9bec, Pierre Corbeil, accompagn\u00e9 du pr\u00e9sident-directeur g\u00e9n\u00e9ral de l&#039;Association mini\u00e8re du Qu\u00e9bec, Dan Tolgyesi.<\/figcaption><\/figure>M. Jean-Fran\u00e7ois No\u00ebl a \u00e9t\u00e9 honor\u00e9 dans le cadre du programme de bourses d&rsquo;\u00e9tudes universitaires de l&rsquo;industrie mini\u00e8re du Qu\u00e9bec pour l&rsquo;ann\u00e9e 2004-2005. En effet, le comit\u00e9 de s\u00e9lection lui a d\u00e9cern\u00e9 en avril dernier une bourse de 1 000 $ pour la qualit\u00e9 de son dossier acad\u00e9mique, son projet de carri\u00e8re et son implication dans le milieu. \u00c0 souligner, Jean-Fran\u00e7ois No\u00ebl, \u00e9tudiant au baccalaur\u00e9at en g\u00e9nie g\u00e9ologique \u00e0 l&rsquo;UQAC, fait partie des trois r\u00e9cipiendaires r\u00e9compens\u00e9s par ce programme \u00e0 l&rsquo;\u00e9chelle qu\u00e9b\u00e9coise.<\/p>\n<p>Le programme de bourses d&rsquo;\u00e9tudes de l&rsquo;industrie mini\u00e8re du Qu\u00e9bec est administr\u00e9 par l&rsquo;Association mini\u00e8re du Qu\u00e9bec, en collaboration avec le minist\u00e8re des Ressources naturelles et de la Faune du Qu\u00e9bec. Ce programme vise \u00e0 encourager et \u00e0 soutenir financi\u00e8rement des \u00e9tudiantes et des \u00e9tudiants \u00e0 poursuivre des \u00e9tudes universitaires au Qu\u00e9bec dans des disciplines relatives aux sciences de la terre. Il leur permet \u00e9galement de se pr\u00e9parer ad\u00e9quatement \u00e0 faire carri\u00e8re dans l&rsquo;industrie mini\u00e8re.<\/p>\n<p>La p\u00e9riode d&rsquo;inscription pour les bourses 2005 aura lieu en septembre prochain.<\/p>\n","protected":false},"excerpt":{"rendered":"<p>M. Jean-Fran\u00e7ois No\u00ebl a \u00e9t\u00e9 honor\u00e9 dans le cadre du programme de bourses d&rsquo;\u00e9tudes universitaires de l&rsquo;industrie mini\u00e8re du Qu\u00e9bec pour l&rsquo;ann\u00e9e 2004-2005. En effet, le comit\u00e9 de s\u00e9lection lui a d\u00e9cern\u00e9 en avril dernier une bourse de 1 000 $ pour la qualit\u00e9 de son dossier acad\u00e9mique, son projet de carri\u00e8re et son implication [&hellip;]<\/p>\n","protected":false},"author":5,"featured_media":0,"comment_status":"closed","ping_status":"1","sticky":false,"template":"","format":"standard","meta":{"footnotes":""},"categories":[9],"tags":[],"yoast_head":"<!-- This site is optimized with the Yoast SEO plugin v24.2 - https:\/\/yoast.com\/wordpress\/plugins\/seo\/ -->\r\n<title>Bourse de l&#039;industrie mini\u00e8re du Qu\u00e9bec - UQACtualit\u00e9s<\/title>\r\n<meta name=\"robots\" content=\"index, follow, max-snippet:-1, max-image-preview:large, max-video-preview:-1\" \/>\r\n<link rel=\"canonical\" href=\"https:\/\/www.uqac.ca\/uqactualites\/2005\/09\/23\/bourse-de-lindustrie-miniere-du-quebec\/\" \/>\r\n<meta property=\"og:locale\" content=\"fr_CA\" \/>\r\n<meta property=\"og:type\" content=\"article\" \/>\r\n<meta property=\"og:title\" content=\"Bourse de l&#039;industrie mini\u00e8re du Qu\u00e9bec - UQACtualit\u00e9s\" \/>\r\n<meta property=\"og:description\" content=\"M. Jean-Fran\u00e7ois No\u00ebl a \u00e9t\u00e9 honor\u00e9 dans le cadre du programme de bourses d&rsquo;\u00e9tudes universitaires de l&rsquo;industrie mini\u00e8re du Qu\u00e9bec pour l&rsquo;ann\u00e9e 2004-2005. En effet, le comit\u00e9 de s\u00e9lection lui a d\u00e9cern\u00e9 en avril dernier une bourse de 1 000 $ pour la qualit\u00e9 de son dossier acad\u00e9mique, son projet de carri\u00e8re et son implication [&hellip;]\" \/>\r\n<meta property=\"og:url\" content=\"https:\/\/www.uqac.ca\/uqactualites\/2005\/09\/23\/bourse-de-lindustrie-miniere-du-quebec\/\" \/>\r\n<meta property=\"og:site_name\" content=\"UQACtualit\u00e9s\" \/>\r\n<meta property=\"article:published_time\" content=\"2005-09-23T15:10:30+00:00\" \/>\r\n<meta property=\"og:image\" content=\"http:\/\/www.uqac.ca\/wp-content\/uploads\/2012\/03\/5yzcq501xU9abOOY-300x225.jpg\" \/>\r\n<meta name=\"author\" content=\"Service des communications et des relations publiques\" \/>\r\n<meta name=\"twitter:card\" content=\"summary_large_image\" \/>\r\n<meta name=\"twitter:label1\" content=\"\u00c9crit par\" \/>\n\t<meta name=\"twitter:data1\" content=\"Service des communications et des relations publiques\" \/>\n\t<meta name=\"twitter:label2\" content=\"Estimation du temps de lecture\" \/>\n\t<meta name=\"twitter:data2\" content=\"1 minute\" \/>\r\n<script type=\"application\/ld+json\" class=\"yoast-schema-graph\">{\"@context\":\"https:\/\/schema.org\",\"@graph\":[{\"@type\":\"WebPage\",\"@id\":\"https:\/\/www.uqac.ca\/uqactualites\/2005\/09\/23\/bourse-de-lindustrie-miniere-du-quebec\/\",\"url\":\"https:\/\/www.uqac.ca\/uqactualites\/2005\/09\/23\/bourse-de-lindustrie-miniere-du-quebec\/\",\"name\":\"Bourse de l'industrie mini\u00e8re du Qu\u00e9bec - UQACtualit\u00e9s\",\"isPartOf\":{\"@id\":\"https:\/\/www.uqac.ca\/uqactualites\/#website\"},\"primaryImageOfPage\":{\"@id\":\"https:\/\/www.uqac.ca\/uqactualites\/2005\/09\/23\/bourse-de-lindustrie-miniere-du-quebec\/#primaryimage\"},\"image\":{\"@id\":\"https:\/\/www.uqac.ca\/uqactualites\/2005\/09\/23\/bourse-de-lindustrie-miniere-du-quebec\/#primaryimage\"},\"thumbnailUrl\":\"http:\/\/www.uqac.ca\/wp-content\/uploads\/2012\/03\/5yzcq501xU9abOOY-300x225.jpg\",\"datePublished\":\"2005-09-23T15:10:30+00:00\",\"dateModified\":\"2005-09-23T15:10:30+00:00\",\"author\":{\"@id\":\"https:\/\/www.uqac.ca\/uqactualites\/#\/schema\/person\/366c45a0c4f0e677b41b4af5886e2018\"},\"breadcrumb\":{\"@id\":\"https:\/\/www.uqac.ca\/uqactualites\/2005\/09\/23\/bourse-de-lindustrie-miniere-du-quebec\/#breadcrumb\"},\"inLanguage\":\"fr-CA\",\"potentialAction\":[{\"@type\":\"ReadAction\",\"target\":[\"https:\/\/www.uqac.ca\/uqactualites\/2005\/09\/23\/bourse-de-lindustrie-miniere-du-quebec\/\"]}]},{\"@type\":\"ImageObject\",\"inLanguage\":\"fr-CA\",\"@id\":\"https:\/\/www.uqac.ca\/uqactualites\/2005\/09\/23\/bourse-de-lindustrie-miniere-du-quebec\/#primaryimage\",\"url\":\"http:\/\/www.uqac.ca\/wp-content\/uploads\/2012\/03\/5yzcq501xU9abOOY-300x225.jpg\",\"contentUrl\":\"http:\/\/www.uqac.ca\/wp-content\/uploads\/2012\/03\/5yzcq501xU9abOOY-300x225.jpg\"},{\"@type\":\"BreadcrumbList\",\"@id\":\"https:\/\/www.uqac.ca\/uqactualites\/2005\/09\/23\/bourse-de-lindustrie-miniere-du-quebec\/#breadcrumb\",\"itemListElement\":[{\"@type\":\"ListItem\",\"position\":1,\"name\":\"Home\",\"item\":\"https:\/\/www.uqac.ca\/uqactualites\/\"},{\"@type\":\"ListItem\",\"position\":2,\"name\":\"Bourse de l&rsquo;industrie mini\u00e8re du Qu\u00e9bec\"}]},{\"@type\":\"WebSite\",\"@id\":\"https:\/\/www.uqac.ca\/uqactualites\/#website\",\"url\":\"https:\/\/www.uqac.ca\/uqactualites\/\",\"name\":\"UQACtualit\u00e9s\",\"description\":\"Le portail des nouvelles de l&#039;UQAC\",\"potentialAction\":[{\"@type\":\"SearchAction\",\"target\":{\"@type\":\"EntryPoint\",\"urlTemplate\":\"https:\/\/www.uqac.ca\/uqactualites\/?s={search_term_string}\"},\"query-input\":{\"@type\":\"PropertyValueSpecification\",\"valueRequired\":true,\"valueName\":\"search_term_string\"}}],\"inLanguage\":\"fr-CA\"},{\"@type\":\"Person\",\"@id\":\"https:\/\/www.uqac.ca\/uqactualites\/#\/schema\/person\/366c45a0c4f0e677b41b4af5886e2018\",\"name\":\"Service des communications et des relations publiques\",\"image\":{\"@type\":\"ImageObject\",\"inLanguage\":\"fr-CA\",\"@id\":\"https:\/\/www.uqac.ca\/uqactualites\/#\/schema\/person\/image\/\",\"url\":\"https:\/\/secure.gravatar.com\/avatar\/20fbbda8a292f59f2d3461a5b999c00b?s=96&d=mm&r=g\",\"contentUrl\":\"https:\/\/secure.gravatar.com\/avatar\/20fbbda8a292f59f2d3461a5b999c00b?s=96&d=mm&r=g\",\"caption\":\"Service des communications et des relations publiques\"},\"url\":\"https:\/\/www.uqac.ca\/uqactualites\/author\/bap\/\"}]}<\/script>\r\n<!-- \/ Yoast SEO plugin. -->","yoast_head_json":{"title":"Bourse de l'industrie mini\u00e8re du Qu\u00e9bec - UQACtualit\u00e9s","robots":{"index":"index","follow":"follow","max-snippet":"max-snippet:-1","max-image-preview":"max-image-preview:large","max-video-preview":"max-video-preview:-1"},"canonical":"https:\/\/www.uqac.ca\/uqactualites\/2005\/09\/23\/bourse-de-lindustrie-miniere-du-quebec\/","og_locale":"fr_CA","og_type":"article","og_title":"Bourse de l'industrie mini\u00e8re du Qu\u00e9bec - UQACtualit\u00e9s","og_description":"M. Jean-Fran\u00e7ois No\u00ebl a \u00e9t\u00e9 honor\u00e9 dans le cadre du programme de bourses d&rsquo;\u00e9tudes universitaires de l&rsquo;industrie mini\u00e8re du Qu\u00e9bec pour l&rsquo;ann\u00e9e 2004-2005. En effet, le comit\u00e9 de s\u00e9lection lui a d\u00e9cern\u00e9 en avril dernier une bourse de 1 000 $ pour la qualit\u00e9 de son dossier acad\u00e9mique, son projet de carri\u00e8re et son implication [&hellip;]","og_url":"https:\/\/www.uqac.ca\/uqactualites\/2005\/09\/23\/bourse-de-lindustrie-miniere-du-quebec\/","og_site_name":"UQACtualit\u00e9s","article_published_time":"2005-09-23T15:10:30+00:00","og_image":[{"url":"http:\/\/www.uqac.ca\/wp-content\/uploads\/2012\/03\/5yzcq501xU9abOOY-300x225.jpg","type":"","width":"","height":""}],"author":"Service des communications et des relations publiques","twitter_card":"summary_large_image","twitter_misc":{"\u00c9crit par":"Service des communications et des relations publiques","Estimation du temps de lecture":"1 minute"},"schema":{"@context":"https:\/\/schema.org","@graph":[{"@type":"WebPage","@id":"https:\/\/www.uqac.ca\/uqactualites\/2005\/09\/23\/bourse-de-lindustrie-miniere-du-quebec\/","url":"https:\/\/www.uqac.ca\/uqactualites\/2005\/09\/23\/bourse-de-lindustrie-miniere-du-quebec\/","name":"Bourse de l'industrie mini\u00e8re du Qu\u00e9bec - UQACtualit\u00e9s","isPartOf":{"@id":"https:\/\/www.uqac.ca\/uqactualites\/#website"},"primaryImageOfPage":{"@id":"https:\/\/www.uqac.ca\/uqactualites\/2005\/09\/23\/bourse-de-lindustrie-miniere-du-quebec\/#primaryimage"},"image":{"@id":"https:\/\/www.uqac.ca\/uqactualites\/2005\/09\/23\/bourse-de-lindustrie-miniere-du-quebec\/#primaryimage"},"thumbnailUrl":"http:\/\/www.uqac.ca\/wp-content\/uploads\/2012\/03\/5yzcq501xU9abOOY-300x225.jpg","datePublished":"2005-09-23T15:10:30+00:00","dateModified":"2005-09-23T15:10:30+00:00","author":{"@id":"https:\/\/www.uqac.ca\/uqactualites\/#\/schema\/person\/366c45a0c4f0e677b41b4af5886e2018"},"breadcrumb":{"@id":"https:\/\/www.uqac.ca\/uqactualites\/2005\/09\/23\/bourse-de-lindustrie-miniere-du-quebec\/#breadcrumb"},"inLanguage":"fr-CA","potentialAction":[{"@type":"ReadAction","target":["https:\/\/www.uqac.ca\/uqactualites\/2005\/09\/23\/bourse-de-lindustrie-miniere-du-quebec\/"]}]},{"@type":"ImageObject","inLanguage":"fr-CA","@id":"https:\/\/www.uqac.ca\/uqactualites\/2005\/09\/23\/bourse-de-lindustrie-miniere-du-quebec\/#primaryimage","url":"http:\/\/www.uqac.ca\/wp-content\/uploads\/2012\/03\/5yzcq501xU9abOOY-300x225.jpg","contentUrl":"http:\/\/www.uqac.ca\/wp-content\/uploads\/2012\/03\/5yzcq501xU9abOOY-300x225.jpg"},{"@type":"BreadcrumbList","@id":"https:\/\/www.uqac.ca\/uqactualites\/2005\/09\/23\/bourse-de-lindustrie-miniere-du-quebec\/#breadcrumb","itemListElement":[{"@type":"ListItem","position":1,"name":"Home","item":"https:\/\/www.uqac.ca\/uqactualites\/"},{"@type":"ListItem","position":2,"name":"Bourse de l&rsquo;industrie mini\u00e8re du Qu\u00e9bec"}]},{"@type":"WebSite","@id":"https:\/\/www.uqac.ca\/uqactualites\/#website","url":"https:\/\/www.uqac.ca\/uqactualites\/","name":"UQACtualit\u00e9s","description":"Le portail des nouvelles de l&#039;UQAC","potentialAction":[{"@type":"SearchAction","target":{"@type":"EntryPoint","urlTemplate":"https:\/\/www.uqac.ca\/uqactualites\/?s={search_term_string}"},"query-input":{"@type":"PropertyValueSpecification","valueRequired":true,"valueName":"search_term_string"}}],"inLanguage":"fr-CA"},{"@type":"Person","@id":"https:\/\/www.uqac.ca\/uqactualites\/#\/schema\/person\/366c45a0c4f0e677b41b4af5886e2018","name":"Service des communications et des relations publiques","image":{"@type":"ImageObject","inLanguage":"fr-CA","@id":"https:\/\/www.uqac.ca\/uqactualites\/#\/schema\/person\/image\/","url":"https:\/\/secure.gravatar.com\/avatar\/20fbbda8a292f59f2d3461a5b999c00b?s=96&d=mm&r=g","contentUrl":"https:\/\/secure.gravatar.com\/avatar\/20fbbda8a292f59f2d3461a5b999c00b?s=96&d=mm&r=g","caption":"Service des communications et des relations publiques"},"url":"https:\/\/www.uqac.ca\/uqactualites\/author\/bap\/"}]}},"_links":{"self":[{"href":"https:\/\/www.uqac.ca\/uqactualites\/wp-json\/wp\/v2\/posts\/19606"}],"collection":[{"href":"https:\/\/www.uqac.ca\/uqactualites\/wp-json\/wp\/v2\/posts"}],"about":[{"href":"https:\/\/www.uqac.ca\/uqactualites\/wp-json\/wp\/v2\/types\/post"}],"author":[{"embeddable":true,"href":"https:\/\/www.uqac.ca\/uqactualites\/wp-json\/wp\/v2\/users\/5"}],"replies":[{"embeddable":true,"href":"https:\/\/www.uqac.ca\/uqactualites\/wp-json\/wp\/v2\/comments?post=19606"}],"version-history":[{"count":0,"href":"https:\/\/www.uqac.ca\/uqactualites\/wp-json\/wp\/v2\/posts\/19606\/revisions"}],"wp:attachment":[{"href":"https:\/\/www.uqac.ca\/uqactualites\/wp-json\/wp\/v2\/media?parent=19606"}],"wp:term":[{"taxonomy":"category","embeddable":true,"href":"https:\/\/www.uqac.ca\/uqactualites\/wp-json\/wp\/v2\/categories?post=19606"},{"taxonomy":"post_tag","embeddable":true,"href":"https:\/\/www.uqac.ca\/uqactualites\/wp-json\/wp\/v2\/tags?post=19606"}],"curies":[{"name":"wp","href":"https:\/\/api.w.org\/{rel}","templated":true}]}}