{"id":19623,"date":"2005-05-02T09:36:39","date_gmt":"2005-05-02T15:06:39","guid":{"rendered":"http:\/\/uqactualite.odev.ca\/2005\/05\/tour-des-ameriques-vert-demain\/"},"modified":"2005-05-02T09:36:39","modified_gmt":"2005-05-02T15:06:39","slug":"tour-des-ameriques-vert-demain","status":"publish","type":"post","link":"https:\/\/www.uqac.ca\/uqactualites\/2005\/05\/02\/tour-des-ameriques-vert-demain\/","title":{"rendered":"Tour des Am\u00e9riques VERT demain"},"content":{"rendered":"<p><figure id=\"attachment_19623\" aria-describedby=\"caption-attachment-19623\" style=\"width: 300px\" class=\"wp-caption alignright\"><a href=\"http:\/\/www.uqac.ca\/wp-content\/uploads\/2012\/03\/ipK6LeCL7AIh7QM2.jpg\"><img loading=\"lazy\" decoding=\"async\" class=\"size-medium wp-image-19623\" title=\"ipK6LeCL7AIh7QM2\" src=\"http:\/\/www.uqac.ca\/wp-content\/uploads\/2012\/03\/ipK6LeCL7AIh7QM2-300x225.jpg\" width=\"300\" height=\"225\" alt=\"\" \/><\/a><figcaption id=\"caption-attachment-19623\" class=\"wp-caption-text\">TOUR \u2013 Le Tour doit s&#039;\u00e9tendre \u00e0 travers 45 000 km dans 25 pays d&#039;Am\u00e9rique, \u00e0 partir de Chicoutimi jusqu&#039;au Chili, avant de revenir au Qu\u00e9bec. Un voyage d&#039;une dur\u00e9e de plus de deux ans.<\/figcaption><\/figure><figure id=\"attachment_19623\" aria-describedby=\"caption-attachment-19623\" style=\"width: 300px\" class=\"wp-caption alignright\"><a href=\"http:\/\/www.uqac.ca\/wp-content\/uploads\/2012\/03\/xrP7uSZ0pVjmYm4x.jpg\"><img loading=\"lazy\" decoding=\"async\" class=\"size-medium wp-image-19623\" title=\"xrP7uSZ0pVjmYm4x\" src=\"http:\/\/www.uqac.ca\/wp-content\/uploads\/2012\/03\/xrP7uSZ0pVjmYm4x-300x225.jpg\" width=\"300\" height=\"225\" alt=\"\" \/><\/a><figcaption id=\"caption-attachment-19623\" class=\"wp-caption-text\">ITIN\u00c9RAIRE \u2013 Pierre Beauregard montre l&#039;itin\u00e9raire qu&#039;emprunteront Christian Blanchard et Marie Collin au cours de leur p\u00e9riple \u00e0 travers l&#039;Am\u00e9rique.<\/figcaption><\/figure><figure id=\"attachment_19623\" aria-describedby=\"caption-attachment-19623\" style=\"width: 286px\" class=\"wp-caption alignright\"><a href=\"http:\/\/www.uqac.ca\/wp-content\/uploads\/2012\/03\/xMVkCJ6avd42WQfQ.jpg\"><img loading=\"lazy\" decoding=\"async\" class=\"size-medium wp-image-19623\" title=\"xMVkCJ6avd42WQfQ\" src=\"http:\/\/www.uqac.ca\/wp-content\/uploads\/2012\/03\/xMVkCJ6avd42WQfQ-286x300.jpg\" width=\"286\" height=\"300\" alt=\"\" \/><\/a><figcaption id=\"caption-attachment-19623\" class=\"wp-caption-text\">V\u00c9LO \u2013 Christian Blanchard (\u00e0 gauche), passionn\u00e9 de v\u00e9lo et de plein-air, ainsi que Pierre Beauregard, \u00e9tudiant et plein-air et en tourisme d&#039;aventure \u00e0 l&#039;UQAC et co-organisateur du Tour des Am\u00e9riques VERT demain ont mis plus de sept ans \u00e0 peaufiner le projet. On peut ici les voir en action, sur v\u00e9los\u2026 stationnaires!<\/figcaption><\/figure>CHICOUTIMI (FSTG) \u2013 Parcourir \u00e0 v\u00e9lo plus de 45 000 kilom\u00e8tres en traversant 25 pays d&rsquo;Am\u00e9rique, le tout en un peu plus de deux ans et \u00e0 partir de Chicoutimi. Voil\u00e0 l&rsquo;immense d\u00e9fi que se sont donn\u00e9s deux jeunes Qu\u00e9b\u00e9cois et une Fran\u00e7aise afin de sensibiliser la population \u00e0 la sauvegarde de l&rsquo;environnement.<\/p>\n<p>Sous le th\u00e8me \u00ab Tour des Am\u00e9riques VERT demain \u00bb, Christian Blanchard et la Strasbourgeoise Marie Collin entreprendront leur p\u00e9riple \u00e0 compter du 18 mai, en direction de Qu\u00e9bec, sous la supervision et la soigneuse planification d&rsquo;un \u00e9tudiant en plein-air et en tourisme d&rsquo;aventure de l&rsquo;Universit\u00e9 du Qu\u00e9bec \u00e0 Chicoutimi, Pierre Beauregard. Apr\u00e8s avoir atteint la Vieille capitale, ce sera direction Montr\u00e9al, puis Vancouver, avant d&rsquo;amorcer la descente tout le long de la c\u00f4te Ouest du continent jusqu&rsquo;au Chili, puis d&rsquo;effectuer le voyage de retour le long de la c\u00f4te Est de l&rsquo;Am\u00e9rique, le tout en raison de 350 km de v\u00e9lo quatre jours par semaine.<\/p>\n<p>\u00ab Cela fait plus de sept ans que nous pr\u00e9parons ce voyage, que nous recherchons des commanditaires et que nous recueillons du financement \u00bb, explique M. Beauregard. \u00ab \u00c0 mesure que la date du d\u00e9part approche, nous avons de plus en plus de papillons dans l&rsquo;estomac, mais nous sommes en m\u00eame temps gonfl\u00e9s \u00e0 bloc \u00bb, assure-t-il.<br \/>\nL&rsquo;\u00e9tudiant, qui agit surtout en tant que coordonnateur et de porte-parole de l&rsquo;\u00e9quip\u00e9e compte d&rsquo;ailleurs p\u00e9daler avec les deux participants au d\u00e9but et \u00e0 la fin du p\u00e9riple, assurant \u00e0 partir de l&rsquo;UQAC le bon d\u00e9roulement du tour et la fin de ses \u00e9tudes entre temps.<\/p>\n<p>Les organisateurs du Tour des Am\u00e9riques VERT demain visent \u00e0 remplir deux objectifs originaux au cours de leur randonn\u00e9e. \u00ab Nous voulons d&rsquo;abord rencontrer les jeunes en donnant une centaine de conf\u00e9rences \u00e0 saveur environnementale un peu partout dans les \u00e9coles des pays travers\u00e9s. En mati\u00e8re d&rsquo;\u00e9cologie, nous savons que l&rsquo;avenir et que les futurs grands changements sociaux proviendront des jeunes \u00bb, souligne Pierre Beauregard. <\/p>\n<p>\u00ab Nous viserons \u00e9galement \u00e0 recueillir, sur cam\u00e9ra et en photos, des t\u00e9moignages et de beaux exemples d&rsquo;initiatives touchant la sauvegarde de l&rsquo;environnement qui sont prises \u00e0 travers le continent \u00bb, ajoute l&rsquo;\u00e9tudiant de l&rsquo;UQAC.<br \/>\nD&rsquo;ailleurs, \u00e0 la suite du Tour, le trio d&rsquo;aventuriers souhaite produire un documentaire et monter une s\u00e9rie de conf\u00e9rences qui relateront les d\u00e9couvertes faites au cours de leur odyss\u00e9e. \u00ab Il y aura certainement une vis\u00e9e p\u00e9dagogique qui va suivre le Tour, comme il y a une vis\u00e9e \u00e9ducative qui accompagnera les deux cyclistes pendant leur voyage \u00bb, mentionne M. Beauregard.<\/p>\n<p>\u00c0 ce sujet, le public pourra suivre le d\u00e9roulement du Tour des Am\u00e9riques en se rendant sur son site Internet au www.velopax.org ou en s&rsquo;abonnant \u00e0 sa liste de diffusion informatique.<\/p>\n<p>Pour l&rsquo;heure, Pierre Beauregard et ses acolytes s&rsquo;affairent \u00e0 r\u00e9unir les derni\u00e8res sommes d&rsquo;argent manquantes pour assurer le financement complet du Tour. Une activit\u00e9 de financement aura d&rsquo;ailleurs lieu \u00e0 la fin avril \u00e0 Granby, d&rsquo;o\u00f9 est originaire Christian Blanchard.<\/p>\n","protected":false},"excerpt":{"rendered":"<p>CHICOUTIMI (FSTG) \u2013 Parcourir \u00e0 v\u00e9lo plus de 45 000 kilom\u00e8tres en traversant 25 pays d&rsquo;Am\u00e9rique, le tout en un peu plus de deux ans et \u00e0 partir de Chicoutimi. Voil\u00e0 l&rsquo;immense d\u00e9fi que se sont donn\u00e9s deux jeunes Qu\u00e9b\u00e9cois et une Fran\u00e7aise afin de sensibiliser la population \u00e0 la sauvegarde de l&rsquo;environnement. Sous le [&hellip;]<\/p>\n","protected":false},"author":5,"featured_media":0,"comment_status":"closed","ping_status":"1","sticky":false,"template":"","format":"standard","meta":{"footnotes":""},"categories":[2],"tags":[],"yoast_head":"<!-- This site is optimized with the Yoast SEO plugin v24.2 - https:\/\/yoast.com\/wordpress\/plugins\/seo\/ -->\r\n<title>Tour des Am\u00e9riques VERT demain - UQACtualit\u00e9s<\/title>\r\n<meta name=\"robots\" content=\"index, follow, max-snippet:-1, max-image-preview:large, max-video-preview:-1\" \/>\r\n<link rel=\"canonical\" href=\"https:\/\/www.uqac.ca\/uqactualites\/2005\/05\/02\/tour-des-ameriques-vert-demain\/\" \/>\r\n<meta property=\"og:locale\" content=\"fr_CA\" \/>\r\n<meta property=\"og:type\" content=\"article\" \/>\r\n<meta property=\"og:title\" content=\"Tour des Am\u00e9riques VERT demain - UQACtualit\u00e9s\" \/>\r\n<meta property=\"og:description\" content=\"CHICOUTIMI (FSTG) \u2013 Parcourir \u00e0 v\u00e9lo plus de 45 000 kilom\u00e8tres en traversant 25 pays d&rsquo;Am\u00e9rique, le tout en un peu plus de deux ans et \u00e0 partir de Chicoutimi. Voil\u00e0 l&rsquo;immense d\u00e9fi que se sont donn\u00e9s deux jeunes Qu\u00e9b\u00e9cois et une Fran\u00e7aise afin de sensibiliser la population \u00e0 la sauvegarde de l&rsquo;environnement. Sous le [&hellip;]\" \/>\r\n<meta property=\"og:url\" content=\"https:\/\/www.uqac.ca\/uqactualites\/2005\/05\/02\/tour-des-ameriques-vert-demain\/\" \/>\r\n<meta property=\"og:site_name\" content=\"UQACtualit\u00e9s\" \/>\r\n<meta property=\"article:published_time\" content=\"2005-05-02T15:06:39+00:00\" \/>\r\n<meta property=\"og:image\" content=\"http:\/\/www.uqac.ca\/wp-content\/uploads\/2012\/03\/ipK6LeCL7AIh7QM2-300x225.jpg\" \/>\r\n<meta name=\"author\" content=\"Service des communications et des relations publiques\" \/>\r\n<meta name=\"twitter:card\" content=\"summary_large_image\" \/>\r\n<meta name=\"twitter:label1\" content=\"\u00c9crit par\" \/>\n\t<meta name=\"twitter:data1\" content=\"Service des communications et des relations publiques\" \/>\n\t<meta name=\"twitter:label2\" content=\"Estimation du temps de lecture\" \/>\n\t<meta name=\"twitter:data2\" content=\"3 minutes\" \/>\r\n<script type=\"application\/ld+json\" class=\"yoast-schema-graph\">{\"@context\":\"https:\/\/schema.org\",\"@graph\":[{\"@type\":\"WebPage\",\"@id\":\"https:\/\/www.uqac.ca\/uqactualites\/2005\/05\/02\/tour-des-ameriques-vert-demain\/\",\"url\":\"https:\/\/www.uqac.ca\/uqactualites\/2005\/05\/02\/tour-des-ameriques-vert-demain\/\",\"name\":\"Tour des Am\u00e9riques VERT demain - UQACtualit\u00e9s\",\"isPartOf\":{\"@id\":\"https:\/\/www.uqac.ca\/uqactualites\/#website\"},\"primaryImageOfPage\":{\"@id\":\"https:\/\/www.uqac.ca\/uqactualites\/2005\/05\/02\/tour-des-ameriques-vert-demain\/#primaryimage\"},\"image\":{\"@id\":\"https:\/\/www.uqac.ca\/uqactualites\/2005\/05\/02\/tour-des-ameriques-vert-demain\/#primaryimage\"},\"thumbnailUrl\":\"http:\/\/www.uqac.ca\/wp-content\/uploads\/2012\/03\/ipK6LeCL7AIh7QM2-300x225.jpg\",\"datePublished\":\"2005-05-02T15:06:39+00:00\",\"dateModified\":\"2005-05-02T15:06:39+00:00\",\"author\":{\"@id\":\"https:\/\/www.uqac.ca\/uqactualites\/#\/schema\/person\/366c45a0c4f0e677b41b4af5886e2018\"},\"breadcrumb\":{\"@id\":\"https:\/\/www.uqac.ca\/uqactualites\/2005\/05\/02\/tour-des-ameriques-vert-demain\/#breadcrumb\"},\"inLanguage\":\"fr-CA\",\"potentialAction\":[{\"@type\":\"ReadAction\",\"target\":[\"https:\/\/www.uqac.ca\/uqactualites\/2005\/05\/02\/tour-des-ameriques-vert-demain\/\"]}]},{\"@type\":\"ImageObject\",\"inLanguage\":\"fr-CA\",\"@id\":\"https:\/\/www.uqac.ca\/uqactualites\/2005\/05\/02\/tour-des-ameriques-vert-demain\/#primaryimage\",\"url\":\"http:\/\/www.uqac.ca\/wp-content\/uploads\/2012\/03\/ipK6LeCL7AIh7QM2-300x225.jpg\",\"contentUrl\":\"http:\/\/www.uqac.ca\/wp-content\/uploads\/2012\/03\/ipK6LeCL7AIh7QM2-300x225.jpg\"},{\"@type\":\"BreadcrumbList\",\"@id\":\"https:\/\/www.uqac.ca\/uqactualites\/2005\/05\/02\/tour-des-ameriques-vert-demain\/#breadcrumb\",\"itemListElement\":[{\"@type\":\"ListItem\",\"position\":1,\"name\":\"Home\",\"item\":\"https:\/\/www.uqac.ca\/uqactualites\/\"},{\"@type\":\"ListItem\",\"position\":2,\"name\":\"Tour des Am\u00e9riques VERT demain\"}]},{\"@type\":\"WebSite\",\"@id\":\"https:\/\/www.uqac.ca\/uqactualites\/#website\",\"url\":\"https:\/\/www.uqac.ca\/uqactualites\/\",\"name\":\"UQACtualit\u00e9s\",\"description\":\"Le portail des nouvelles de l&#039;UQAC\",\"potentialAction\":[{\"@type\":\"SearchAction\",\"target\":{\"@type\":\"EntryPoint\",\"urlTemplate\":\"https:\/\/www.uqac.ca\/uqactualites\/?s={search_term_string}\"},\"query-input\":{\"@type\":\"PropertyValueSpecification\",\"valueRequired\":true,\"valueName\":\"search_term_string\"}}],\"inLanguage\":\"fr-CA\"},{\"@type\":\"Person\",\"@id\":\"https:\/\/www.uqac.ca\/uqactualites\/#\/schema\/person\/366c45a0c4f0e677b41b4af5886e2018\",\"name\":\"Service des communications et des relations publiques\",\"image\":{\"@type\":\"ImageObject\",\"inLanguage\":\"fr-CA\",\"@id\":\"https:\/\/www.uqac.ca\/uqactualites\/#\/schema\/person\/image\/\",\"url\":\"https:\/\/secure.gravatar.com\/avatar\/20fbbda8a292f59f2d3461a5b999c00b?s=96&d=mm&r=g\",\"contentUrl\":\"https:\/\/secure.gravatar.com\/avatar\/20fbbda8a292f59f2d3461a5b999c00b?s=96&d=mm&r=g\",\"caption\":\"Service des communications et des relations publiques\"},\"url\":\"https:\/\/www.uqac.ca\/uqactualites\/author\/bap\/\"}]}<\/script>\r\n<!-- \/ Yoast SEO plugin. -->","yoast_head_json":{"title":"Tour des Am\u00e9riques VERT demain - UQACtualit\u00e9s","robots":{"index":"index","follow":"follow","max-snippet":"max-snippet:-1","max-image-preview":"max-image-preview:large","max-video-preview":"max-video-preview:-1"},"canonical":"https:\/\/www.uqac.ca\/uqactualites\/2005\/05\/02\/tour-des-ameriques-vert-demain\/","og_locale":"fr_CA","og_type":"article","og_title":"Tour des Am\u00e9riques VERT demain - UQACtualit\u00e9s","og_description":"CHICOUTIMI (FSTG) \u2013 Parcourir \u00e0 v\u00e9lo plus de 45 000 kilom\u00e8tres en traversant 25 pays d&rsquo;Am\u00e9rique, le tout en un peu plus de deux ans et \u00e0 partir de Chicoutimi. Voil\u00e0 l&rsquo;immense d\u00e9fi que se sont donn\u00e9s deux jeunes Qu\u00e9b\u00e9cois et une Fran\u00e7aise afin de sensibiliser la population \u00e0 la sauvegarde de l&rsquo;environnement. Sous le [&hellip;]","og_url":"https:\/\/www.uqac.ca\/uqactualites\/2005\/05\/02\/tour-des-ameriques-vert-demain\/","og_site_name":"UQACtualit\u00e9s","article_published_time":"2005-05-02T15:06:39+00:00","og_image":[{"url":"http:\/\/www.uqac.ca\/wp-content\/uploads\/2012\/03\/ipK6LeCL7AIh7QM2-300x225.jpg","type":"","width":"","height":""}],"author":"Service des communications et des relations publiques","twitter_card":"summary_large_image","twitter_misc":{"\u00c9crit par":"Service des communications et des relations publiques","Estimation du temps de lecture":"3 minutes"},"schema":{"@context":"https:\/\/schema.org","@graph":[{"@type":"WebPage","@id":"https:\/\/www.uqac.ca\/uqactualites\/2005\/05\/02\/tour-des-ameriques-vert-demain\/","url":"https:\/\/www.uqac.ca\/uqactualites\/2005\/05\/02\/tour-des-ameriques-vert-demain\/","name":"Tour des Am\u00e9riques VERT demain - UQACtualit\u00e9s","isPartOf":{"@id":"https:\/\/www.uqac.ca\/uqactualites\/#website"},"primaryImageOfPage":{"@id":"https:\/\/www.uqac.ca\/uqactualites\/2005\/05\/02\/tour-des-ameriques-vert-demain\/#primaryimage"},"image":{"@id":"https:\/\/www.uqac.ca\/uqactualites\/2005\/05\/02\/tour-des-ameriques-vert-demain\/#primaryimage"},"thumbnailUrl":"http:\/\/www.uqac.ca\/wp-content\/uploads\/2012\/03\/ipK6LeCL7AIh7QM2-300x225.jpg","datePublished":"2005-05-02T15:06:39+00:00","dateModified":"2005-05-02T15:06:39+00:00","author":{"@id":"https:\/\/www.uqac.ca\/uqactualites\/#\/schema\/person\/366c45a0c4f0e677b41b4af5886e2018"},"breadcrumb":{"@id":"https:\/\/www.uqac.ca\/uqactualites\/2005\/05\/02\/tour-des-ameriques-vert-demain\/#breadcrumb"},"inLanguage":"fr-CA","potentialAction":[{"@type":"ReadAction","target":["https:\/\/www.uqac.ca\/uqactualites\/2005\/05\/02\/tour-des-ameriques-vert-demain\/"]}]},{"@type":"ImageObject","inLanguage":"fr-CA","@id":"https:\/\/www.uqac.ca\/uqactualites\/2005\/05\/02\/tour-des-ameriques-vert-demain\/#primaryimage","url":"http:\/\/www.uqac.ca\/wp-content\/uploads\/2012\/03\/ipK6LeCL7AIh7QM2-300x225.jpg","contentUrl":"http:\/\/www.uqac.ca\/wp-content\/uploads\/2012\/03\/ipK6LeCL7AIh7QM2-300x225.jpg"},{"@type":"BreadcrumbList","@id":"https:\/\/www.uqac.ca\/uqactualites\/2005\/05\/02\/tour-des-ameriques-vert-demain\/#breadcrumb","itemListElement":[{"@type":"ListItem","position":1,"name":"Home","item":"https:\/\/www.uqac.ca\/uqactualites\/"},{"@type":"ListItem","position":2,"name":"Tour des Am\u00e9riques VERT demain"}]},{"@type":"WebSite","@id":"https:\/\/www.uqac.ca\/uqactualites\/#website","url":"https:\/\/www.uqac.ca\/uqactualites\/","name":"UQACtualit\u00e9s","description":"Le portail des nouvelles de l&#039;UQAC","potentialAction":[{"@type":"SearchAction","target":{"@type":"EntryPoint","urlTemplate":"https:\/\/www.uqac.ca\/uqactualites\/?s={search_term_string}"},"query-input":{"@type":"PropertyValueSpecification","valueRequired":true,"valueName":"search_term_string"}}],"inLanguage":"fr-CA"},{"@type":"Person","@id":"https:\/\/www.uqac.ca\/uqactualites\/#\/schema\/person\/366c45a0c4f0e677b41b4af5886e2018","name":"Service des communications et des relations publiques","image":{"@type":"ImageObject","inLanguage":"fr-CA","@id":"https:\/\/www.uqac.ca\/uqactualites\/#\/schema\/person\/image\/","url":"https:\/\/secure.gravatar.com\/avatar\/20fbbda8a292f59f2d3461a5b999c00b?s=96&d=mm&r=g","contentUrl":"https:\/\/secure.gravatar.com\/avatar\/20fbbda8a292f59f2d3461a5b999c00b?s=96&d=mm&r=g","caption":"Service des communications et des relations publiques"},"url":"https:\/\/www.uqac.ca\/uqactualites\/author\/bap\/"}]}},"_links":{"self":[{"href":"https:\/\/www.uqac.ca\/uqactualites\/wp-json\/wp\/v2\/posts\/19623"}],"collection":[{"href":"https:\/\/www.uqac.ca\/uqactualites\/wp-json\/wp\/v2\/posts"}],"about":[{"href":"https:\/\/www.uqac.ca\/uqactualites\/wp-json\/wp\/v2\/types\/post"}],"author":[{"embeddable":true,"href":"https:\/\/www.uqac.ca\/uqactualites\/wp-json\/wp\/v2\/users\/5"}],"replies":[{"embeddable":true,"href":"https:\/\/www.uqac.ca\/uqactualites\/wp-json\/wp\/v2\/comments?post=19623"}],"version-history":[{"count":0,"href":"https:\/\/www.uqac.ca\/uqactualites\/wp-json\/wp\/v2\/posts\/19623\/revisions"}],"wp:attachment":[{"href":"https:\/\/www.uqac.ca\/uqactualites\/wp-json\/wp\/v2\/media?parent=19623"}],"wp:term":[{"taxonomy":"category","embeddable":true,"href":"https:\/\/www.uqac.ca\/uqactualites\/wp-json\/wp\/v2\/categories?post=19623"},{"taxonomy":"post_tag","embeddable":true,"href":"https:\/\/www.uqac.ca\/uqactualites\/wp-json\/wp\/v2\/tags?post=19623"}],"curies":[{"name":"wp","href":"https:\/\/api.w.org\/{rel}","templated":true}]}}