{"id":19632,"date":"2005-02-01T08:33:08","date_gmt":"2005-02-01T14:03:08","guid":{"rendered":"http:\/\/uqactualite.odev.ca\/2005\/02\/la-formation-colle-a-la-realite-regionale\/"},"modified":"2005-02-01T08:33:08","modified_gmt":"2005-02-01T14:03:08","slug":"la-formation-colle-a-la-realite-regionale","status":"publish","type":"post","link":"https:\/\/www.uqac.ca\/uqactualites\/2005\/02\/01\/la-formation-colle-a-la-realite-regionale\/","title":{"rendered":"La formation colle \u00e0 la r\u00e9alit\u00e9 r\u00e9gionale"},"content":{"rendered":"<p><figure id=\"attachment_19632\" aria-describedby=\"caption-attachment-19632\" style=\"width: 300px\" class=\"wp-caption alignright\"><a href=\"http:\/\/www.uqac.ca\/wp-content\/uploads\/2012\/03\/0YYF6Jjz6lGwyLGt.jpg\"><img loading=\"lazy\" decoding=\"async\" class=\"size-medium wp-image-19632\" title=\"0YYF6Jjz6lGwyLGt\" src=\"http:\/\/www.uqac.ca\/wp-content\/uploads\/2012\/03\/0YYF6Jjz6lGwyLGt-300x225.jpg\" width=\"300\" height=\"225\" alt=\"\" \/><\/a><figcaption id=\"caption-attachment-19632\" class=\"wp-caption-text\">BESOINS - Maud-Christine Chouinard et Danielle Poirier estiment que la formation en sciences infirmi\u00e8res et de la sant\u00e9 correspond et r\u00e9pond aux besoins particuliers de la r\u00e9gion. (Photo Rocket Lavoie)<\/figcaption><\/figure>Au milieu du virage ambulatoire, de la reconfiguration du r\u00e9seau de la sant\u00e9 et des retraites massives, le milieu infirmier est en pleine restructuration. Ajout\u00e9 \u00e0 cela la nouvelle politique de sant\u00e9 publique annonc\u00e9e derni\u00e8rement par le gouvernement qu\u00e9b\u00e9cois et des efforts consid\u00e9rables devront \u00eatre pos\u00e9s de la part des actuels et futurs infirmiers du r\u00e9seau de sant\u00e9 provincial.<\/p>\n<p>\u00abIl y a eu beaucoup de changements dans le syst\u00e8me de sant\u00e9 et les nouveaux infirmiers vont devoir avoir une formation plus imposante\u00bb, consid\u00e8re la directrice du Module des sciences infirmi\u00e8res et de la sant\u00e9 de l&rsquo;Universit\u00e9 du Qu\u00e9bec \u00e0 Chicoutimi, Danielle Poirier. Et afin de suivre le courant et d&rsquo;optimiser les services offerts par l&rsquo;institution, tout comme ceux que donneront les infirmiers de demain, plusieurs strat\u00e9gies ont \u00e9t\u00e9 d\u00e9velopp\u00e9es, en collaboration avec divers intervenants r\u00e9gionaux.Ainsi, depuis 2001, un programme de formation int\u00e9gr\u00e9e DEC-Bac, d&rsquo;une dur\u00e9e de cinq ans, a \u00e9t\u00e9 construit en collaboration avec les quatre c\u00e9geps du Saguenay-Lac-Saint-Jean et celui de Sept-\u00celes, qui offrent tous la formation coll\u00e9giale en soins infirmiers. Le passage du c\u00e9gep \u00e0 l&rsquo;universit\u00e9 est ainsi facilit\u00e9 et la formation est acquise dans un laps de temps plus court. Pour ceux et celles dont la formation a \u00e9t\u00e9 octroy\u00e9e avant 2001, un programme de baccalaur\u00e9at de perfectionnement permet un ajustement des connaissances.  Si ces programmes permettent d&rsquo;assurer une poursuite ad\u00e9quate de la formation, le Module des sciences infirmi\u00e8re et de la sant\u00e9 a aussi d\u00e9cid\u00e9 de d\u00e9velopper un programme de baccalaur\u00e9at de formation initiale, destin\u00e9e aux int\u00e9ress\u00e9s n&rsquo;ayant pas de formation coll\u00e9giale en soins infirmiers.  Malgr\u00e9 ces d\u00e9veloppements dans le domaine de l&rsquo;enseignement, l&rsquo;Ordre des infirmiers et infirmi\u00e8res du Qu\u00e9bec estime que le nombre d&rsquo;infirmiers bacheliers gradu\u00e9s est beaucoup moins important que la demande. \u00abOn ne forme que la moiti\u00e9 des besoins actuels d&rsquo;infirmiers bacheliers\u00bb, lance Maud-Christine Chouinard, professeure, titulaire d&rsquo;un doctorat en soins infirmiers et future responsable des \u00e9tudes du deuxi\u00e8me cycle en sciences infirmi\u00e8res et de la sant\u00e9. <\/p>\n<p>En plus de d\u00e9velopper les programmes de formation n\u00e9cessaires \u00e0 la bonne pratique de la profession d&rsquo;infirmiers dans le milieu actuel, des approches p\u00e9dagogiques concert\u00e9es ont \u00e9t\u00e9 d\u00e9velopp\u00e9es.  En effet, en se liant \u00e0 des \u00e9tablissements de sant\u00e9 de toutes sortes, les \u00e9tudiants peuvent vivre les situations concr\u00e8tes par l&rsquo;apprentissage en situations cliniques. \u00abTous les cours sont int\u00e9gr\u00e9s \u00e0 une situation de sant\u00e9 particuli\u00e8re \u00e0 la r\u00e9gion\u00bb, explique Maud-Christine Chouinard. Ce type de formation permet d&rsquo;appr\u00e9hender une situation de soins dans sa globalit\u00e9, selon les probl\u00e9matiques particuli\u00e8res au Saguenay-Lac-Saint-Jean. \u00abOn est ainsi capable de r\u00e9pondre aux besoins des \u00e9tablissements r\u00e9gionaux\u00bb, ajoute cette derni\u00e8re, qui consid\u00e8re important de former les infirmiers en r\u00e9gion. Pour les garder certes, mais davantage pour qu&rsquo;ils soient confront\u00e9s aux probl\u00e9matiques particuli\u00e8res \u00e0 une r\u00e9gion donn\u00e9e, ce qui s&rsquo;inscrit dans une strat\u00e9gie de r\u00e9tention des infirmiers. <\/p>\n<p>Projets<\/p>\n<p>Si la direction actuelle du Module des sciences infirmi\u00e8res et de la sant\u00e9 de l&rsquo;Universit\u00e9 du Qu\u00e9bec \u00e0 Chicoutimi mise sur la consolidation de ses programmes, d&rsquo;autres projets tout aussi concrets mijotent aussi. La possibilit\u00e9 de rendre publique la clinique actuelle uniquement destin\u00e9e \u00e0 la formation est un projet que caressent les responsables. \u00abLes milieux ne sont pas toujours aptes \u00e0 d\u00e9velopper des moyens d&rsquo;intervention. Ici nos \u00e9tudiants sont int\u00e9gr\u00e9s, motiv\u00e9s, encadr\u00e9s\u00bb, d\u00e9crit Danielle Poirier.  On misera aussi beaucoup sur la recherches en sciences infirmi\u00e8res et de la sant\u00e9. \u00abNous sommes pr\u00e9occup\u00e9s par le milieu de la recherche, car il y en a tr\u00e8s peu ici. Il y en a un peu plus dans le grands centres, mais ces derniers ne poss\u00e8dent pas les m\u00eames particularit\u00e9s que nous\u00bb, souligne Maud-Christine Chouinard.  La reconnaissance de l&rsquo;H\u00f4pital de Chicoutimi comme \u00e9tant de statut universitaire est un autre aspect positif pour le module. \u00abLe statut universitaire va donner le vent dans les voiles pour la recherche et le d\u00e9veloppement, ce qui confirme la mission d&rsquo;\u00e9duction et de formation de l&rsquo;H\u00f4pital de Chicoutimi. Et les sciences infirmi\u00e8res vont faire partie du processus de recherche\u00bb, croit Maud-Christine Chouinard. <\/p>\n","protected":false},"excerpt":{"rendered":"<p>Au milieu du virage ambulatoire, de la reconfiguration du r\u00e9seau de la sant\u00e9 et des retraites massives, le milieu infirmier est en pleine restructuration. Ajout\u00e9 \u00e0 cela la nouvelle politique de sant\u00e9 publique annonc\u00e9e derni\u00e8rement par le gouvernement qu\u00e9b\u00e9cois et des efforts consid\u00e9rables devront \u00eatre pos\u00e9s de la part des actuels et futurs infirmiers du [&hellip;]<\/p>\n","protected":false},"author":5,"featured_media":0,"comment_status":"closed","ping_status":"1","sticky":false,"template":"","format":"standard","meta":{"footnotes":""},"categories":[2],"tags":[],"yoast_head":"<!-- This site is optimized with the Yoast SEO plugin v24.2 - https:\/\/yoast.com\/wordpress\/plugins\/seo\/ -->\r\n<title>La formation colle \u00e0 la r\u00e9alit\u00e9 r\u00e9gionale - UQACtualit\u00e9s<\/title>\r\n<meta name=\"robots\" content=\"index, follow, max-snippet:-1, max-image-preview:large, max-video-preview:-1\" \/>\r\n<link rel=\"canonical\" href=\"https:\/\/www.uqac.ca\/uqactualites\/2005\/02\/01\/la-formation-colle-a-la-realite-regionale\/\" \/>\r\n<meta property=\"og:locale\" content=\"fr_CA\" \/>\r\n<meta property=\"og:type\" content=\"article\" \/>\r\n<meta property=\"og:title\" content=\"La formation colle \u00e0 la r\u00e9alit\u00e9 r\u00e9gionale - UQACtualit\u00e9s\" \/>\r\n<meta property=\"og:description\" content=\"Au milieu du virage ambulatoire, de la reconfiguration du r\u00e9seau de la sant\u00e9 et des retraites massives, le milieu infirmier est en pleine restructuration. Ajout\u00e9 \u00e0 cela la nouvelle politique de sant\u00e9 publique annonc\u00e9e derni\u00e8rement par le gouvernement qu\u00e9b\u00e9cois et des efforts consid\u00e9rables devront \u00eatre pos\u00e9s de la part des actuels et futurs infirmiers du [&hellip;]\" \/>\r\n<meta property=\"og:url\" content=\"https:\/\/www.uqac.ca\/uqactualites\/2005\/02\/01\/la-formation-colle-a-la-realite-regionale\/\" \/>\r\n<meta property=\"og:site_name\" content=\"UQACtualit\u00e9s\" \/>\r\n<meta property=\"article:published_time\" content=\"2005-02-01T14:03:08+00:00\" \/>\r\n<meta property=\"og:image\" content=\"http:\/\/www.uqac.ca\/wp-content\/uploads\/2012\/03\/0YYF6Jjz6lGwyLGt-300x225.jpg\" \/>\r\n<meta name=\"author\" content=\"Service des communications et des relations publiques\" \/>\r\n<meta name=\"twitter:card\" content=\"summary_large_image\" \/>\r\n<meta name=\"twitter:label1\" content=\"\u00c9crit par\" \/>\n\t<meta name=\"twitter:data1\" content=\"Service des communications et des relations publiques\" \/>\n\t<meta name=\"twitter:label2\" content=\"Estimation du temps de lecture\" \/>\n\t<meta name=\"twitter:data2\" content=\"4 minutes\" \/>\r\n<script type=\"application\/ld+json\" class=\"yoast-schema-graph\">{\"@context\":\"https:\/\/schema.org\",\"@graph\":[{\"@type\":\"WebPage\",\"@id\":\"https:\/\/www.uqac.ca\/uqactualites\/2005\/02\/01\/la-formation-colle-a-la-realite-regionale\/\",\"url\":\"https:\/\/www.uqac.ca\/uqactualites\/2005\/02\/01\/la-formation-colle-a-la-realite-regionale\/\",\"name\":\"La formation colle \u00e0 la r\u00e9alit\u00e9 r\u00e9gionale - UQACtualit\u00e9s\",\"isPartOf\":{\"@id\":\"https:\/\/www.uqac.ca\/uqactualites\/#website\"},\"primaryImageOfPage\":{\"@id\":\"https:\/\/www.uqac.ca\/uqactualites\/2005\/02\/01\/la-formation-colle-a-la-realite-regionale\/#primaryimage\"},\"image\":{\"@id\":\"https:\/\/www.uqac.ca\/uqactualites\/2005\/02\/01\/la-formation-colle-a-la-realite-regionale\/#primaryimage\"},\"thumbnailUrl\":\"http:\/\/www.uqac.ca\/wp-content\/uploads\/2012\/03\/0YYF6Jjz6lGwyLGt-300x225.jpg\",\"datePublished\":\"2005-02-01T14:03:08+00:00\",\"dateModified\":\"2005-02-01T14:03:08+00:00\",\"author\":{\"@id\":\"https:\/\/www.uqac.ca\/uqactualites\/#\/schema\/person\/366c45a0c4f0e677b41b4af5886e2018\"},\"breadcrumb\":{\"@id\":\"https:\/\/www.uqac.ca\/uqactualites\/2005\/02\/01\/la-formation-colle-a-la-realite-regionale\/#breadcrumb\"},\"inLanguage\":\"fr-CA\",\"potentialAction\":[{\"@type\":\"ReadAction\",\"target\":[\"https:\/\/www.uqac.ca\/uqactualites\/2005\/02\/01\/la-formation-colle-a-la-realite-regionale\/\"]}]},{\"@type\":\"ImageObject\",\"inLanguage\":\"fr-CA\",\"@id\":\"https:\/\/www.uqac.ca\/uqactualites\/2005\/02\/01\/la-formation-colle-a-la-realite-regionale\/#primaryimage\",\"url\":\"http:\/\/www.uqac.ca\/wp-content\/uploads\/2012\/03\/0YYF6Jjz6lGwyLGt-300x225.jpg\",\"contentUrl\":\"http:\/\/www.uqac.ca\/wp-content\/uploads\/2012\/03\/0YYF6Jjz6lGwyLGt-300x225.jpg\"},{\"@type\":\"BreadcrumbList\",\"@id\":\"https:\/\/www.uqac.ca\/uqactualites\/2005\/02\/01\/la-formation-colle-a-la-realite-regionale\/#breadcrumb\",\"itemListElement\":[{\"@type\":\"ListItem\",\"position\":1,\"name\":\"Home\",\"item\":\"https:\/\/www.uqac.ca\/uqactualites\/\"},{\"@type\":\"ListItem\",\"position\":2,\"name\":\"La formation colle \u00e0 la r\u00e9alit\u00e9 r\u00e9gionale\"}]},{\"@type\":\"WebSite\",\"@id\":\"https:\/\/www.uqac.ca\/uqactualites\/#website\",\"url\":\"https:\/\/www.uqac.ca\/uqactualites\/\",\"name\":\"UQACtualit\u00e9s\",\"description\":\"Le portail des nouvelles de l&#039;UQAC\",\"potentialAction\":[{\"@type\":\"SearchAction\",\"target\":{\"@type\":\"EntryPoint\",\"urlTemplate\":\"https:\/\/www.uqac.ca\/uqactualites\/?s={search_term_string}\"},\"query-input\":{\"@type\":\"PropertyValueSpecification\",\"valueRequired\":true,\"valueName\":\"search_term_string\"}}],\"inLanguage\":\"fr-CA\"},{\"@type\":\"Person\",\"@id\":\"https:\/\/www.uqac.ca\/uqactualites\/#\/schema\/person\/366c45a0c4f0e677b41b4af5886e2018\",\"name\":\"Service des communications et des relations publiques\",\"image\":{\"@type\":\"ImageObject\",\"inLanguage\":\"fr-CA\",\"@id\":\"https:\/\/www.uqac.ca\/uqactualites\/#\/schema\/person\/image\/\",\"url\":\"https:\/\/secure.gravatar.com\/avatar\/20fbbda8a292f59f2d3461a5b999c00b?s=96&d=mm&r=g\",\"contentUrl\":\"https:\/\/secure.gravatar.com\/avatar\/20fbbda8a292f59f2d3461a5b999c00b?s=96&d=mm&r=g\",\"caption\":\"Service des communications et des relations publiques\"},\"url\":\"https:\/\/www.uqac.ca\/uqactualites\/author\/bap\/\"}]}<\/script>\r\n<!-- \/ Yoast SEO plugin. -->","yoast_head_json":{"title":"La formation colle \u00e0 la r\u00e9alit\u00e9 r\u00e9gionale - UQACtualit\u00e9s","robots":{"index":"index","follow":"follow","max-snippet":"max-snippet:-1","max-image-preview":"max-image-preview:large","max-video-preview":"max-video-preview:-1"},"canonical":"https:\/\/www.uqac.ca\/uqactualites\/2005\/02\/01\/la-formation-colle-a-la-realite-regionale\/","og_locale":"fr_CA","og_type":"article","og_title":"La formation colle \u00e0 la r\u00e9alit\u00e9 r\u00e9gionale - UQACtualit\u00e9s","og_description":"Au milieu du virage ambulatoire, de la reconfiguration du r\u00e9seau de la sant\u00e9 et des retraites massives, le milieu infirmier est en pleine restructuration. Ajout\u00e9 \u00e0 cela la nouvelle politique de sant\u00e9 publique annonc\u00e9e derni\u00e8rement par le gouvernement qu\u00e9b\u00e9cois et des efforts consid\u00e9rables devront \u00eatre pos\u00e9s de la part des actuels et futurs infirmiers du [&hellip;]","og_url":"https:\/\/www.uqac.ca\/uqactualites\/2005\/02\/01\/la-formation-colle-a-la-realite-regionale\/","og_site_name":"UQACtualit\u00e9s","article_published_time":"2005-02-01T14:03:08+00:00","og_image":[{"url":"http:\/\/www.uqac.ca\/wp-content\/uploads\/2012\/03\/0YYF6Jjz6lGwyLGt-300x225.jpg","type":"","width":"","height":""}],"author":"Service des communications et des relations publiques","twitter_card":"summary_large_image","twitter_misc":{"\u00c9crit par":"Service des communications et des relations publiques","Estimation du temps de lecture":"4 minutes"},"schema":{"@context":"https:\/\/schema.org","@graph":[{"@type":"WebPage","@id":"https:\/\/www.uqac.ca\/uqactualites\/2005\/02\/01\/la-formation-colle-a-la-realite-regionale\/","url":"https:\/\/www.uqac.ca\/uqactualites\/2005\/02\/01\/la-formation-colle-a-la-realite-regionale\/","name":"La formation colle \u00e0 la r\u00e9alit\u00e9 r\u00e9gionale - UQACtualit\u00e9s","isPartOf":{"@id":"https:\/\/www.uqac.ca\/uqactualites\/#website"},"primaryImageOfPage":{"@id":"https:\/\/www.uqac.ca\/uqactualites\/2005\/02\/01\/la-formation-colle-a-la-realite-regionale\/#primaryimage"},"image":{"@id":"https:\/\/www.uqac.ca\/uqactualites\/2005\/02\/01\/la-formation-colle-a-la-realite-regionale\/#primaryimage"},"thumbnailUrl":"http:\/\/www.uqac.ca\/wp-content\/uploads\/2012\/03\/0YYF6Jjz6lGwyLGt-300x225.jpg","datePublished":"2005-02-01T14:03:08+00:00","dateModified":"2005-02-01T14:03:08+00:00","author":{"@id":"https:\/\/www.uqac.ca\/uqactualites\/#\/schema\/person\/366c45a0c4f0e677b41b4af5886e2018"},"breadcrumb":{"@id":"https:\/\/www.uqac.ca\/uqactualites\/2005\/02\/01\/la-formation-colle-a-la-realite-regionale\/#breadcrumb"},"inLanguage":"fr-CA","potentialAction":[{"@type":"ReadAction","target":["https:\/\/www.uqac.ca\/uqactualites\/2005\/02\/01\/la-formation-colle-a-la-realite-regionale\/"]}]},{"@type":"ImageObject","inLanguage":"fr-CA","@id":"https:\/\/www.uqac.ca\/uqactualites\/2005\/02\/01\/la-formation-colle-a-la-realite-regionale\/#primaryimage","url":"http:\/\/www.uqac.ca\/wp-content\/uploads\/2012\/03\/0YYF6Jjz6lGwyLGt-300x225.jpg","contentUrl":"http:\/\/www.uqac.ca\/wp-content\/uploads\/2012\/03\/0YYF6Jjz6lGwyLGt-300x225.jpg"},{"@type":"BreadcrumbList","@id":"https:\/\/www.uqac.ca\/uqactualites\/2005\/02\/01\/la-formation-colle-a-la-realite-regionale\/#breadcrumb","itemListElement":[{"@type":"ListItem","position":1,"name":"Home","item":"https:\/\/www.uqac.ca\/uqactualites\/"},{"@type":"ListItem","position":2,"name":"La formation colle \u00e0 la r\u00e9alit\u00e9 r\u00e9gionale"}]},{"@type":"WebSite","@id":"https:\/\/www.uqac.ca\/uqactualites\/#website","url":"https:\/\/www.uqac.ca\/uqactualites\/","name":"UQACtualit\u00e9s","description":"Le portail des nouvelles de l&#039;UQAC","potentialAction":[{"@type":"SearchAction","target":{"@type":"EntryPoint","urlTemplate":"https:\/\/www.uqac.ca\/uqactualites\/?s={search_term_string}"},"query-input":{"@type":"PropertyValueSpecification","valueRequired":true,"valueName":"search_term_string"}}],"inLanguage":"fr-CA"},{"@type":"Person","@id":"https:\/\/www.uqac.ca\/uqactualites\/#\/schema\/person\/366c45a0c4f0e677b41b4af5886e2018","name":"Service des communications et des relations publiques","image":{"@type":"ImageObject","inLanguage":"fr-CA","@id":"https:\/\/www.uqac.ca\/uqactualites\/#\/schema\/person\/image\/","url":"https:\/\/secure.gravatar.com\/avatar\/20fbbda8a292f59f2d3461a5b999c00b?s=96&d=mm&r=g","contentUrl":"https:\/\/secure.gravatar.com\/avatar\/20fbbda8a292f59f2d3461a5b999c00b?s=96&d=mm&r=g","caption":"Service des communications et des relations publiques"},"url":"https:\/\/www.uqac.ca\/uqactualites\/author\/bap\/"}]}},"_links":{"self":[{"href":"https:\/\/www.uqac.ca\/uqactualites\/wp-json\/wp\/v2\/posts\/19632"}],"collection":[{"href":"https:\/\/www.uqac.ca\/uqactualites\/wp-json\/wp\/v2\/posts"}],"about":[{"href":"https:\/\/www.uqac.ca\/uqactualites\/wp-json\/wp\/v2\/types\/post"}],"author":[{"embeddable":true,"href":"https:\/\/www.uqac.ca\/uqactualites\/wp-json\/wp\/v2\/users\/5"}],"replies":[{"embeddable":true,"href":"https:\/\/www.uqac.ca\/uqactualites\/wp-json\/wp\/v2\/comments?post=19632"}],"version-history":[{"count":0,"href":"https:\/\/www.uqac.ca\/uqactualites\/wp-json\/wp\/v2\/posts\/19632\/revisions"}],"wp:attachment":[{"href":"https:\/\/www.uqac.ca\/uqactualites\/wp-json\/wp\/v2\/media?parent=19632"}],"wp:term":[{"taxonomy":"category","embeddable":true,"href":"https:\/\/www.uqac.ca\/uqactualites\/wp-json\/wp\/v2\/categories?post=19632"},{"taxonomy":"post_tag","embeddable":true,"href":"https:\/\/www.uqac.ca\/uqactualites\/wp-json\/wp\/v2\/tags?post=19632"}],"curies":[{"name":"wp","href":"https:\/\/api.w.org\/{rel}","templated":true}]}}