{"id":19643,"date":"2004-12-02T08:41:56","date_gmt":"2004-12-02T14:11:56","guid":{"rendered":"http:\/\/uqactualite.odev.ca\/2004\/12\/39-professeurs-bresiliens-diplomes-de-luqac\/"},"modified":"2004-12-02T08:41:56","modified_gmt":"2004-12-02T14:11:56","slug":"39-professeurs-bresiliens-diplomes-de-luqac","status":"publish","type":"post","link":"https:\/\/www.uqac.ca\/uqactualites\/2004\/12\/02\/39-professeurs-bresiliens-diplomes-de-luqac\/","title":{"rendered":"39 professeurs br\u00e9siliens dipl\u00f4m\u00e9s de l&rsquo;UQAC"},"content":{"rendered":"<p><figure id=\"attachment_19643\" aria-describedby=\"caption-attachment-19643\" style=\"width: 300px\" class=\"wp-caption alignright\"><a href=\"http:\/\/www.uqac.ca\/wp-content\/uploads\/2012\/03\/Xf6q8jXRbjacFUOv.jpg\"><img loading=\"lazy\" decoding=\"async\" class=\"size-medium wp-image-19643\" title=\"Xf6q8jXRbjacFUOv\" src=\"http:\/\/www.uqac.ca\/wp-content\/uploads\/2012\/03\/Xf6q8jXRbjacFUOv-300x225.jpg\" width=\"300\" height=\"225\" alt=\"\" \/><\/a><figcaption id=\"caption-attachment-19643\" class=\"wp-caption-text\">Madame Marta Anad\u00f3n, coordonnatrice du projet et professeure du D\u00e9partement des sciences de l&#039;\u00e9ducation et de psychologie<\/figcaption><\/figure>Dans le cadre du projet d&rsquo;extension du programme de ma\u00eetrise en \u00e9ducation de l&rsquo;Universit\u00e9 du Qu\u00e9bec \u00e0 Chicoutimi \u00e0 l&rsquo;Universidade do Estado da Bahia (UNEB), au Br\u00e9sil, madame Marta Anad\u00f3n, coordonnatrice du projet et professeure du D\u00e9partement des sciences de l&rsquo;\u00e9ducation et de psychologie, est heureuse d&rsquo;annoncer la diplomation de trente-neuf des cinquante-neuf premiers professeurs br\u00e9siliens inscrits au programme.<\/p>\n<p>L&rsquo;Universidade do Estado da Bahia est une jeune universit\u00e9 qui compte dix-neuf campus, tous situ\u00e9s dans l&rsquo;\u00c9tat de Bahia, un vaste territoire au nord-est du Br\u00e9sil. Partageant avec l&rsquo;Universit\u00e9 du Qu\u00e9bec la mission de r\u00e9gionaliser et de d\u00e9mocratiser la formation universitaire, l&rsquo;UNEB \u00e9prouvait un urgent besoin de former \u00e0 la recherche en \u00e9ducation son propre corps professoral, sp\u00e9cialement ses professeurs de d\u00e9partements situ\u00e9s dans les campus des r\u00e9gions semi-arides, traditionnellement plus d\u00e9favoris\u00e9es et \u00e9loign\u00e9es de la m\u00e9tropole de l&rsquo;\u00e9tat, Salvador de Bahia. C&rsquo;est d&rsquo;ailleurs pour accommoder les \u00e9tudiants qui provenaient des quatre coins de ce territoire que les cours ont \u00e9t\u00e9 offerts au campus de Senhor de Bonfim, carrefour g\u00e9ographique des dix-neuf campus de l&rsquo;UNEB.<\/p>\n<p>Cette formation a \u00e9t\u00e9 rendue possible gr\u00e2ce \u00e0 la collaboration enthousiaste de nombreux docteurs en \u00e9ducation des diff\u00e9rentes universit\u00e9s br\u00e9siliennes, de madame Lorraine Savoie Zajc, collaboratrice au projet et professeure au d\u00e9partement des sciences de l&rsquo;\u00e9ducation de l&rsquo;Universit\u00e9 du Qu\u00e9bec en Outaouais et, finalement, de Madame Anad\u00f3n. Les deux professeures du Qu\u00e9bec ont agi comme directrices ou co-directrices et assist\u00e9es sur le terrain par leurs coll\u00e8gues br\u00e9siliens. \u00c0 elle seule et dans ce court intervalle de temps, madame Anad\u00f3n aura dirig\u00e9 ou co-dirig\u00e9 trente-cinq des trente-neuf \u00e9tudiants finissants.<\/p>\n<p>Le caract\u00e8re r\u00e9seau mis de l&rsquo;avant par le projet repr\u00e9sente \u00e9galement une source d&rsquo;inspiration pour beaucoup d&rsquo;institutions sud-am\u00e9ricaines et qu\u00e9b\u00e9coises qui h\u00e9sitaient jusqu&rsquo;ici \u00e0 d\u00e9velopper des collaborations internationales. En plus de favoriser le rayonnement de l&rsquo;UQAC, la cr\u00e9dibilit\u00e9 que ce programme a d\u00e9sormais acquis dans l&rsquo;institution d&rsquo;attache offre de nombreuses possibilit\u00e9s pour la poursuite du projet.<\/p>\n<p>Heureuse du d\u00e9roulement du projet et des nombreuses retomb\u00e9es qu&rsquo;il engendre pour l&rsquo;Institution, la doyenne des \u00e9tudes de cycles sup\u00e9rieurs et de la recherche, madame Suzie Robichaud, f\u00e9licite Madame Anad\u00f3n pour son travail consid\u00e9rable et l&rsquo;assure de son soutien pour les d\u00e9veloppements \u00e0 venir. <\/p>\n","protected":false},"excerpt":{"rendered":"<p>Dans le cadre du projet d&rsquo;extension du programme de ma\u00eetrise en \u00e9ducation de l&rsquo;Universit\u00e9 du Qu\u00e9bec \u00e0 Chicoutimi \u00e0 l&rsquo;Universidade do Estado da Bahia (UNEB), au Br\u00e9sil, madame Marta Anad\u00f3n, coordonnatrice du projet et professeure du D\u00e9partement des sciences de l&rsquo;\u00e9ducation et de psychologie, est heureuse d&rsquo;annoncer la diplomation de trente-neuf des cinquante-neuf premiers professeurs [&hellip;]<\/p>\n","protected":false},"author":5,"featured_media":0,"comment_status":"closed","ping_status":"1","sticky":false,"template":"","format":"standard","meta":{"footnotes":""},"categories":[2],"tags":[],"yoast_head":"<!-- This site is optimized with the Yoast SEO plugin v24.2 - https:\/\/yoast.com\/wordpress\/plugins\/seo\/ -->\r\n<title>39 professeurs br\u00e9siliens dipl\u00f4m\u00e9s de l&#039;UQAC - UQACtualit\u00e9s<\/title>\r\n<meta name=\"robots\" content=\"index, follow, max-snippet:-1, max-image-preview:large, max-video-preview:-1\" \/>\r\n<link rel=\"canonical\" href=\"https:\/\/www.uqac.ca\/uqactualites\/2004\/12\/02\/39-professeurs-bresiliens-diplomes-de-luqac\/\" \/>\r\n<meta property=\"og:locale\" content=\"fr_CA\" \/>\r\n<meta property=\"og:type\" content=\"article\" \/>\r\n<meta property=\"og:title\" content=\"39 professeurs br\u00e9siliens dipl\u00f4m\u00e9s de l&#039;UQAC - UQACtualit\u00e9s\" \/>\r\n<meta property=\"og:description\" content=\"Dans le cadre du projet d&rsquo;extension du programme de ma\u00eetrise en \u00e9ducation de l&rsquo;Universit\u00e9 du Qu\u00e9bec \u00e0 Chicoutimi \u00e0 l&rsquo;Universidade do Estado da Bahia (UNEB), au Br\u00e9sil, madame Marta Anad\u00f3n, coordonnatrice du projet et professeure du D\u00e9partement des sciences de l&rsquo;\u00e9ducation et de psychologie, est heureuse d&rsquo;annoncer la diplomation de trente-neuf des cinquante-neuf premiers professeurs [&hellip;]\" \/>\r\n<meta property=\"og:url\" content=\"https:\/\/www.uqac.ca\/uqactualites\/2004\/12\/02\/39-professeurs-bresiliens-diplomes-de-luqac\/\" \/>\r\n<meta property=\"og:site_name\" content=\"UQACtualit\u00e9s\" \/>\r\n<meta property=\"article:published_time\" content=\"2004-12-02T14:11:56+00:00\" \/>\r\n<meta property=\"og:image\" content=\"http:\/\/www.uqac.ca\/wp-content\/uploads\/2012\/03\/Xf6q8jXRbjacFUOv-300x225.jpg\" \/>\r\n<meta name=\"author\" content=\"Service des communications et des relations publiques\" \/>\r\n<meta name=\"twitter:card\" content=\"summary_large_image\" \/>\r\n<meta name=\"twitter:label1\" content=\"\u00c9crit par\" \/>\n\t<meta name=\"twitter:data1\" content=\"Service des communications et des relations publiques\" \/>\n\t<meta name=\"twitter:label2\" content=\"Estimation du temps de lecture\" \/>\n\t<meta name=\"twitter:data2\" content=\"2 minutes\" \/>\r\n<script type=\"application\/ld+json\" class=\"yoast-schema-graph\">{\"@context\":\"https:\/\/schema.org\",\"@graph\":[{\"@type\":\"WebPage\",\"@id\":\"https:\/\/www.uqac.ca\/uqactualites\/2004\/12\/02\/39-professeurs-bresiliens-diplomes-de-luqac\/\",\"url\":\"https:\/\/www.uqac.ca\/uqactualites\/2004\/12\/02\/39-professeurs-bresiliens-diplomes-de-luqac\/\",\"name\":\"39 professeurs br\u00e9siliens dipl\u00f4m\u00e9s de l'UQAC - UQACtualit\u00e9s\",\"isPartOf\":{\"@id\":\"https:\/\/www.uqac.ca\/uqactualites\/#website\"},\"primaryImageOfPage\":{\"@id\":\"https:\/\/www.uqac.ca\/uqactualites\/2004\/12\/02\/39-professeurs-bresiliens-diplomes-de-luqac\/#primaryimage\"},\"image\":{\"@id\":\"https:\/\/www.uqac.ca\/uqactualites\/2004\/12\/02\/39-professeurs-bresiliens-diplomes-de-luqac\/#primaryimage\"},\"thumbnailUrl\":\"http:\/\/www.uqac.ca\/wp-content\/uploads\/2012\/03\/Xf6q8jXRbjacFUOv-300x225.jpg\",\"datePublished\":\"2004-12-02T14:11:56+00:00\",\"dateModified\":\"2004-12-02T14:11:56+00:00\",\"author\":{\"@id\":\"https:\/\/www.uqac.ca\/uqactualites\/#\/schema\/person\/366c45a0c4f0e677b41b4af5886e2018\"},\"breadcrumb\":{\"@id\":\"https:\/\/www.uqac.ca\/uqactualites\/2004\/12\/02\/39-professeurs-bresiliens-diplomes-de-luqac\/#breadcrumb\"},\"inLanguage\":\"fr-CA\",\"potentialAction\":[{\"@type\":\"ReadAction\",\"target\":[\"https:\/\/www.uqac.ca\/uqactualites\/2004\/12\/02\/39-professeurs-bresiliens-diplomes-de-luqac\/\"]}]},{\"@type\":\"ImageObject\",\"inLanguage\":\"fr-CA\",\"@id\":\"https:\/\/www.uqac.ca\/uqactualites\/2004\/12\/02\/39-professeurs-bresiliens-diplomes-de-luqac\/#primaryimage\",\"url\":\"http:\/\/www.uqac.ca\/wp-content\/uploads\/2012\/03\/Xf6q8jXRbjacFUOv-300x225.jpg\",\"contentUrl\":\"http:\/\/www.uqac.ca\/wp-content\/uploads\/2012\/03\/Xf6q8jXRbjacFUOv-300x225.jpg\"},{\"@type\":\"BreadcrumbList\",\"@id\":\"https:\/\/www.uqac.ca\/uqactualites\/2004\/12\/02\/39-professeurs-bresiliens-diplomes-de-luqac\/#breadcrumb\",\"itemListElement\":[{\"@type\":\"ListItem\",\"position\":1,\"name\":\"Home\",\"item\":\"https:\/\/www.uqac.ca\/uqactualites\/\"},{\"@type\":\"ListItem\",\"position\":2,\"name\":\"39 professeurs br\u00e9siliens dipl\u00f4m\u00e9s de l&rsquo;UQAC\"}]},{\"@type\":\"WebSite\",\"@id\":\"https:\/\/www.uqac.ca\/uqactualites\/#website\",\"url\":\"https:\/\/www.uqac.ca\/uqactualites\/\",\"name\":\"UQACtualit\u00e9s\",\"description\":\"Le portail des nouvelles de l&#039;UQAC\",\"potentialAction\":[{\"@type\":\"SearchAction\",\"target\":{\"@type\":\"EntryPoint\",\"urlTemplate\":\"https:\/\/www.uqac.ca\/uqactualites\/?s={search_term_string}\"},\"query-input\":{\"@type\":\"PropertyValueSpecification\",\"valueRequired\":true,\"valueName\":\"search_term_string\"}}],\"inLanguage\":\"fr-CA\"},{\"@type\":\"Person\",\"@id\":\"https:\/\/www.uqac.ca\/uqactualites\/#\/schema\/person\/366c45a0c4f0e677b41b4af5886e2018\",\"name\":\"Service des communications et des relations publiques\",\"image\":{\"@type\":\"ImageObject\",\"inLanguage\":\"fr-CA\",\"@id\":\"https:\/\/www.uqac.ca\/uqactualites\/#\/schema\/person\/image\/\",\"url\":\"https:\/\/secure.gravatar.com\/avatar\/20fbbda8a292f59f2d3461a5b999c00b?s=96&d=mm&r=g\",\"contentUrl\":\"https:\/\/secure.gravatar.com\/avatar\/20fbbda8a292f59f2d3461a5b999c00b?s=96&d=mm&r=g\",\"caption\":\"Service des communications et des relations publiques\"},\"url\":\"https:\/\/www.uqac.ca\/uqactualites\/author\/bap\/\"}]}<\/script>\r\n<!-- \/ Yoast SEO plugin. -->","yoast_head_json":{"title":"39 professeurs br\u00e9siliens dipl\u00f4m\u00e9s de l'UQAC - UQACtualit\u00e9s","robots":{"index":"index","follow":"follow","max-snippet":"max-snippet:-1","max-image-preview":"max-image-preview:large","max-video-preview":"max-video-preview:-1"},"canonical":"https:\/\/www.uqac.ca\/uqactualites\/2004\/12\/02\/39-professeurs-bresiliens-diplomes-de-luqac\/","og_locale":"fr_CA","og_type":"article","og_title":"39 professeurs br\u00e9siliens dipl\u00f4m\u00e9s de l'UQAC - UQACtualit\u00e9s","og_description":"Dans le cadre du projet d&rsquo;extension du programme de ma\u00eetrise en \u00e9ducation de l&rsquo;Universit\u00e9 du Qu\u00e9bec \u00e0 Chicoutimi \u00e0 l&rsquo;Universidade do Estado da Bahia (UNEB), au Br\u00e9sil, madame Marta Anad\u00f3n, coordonnatrice du projet et professeure du D\u00e9partement des sciences de l&rsquo;\u00e9ducation et de psychologie, est heureuse d&rsquo;annoncer la diplomation de trente-neuf des cinquante-neuf premiers professeurs [&hellip;]","og_url":"https:\/\/www.uqac.ca\/uqactualites\/2004\/12\/02\/39-professeurs-bresiliens-diplomes-de-luqac\/","og_site_name":"UQACtualit\u00e9s","article_published_time":"2004-12-02T14:11:56+00:00","og_image":[{"url":"http:\/\/www.uqac.ca\/wp-content\/uploads\/2012\/03\/Xf6q8jXRbjacFUOv-300x225.jpg","type":"","width":"","height":""}],"author":"Service des communications et des relations publiques","twitter_card":"summary_large_image","twitter_misc":{"\u00c9crit par":"Service des communications et des relations publiques","Estimation du temps de lecture":"2 minutes"},"schema":{"@context":"https:\/\/schema.org","@graph":[{"@type":"WebPage","@id":"https:\/\/www.uqac.ca\/uqactualites\/2004\/12\/02\/39-professeurs-bresiliens-diplomes-de-luqac\/","url":"https:\/\/www.uqac.ca\/uqactualites\/2004\/12\/02\/39-professeurs-bresiliens-diplomes-de-luqac\/","name":"39 professeurs br\u00e9siliens dipl\u00f4m\u00e9s de l'UQAC - UQACtualit\u00e9s","isPartOf":{"@id":"https:\/\/www.uqac.ca\/uqactualites\/#website"},"primaryImageOfPage":{"@id":"https:\/\/www.uqac.ca\/uqactualites\/2004\/12\/02\/39-professeurs-bresiliens-diplomes-de-luqac\/#primaryimage"},"image":{"@id":"https:\/\/www.uqac.ca\/uqactualites\/2004\/12\/02\/39-professeurs-bresiliens-diplomes-de-luqac\/#primaryimage"},"thumbnailUrl":"http:\/\/www.uqac.ca\/wp-content\/uploads\/2012\/03\/Xf6q8jXRbjacFUOv-300x225.jpg","datePublished":"2004-12-02T14:11:56+00:00","dateModified":"2004-12-02T14:11:56+00:00","author":{"@id":"https:\/\/www.uqac.ca\/uqactualites\/#\/schema\/person\/366c45a0c4f0e677b41b4af5886e2018"},"breadcrumb":{"@id":"https:\/\/www.uqac.ca\/uqactualites\/2004\/12\/02\/39-professeurs-bresiliens-diplomes-de-luqac\/#breadcrumb"},"inLanguage":"fr-CA","potentialAction":[{"@type":"ReadAction","target":["https:\/\/www.uqac.ca\/uqactualites\/2004\/12\/02\/39-professeurs-bresiliens-diplomes-de-luqac\/"]}]},{"@type":"ImageObject","inLanguage":"fr-CA","@id":"https:\/\/www.uqac.ca\/uqactualites\/2004\/12\/02\/39-professeurs-bresiliens-diplomes-de-luqac\/#primaryimage","url":"http:\/\/www.uqac.ca\/wp-content\/uploads\/2012\/03\/Xf6q8jXRbjacFUOv-300x225.jpg","contentUrl":"http:\/\/www.uqac.ca\/wp-content\/uploads\/2012\/03\/Xf6q8jXRbjacFUOv-300x225.jpg"},{"@type":"BreadcrumbList","@id":"https:\/\/www.uqac.ca\/uqactualites\/2004\/12\/02\/39-professeurs-bresiliens-diplomes-de-luqac\/#breadcrumb","itemListElement":[{"@type":"ListItem","position":1,"name":"Home","item":"https:\/\/www.uqac.ca\/uqactualites\/"},{"@type":"ListItem","position":2,"name":"39 professeurs br\u00e9siliens dipl\u00f4m\u00e9s de l&rsquo;UQAC"}]},{"@type":"WebSite","@id":"https:\/\/www.uqac.ca\/uqactualites\/#website","url":"https:\/\/www.uqac.ca\/uqactualites\/","name":"UQACtualit\u00e9s","description":"Le portail des nouvelles de l&#039;UQAC","potentialAction":[{"@type":"SearchAction","target":{"@type":"EntryPoint","urlTemplate":"https:\/\/www.uqac.ca\/uqactualites\/?s={search_term_string}"},"query-input":{"@type":"PropertyValueSpecification","valueRequired":true,"valueName":"search_term_string"}}],"inLanguage":"fr-CA"},{"@type":"Person","@id":"https:\/\/www.uqac.ca\/uqactualites\/#\/schema\/person\/366c45a0c4f0e677b41b4af5886e2018","name":"Service des communications et des relations publiques","image":{"@type":"ImageObject","inLanguage":"fr-CA","@id":"https:\/\/www.uqac.ca\/uqactualites\/#\/schema\/person\/image\/","url":"https:\/\/secure.gravatar.com\/avatar\/20fbbda8a292f59f2d3461a5b999c00b?s=96&d=mm&r=g","contentUrl":"https:\/\/secure.gravatar.com\/avatar\/20fbbda8a292f59f2d3461a5b999c00b?s=96&d=mm&r=g","caption":"Service des communications et des relations publiques"},"url":"https:\/\/www.uqac.ca\/uqactualites\/author\/bap\/"}]}},"_links":{"self":[{"href":"https:\/\/www.uqac.ca\/uqactualites\/wp-json\/wp\/v2\/posts\/19643"}],"collection":[{"href":"https:\/\/www.uqac.ca\/uqactualites\/wp-json\/wp\/v2\/posts"}],"about":[{"href":"https:\/\/www.uqac.ca\/uqactualites\/wp-json\/wp\/v2\/types\/post"}],"author":[{"embeddable":true,"href":"https:\/\/www.uqac.ca\/uqactualites\/wp-json\/wp\/v2\/users\/5"}],"replies":[{"embeddable":true,"href":"https:\/\/www.uqac.ca\/uqactualites\/wp-json\/wp\/v2\/comments?post=19643"}],"version-history":[{"count":0,"href":"https:\/\/www.uqac.ca\/uqactualites\/wp-json\/wp\/v2\/posts\/19643\/revisions"}],"wp:attachment":[{"href":"https:\/\/www.uqac.ca\/uqactualites\/wp-json\/wp\/v2\/media?parent=19643"}],"wp:term":[{"taxonomy":"category","embeddable":true,"href":"https:\/\/www.uqac.ca\/uqactualites\/wp-json\/wp\/v2\/categories?post=19643"},{"taxonomy":"post_tag","embeddable":true,"href":"https:\/\/www.uqac.ca\/uqactualites\/wp-json\/wp\/v2\/tags?post=19643"}],"curies":[{"name":"wp","href":"https:\/\/api.w.org\/{rel}","templated":true}]}}