{"id":19652,"date":"2004-08-31T15:00:47","date_gmt":"2004-08-31T20:30:47","guid":{"rendered":"http:\/\/uqactualite.odev.ca\/2004\/08\/doyen-des-etudes-de-premier-cycle\/"},"modified":"2004-08-31T15:00:47","modified_gmt":"2004-08-31T20:30:47","slug":"doyen-des-etudes-de-premier-cycle","status":"publish","type":"post","link":"https:\/\/www.uqac.ca\/uqactualites\/2004\/08\/31\/doyen-des-etudes-de-premier-cycle\/","title":{"rendered":"Doyen des \u00e9tudes de premier cycle"},"content":{"rendered":"<p><a href=\"http:\/\/www.uqac.ca\/wp-content\/uploads\/2012\/03\/2kZLjwzLvsAuoyWt.jpg\"><img loading=\"lazy\" decoding=\"async\" class=\"size-medium wp-image-19652 alignright\" title=\"2kZLjwzLvsAuoyWt\" src=\"http:\/\/www.uqac.ca\/wp-content\/uploads\/2012\/03\/2kZLjwzLvsAuoyWt-300x271.jpg\" alt=\"\" width=\"300\" height=\"271\" \/><\/a><\/p>\n<p>Le Conseil d&rsquo;administration de l&rsquo;UQAC a proc\u00e9d\u00e9 \u00e0 la nomination de M. Mario B\u00e9langer au poste de doyen des \u00e9tudes de premier cycle pour un mandat d&rsquo;une dur\u00e9e de quatre ans, depuis le 12 avril 2004.<\/p>\n<p>M. B\u00e9langer est titulaire d&rsquo;une ma\u00eetrise en service social et d&rsquo;un doctorat (Ph.D.) en anthropologie. Il est entr\u00e9 au service de l&rsquo;UQAC en 1991 \u00e0 titre de professeur de clinique en travail social. Il a \u00e9galement assum\u00e9 la responsabilit\u00e9 de la formation pratique au Module d&rsquo;intervention sociale. Enfin, il est co-responsable du LERARS (laboratoire d&rsquo;expertise et de recherche en anthropologie rituelle et symbolique). Ses recherches portent sur les repr\u00e9sentations collectives de la maladie et de la mort. Il a particip\u00e9 \u00e0 la cr\u00e9ation d&rsquo;un baccalaur\u00e9at avec majeure en sociologie-anthropologie. Depuis 1999, il dirige le D\u00e9partement des sciences humaines.<\/p>\n<p>Le recteur de l&rsquo;UQAC, M. Michel Belley, a tenu \u00e0 souligner aux membres du Conseil d&rsquo;administration que la nomination de monsieur B\u00e9langer au poste de doyen des \u00e9tudes de premier cycle de l&rsquo;Universit\u00e9, de m\u00eame que ses engagements ant\u00e9rieurs, d\u00e9montraient la volont\u00e9 d&rsquo;implication que l&rsquo;on retrouve au sein de la communaut\u00e9 universitaire.<\/p>\n","protected":false},"excerpt":{"rendered":"<p>Le Conseil d&rsquo;administration de l&rsquo;UQAC a proc\u00e9d\u00e9 \u00e0 la nomination de M. Mario B\u00e9langer au poste de doyen des \u00e9tudes de premier cycle pour un mandat d&rsquo;une dur\u00e9e de quatre ans, depuis le 12 avril 2004. M. B\u00e9langer est titulaire d&rsquo;une ma\u00eetrise en service social et d&rsquo;un doctorat (Ph.D.) en anthropologie. Il est entr\u00e9 au [&hellip;]<\/p>\n","protected":false},"author":5,"featured_media":0,"comment_status":"closed","ping_status":"closed","sticky":false,"template":"","format":"standard","meta":{"footnotes":""},"categories":[15],"tags":[],"yoast_head":"<!-- This site is optimized with the Yoast SEO plugin v24.2 - https:\/\/yoast.com\/wordpress\/plugins\/seo\/ -->\r\n<title>Doyen des \u00e9tudes de premier cycle - UQACtualit\u00e9s<\/title>\r\n<meta name=\"robots\" content=\"index, follow, max-snippet:-1, max-image-preview:large, max-video-preview:-1\" \/>\r\n<link rel=\"canonical\" href=\"https:\/\/www.uqac.ca\/uqactualites\/2004\/08\/31\/doyen-des-etudes-de-premier-cycle\/\" \/>\r\n<meta property=\"og:locale\" content=\"fr_CA\" \/>\r\n<meta property=\"og:type\" content=\"article\" \/>\r\n<meta property=\"og:title\" content=\"Doyen des \u00e9tudes de premier cycle - UQACtualit\u00e9s\" \/>\r\n<meta property=\"og:description\" content=\"Le Conseil d&rsquo;administration de l&rsquo;UQAC a proc\u00e9d\u00e9 \u00e0 la nomination de M. Mario B\u00e9langer au poste de doyen des \u00e9tudes de premier cycle pour un mandat d&rsquo;une dur\u00e9e de quatre ans, depuis le 12 avril 2004. M. B\u00e9langer est titulaire d&rsquo;une ma\u00eetrise en service social et d&rsquo;un doctorat (Ph.D.) en anthropologie. Il est entr\u00e9 au [&hellip;]\" \/>\r\n<meta property=\"og:url\" content=\"https:\/\/www.uqac.ca\/uqactualites\/2004\/08\/31\/doyen-des-etudes-de-premier-cycle\/\" \/>\r\n<meta property=\"og:site_name\" content=\"UQACtualit\u00e9s\" \/>\r\n<meta property=\"article:published_time\" content=\"2004-08-31T20:30:47+00:00\" \/>\r\n<meta property=\"og:image\" content=\"http:\/\/www.uqac.ca\/wp-content\/uploads\/2012\/03\/2kZLjwzLvsAuoyWt-300x271.jpg\" \/>\r\n<meta name=\"author\" content=\"Service des communications et des relations publiques\" \/>\r\n<meta name=\"twitter:card\" content=\"summary_large_image\" \/>\r\n<meta name=\"twitter:label1\" content=\"\u00c9crit par\" \/>\n\t<meta name=\"twitter:data1\" content=\"Service des communications et des relations publiques\" \/>\n\t<meta name=\"twitter:label2\" content=\"Estimation du temps de lecture\" \/>\n\t<meta name=\"twitter:data2\" content=\"1 minute\" \/>\r\n<script type=\"application\/ld+json\" class=\"yoast-schema-graph\">{\"@context\":\"https:\/\/schema.org\",\"@graph\":[{\"@type\":\"WebPage\",\"@id\":\"https:\/\/www.uqac.ca\/uqactualites\/2004\/08\/31\/doyen-des-etudes-de-premier-cycle\/\",\"url\":\"https:\/\/www.uqac.ca\/uqactualites\/2004\/08\/31\/doyen-des-etudes-de-premier-cycle\/\",\"name\":\"Doyen des \u00e9tudes de premier cycle - UQACtualit\u00e9s\",\"isPartOf\":{\"@id\":\"https:\/\/www.uqac.ca\/uqactualites\/#website\"},\"primaryImageOfPage\":{\"@id\":\"https:\/\/www.uqac.ca\/uqactualites\/2004\/08\/31\/doyen-des-etudes-de-premier-cycle\/#primaryimage\"},\"image\":{\"@id\":\"https:\/\/www.uqac.ca\/uqactualites\/2004\/08\/31\/doyen-des-etudes-de-premier-cycle\/#primaryimage\"},\"thumbnailUrl\":\"http:\/\/www.uqac.ca\/wp-content\/uploads\/2012\/03\/2kZLjwzLvsAuoyWt-300x271.jpg\",\"datePublished\":\"2004-08-31T20:30:47+00:00\",\"dateModified\":\"2004-08-31T20:30:47+00:00\",\"author\":{\"@id\":\"https:\/\/www.uqac.ca\/uqactualites\/#\/schema\/person\/366c45a0c4f0e677b41b4af5886e2018\"},\"breadcrumb\":{\"@id\":\"https:\/\/www.uqac.ca\/uqactualites\/2004\/08\/31\/doyen-des-etudes-de-premier-cycle\/#breadcrumb\"},\"inLanguage\":\"fr-CA\",\"potentialAction\":[{\"@type\":\"ReadAction\",\"target\":[\"https:\/\/www.uqac.ca\/uqactualites\/2004\/08\/31\/doyen-des-etudes-de-premier-cycle\/\"]}]},{\"@type\":\"ImageObject\",\"inLanguage\":\"fr-CA\",\"@id\":\"https:\/\/www.uqac.ca\/uqactualites\/2004\/08\/31\/doyen-des-etudes-de-premier-cycle\/#primaryimage\",\"url\":\"http:\/\/www.uqac.ca\/wp-content\/uploads\/2012\/03\/2kZLjwzLvsAuoyWt-300x271.jpg\",\"contentUrl\":\"http:\/\/www.uqac.ca\/wp-content\/uploads\/2012\/03\/2kZLjwzLvsAuoyWt-300x271.jpg\"},{\"@type\":\"BreadcrumbList\",\"@id\":\"https:\/\/www.uqac.ca\/uqactualites\/2004\/08\/31\/doyen-des-etudes-de-premier-cycle\/#breadcrumb\",\"itemListElement\":[{\"@type\":\"ListItem\",\"position\":1,\"name\":\"Home\",\"item\":\"https:\/\/www.uqac.ca\/uqactualites\/\"},{\"@type\":\"ListItem\",\"position\":2,\"name\":\"Doyen des \u00e9tudes de premier cycle\"}]},{\"@type\":\"WebSite\",\"@id\":\"https:\/\/www.uqac.ca\/uqactualites\/#website\",\"url\":\"https:\/\/www.uqac.ca\/uqactualites\/\",\"name\":\"UQACtualit\u00e9s\",\"description\":\"Le portail des nouvelles de l&#039;UQAC\",\"potentialAction\":[{\"@type\":\"SearchAction\",\"target\":{\"@type\":\"EntryPoint\",\"urlTemplate\":\"https:\/\/www.uqac.ca\/uqactualites\/?s={search_term_string}\"},\"query-input\":{\"@type\":\"PropertyValueSpecification\",\"valueRequired\":true,\"valueName\":\"search_term_string\"}}],\"inLanguage\":\"fr-CA\"},{\"@type\":\"Person\",\"@id\":\"https:\/\/www.uqac.ca\/uqactualites\/#\/schema\/person\/366c45a0c4f0e677b41b4af5886e2018\",\"name\":\"Service des communications et des relations publiques\",\"image\":{\"@type\":\"ImageObject\",\"inLanguage\":\"fr-CA\",\"@id\":\"https:\/\/www.uqac.ca\/uqactualites\/#\/schema\/person\/image\/\",\"url\":\"https:\/\/secure.gravatar.com\/avatar\/20fbbda8a292f59f2d3461a5b999c00b?s=96&d=mm&r=g\",\"contentUrl\":\"https:\/\/secure.gravatar.com\/avatar\/20fbbda8a292f59f2d3461a5b999c00b?s=96&d=mm&r=g\",\"caption\":\"Service des communications et des relations publiques\"},\"url\":\"https:\/\/www.uqac.ca\/uqactualites\/author\/bap\/\"}]}<\/script>\r\n<!-- \/ Yoast SEO plugin. -->","yoast_head_json":{"title":"Doyen des \u00e9tudes de premier cycle - UQACtualit\u00e9s","robots":{"index":"index","follow":"follow","max-snippet":"max-snippet:-1","max-image-preview":"max-image-preview:large","max-video-preview":"max-video-preview:-1"},"canonical":"https:\/\/www.uqac.ca\/uqactualites\/2004\/08\/31\/doyen-des-etudes-de-premier-cycle\/","og_locale":"fr_CA","og_type":"article","og_title":"Doyen des \u00e9tudes de premier cycle - UQACtualit\u00e9s","og_description":"Le Conseil d&rsquo;administration de l&rsquo;UQAC a proc\u00e9d\u00e9 \u00e0 la nomination de M. Mario B\u00e9langer au poste de doyen des \u00e9tudes de premier cycle pour un mandat d&rsquo;une dur\u00e9e de quatre ans, depuis le 12 avril 2004. M. B\u00e9langer est titulaire d&rsquo;une ma\u00eetrise en service social et d&rsquo;un doctorat (Ph.D.) en anthropologie. Il est entr\u00e9 au [&hellip;]","og_url":"https:\/\/www.uqac.ca\/uqactualites\/2004\/08\/31\/doyen-des-etudes-de-premier-cycle\/","og_site_name":"UQACtualit\u00e9s","article_published_time":"2004-08-31T20:30:47+00:00","og_image":[{"url":"http:\/\/www.uqac.ca\/wp-content\/uploads\/2012\/03\/2kZLjwzLvsAuoyWt-300x271.jpg","type":"","width":"","height":""}],"author":"Service des communications et des relations publiques","twitter_card":"summary_large_image","twitter_misc":{"\u00c9crit par":"Service des communications et des relations publiques","Estimation du temps de lecture":"1 minute"},"schema":{"@context":"https:\/\/schema.org","@graph":[{"@type":"WebPage","@id":"https:\/\/www.uqac.ca\/uqactualites\/2004\/08\/31\/doyen-des-etudes-de-premier-cycle\/","url":"https:\/\/www.uqac.ca\/uqactualites\/2004\/08\/31\/doyen-des-etudes-de-premier-cycle\/","name":"Doyen des \u00e9tudes de premier cycle - UQACtualit\u00e9s","isPartOf":{"@id":"https:\/\/www.uqac.ca\/uqactualites\/#website"},"primaryImageOfPage":{"@id":"https:\/\/www.uqac.ca\/uqactualites\/2004\/08\/31\/doyen-des-etudes-de-premier-cycle\/#primaryimage"},"image":{"@id":"https:\/\/www.uqac.ca\/uqactualites\/2004\/08\/31\/doyen-des-etudes-de-premier-cycle\/#primaryimage"},"thumbnailUrl":"http:\/\/www.uqac.ca\/wp-content\/uploads\/2012\/03\/2kZLjwzLvsAuoyWt-300x271.jpg","datePublished":"2004-08-31T20:30:47+00:00","dateModified":"2004-08-31T20:30:47+00:00","author":{"@id":"https:\/\/www.uqac.ca\/uqactualites\/#\/schema\/person\/366c45a0c4f0e677b41b4af5886e2018"},"breadcrumb":{"@id":"https:\/\/www.uqac.ca\/uqactualites\/2004\/08\/31\/doyen-des-etudes-de-premier-cycle\/#breadcrumb"},"inLanguage":"fr-CA","potentialAction":[{"@type":"ReadAction","target":["https:\/\/www.uqac.ca\/uqactualites\/2004\/08\/31\/doyen-des-etudes-de-premier-cycle\/"]}]},{"@type":"ImageObject","inLanguage":"fr-CA","@id":"https:\/\/www.uqac.ca\/uqactualites\/2004\/08\/31\/doyen-des-etudes-de-premier-cycle\/#primaryimage","url":"http:\/\/www.uqac.ca\/wp-content\/uploads\/2012\/03\/2kZLjwzLvsAuoyWt-300x271.jpg","contentUrl":"http:\/\/www.uqac.ca\/wp-content\/uploads\/2012\/03\/2kZLjwzLvsAuoyWt-300x271.jpg"},{"@type":"BreadcrumbList","@id":"https:\/\/www.uqac.ca\/uqactualites\/2004\/08\/31\/doyen-des-etudes-de-premier-cycle\/#breadcrumb","itemListElement":[{"@type":"ListItem","position":1,"name":"Home","item":"https:\/\/www.uqac.ca\/uqactualites\/"},{"@type":"ListItem","position":2,"name":"Doyen des \u00e9tudes de premier cycle"}]},{"@type":"WebSite","@id":"https:\/\/www.uqac.ca\/uqactualites\/#website","url":"https:\/\/www.uqac.ca\/uqactualites\/","name":"UQACtualit\u00e9s","description":"Le portail des nouvelles de l&#039;UQAC","potentialAction":[{"@type":"SearchAction","target":{"@type":"EntryPoint","urlTemplate":"https:\/\/www.uqac.ca\/uqactualites\/?s={search_term_string}"},"query-input":{"@type":"PropertyValueSpecification","valueRequired":true,"valueName":"search_term_string"}}],"inLanguage":"fr-CA"},{"@type":"Person","@id":"https:\/\/www.uqac.ca\/uqactualites\/#\/schema\/person\/366c45a0c4f0e677b41b4af5886e2018","name":"Service des communications et des relations publiques","image":{"@type":"ImageObject","inLanguage":"fr-CA","@id":"https:\/\/www.uqac.ca\/uqactualites\/#\/schema\/person\/image\/","url":"https:\/\/secure.gravatar.com\/avatar\/20fbbda8a292f59f2d3461a5b999c00b?s=96&d=mm&r=g","contentUrl":"https:\/\/secure.gravatar.com\/avatar\/20fbbda8a292f59f2d3461a5b999c00b?s=96&d=mm&r=g","caption":"Service des communications et des relations publiques"},"url":"https:\/\/www.uqac.ca\/uqactualites\/author\/bap\/"}]}},"_links":{"self":[{"href":"https:\/\/www.uqac.ca\/uqactualites\/wp-json\/wp\/v2\/posts\/19652"}],"collection":[{"href":"https:\/\/www.uqac.ca\/uqactualites\/wp-json\/wp\/v2\/posts"}],"about":[{"href":"https:\/\/www.uqac.ca\/uqactualites\/wp-json\/wp\/v2\/types\/post"}],"author":[{"embeddable":true,"href":"https:\/\/www.uqac.ca\/uqactualites\/wp-json\/wp\/v2\/users\/5"}],"replies":[{"embeddable":true,"href":"https:\/\/www.uqac.ca\/uqactualites\/wp-json\/wp\/v2\/comments?post=19652"}],"version-history":[{"count":0,"href":"https:\/\/www.uqac.ca\/uqactualites\/wp-json\/wp\/v2\/posts\/19652\/revisions"}],"wp:attachment":[{"href":"https:\/\/www.uqac.ca\/uqactualites\/wp-json\/wp\/v2\/media?parent=19652"}],"wp:term":[{"taxonomy":"category","embeddable":true,"href":"https:\/\/www.uqac.ca\/uqactualites\/wp-json\/wp\/v2\/categories?post=19652"},{"taxonomy":"post_tag","embeddable":true,"href":"https:\/\/www.uqac.ca\/uqactualites\/wp-json\/wp\/v2\/tags?post=19652"}],"curies":[{"name":"wp","href":"https:\/\/api.w.org\/{rel}","templated":true}]}}