{"id":19660,"date":"2004-02-04T15:09:58","date_gmt":"2004-02-04T20:39:58","guid":{"rendered":"http:\/\/uqactualite.odev.ca\/2004\/02\/le-grir-20-ans-de-recherche-et-dintervention-pour-le-developpement-local-et-regional\/"},"modified":"2004-02-04T15:09:58","modified_gmt":"2004-02-04T20:39:58","slug":"le-grir-20-ans-de-recherche-et-dintervention-pour-le-developpement-local-et-regional","status":"publish","type":"post","link":"https:\/\/www.uqac.ca\/uqactualites\/2004\/02\/04\/le-grir-20-ans-de-recherche-et-dintervention-pour-le-developpement-local-et-regional\/","title":{"rendered":"Le GRIR: 20 ans de recherche et d&rsquo;intervention pour le d\u00e9veloppement local et r\u00e9gional"},"content":{"rendered":"<p><figure id=\"attachment_19660\" aria-describedby=\"caption-attachment-19660\" style=\"width: 201px\" class=\"wp-caption alignright\"><a href=\"http:\/\/www.uqac.ca\/wp-content\/uploads\/2012\/03\/FIBckIg3atk88sVQ.jpg\"><img loading=\"lazy\" decoding=\"async\" class=\"size-medium wp-image-19660\" title=\"FIBckIg3atk88sVQ\" src=\"http:\/\/www.uqac.ca\/wp-content\/uploads\/2012\/03\/FIBckIg3atk88sVQ-201x300.jpg\" width=\"201\" height=\"300\" alt=\"\" \/><\/a><figcaption id=\"caption-attachment-19660\" class=\"wp-caption-text\">D\u00e9sy, J. et Dufour, J. et Duplain, M. et Plamondon, D. et Tremblay, S. (sous la direction de), <I>Le GRIR: 20 ans de recherche et d&#039;intervention pour le d\u00e9veloppement local et r\u00e9gional<\/I>, Chicoutimi, GRIR, Collection D\u00e9veloppement r\u00e9gional, 2003.<\/figcaption><\/figure><I>Le GRIR: 20 ans de recherche et d&rsquo;intervention<\/I> illustre de fa\u00e7on exemplaire la contribution des membres du GRIR \u00e0 l&rsquo;analyse des processus du d\u00e9veloppement r\u00e9gional depuis sa fondation. En effet, ce groupe de chercheurs s&rsquo;est consacr\u00e9 \u00e0 la recherche d&rsquo;une compr\u00e9hension approfondie de ce processus \u00e0 partir de plusieurs perspectives inspir\u00e9es par les paradigmes du d\u00e9veloppement tels que con\u00e7us et d\u00e9finis \u00e0 l&rsquo;int\u00e9rieur du corpus des sciences humaines et sociales.<\/p>\n<p>Pour les fins de cette publication, les contributions des 28 auteurs sont regroup\u00e9es autour de cinq th\u00e9matiques: environnement et d\u00e9veloppement durable; m\u00e9thodologie et changement social; relations inerculturelles avec les autochtones; pratiques sociales et d\u00e9veloppement social; d\u00e9veloppement local et r\u00e9gional. Les articles propos\u00e9s ont \u00e9t\u00e9, pour la plupart, publi\u00e9s dans des revues ou des p\u00e9riodiques au cours des ann\u00e9es et certains textes sont in\u00e9dits. L&rsquo;ouvrage pr\u00e9sente aussi, en introduction, <I> La petite histoire du GRIR<\/I> sous la plume de trois chercheurs qui ont contribu\u00e9 \u00e0 l&rsquo;\u00e9mergence et \u00e0 la continuit\u00e9 du groupe de recherche dans les vingt derni\u00e8res ann\u00e9es.<\/p>\n<p>D\u00e9sy, J. et Dufour, J. et Duplain, M. et Plamondon, D. et Tremblay, S. (sous la direction de), <I>Le GRIR: 20 ans de recherche et d&rsquo;intervention pour le d\u00e9veloppement local et r\u00e9gional<\/I>, Chicoutimi, GRIR, Collection D\u00e9veloppement r\u00e9gional, 2003.<\/p>\n","protected":false},"excerpt":{"rendered":"<p>Le GRIR: 20 ans de recherche et d&rsquo;intervention illustre de fa\u00e7on exemplaire la contribution des membres du GRIR \u00e0 l&rsquo;analyse des processus du d\u00e9veloppement r\u00e9gional depuis sa fondation. En effet, ce groupe de chercheurs s&rsquo;est consacr\u00e9 \u00e0 la recherche d&rsquo;une compr\u00e9hension approfondie de ce processus \u00e0 partir de plusieurs perspectives inspir\u00e9es par les paradigmes du [&hellip;]<\/p>\n","protected":false},"author":5,"featured_media":0,"comment_status":"closed","ping_status":"1","sticky":false,"template":"","format":"standard","meta":{"footnotes":""},"categories":[25],"tags":[],"yoast_head":"<!-- This site is optimized with the Yoast SEO plugin v24.2 - https:\/\/yoast.com\/wordpress\/plugins\/seo\/ -->\r\n<title>Le GRIR: 20 ans de recherche et d&#039;intervention pour le d\u00e9veloppement local et r\u00e9gional - UQACtualit\u00e9s<\/title>\r\n<meta name=\"robots\" content=\"index, follow, max-snippet:-1, max-image-preview:large, max-video-preview:-1\" \/>\r\n<link rel=\"canonical\" href=\"https:\/\/www.uqac.ca\/uqactualites\/2004\/02\/04\/le-grir-20-ans-de-recherche-et-dintervention-pour-le-developpement-local-et-regional\/\" \/>\r\n<meta property=\"og:locale\" content=\"fr_CA\" \/>\r\n<meta property=\"og:type\" content=\"article\" \/>\r\n<meta property=\"og:title\" content=\"Le GRIR: 20 ans de recherche et d&#039;intervention pour le d\u00e9veloppement local et r\u00e9gional - UQACtualit\u00e9s\" \/>\r\n<meta property=\"og:description\" content=\"Le GRIR: 20 ans de recherche et d&rsquo;intervention illustre de fa\u00e7on exemplaire la contribution des membres du GRIR \u00e0 l&rsquo;analyse des processus du d\u00e9veloppement r\u00e9gional depuis sa fondation. En effet, ce groupe de chercheurs s&rsquo;est consacr\u00e9 \u00e0 la recherche d&rsquo;une compr\u00e9hension approfondie de ce processus \u00e0 partir de plusieurs perspectives inspir\u00e9es par les paradigmes du [&hellip;]\" \/>\r\n<meta property=\"og:url\" content=\"https:\/\/www.uqac.ca\/uqactualites\/2004\/02\/04\/le-grir-20-ans-de-recherche-et-dintervention-pour-le-developpement-local-et-regional\/\" \/>\r\n<meta property=\"og:site_name\" content=\"UQACtualit\u00e9s\" \/>\r\n<meta property=\"article:published_time\" content=\"2004-02-04T20:39:58+00:00\" \/>\r\n<meta property=\"og:image\" content=\"http:\/\/www.uqac.ca\/wp-content\/uploads\/2012\/03\/FIBckIg3atk88sVQ-201x300.jpg\" \/>\r\n<meta name=\"author\" content=\"Service des communications et des relations publiques\" \/>\r\n<meta name=\"twitter:card\" content=\"summary_large_image\" \/>\r\n<meta name=\"twitter:label1\" content=\"\u00c9crit par\" \/>\n\t<meta name=\"twitter:data1\" content=\"Service des communications et des relations publiques\" \/>\n\t<meta name=\"twitter:label2\" content=\"Estimation du temps de lecture\" \/>\n\t<meta name=\"twitter:data2\" content=\"1 minute\" \/>\r\n<script type=\"application\/ld+json\" class=\"yoast-schema-graph\">{\"@context\":\"https:\/\/schema.org\",\"@graph\":[{\"@type\":\"WebPage\",\"@id\":\"https:\/\/www.uqac.ca\/uqactualites\/2004\/02\/04\/le-grir-20-ans-de-recherche-et-dintervention-pour-le-developpement-local-et-regional\/\",\"url\":\"https:\/\/www.uqac.ca\/uqactualites\/2004\/02\/04\/le-grir-20-ans-de-recherche-et-dintervention-pour-le-developpement-local-et-regional\/\",\"name\":\"Le GRIR: 20 ans de recherche et d'intervention pour le d\u00e9veloppement local et r\u00e9gional - UQACtualit\u00e9s\",\"isPartOf\":{\"@id\":\"https:\/\/www.uqac.ca\/uqactualites\/#website\"},\"primaryImageOfPage\":{\"@id\":\"https:\/\/www.uqac.ca\/uqactualites\/2004\/02\/04\/le-grir-20-ans-de-recherche-et-dintervention-pour-le-developpement-local-et-regional\/#primaryimage\"},\"image\":{\"@id\":\"https:\/\/www.uqac.ca\/uqactualites\/2004\/02\/04\/le-grir-20-ans-de-recherche-et-dintervention-pour-le-developpement-local-et-regional\/#primaryimage\"},\"thumbnailUrl\":\"http:\/\/www.uqac.ca\/wp-content\/uploads\/2012\/03\/FIBckIg3atk88sVQ-201x300.jpg\",\"datePublished\":\"2004-02-04T20:39:58+00:00\",\"dateModified\":\"2004-02-04T20:39:58+00:00\",\"author\":{\"@id\":\"https:\/\/www.uqac.ca\/uqactualites\/#\/schema\/person\/366c45a0c4f0e677b41b4af5886e2018\"},\"breadcrumb\":{\"@id\":\"https:\/\/www.uqac.ca\/uqactualites\/2004\/02\/04\/le-grir-20-ans-de-recherche-et-dintervention-pour-le-developpement-local-et-regional\/#breadcrumb\"},\"inLanguage\":\"fr-CA\",\"potentialAction\":[{\"@type\":\"ReadAction\",\"target\":[\"https:\/\/www.uqac.ca\/uqactualites\/2004\/02\/04\/le-grir-20-ans-de-recherche-et-dintervention-pour-le-developpement-local-et-regional\/\"]}]},{\"@type\":\"ImageObject\",\"inLanguage\":\"fr-CA\",\"@id\":\"https:\/\/www.uqac.ca\/uqactualites\/2004\/02\/04\/le-grir-20-ans-de-recherche-et-dintervention-pour-le-developpement-local-et-regional\/#primaryimage\",\"url\":\"http:\/\/www.uqac.ca\/wp-content\/uploads\/2012\/03\/FIBckIg3atk88sVQ-201x300.jpg\",\"contentUrl\":\"http:\/\/www.uqac.ca\/wp-content\/uploads\/2012\/03\/FIBckIg3atk88sVQ-201x300.jpg\"},{\"@type\":\"BreadcrumbList\",\"@id\":\"https:\/\/www.uqac.ca\/uqactualites\/2004\/02\/04\/le-grir-20-ans-de-recherche-et-dintervention-pour-le-developpement-local-et-regional\/#breadcrumb\",\"itemListElement\":[{\"@type\":\"ListItem\",\"position\":1,\"name\":\"Home\",\"item\":\"https:\/\/www.uqac.ca\/uqactualites\/\"},{\"@type\":\"ListItem\",\"position\":2,\"name\":\"Le GRIR: 20 ans de recherche et d&rsquo;intervention pour le d\u00e9veloppement local et r\u00e9gional\"}]},{\"@type\":\"WebSite\",\"@id\":\"https:\/\/www.uqac.ca\/uqactualites\/#website\",\"url\":\"https:\/\/www.uqac.ca\/uqactualites\/\",\"name\":\"UQACtualit\u00e9s\",\"description\":\"Le portail des nouvelles de l&#039;UQAC\",\"potentialAction\":[{\"@type\":\"SearchAction\",\"target\":{\"@type\":\"EntryPoint\",\"urlTemplate\":\"https:\/\/www.uqac.ca\/uqactualites\/?s={search_term_string}\"},\"query-input\":{\"@type\":\"PropertyValueSpecification\",\"valueRequired\":true,\"valueName\":\"search_term_string\"}}],\"inLanguage\":\"fr-CA\"},{\"@type\":\"Person\",\"@id\":\"https:\/\/www.uqac.ca\/uqactualites\/#\/schema\/person\/366c45a0c4f0e677b41b4af5886e2018\",\"name\":\"Service des communications et des relations publiques\",\"image\":{\"@type\":\"ImageObject\",\"inLanguage\":\"fr-CA\",\"@id\":\"https:\/\/www.uqac.ca\/uqactualites\/#\/schema\/person\/image\/\",\"url\":\"https:\/\/secure.gravatar.com\/avatar\/20fbbda8a292f59f2d3461a5b999c00b?s=96&d=mm&r=g\",\"contentUrl\":\"https:\/\/secure.gravatar.com\/avatar\/20fbbda8a292f59f2d3461a5b999c00b?s=96&d=mm&r=g\",\"caption\":\"Service des communications et des relations publiques\"},\"url\":\"https:\/\/www.uqac.ca\/uqactualites\/author\/bap\/\"}]}<\/script>\r\n<!-- \/ Yoast SEO plugin. -->","yoast_head_json":{"title":"Le GRIR: 20 ans de recherche et d'intervention pour le d\u00e9veloppement local et r\u00e9gional - UQACtualit\u00e9s","robots":{"index":"index","follow":"follow","max-snippet":"max-snippet:-1","max-image-preview":"max-image-preview:large","max-video-preview":"max-video-preview:-1"},"canonical":"https:\/\/www.uqac.ca\/uqactualites\/2004\/02\/04\/le-grir-20-ans-de-recherche-et-dintervention-pour-le-developpement-local-et-regional\/","og_locale":"fr_CA","og_type":"article","og_title":"Le GRIR: 20 ans de recherche et d'intervention pour le d\u00e9veloppement local et r\u00e9gional - UQACtualit\u00e9s","og_description":"Le GRIR: 20 ans de recherche et d&rsquo;intervention illustre de fa\u00e7on exemplaire la contribution des membres du GRIR \u00e0 l&rsquo;analyse des processus du d\u00e9veloppement r\u00e9gional depuis sa fondation. En effet, ce groupe de chercheurs s&rsquo;est consacr\u00e9 \u00e0 la recherche d&rsquo;une compr\u00e9hension approfondie de ce processus \u00e0 partir de plusieurs perspectives inspir\u00e9es par les paradigmes du [&hellip;]","og_url":"https:\/\/www.uqac.ca\/uqactualites\/2004\/02\/04\/le-grir-20-ans-de-recherche-et-dintervention-pour-le-developpement-local-et-regional\/","og_site_name":"UQACtualit\u00e9s","article_published_time":"2004-02-04T20:39:58+00:00","og_image":[{"url":"http:\/\/www.uqac.ca\/wp-content\/uploads\/2012\/03\/FIBckIg3atk88sVQ-201x300.jpg","type":"","width":"","height":""}],"author":"Service des communications et des relations publiques","twitter_card":"summary_large_image","twitter_misc":{"\u00c9crit par":"Service des communications et des relations publiques","Estimation du temps de lecture":"1 minute"},"schema":{"@context":"https:\/\/schema.org","@graph":[{"@type":"WebPage","@id":"https:\/\/www.uqac.ca\/uqactualites\/2004\/02\/04\/le-grir-20-ans-de-recherche-et-dintervention-pour-le-developpement-local-et-regional\/","url":"https:\/\/www.uqac.ca\/uqactualites\/2004\/02\/04\/le-grir-20-ans-de-recherche-et-dintervention-pour-le-developpement-local-et-regional\/","name":"Le GRIR: 20 ans de recherche et d'intervention pour le d\u00e9veloppement local et r\u00e9gional - UQACtualit\u00e9s","isPartOf":{"@id":"https:\/\/www.uqac.ca\/uqactualites\/#website"},"primaryImageOfPage":{"@id":"https:\/\/www.uqac.ca\/uqactualites\/2004\/02\/04\/le-grir-20-ans-de-recherche-et-dintervention-pour-le-developpement-local-et-regional\/#primaryimage"},"image":{"@id":"https:\/\/www.uqac.ca\/uqactualites\/2004\/02\/04\/le-grir-20-ans-de-recherche-et-dintervention-pour-le-developpement-local-et-regional\/#primaryimage"},"thumbnailUrl":"http:\/\/www.uqac.ca\/wp-content\/uploads\/2012\/03\/FIBckIg3atk88sVQ-201x300.jpg","datePublished":"2004-02-04T20:39:58+00:00","dateModified":"2004-02-04T20:39:58+00:00","author":{"@id":"https:\/\/www.uqac.ca\/uqactualites\/#\/schema\/person\/366c45a0c4f0e677b41b4af5886e2018"},"breadcrumb":{"@id":"https:\/\/www.uqac.ca\/uqactualites\/2004\/02\/04\/le-grir-20-ans-de-recherche-et-dintervention-pour-le-developpement-local-et-regional\/#breadcrumb"},"inLanguage":"fr-CA","potentialAction":[{"@type":"ReadAction","target":["https:\/\/www.uqac.ca\/uqactualites\/2004\/02\/04\/le-grir-20-ans-de-recherche-et-dintervention-pour-le-developpement-local-et-regional\/"]}]},{"@type":"ImageObject","inLanguage":"fr-CA","@id":"https:\/\/www.uqac.ca\/uqactualites\/2004\/02\/04\/le-grir-20-ans-de-recherche-et-dintervention-pour-le-developpement-local-et-regional\/#primaryimage","url":"http:\/\/www.uqac.ca\/wp-content\/uploads\/2012\/03\/FIBckIg3atk88sVQ-201x300.jpg","contentUrl":"http:\/\/www.uqac.ca\/wp-content\/uploads\/2012\/03\/FIBckIg3atk88sVQ-201x300.jpg"},{"@type":"BreadcrumbList","@id":"https:\/\/www.uqac.ca\/uqactualites\/2004\/02\/04\/le-grir-20-ans-de-recherche-et-dintervention-pour-le-developpement-local-et-regional\/#breadcrumb","itemListElement":[{"@type":"ListItem","position":1,"name":"Home","item":"https:\/\/www.uqac.ca\/uqactualites\/"},{"@type":"ListItem","position":2,"name":"Le GRIR: 20 ans de recherche et d&rsquo;intervention pour le d\u00e9veloppement local et r\u00e9gional"}]},{"@type":"WebSite","@id":"https:\/\/www.uqac.ca\/uqactualites\/#website","url":"https:\/\/www.uqac.ca\/uqactualites\/","name":"UQACtualit\u00e9s","description":"Le portail des nouvelles de l&#039;UQAC","potentialAction":[{"@type":"SearchAction","target":{"@type":"EntryPoint","urlTemplate":"https:\/\/www.uqac.ca\/uqactualites\/?s={search_term_string}"},"query-input":{"@type":"PropertyValueSpecification","valueRequired":true,"valueName":"search_term_string"}}],"inLanguage":"fr-CA"},{"@type":"Person","@id":"https:\/\/www.uqac.ca\/uqactualites\/#\/schema\/person\/366c45a0c4f0e677b41b4af5886e2018","name":"Service des communications et des relations publiques","image":{"@type":"ImageObject","inLanguage":"fr-CA","@id":"https:\/\/www.uqac.ca\/uqactualites\/#\/schema\/person\/image\/","url":"https:\/\/secure.gravatar.com\/avatar\/20fbbda8a292f59f2d3461a5b999c00b?s=96&d=mm&r=g","contentUrl":"https:\/\/secure.gravatar.com\/avatar\/20fbbda8a292f59f2d3461a5b999c00b?s=96&d=mm&r=g","caption":"Service des communications et des relations publiques"},"url":"https:\/\/www.uqac.ca\/uqactualites\/author\/bap\/"}]}},"_links":{"self":[{"href":"https:\/\/www.uqac.ca\/uqactualites\/wp-json\/wp\/v2\/posts\/19660"}],"collection":[{"href":"https:\/\/www.uqac.ca\/uqactualites\/wp-json\/wp\/v2\/posts"}],"about":[{"href":"https:\/\/www.uqac.ca\/uqactualites\/wp-json\/wp\/v2\/types\/post"}],"author":[{"embeddable":true,"href":"https:\/\/www.uqac.ca\/uqactualites\/wp-json\/wp\/v2\/users\/5"}],"replies":[{"embeddable":true,"href":"https:\/\/www.uqac.ca\/uqactualites\/wp-json\/wp\/v2\/comments?post=19660"}],"version-history":[{"count":0,"href":"https:\/\/www.uqac.ca\/uqactualites\/wp-json\/wp\/v2\/posts\/19660\/revisions"}],"wp:attachment":[{"href":"https:\/\/www.uqac.ca\/uqactualites\/wp-json\/wp\/v2\/media?parent=19660"}],"wp:term":[{"taxonomy":"category","embeddable":true,"href":"https:\/\/www.uqac.ca\/uqactualites\/wp-json\/wp\/v2\/categories?post=19660"},{"taxonomy":"post_tag","embeddable":true,"href":"https:\/\/www.uqac.ca\/uqactualites\/wp-json\/wp\/v2\/tags?post=19660"}],"curies":[{"name":"wp","href":"https:\/\/api.w.org\/{rel}","templated":true}]}}