{"id":19662,"date":"2004-02-04T14:06:18","date_gmt":"2004-02-04T19:36:18","guid":{"rendered":"http:\/\/uqactualite.odev.ca\/2004\/02\/ladauqac-et-luniversite-signent\/"},"modified":"2004-02-04T14:06:18","modified_gmt":"2004-02-04T19:36:18","slug":"ladauqac-et-luniversite-signent","status":"publish","type":"post","link":"https:\/\/www.uqac.ca\/uqactualites\/2004\/02\/04\/ladauqac-et-luniversite-signent\/","title":{"rendered":"L&rsquo;ADAUQAC et l&rsquo;Universit\u00e9 signent"},"content":{"rendered":"<p>L&rsquo;Association des dipl\u00f4m\u00e9(e)s et ami(e)s de l&rsquo;UQAC (ADAUQAC) et l&rsquo;Universit\u00e9 signaient r\u00e9cemment un nouveau protocole d&rsquo;entente. Celui-ci confirme le support de l&rsquo;institution envers l&rsquo;Association, principalement par l&rsquo;engagement d&rsquo;une agente de liaison. Cette personne aura pour t\u00e2che d&rsquo;appuyer l&rsquo;Association dans son d\u00e9veloppement et d&rsquo;\u00e9tablir des moyens pour assurer l&rsquo;int\u00e9gration des dipl\u00f4m\u00e9(e)s \u00e0 la vie universitaire.<\/p>\n<p>De son c\u00f4t\u00e9, l&rsquo;Association va contribuer pour un montant de 20 000 $ au fonds de bourses de l&rsquo;Universit\u00e9. Dor\u00e9navant, ce dernier se nommera \u00ab Le fonds de bourses des dipl\u00f4m\u00e9(e)s \u00bb.<\/p>\n<p>Sur la photo du haut, nous reconnaissons de gauche \u00e0 droite, MM. Martin C\u00f4t\u00e9, secr\u00e9taire g\u00e9n\u00e9ral, Michel Belley, recteur, Ghyslain Bourque, vice-recteur \u00e0 l&rsquo;enseignement et \u00e0 la recherche, Pierre Munger, pr\u00e9sident sortant de l&rsquo;ADAUQAC, et Michel Bergeron, secr\u00e9taire de l&rsquo;ADAUQAC.<\/p>\n<p>Sur la photo du bas, on peut apercevoir Mme Khat\u00e9r\u00e9 Tala\u00ef, agente de liaison au Bureau du recteur (bureau de la Campagne de financement).<\/p>\n<p><a href=\"http:\/\/www.uqac.ca\/wp-content\/uploads\/2012\/03\/8aIeyRENftjHWU7e.jpg\"><img loading=\"lazy\" decoding=\"async\" class=\"size-medium wp-image-19662\" title=\"8aIeyRENftjHWU7e\" src=\"http:\/\/www.uqac.ca\/wp-content\/uploads\/2012\/03\/8aIeyRENftjHWU7e-300x203.jpg\" alt=\"\" width=\"300\" height=\"203\" \/><\/a><a href=\"http:\/\/www.uqac.ca\/wp-content\/uploads\/2012\/03\/9LXdv3Pf1e0ITdj2.jpg\"><img loading=\"lazy\" decoding=\"async\" class=\" wp-image-19662\" title=\"9LXdv3Pf1e0ITdj2\" src=\"http:\/\/www.uqac.ca\/wp-content\/uploads\/2012\/03\/9LXdv3Pf1e0ITdj2-300x206.jpg\" alt=\"\" width=\"300\" height=\"203\" \/><\/a><\/p>\n","protected":false},"excerpt":{"rendered":"<p>L&rsquo;Association des dipl\u00f4m\u00e9(e)s et ami(e)s de l&rsquo;UQAC (ADAUQAC) et l&rsquo;Universit\u00e9 signaient r\u00e9cemment un nouveau protocole d&rsquo;entente. Celui-ci confirme le support de l&rsquo;institution envers l&rsquo;Association, principalement par l&rsquo;engagement d&rsquo;une agente de liaison. Cette personne aura pour t\u00e2che d&rsquo;appuyer l&rsquo;Association dans son d\u00e9veloppement et d&rsquo;\u00e9tablir des moyens pour assurer l&rsquo;int\u00e9gration des dipl\u00f4m\u00e9(e)s \u00e0 la vie universitaire. De [&hellip;]<\/p>\n","protected":false},"author":5,"featured_media":0,"comment_status":"closed","ping_status":"closed","sticky":false,"template":"","format":"standard","meta":{"footnotes":""},"categories":[2],"tags":[],"yoast_head":"<!-- This site is optimized with the Yoast SEO plugin v24.2 - https:\/\/yoast.com\/wordpress\/plugins\/seo\/ -->\r\n<title>L&#039;ADAUQAC et l&#039;Universit\u00e9 signent - UQACtualit\u00e9s<\/title>\r\n<meta name=\"robots\" content=\"index, follow, max-snippet:-1, max-image-preview:large, max-video-preview:-1\" \/>\r\n<link rel=\"canonical\" href=\"https:\/\/www.uqac.ca\/uqactualites\/2004\/02\/04\/ladauqac-et-luniversite-signent\/\" \/>\r\n<meta property=\"og:locale\" content=\"fr_CA\" \/>\r\n<meta property=\"og:type\" content=\"article\" \/>\r\n<meta property=\"og:title\" content=\"L&#039;ADAUQAC et l&#039;Universit\u00e9 signent - UQACtualit\u00e9s\" \/>\r\n<meta property=\"og:description\" content=\"L&rsquo;Association des dipl\u00f4m\u00e9(e)s et ami(e)s de l&rsquo;UQAC (ADAUQAC) et l&rsquo;Universit\u00e9 signaient r\u00e9cemment un nouveau protocole d&rsquo;entente. Celui-ci confirme le support de l&rsquo;institution envers l&rsquo;Association, principalement par l&rsquo;engagement d&rsquo;une agente de liaison. Cette personne aura pour t\u00e2che d&rsquo;appuyer l&rsquo;Association dans son d\u00e9veloppement et d&rsquo;\u00e9tablir des moyens pour assurer l&rsquo;int\u00e9gration des dipl\u00f4m\u00e9(e)s \u00e0 la vie universitaire. De [&hellip;]\" \/>\r\n<meta property=\"og:url\" content=\"https:\/\/www.uqac.ca\/uqactualites\/2004\/02\/04\/ladauqac-et-luniversite-signent\/\" \/>\r\n<meta property=\"og:site_name\" content=\"UQACtualit\u00e9s\" \/>\r\n<meta property=\"article:published_time\" content=\"2004-02-04T19:36:18+00:00\" \/>\r\n<meta property=\"og:image\" content=\"http:\/\/www.uqac.ca\/wp-content\/uploads\/2012\/03\/8aIeyRENftjHWU7e-300x203.jpg\" \/>\r\n<meta name=\"author\" content=\"Service des communications et des relations publiques\" \/>\r\n<meta name=\"twitter:card\" content=\"summary_large_image\" \/>\r\n<meta name=\"twitter:label1\" content=\"\u00c9crit par\" \/>\n\t<meta name=\"twitter:data1\" content=\"Service des communications et des relations publiques\" \/>\n\t<meta name=\"twitter:label2\" content=\"Estimation du temps de lecture\" \/>\n\t<meta name=\"twitter:data2\" content=\"1 minute\" \/>\r\n<script type=\"application\/ld+json\" class=\"yoast-schema-graph\">{\"@context\":\"https:\/\/schema.org\",\"@graph\":[{\"@type\":\"WebPage\",\"@id\":\"https:\/\/www.uqac.ca\/uqactualites\/2004\/02\/04\/ladauqac-et-luniversite-signent\/\",\"url\":\"https:\/\/www.uqac.ca\/uqactualites\/2004\/02\/04\/ladauqac-et-luniversite-signent\/\",\"name\":\"L'ADAUQAC et l'Universit\u00e9 signent - UQACtualit\u00e9s\",\"isPartOf\":{\"@id\":\"https:\/\/www.uqac.ca\/uqactualites\/#website\"},\"primaryImageOfPage\":{\"@id\":\"https:\/\/www.uqac.ca\/uqactualites\/2004\/02\/04\/ladauqac-et-luniversite-signent\/#primaryimage\"},\"image\":{\"@id\":\"https:\/\/www.uqac.ca\/uqactualites\/2004\/02\/04\/ladauqac-et-luniversite-signent\/#primaryimage\"},\"thumbnailUrl\":\"http:\/\/www.uqac.ca\/wp-content\/uploads\/2012\/03\/8aIeyRENftjHWU7e-300x203.jpg\",\"datePublished\":\"2004-02-04T19:36:18+00:00\",\"dateModified\":\"2004-02-04T19:36:18+00:00\",\"author\":{\"@id\":\"https:\/\/www.uqac.ca\/uqactualites\/#\/schema\/person\/366c45a0c4f0e677b41b4af5886e2018\"},\"breadcrumb\":{\"@id\":\"https:\/\/www.uqac.ca\/uqactualites\/2004\/02\/04\/ladauqac-et-luniversite-signent\/#breadcrumb\"},\"inLanguage\":\"fr-CA\",\"potentialAction\":[{\"@type\":\"ReadAction\",\"target\":[\"https:\/\/www.uqac.ca\/uqactualites\/2004\/02\/04\/ladauqac-et-luniversite-signent\/\"]}]},{\"@type\":\"ImageObject\",\"inLanguage\":\"fr-CA\",\"@id\":\"https:\/\/www.uqac.ca\/uqactualites\/2004\/02\/04\/ladauqac-et-luniversite-signent\/#primaryimage\",\"url\":\"http:\/\/www.uqac.ca\/wp-content\/uploads\/2012\/03\/8aIeyRENftjHWU7e-300x203.jpg\",\"contentUrl\":\"http:\/\/www.uqac.ca\/wp-content\/uploads\/2012\/03\/8aIeyRENftjHWU7e-300x203.jpg\"},{\"@type\":\"BreadcrumbList\",\"@id\":\"https:\/\/www.uqac.ca\/uqactualites\/2004\/02\/04\/ladauqac-et-luniversite-signent\/#breadcrumb\",\"itemListElement\":[{\"@type\":\"ListItem\",\"position\":1,\"name\":\"Home\",\"item\":\"https:\/\/www.uqac.ca\/uqactualites\/\"},{\"@type\":\"ListItem\",\"position\":2,\"name\":\"L&rsquo;ADAUQAC et l&rsquo;Universit\u00e9 signent\"}]},{\"@type\":\"WebSite\",\"@id\":\"https:\/\/www.uqac.ca\/uqactualites\/#website\",\"url\":\"https:\/\/www.uqac.ca\/uqactualites\/\",\"name\":\"UQACtualit\u00e9s\",\"description\":\"Le portail des nouvelles de l&#039;UQAC\",\"potentialAction\":[{\"@type\":\"SearchAction\",\"target\":{\"@type\":\"EntryPoint\",\"urlTemplate\":\"https:\/\/www.uqac.ca\/uqactualites\/?s={search_term_string}\"},\"query-input\":{\"@type\":\"PropertyValueSpecification\",\"valueRequired\":true,\"valueName\":\"search_term_string\"}}],\"inLanguage\":\"fr-CA\"},{\"@type\":\"Person\",\"@id\":\"https:\/\/www.uqac.ca\/uqactualites\/#\/schema\/person\/366c45a0c4f0e677b41b4af5886e2018\",\"name\":\"Service des communications et des relations publiques\",\"image\":{\"@type\":\"ImageObject\",\"inLanguage\":\"fr-CA\",\"@id\":\"https:\/\/www.uqac.ca\/uqactualites\/#\/schema\/person\/image\/\",\"url\":\"https:\/\/secure.gravatar.com\/avatar\/20fbbda8a292f59f2d3461a5b999c00b?s=96&d=mm&r=g\",\"contentUrl\":\"https:\/\/secure.gravatar.com\/avatar\/20fbbda8a292f59f2d3461a5b999c00b?s=96&d=mm&r=g\",\"caption\":\"Service des communications et des relations publiques\"},\"url\":\"https:\/\/www.uqac.ca\/uqactualites\/author\/bap\/\"}]}<\/script>\r\n<!-- \/ Yoast SEO plugin. -->","yoast_head_json":{"title":"L'ADAUQAC et l'Universit\u00e9 signent - UQACtualit\u00e9s","robots":{"index":"index","follow":"follow","max-snippet":"max-snippet:-1","max-image-preview":"max-image-preview:large","max-video-preview":"max-video-preview:-1"},"canonical":"https:\/\/www.uqac.ca\/uqactualites\/2004\/02\/04\/ladauqac-et-luniversite-signent\/","og_locale":"fr_CA","og_type":"article","og_title":"L'ADAUQAC et l'Universit\u00e9 signent - UQACtualit\u00e9s","og_description":"L&rsquo;Association des dipl\u00f4m\u00e9(e)s et ami(e)s de l&rsquo;UQAC (ADAUQAC) et l&rsquo;Universit\u00e9 signaient r\u00e9cemment un nouveau protocole d&rsquo;entente. Celui-ci confirme le support de l&rsquo;institution envers l&rsquo;Association, principalement par l&rsquo;engagement d&rsquo;une agente de liaison. Cette personne aura pour t\u00e2che d&rsquo;appuyer l&rsquo;Association dans son d\u00e9veloppement et d&rsquo;\u00e9tablir des moyens pour assurer l&rsquo;int\u00e9gration des dipl\u00f4m\u00e9(e)s \u00e0 la vie universitaire. De [&hellip;]","og_url":"https:\/\/www.uqac.ca\/uqactualites\/2004\/02\/04\/ladauqac-et-luniversite-signent\/","og_site_name":"UQACtualit\u00e9s","article_published_time":"2004-02-04T19:36:18+00:00","og_image":[{"url":"http:\/\/www.uqac.ca\/wp-content\/uploads\/2012\/03\/8aIeyRENftjHWU7e-300x203.jpg","type":"","width":"","height":""}],"author":"Service des communications et des relations publiques","twitter_card":"summary_large_image","twitter_misc":{"\u00c9crit par":"Service des communications et des relations publiques","Estimation du temps de lecture":"1 minute"},"schema":{"@context":"https:\/\/schema.org","@graph":[{"@type":"WebPage","@id":"https:\/\/www.uqac.ca\/uqactualites\/2004\/02\/04\/ladauqac-et-luniversite-signent\/","url":"https:\/\/www.uqac.ca\/uqactualites\/2004\/02\/04\/ladauqac-et-luniversite-signent\/","name":"L'ADAUQAC et l'Universit\u00e9 signent - UQACtualit\u00e9s","isPartOf":{"@id":"https:\/\/www.uqac.ca\/uqactualites\/#website"},"primaryImageOfPage":{"@id":"https:\/\/www.uqac.ca\/uqactualites\/2004\/02\/04\/ladauqac-et-luniversite-signent\/#primaryimage"},"image":{"@id":"https:\/\/www.uqac.ca\/uqactualites\/2004\/02\/04\/ladauqac-et-luniversite-signent\/#primaryimage"},"thumbnailUrl":"http:\/\/www.uqac.ca\/wp-content\/uploads\/2012\/03\/8aIeyRENftjHWU7e-300x203.jpg","datePublished":"2004-02-04T19:36:18+00:00","dateModified":"2004-02-04T19:36:18+00:00","author":{"@id":"https:\/\/www.uqac.ca\/uqactualites\/#\/schema\/person\/366c45a0c4f0e677b41b4af5886e2018"},"breadcrumb":{"@id":"https:\/\/www.uqac.ca\/uqactualites\/2004\/02\/04\/ladauqac-et-luniversite-signent\/#breadcrumb"},"inLanguage":"fr-CA","potentialAction":[{"@type":"ReadAction","target":["https:\/\/www.uqac.ca\/uqactualites\/2004\/02\/04\/ladauqac-et-luniversite-signent\/"]}]},{"@type":"ImageObject","inLanguage":"fr-CA","@id":"https:\/\/www.uqac.ca\/uqactualites\/2004\/02\/04\/ladauqac-et-luniversite-signent\/#primaryimage","url":"http:\/\/www.uqac.ca\/wp-content\/uploads\/2012\/03\/8aIeyRENftjHWU7e-300x203.jpg","contentUrl":"http:\/\/www.uqac.ca\/wp-content\/uploads\/2012\/03\/8aIeyRENftjHWU7e-300x203.jpg"},{"@type":"BreadcrumbList","@id":"https:\/\/www.uqac.ca\/uqactualites\/2004\/02\/04\/ladauqac-et-luniversite-signent\/#breadcrumb","itemListElement":[{"@type":"ListItem","position":1,"name":"Home","item":"https:\/\/www.uqac.ca\/uqactualites\/"},{"@type":"ListItem","position":2,"name":"L&rsquo;ADAUQAC et l&rsquo;Universit\u00e9 signent"}]},{"@type":"WebSite","@id":"https:\/\/www.uqac.ca\/uqactualites\/#website","url":"https:\/\/www.uqac.ca\/uqactualites\/","name":"UQACtualit\u00e9s","description":"Le portail des nouvelles de l&#039;UQAC","potentialAction":[{"@type":"SearchAction","target":{"@type":"EntryPoint","urlTemplate":"https:\/\/www.uqac.ca\/uqactualites\/?s={search_term_string}"},"query-input":{"@type":"PropertyValueSpecification","valueRequired":true,"valueName":"search_term_string"}}],"inLanguage":"fr-CA"},{"@type":"Person","@id":"https:\/\/www.uqac.ca\/uqactualites\/#\/schema\/person\/366c45a0c4f0e677b41b4af5886e2018","name":"Service des communications et des relations publiques","image":{"@type":"ImageObject","inLanguage":"fr-CA","@id":"https:\/\/www.uqac.ca\/uqactualites\/#\/schema\/person\/image\/","url":"https:\/\/secure.gravatar.com\/avatar\/20fbbda8a292f59f2d3461a5b999c00b?s=96&d=mm&r=g","contentUrl":"https:\/\/secure.gravatar.com\/avatar\/20fbbda8a292f59f2d3461a5b999c00b?s=96&d=mm&r=g","caption":"Service des communications et des relations publiques"},"url":"https:\/\/www.uqac.ca\/uqactualites\/author\/bap\/"}]}},"_links":{"self":[{"href":"https:\/\/www.uqac.ca\/uqactualites\/wp-json\/wp\/v2\/posts\/19662"}],"collection":[{"href":"https:\/\/www.uqac.ca\/uqactualites\/wp-json\/wp\/v2\/posts"}],"about":[{"href":"https:\/\/www.uqac.ca\/uqactualites\/wp-json\/wp\/v2\/types\/post"}],"author":[{"embeddable":true,"href":"https:\/\/www.uqac.ca\/uqactualites\/wp-json\/wp\/v2\/users\/5"}],"replies":[{"embeddable":true,"href":"https:\/\/www.uqac.ca\/uqactualites\/wp-json\/wp\/v2\/comments?post=19662"}],"version-history":[{"count":0,"href":"https:\/\/www.uqac.ca\/uqactualites\/wp-json\/wp\/v2\/posts\/19662\/revisions"}],"wp:attachment":[{"href":"https:\/\/www.uqac.ca\/uqactualites\/wp-json\/wp\/v2\/media?parent=19662"}],"wp:term":[{"taxonomy":"category","embeddable":true,"href":"https:\/\/www.uqac.ca\/uqactualites\/wp-json\/wp\/v2\/categories?post=19662"},{"taxonomy":"post_tag","embeddable":true,"href":"https:\/\/www.uqac.ca\/uqactualites\/wp-json\/wp\/v2\/tags?post=19662"}],"curies":[{"name":"wp","href":"https:\/\/api.w.org\/{rel}","templated":true}]}}