{"id":19664,"date":"2004-02-04T13:44:11","date_gmt":"2004-02-04T19:14:11","guid":{"rendered":"http:\/\/uqactualite.odev.ca\/2004\/02\/denis-dore-recoit-la-bourse-alcan-2003\/"},"modified":"2004-02-04T13:44:11","modified_gmt":"2004-02-04T19:14:11","slug":"denis-dore-recoit-la-bourse-alcan-2003","status":"publish","type":"post","link":"https:\/\/www.uqac.ca\/uqactualites\/2004\/02\/04\/denis-dore-recoit-la-bourse-alcan-2003\/","title":{"rendered":"Denis Dor\u00e9 re\u00e7oit la Bourse Alcan 2003"},"content":{"rendered":"<p><figure id=\"attachment_19664\" aria-describedby=\"caption-attachment-19664\" style=\"width: 300px\" class=\"wp-caption alignright\"><a href=\"http:\/\/www.uqac.ca\/wp-content\/uploads\/2012\/03\/LtYlkoKTIFSJtZ1X.jpg\"><img loading=\"lazy\" decoding=\"async\" class=\"size-medium wp-image-19664\" title=\"LtYlkoKTIFSJtZ1X\" src=\"http:\/\/www.uqac.ca\/wp-content\/uploads\/2012\/03\/LtYlkoKTIFSJtZ1X-300x219.jpg\" width=\"300\" height=\"219\" alt=\"\" \/><\/a><figcaption id=\"caption-attachment-19664\" class=\"wp-caption-text\">Le boursier Alcan 2003, M. Denis Dor\u00e9 est f\u00e9licit\u00e9 par le directeur de l&#039;Usine Saguenay, M. Camil Couillard.<\/figcaption><\/figure>Monsieur Denis Dor\u00e9, originaire d&rsquo;Alma au Lac-Saint-Jean, un \u00e9tudiant au doctorat en d\u00e9veloppement r\u00e9gional \u00e0 l&rsquo;Universit\u00e9 du Qu\u00e9bec \u00e0 Chicoutimi, a re\u00e7u la prestigieuse Bourse Alcan 2003. La bourse d&rsquo;une valeur de 10 000 $ lui a \u00e9t\u00e9 remise par le directeur de l&rsquo;Usine Saguenay, M. Camil Couillard. <\/p>\n<p>Monsieur Dor\u00e9 devient ainsi le dix-huiti\u00e8me r\u00e9cipiendaire de cette bourse qui est offerte annuellement \u00e0 la client\u00e8le des programmes d&rsquo;\u00e9tudes avanc\u00e9es \u00e0 l&rsquo;UQAC. Les crit\u00e8res de s\u00e9lection sont toujours fond\u00e9s sur la base du dossier scolaire et sur la qualit\u00e9 d&rsquo;un projet d&rsquo;\u00e9tude favorisant le d\u00e9veloppement r\u00e9gional. C&rsquo;est la toute premi\u00e8re fois que la Bourse Alcan est remise \u00e0 un \u00e9tudiant provenant du programme de doctorat en d\u00e9veloppement r\u00e9gional. <\/p>\n<p>D\u00e9tenteur d&rsquo;un baccalaur\u00e9at en g\u00e9ographie de l&rsquo;Universit\u00e9 Laval, d&rsquo;une ma\u00eetrise en g\u00e9ographie de l&rsquo;Universit\u00e9 Louis-Pasteur de Strasbourg et d&rsquo;une ma\u00eetrise en \u00e9tudes r\u00e9gionales de l&rsquo;UQAC, son projet de recherche, men\u00e9 sous la direction du professeur Jules Dufour, est orient\u00e9 vers la mise en \u0153uvre d&rsquo;un d\u00e9veloppement r\u00e9gional plus durable, men\u00e9 en collaboration avec le Centre qu\u00e9b\u00e9cois de d\u00e9veloppement durable (CQDD). <\/p>\n<p><B>Description du projet \u2014<\/B> \u00c0 l&rsquo;heure de la mondialisation, pour tirer son \u00e9pingle du jeu face \u00e0 la concurrence internationale, une r\u00e9gion comme le Saguenay \u2013 Lac-Saint-Jean doit pouvoir appuyer son d\u00e9veloppement sur des consensus forts permettant aux projets en d\u00e9marrage de tirer pleinement profit du support de la collectivit\u00e9 au sein de laquelle ils prennent naissance.<\/p>\n<p>Or, cet appui n&rsquo;est pas toujours gagn\u00e9 d&rsquo;avance. Pour qu&rsquo;ils soient porteurs d&rsquo;avenir au sein des collectivit\u00e9s, les projets de d\u00e9veloppement qui comportent des \u00e9l\u00e9ments \u00absensibles\u00bb (ou controvers\u00e9s) doivent d\u00e9sormais passer le test de l&rsquo;acceptabilit\u00e9 sociale. Sans cette \u00e9tape cruciale, leur d\u00e9marrage risque d&rsquo;engendrer frustrations et d\u00e9chirements au sein des collectivit\u00e9s. Ces projets sont ainsi condamn\u00e9s \u00e0 ne pouvoir s&rsquo;inscrire dans la durabilit\u00e9 car ils ne b\u00e9n\u00e9ficient pas du n\u00e9cessaire support de l&rsquo;ensemble de la communaut\u00e9. De plus, dans certains cas, les m\u00e9sententes cr\u00e9\u00e9es peuvent entra\u00eener des cons\u00e9quences indirectes extr\u00eamement n\u00e9fastes, \u00e9branlant les processus de concertation souvent d\u00e9j\u00e0 fort pr\u00e9caires. Les efforts de d\u00e9veloppement se transforment ainsi en vecteurs de \u00ab contre d\u00e9veloppement \u00bb qui font reculer les collectivit\u00e9s plut\u00f4t que de les mener en avant.<\/p>\n<p>L&rsquo;implantation d&rsquo;une usine de traitement des sols contamin\u00e9s \u00e0 Saint-Ambroise (R\u00e9cup\u00e8re-sol) et, plus r\u00e9cemment, le projet d&rsquo;implantation d&rsquo;une fili\u00e8re porcine par la coop\u00e9rative Nutrinor (pour n&rsquo;en nommer que deux), ont clairement mis en \u00e9vidence les risques associ\u00e9s au d\u00e9marrage de tels projets en l&rsquo;absence d&rsquo;un processus visant leur acceptabilit\u00e9, en amont, par la collectivit\u00e9.<\/p>\n<p>Pour s&rsquo;assurer que les projets de d\u00e9veloppement plus \u00ab sensibles \u00bb passent le test de l&rsquo;acceptabilit\u00e9 sociale et que, par cons\u00e9quent, la r\u00e9gion puisse placer son d\u00e9veloppement sous le signe de la durabilit\u00e9, des outils efficaces sont n\u00e9cessaires. Ces outils doivent \u00eatre en mesure d&rsquo;une part, d&rsquo;assurer aux diff\u00e9rents acteurs un libre acc\u00e8s \u00e0 une information de qualit\u00e9 ainsi qu&rsquo;un lieu de dialogue et de d\u00e9bat constructif permettant l&rsquo;atteinte d&rsquo;un compromis acceptable pour le promoteur et la communaut\u00e9 et, d&rsquo;autre part, d&rsquo;asseoir ce dialogue sur une base analytique transparente et partag\u00e9e par tous, fond\u00e9e sur les principes d&rsquo;un d\u00e9veloppement collectif durable.<\/p>\n<p>Un Bureau r\u00e9gional de d\u00e9veloppement durable (BRDD), s&rsquo;appuyant sur une grille d&rsquo;analyse et de bonification de projet, pourrait s&rsquo;av\u00e9rer un outil efficace pour atteindre ce double objectif. Le projet de recherche que je m\u00e8ne actuellement vise donc \u00e0 d\u00e9velopper cet outil et \u00e0 v\u00e9rifier sa r\u00e9ceptivit\u00e9 et son applicabilit\u00e9 sur le terrain. La d\u00e9marche s&rsquo;effectue en cinq \u00e9tapes :<\/p>\n<p><UL><LI>\u00c9laboration d&rsquo;un mod\u00e8le de Bureau r\u00e9gional de d\u00e9veloppement durable (BRDD) s&rsquo;appuyant sur une grille d&rsquo;analyse et de bonification de projet ;<br \/>\n<LI>V\u00e9rification de la r\u00e9ceptivit\u00e9 du BRDD et de la grille d&rsquo;analyse et de bonification de projet sur laquelle il repose, aupr\u00e8s de la population, des d\u00e9cideurs r\u00e9gionaux et des entrepreneurs (sondages) ;<br \/>\n<LI>V\u00e9rification de l&rsquo;applicabilit\u00e9 du mod\u00e8le propos\u00e9 par un test en situation r\u00e9elle (cas concrets) ;<br \/>\n<LI>Compilation des donn\u00e9es et \u00e9valuation de la r\u00e9ceptivit\u00e9 et de l&rsquo;applicabilit\u00e9 de l&rsquo;id\u00e9e propos\u00e9e pour en tirer les conclusions qui s&rsquo;imposent ;<br \/>\n<LI>R\u00e9daction de la th\u00e8se.<\/UL><\/p>\n<p>La premi\u00e8re \u00e9tape est compl\u00e9t\u00e9e depuis quelques mois d\u00e9j\u00e0 alors que les \u00e9tapes 2 et 3 sont entam\u00e9es depuis le d\u00e9but de l&rsquo;automne 2003 et se poursuivront au cours de l&rsquo;hiver 2004. L&rsquo;\u00e9tape 4 devrait d\u00e9buter d\u00e8s l&rsquo;hiver 2004 et se poursuive jusqu&rsquo;au printemps alors que l&rsquo;\u00e9tape 5 devrait \u00eatre compl\u00e9t\u00e9e au cours de l&rsquo;\u00e9t\u00e9 2004.<\/p>\n<p>Il est \u00e0 noter que mes recherches sont men\u00e9es en \u00e9troite collaboration avec le Centre qu\u00e9b\u00e9cois de d\u00e9veloppement durable (CQDD). Ce partenariat s&rsquo;av\u00e8re une occasion d&rsquo;enrichissement mutuel extr\u00eamement positive permettant d&rsquo;ancrer les recherches au c\u0153ur des r\u00e9alit\u00e9s du milieu r\u00e9gional tout en jouissant d&rsquo;un partage d&rsquo;expertise des plus efficaces.<\/p>\n","protected":false},"excerpt":{"rendered":"<p>Monsieur Denis Dor\u00e9, originaire d&rsquo;Alma au Lac-Saint-Jean, un \u00e9tudiant au doctorat en d\u00e9veloppement r\u00e9gional \u00e0 l&rsquo;Universit\u00e9 du Qu\u00e9bec \u00e0 Chicoutimi, a re\u00e7u la prestigieuse Bourse Alcan 2003. La bourse d&rsquo;une valeur de 10 000 $ lui a \u00e9t\u00e9 remise par le directeur de l&rsquo;Usine Saguenay, M. Camil Couillard. Monsieur Dor\u00e9 devient ainsi le dix-huiti\u00e8me r\u00e9cipiendaire [&hellip;]<\/p>\n","protected":false},"author":5,"featured_media":0,"comment_status":"closed","ping_status":"1","sticky":false,"template":"","format":"standard","meta":{"footnotes":""},"categories":[9],"tags":[],"yoast_head":"<!-- This site is optimized with the Yoast SEO plugin v24.2 - https:\/\/yoast.com\/wordpress\/plugins\/seo\/ -->\r\n<title>Denis Dor\u00e9 re\u00e7oit la Bourse Alcan 2003 - UQACtualit\u00e9s<\/title>\r\n<meta name=\"robots\" content=\"index, follow, max-snippet:-1, max-image-preview:large, max-video-preview:-1\" \/>\r\n<link rel=\"canonical\" href=\"https:\/\/www.uqac.ca\/uqactualites\/2004\/02\/04\/denis-dore-recoit-la-bourse-alcan-2003\/\" \/>\r\n<meta property=\"og:locale\" content=\"fr_CA\" \/>\r\n<meta property=\"og:type\" content=\"article\" \/>\r\n<meta property=\"og:title\" content=\"Denis Dor\u00e9 re\u00e7oit la Bourse Alcan 2003 - UQACtualit\u00e9s\" \/>\r\n<meta property=\"og:description\" content=\"Monsieur Denis Dor\u00e9, originaire d&rsquo;Alma au Lac-Saint-Jean, un \u00e9tudiant au doctorat en d\u00e9veloppement r\u00e9gional \u00e0 l&rsquo;Universit\u00e9 du Qu\u00e9bec \u00e0 Chicoutimi, a re\u00e7u la prestigieuse Bourse Alcan 2003. La bourse d&rsquo;une valeur de 10 000 $ lui a \u00e9t\u00e9 remise par le directeur de l&rsquo;Usine Saguenay, M. Camil Couillard. Monsieur Dor\u00e9 devient ainsi le dix-huiti\u00e8me r\u00e9cipiendaire [&hellip;]\" \/>\r\n<meta property=\"og:url\" content=\"https:\/\/www.uqac.ca\/uqactualites\/2004\/02\/04\/denis-dore-recoit-la-bourse-alcan-2003\/\" \/>\r\n<meta property=\"og:site_name\" content=\"UQACtualit\u00e9s\" \/>\r\n<meta property=\"article:published_time\" content=\"2004-02-04T19:14:11+00:00\" \/>\r\n<meta property=\"og:image\" content=\"http:\/\/www.uqac.ca\/wp-content\/uploads\/2012\/03\/LtYlkoKTIFSJtZ1X-300x219.jpg\" \/>\r\n<meta name=\"author\" content=\"Service des communications et des relations publiques\" \/>\r\n<meta name=\"twitter:card\" content=\"summary_large_image\" \/>\r\n<meta name=\"twitter:label1\" content=\"\u00c9crit par\" \/>\n\t<meta name=\"twitter:data1\" content=\"Service des communications et des relations publiques\" \/>\n\t<meta name=\"twitter:label2\" content=\"Estimation du temps de lecture\" \/>\n\t<meta name=\"twitter:data2\" content=\"4 minutes\" \/>\r\n<script type=\"application\/ld+json\" class=\"yoast-schema-graph\">{\"@context\":\"https:\/\/schema.org\",\"@graph\":[{\"@type\":\"WebPage\",\"@id\":\"https:\/\/www.uqac.ca\/uqactualites\/2004\/02\/04\/denis-dore-recoit-la-bourse-alcan-2003\/\",\"url\":\"https:\/\/www.uqac.ca\/uqactualites\/2004\/02\/04\/denis-dore-recoit-la-bourse-alcan-2003\/\",\"name\":\"Denis Dor\u00e9 re\u00e7oit la Bourse Alcan 2003 - UQACtualit\u00e9s\",\"isPartOf\":{\"@id\":\"https:\/\/www.uqac.ca\/uqactualites\/#website\"},\"primaryImageOfPage\":{\"@id\":\"https:\/\/www.uqac.ca\/uqactualites\/2004\/02\/04\/denis-dore-recoit-la-bourse-alcan-2003\/#primaryimage\"},\"image\":{\"@id\":\"https:\/\/www.uqac.ca\/uqactualites\/2004\/02\/04\/denis-dore-recoit-la-bourse-alcan-2003\/#primaryimage\"},\"thumbnailUrl\":\"http:\/\/www.uqac.ca\/wp-content\/uploads\/2012\/03\/LtYlkoKTIFSJtZ1X-300x219.jpg\",\"datePublished\":\"2004-02-04T19:14:11+00:00\",\"dateModified\":\"2004-02-04T19:14:11+00:00\",\"author\":{\"@id\":\"https:\/\/www.uqac.ca\/uqactualites\/#\/schema\/person\/366c45a0c4f0e677b41b4af5886e2018\"},\"breadcrumb\":{\"@id\":\"https:\/\/www.uqac.ca\/uqactualites\/2004\/02\/04\/denis-dore-recoit-la-bourse-alcan-2003\/#breadcrumb\"},\"inLanguage\":\"fr-CA\",\"potentialAction\":[{\"@type\":\"ReadAction\",\"target\":[\"https:\/\/www.uqac.ca\/uqactualites\/2004\/02\/04\/denis-dore-recoit-la-bourse-alcan-2003\/\"]}]},{\"@type\":\"ImageObject\",\"inLanguage\":\"fr-CA\",\"@id\":\"https:\/\/www.uqac.ca\/uqactualites\/2004\/02\/04\/denis-dore-recoit-la-bourse-alcan-2003\/#primaryimage\",\"url\":\"http:\/\/www.uqac.ca\/wp-content\/uploads\/2012\/03\/LtYlkoKTIFSJtZ1X-300x219.jpg\",\"contentUrl\":\"http:\/\/www.uqac.ca\/wp-content\/uploads\/2012\/03\/LtYlkoKTIFSJtZ1X-300x219.jpg\"},{\"@type\":\"BreadcrumbList\",\"@id\":\"https:\/\/www.uqac.ca\/uqactualites\/2004\/02\/04\/denis-dore-recoit-la-bourse-alcan-2003\/#breadcrumb\",\"itemListElement\":[{\"@type\":\"ListItem\",\"position\":1,\"name\":\"Home\",\"item\":\"https:\/\/www.uqac.ca\/uqactualites\/\"},{\"@type\":\"ListItem\",\"position\":2,\"name\":\"Denis Dor\u00e9 re\u00e7oit la Bourse Alcan 2003\"}]},{\"@type\":\"WebSite\",\"@id\":\"https:\/\/www.uqac.ca\/uqactualites\/#website\",\"url\":\"https:\/\/www.uqac.ca\/uqactualites\/\",\"name\":\"UQACtualit\u00e9s\",\"description\":\"Le portail des nouvelles de l&#039;UQAC\",\"potentialAction\":[{\"@type\":\"SearchAction\",\"target\":{\"@type\":\"EntryPoint\",\"urlTemplate\":\"https:\/\/www.uqac.ca\/uqactualites\/?s={search_term_string}\"},\"query-input\":{\"@type\":\"PropertyValueSpecification\",\"valueRequired\":true,\"valueName\":\"search_term_string\"}}],\"inLanguage\":\"fr-CA\"},{\"@type\":\"Person\",\"@id\":\"https:\/\/www.uqac.ca\/uqactualites\/#\/schema\/person\/366c45a0c4f0e677b41b4af5886e2018\",\"name\":\"Service des communications et des relations publiques\",\"image\":{\"@type\":\"ImageObject\",\"inLanguage\":\"fr-CA\",\"@id\":\"https:\/\/www.uqac.ca\/uqactualites\/#\/schema\/person\/image\/\",\"url\":\"https:\/\/secure.gravatar.com\/avatar\/20fbbda8a292f59f2d3461a5b999c00b?s=96&d=mm&r=g\",\"contentUrl\":\"https:\/\/secure.gravatar.com\/avatar\/20fbbda8a292f59f2d3461a5b999c00b?s=96&d=mm&r=g\",\"caption\":\"Service des communications et des relations publiques\"},\"url\":\"https:\/\/www.uqac.ca\/uqactualites\/author\/bap\/\"}]}<\/script>\r\n<!-- \/ Yoast SEO plugin. -->","yoast_head_json":{"title":"Denis Dor\u00e9 re\u00e7oit la Bourse Alcan 2003 - UQACtualit\u00e9s","robots":{"index":"index","follow":"follow","max-snippet":"max-snippet:-1","max-image-preview":"max-image-preview:large","max-video-preview":"max-video-preview:-1"},"canonical":"https:\/\/www.uqac.ca\/uqactualites\/2004\/02\/04\/denis-dore-recoit-la-bourse-alcan-2003\/","og_locale":"fr_CA","og_type":"article","og_title":"Denis Dor\u00e9 re\u00e7oit la Bourse Alcan 2003 - UQACtualit\u00e9s","og_description":"Monsieur Denis Dor\u00e9, originaire d&rsquo;Alma au Lac-Saint-Jean, un \u00e9tudiant au doctorat en d\u00e9veloppement r\u00e9gional \u00e0 l&rsquo;Universit\u00e9 du Qu\u00e9bec \u00e0 Chicoutimi, a re\u00e7u la prestigieuse Bourse Alcan 2003. La bourse d&rsquo;une valeur de 10 000 $ lui a \u00e9t\u00e9 remise par le directeur de l&rsquo;Usine Saguenay, M. Camil Couillard. Monsieur Dor\u00e9 devient ainsi le dix-huiti\u00e8me r\u00e9cipiendaire [&hellip;]","og_url":"https:\/\/www.uqac.ca\/uqactualites\/2004\/02\/04\/denis-dore-recoit-la-bourse-alcan-2003\/","og_site_name":"UQACtualit\u00e9s","article_published_time":"2004-02-04T19:14:11+00:00","og_image":[{"url":"http:\/\/www.uqac.ca\/wp-content\/uploads\/2012\/03\/LtYlkoKTIFSJtZ1X-300x219.jpg","type":"","width":"","height":""}],"author":"Service des communications et des relations publiques","twitter_card":"summary_large_image","twitter_misc":{"\u00c9crit par":"Service des communications et des relations publiques","Estimation du temps de lecture":"4 minutes"},"schema":{"@context":"https:\/\/schema.org","@graph":[{"@type":"WebPage","@id":"https:\/\/www.uqac.ca\/uqactualites\/2004\/02\/04\/denis-dore-recoit-la-bourse-alcan-2003\/","url":"https:\/\/www.uqac.ca\/uqactualites\/2004\/02\/04\/denis-dore-recoit-la-bourse-alcan-2003\/","name":"Denis Dor\u00e9 re\u00e7oit la Bourse Alcan 2003 - UQACtualit\u00e9s","isPartOf":{"@id":"https:\/\/www.uqac.ca\/uqactualites\/#website"},"primaryImageOfPage":{"@id":"https:\/\/www.uqac.ca\/uqactualites\/2004\/02\/04\/denis-dore-recoit-la-bourse-alcan-2003\/#primaryimage"},"image":{"@id":"https:\/\/www.uqac.ca\/uqactualites\/2004\/02\/04\/denis-dore-recoit-la-bourse-alcan-2003\/#primaryimage"},"thumbnailUrl":"http:\/\/www.uqac.ca\/wp-content\/uploads\/2012\/03\/LtYlkoKTIFSJtZ1X-300x219.jpg","datePublished":"2004-02-04T19:14:11+00:00","dateModified":"2004-02-04T19:14:11+00:00","author":{"@id":"https:\/\/www.uqac.ca\/uqactualites\/#\/schema\/person\/366c45a0c4f0e677b41b4af5886e2018"},"breadcrumb":{"@id":"https:\/\/www.uqac.ca\/uqactualites\/2004\/02\/04\/denis-dore-recoit-la-bourse-alcan-2003\/#breadcrumb"},"inLanguage":"fr-CA","potentialAction":[{"@type":"ReadAction","target":["https:\/\/www.uqac.ca\/uqactualites\/2004\/02\/04\/denis-dore-recoit-la-bourse-alcan-2003\/"]}]},{"@type":"ImageObject","inLanguage":"fr-CA","@id":"https:\/\/www.uqac.ca\/uqactualites\/2004\/02\/04\/denis-dore-recoit-la-bourse-alcan-2003\/#primaryimage","url":"http:\/\/www.uqac.ca\/wp-content\/uploads\/2012\/03\/LtYlkoKTIFSJtZ1X-300x219.jpg","contentUrl":"http:\/\/www.uqac.ca\/wp-content\/uploads\/2012\/03\/LtYlkoKTIFSJtZ1X-300x219.jpg"},{"@type":"BreadcrumbList","@id":"https:\/\/www.uqac.ca\/uqactualites\/2004\/02\/04\/denis-dore-recoit-la-bourse-alcan-2003\/#breadcrumb","itemListElement":[{"@type":"ListItem","position":1,"name":"Home","item":"https:\/\/www.uqac.ca\/uqactualites\/"},{"@type":"ListItem","position":2,"name":"Denis Dor\u00e9 re\u00e7oit la Bourse Alcan 2003"}]},{"@type":"WebSite","@id":"https:\/\/www.uqac.ca\/uqactualites\/#website","url":"https:\/\/www.uqac.ca\/uqactualites\/","name":"UQACtualit\u00e9s","description":"Le portail des nouvelles de l&#039;UQAC","potentialAction":[{"@type":"SearchAction","target":{"@type":"EntryPoint","urlTemplate":"https:\/\/www.uqac.ca\/uqactualites\/?s={search_term_string}"},"query-input":{"@type":"PropertyValueSpecification","valueRequired":true,"valueName":"search_term_string"}}],"inLanguage":"fr-CA"},{"@type":"Person","@id":"https:\/\/www.uqac.ca\/uqactualites\/#\/schema\/person\/366c45a0c4f0e677b41b4af5886e2018","name":"Service des communications et des relations publiques","image":{"@type":"ImageObject","inLanguage":"fr-CA","@id":"https:\/\/www.uqac.ca\/uqactualites\/#\/schema\/person\/image\/","url":"https:\/\/secure.gravatar.com\/avatar\/20fbbda8a292f59f2d3461a5b999c00b?s=96&d=mm&r=g","contentUrl":"https:\/\/secure.gravatar.com\/avatar\/20fbbda8a292f59f2d3461a5b999c00b?s=96&d=mm&r=g","caption":"Service des communications et des relations publiques"},"url":"https:\/\/www.uqac.ca\/uqactualites\/author\/bap\/"}]}},"_links":{"self":[{"href":"https:\/\/www.uqac.ca\/uqactualites\/wp-json\/wp\/v2\/posts\/19664"}],"collection":[{"href":"https:\/\/www.uqac.ca\/uqactualites\/wp-json\/wp\/v2\/posts"}],"about":[{"href":"https:\/\/www.uqac.ca\/uqactualites\/wp-json\/wp\/v2\/types\/post"}],"author":[{"embeddable":true,"href":"https:\/\/www.uqac.ca\/uqactualites\/wp-json\/wp\/v2\/users\/5"}],"replies":[{"embeddable":true,"href":"https:\/\/www.uqac.ca\/uqactualites\/wp-json\/wp\/v2\/comments?post=19664"}],"version-history":[{"count":0,"href":"https:\/\/www.uqac.ca\/uqactualites\/wp-json\/wp\/v2\/posts\/19664\/revisions"}],"wp:attachment":[{"href":"https:\/\/www.uqac.ca\/uqactualites\/wp-json\/wp\/v2\/media?parent=19664"}],"wp:term":[{"taxonomy":"category","embeddable":true,"href":"https:\/\/www.uqac.ca\/uqactualites\/wp-json\/wp\/v2\/categories?post=19664"},{"taxonomy":"post_tag","embeddable":true,"href":"https:\/\/www.uqac.ca\/uqactualites\/wp-json\/wp\/v2\/tags?post=19664"}],"curies":[{"name":"wp","href":"https:\/\/api.w.org\/{rel}","templated":true}]}}