{"id":19667,"date":"2004-02-04T09:31:12","date_gmt":"2004-02-04T15:01:12","guid":{"rendered":"http:\/\/uqactualite.odev.ca\/2004\/02\/351e-reunion-du-ca-de-luqac\/"},"modified":"2004-02-04T09:31:12","modified_gmt":"2004-02-04T15:01:12","slug":"351e-reunion-du-ca-de-luqac","status":"publish","type":"post","link":"https:\/\/www.uqac.ca\/uqactualites\/2004\/02\/04\/351e-reunion-du-ca-de-luqac\/","title":{"rendered":"351e r\u00e9union du CA de l&rsquo;UQAC"},"content":{"rendered":"<p>Les membres du Conseil d&rsquo;administration de l&rsquo;UQAC ont tenu leur 351e r\u00e9union ordinaire le 27 janvier 2004.  Le principal dossier discut\u00e9 \u00e0 cette occasion a \u00e9t\u00e9 la r\u00e9vision budg\u00e9taire au 30 novembre 2003.  Le vice-recteur \u00e0 l&rsquo;administration et aux finances, accompagn\u00e9 du directeur du Service des finances par int\u00e9rim, ont donn\u00e9 toutes les informations pertinentes sur les \u00e9carts entre le budget de fonctionnement adopt\u00e9 au mois de mai 2003 et le budget en date du 30 novembre dernier.  Ainsi, le total des produits se situe \u00e0 60 763 M $ alors que le budget original le situait \u00e0 57 085 M $, soit une augmentation des produits de l&rsquo;ordre de 6,35 %.  Cette croissance s&rsquo;explique principalement par une augmentation des droits de scolarit\u00e9 et de la subvention du minist\u00e8re de l&rsquo;\u00c9ducation.  Pour leur part, les charges se situent \u00e0 58 601 M $ alors que le budget original totalisait 57 085 $, soit une augmentation des charges de 2,66 %.  Cette croissance s&rsquo;explique principalement par une majoration de la masse salariale, l&rsquo;ACFAS, l&rsquo;offre du nouveau baccalaur\u00e9at en transformation de l&rsquo;aluminium, les frais reli\u00e9s au d\u00e9veloppement de la recherche et par la hausse des co\u00fbts de l&rsquo;\u00e9nergie.  Ainsi, selon les donn\u00e9es actuellement disponibles et si aucun impr\u00e9vu majeur ne survient, l&rsquo;exercice financier de l&rsquo;Universit\u00e9 du Qu\u00e9bec \u00e0 Chicoutimi se soldera par un surplus des produits de l&rsquo;ordre de 1 119 M $.  Accompagnait \u00e9galement le dossier de la r\u00e9vision budg\u00e9taire, des modifications au plan d&rsquo;effectif de l&rsquo;UQAC.<\/p>\n<p>En ce qui concerne l&rsquo;enseignement, les membres ont autoris\u00e9 la signature du protocole d&rsquo;entente relatif \u00e0 l&rsquo;extension \u00e0 l&rsquo;UQAT du programme de certificat en int\u00e9gration sociocommunautaire des personnes ayant une d\u00e9ficience intellectuelle offert \u00e0 l&rsquo;UQAC.  De plus, la mise sur pied du Comit\u00e9 d&rsquo;aide au d\u00e9veloppement de l&rsquo;enseignement et de la recherche a \u00e9t\u00e9 discut\u00e9e.  Ce comit\u00e9 aura comme mandat principal de fournir aux diff\u00e9rents organismes statutaires de l&rsquo;UQAC les informations financi\u00e8res, techniques et administratives n\u00e9cessaires \u00e0 l&rsquo;implantation de tout projet p\u00e9dagogique ou de recherche pouvant avoir un impact sur le mode de fonctionnement normal de l&rsquo;Universit\u00e9.  <\/p>\n<p>Sous la rubrique des affaires professorales, le Conseil d&rsquo;administration a re\u00e7u un certain nombre de rapports des professeurs ayant obtenu une sabbatique ou un perfectionnement au cours de l&rsquo;ann\u00e9e 2002-2003.  Dans la m\u00eame lign\u00e9e, ils ont accord\u00e9 des sabbatiques \u00e0 11 professeurs, dont 4 pour une dur\u00e9e de 6 mois; de m\u00eame ils ont accord\u00e9 2 perfectionnements.  <\/p>\n<p>Les membres ont \u00e9galement proc\u00e9d\u00e9 \u00e0 la formation du Comit\u00e9 ex\u00e9cutif pour l&rsquo;ann\u00e9e en cours, sur lequel si\u00e8gera M. Michel Belley, recteur, M. Dominique Bouchard, membre socio\u00e9conomique, M. Ghislain Bourque, vice-recteur \u00e0 l&rsquo;enseignement et \u00e0 la recherche, M. Gilles Gagnon, professeur et M. Fr\u00e9d\u00e9ric Simard, \u00e9tudiant.  Ils ont \u00e9galement nomm\u00e9 M. Jean-Guy Hudon au Comit\u00e9 d&rsquo;\u00e9thique des membres du Conseil d&rsquo;administration de l&rsquo;UQAC en remplacement de M. Denis Bourque.  <\/p>\n<p>Le Conseil d&rsquo;administration a \u00e9galement vot\u00e9 une motion de f\u00e9licitations \u00e0 M. Denis Bourque qui vient de terminer son deuxi\u00e8me mandat au sein du Conseil d&rsquo;administration de l&rsquo;UQAC.  Sa participation active, son int\u00e9r\u00eat pour le d\u00e9veloppement de l&rsquo;institution et son grand d\u00e9vouement en ont fait un alli\u00e9 de taille pour la valorisation de la cause universitaire.<\/p>\n","protected":false},"excerpt":{"rendered":"<p>Les membres du Conseil d&rsquo;administration de l&rsquo;UQAC ont tenu leur 351e r\u00e9union ordinaire le 27 janvier 2004. Le principal dossier discut\u00e9 \u00e0 cette occasion a \u00e9t\u00e9 la r\u00e9vision budg\u00e9taire au 30 novembre 2003. Le vice-recteur \u00e0 l&rsquo;administration et aux finances, accompagn\u00e9 du directeur du Service des finances par int\u00e9rim, ont donn\u00e9 toutes les informations pertinentes [&hellip;]<\/p>\n","protected":false},"author":5,"featured_media":0,"comment_status":"closed","ping_status":"1","sticky":false,"template":"","format":"standard","meta":{"footnotes":""},"categories":[2772],"tags":[],"yoast_head":"<!-- This site is optimized with the Yoast SEO plugin v24.2 - https:\/\/yoast.com\/wordpress\/plugins\/seo\/ -->\r\n<title>351e r\u00e9union du CA de l&#039;UQAC - UQACtualit\u00e9s<\/title>\r\n<meta name=\"robots\" content=\"index, follow, max-snippet:-1, max-image-preview:large, max-video-preview:-1\" \/>\r\n<link rel=\"canonical\" href=\"https:\/\/www.uqac.ca\/uqactualites\/2004\/02\/04\/351e-reunion-du-ca-de-luqac\/\" \/>\r\n<meta property=\"og:locale\" content=\"fr_CA\" \/>\r\n<meta property=\"og:type\" content=\"article\" \/>\r\n<meta property=\"og:title\" content=\"351e r\u00e9union du CA de l&#039;UQAC - UQACtualit\u00e9s\" \/>\r\n<meta property=\"og:description\" content=\"Les membres du Conseil d&rsquo;administration de l&rsquo;UQAC ont tenu leur 351e r\u00e9union ordinaire le 27 janvier 2004. Le principal dossier discut\u00e9 \u00e0 cette occasion a \u00e9t\u00e9 la r\u00e9vision budg\u00e9taire au 30 novembre 2003. Le vice-recteur \u00e0 l&rsquo;administration et aux finances, accompagn\u00e9 du directeur du Service des finances par int\u00e9rim, ont donn\u00e9 toutes les informations pertinentes [&hellip;]\" \/>\r\n<meta property=\"og:url\" content=\"https:\/\/www.uqac.ca\/uqactualites\/2004\/02\/04\/351e-reunion-du-ca-de-luqac\/\" \/>\r\n<meta property=\"og:site_name\" content=\"UQACtualit\u00e9s\" \/>\r\n<meta property=\"article:published_time\" content=\"2004-02-04T15:01:12+00:00\" \/>\r\n<meta name=\"author\" content=\"Service des communications et des relations publiques\" \/>\r\n<meta name=\"twitter:card\" content=\"summary_large_image\" \/>\r\n<meta name=\"twitter:label1\" content=\"\u00c9crit par\" \/>\n\t<meta name=\"twitter:data1\" content=\"Service des communications et des relations publiques\" \/>\n\t<meta name=\"twitter:label2\" content=\"Estimation du temps de lecture\" \/>\n\t<meta name=\"twitter:data2\" content=\"3 minutes\" \/>\r\n<script type=\"application\/ld+json\" class=\"yoast-schema-graph\">{\"@context\":\"https:\/\/schema.org\",\"@graph\":[{\"@type\":\"WebPage\",\"@id\":\"https:\/\/www.uqac.ca\/uqactualites\/2004\/02\/04\/351e-reunion-du-ca-de-luqac\/\",\"url\":\"https:\/\/www.uqac.ca\/uqactualites\/2004\/02\/04\/351e-reunion-du-ca-de-luqac\/\",\"name\":\"351e r\u00e9union du CA de l'UQAC - UQACtualit\u00e9s\",\"isPartOf\":{\"@id\":\"https:\/\/www.uqac.ca\/uqactualites\/#website\"},\"datePublished\":\"2004-02-04T15:01:12+00:00\",\"dateModified\":\"2004-02-04T15:01:12+00:00\",\"author\":{\"@id\":\"https:\/\/www.uqac.ca\/uqactualites\/#\/schema\/person\/366c45a0c4f0e677b41b4af5886e2018\"},\"breadcrumb\":{\"@id\":\"https:\/\/www.uqac.ca\/uqactualites\/2004\/02\/04\/351e-reunion-du-ca-de-luqac\/#breadcrumb\"},\"inLanguage\":\"fr-CA\",\"potentialAction\":[{\"@type\":\"ReadAction\",\"target\":[\"https:\/\/www.uqac.ca\/uqactualites\/2004\/02\/04\/351e-reunion-du-ca-de-luqac\/\"]}]},{\"@type\":\"BreadcrumbList\",\"@id\":\"https:\/\/www.uqac.ca\/uqactualites\/2004\/02\/04\/351e-reunion-du-ca-de-luqac\/#breadcrumb\",\"itemListElement\":[{\"@type\":\"ListItem\",\"position\":1,\"name\":\"Home\",\"item\":\"https:\/\/www.uqac.ca\/uqactualites\/\"},{\"@type\":\"ListItem\",\"position\":2,\"name\":\"351e r\u00e9union du CA de l&rsquo;UQAC\"}]},{\"@type\":\"WebSite\",\"@id\":\"https:\/\/www.uqac.ca\/uqactualites\/#website\",\"url\":\"https:\/\/www.uqac.ca\/uqactualites\/\",\"name\":\"UQACtualit\u00e9s\",\"description\":\"Le portail des nouvelles de l&#039;UQAC\",\"potentialAction\":[{\"@type\":\"SearchAction\",\"target\":{\"@type\":\"EntryPoint\",\"urlTemplate\":\"https:\/\/www.uqac.ca\/uqactualites\/?s={search_term_string}\"},\"query-input\":{\"@type\":\"PropertyValueSpecification\",\"valueRequired\":true,\"valueName\":\"search_term_string\"}}],\"inLanguage\":\"fr-CA\"},{\"@type\":\"Person\",\"@id\":\"https:\/\/www.uqac.ca\/uqactualites\/#\/schema\/person\/366c45a0c4f0e677b41b4af5886e2018\",\"name\":\"Service des communications et des relations publiques\",\"image\":{\"@type\":\"ImageObject\",\"inLanguage\":\"fr-CA\",\"@id\":\"https:\/\/www.uqac.ca\/uqactualites\/#\/schema\/person\/image\/\",\"url\":\"https:\/\/secure.gravatar.com\/avatar\/20fbbda8a292f59f2d3461a5b999c00b?s=96&d=mm&r=g\",\"contentUrl\":\"https:\/\/secure.gravatar.com\/avatar\/20fbbda8a292f59f2d3461a5b999c00b?s=96&d=mm&r=g\",\"caption\":\"Service des communications et des relations publiques\"},\"url\":\"https:\/\/www.uqac.ca\/uqactualites\/author\/bap\/\"}]}<\/script>\r\n<!-- \/ Yoast SEO plugin. -->","yoast_head_json":{"title":"351e r\u00e9union du CA de l'UQAC - UQACtualit\u00e9s","robots":{"index":"index","follow":"follow","max-snippet":"max-snippet:-1","max-image-preview":"max-image-preview:large","max-video-preview":"max-video-preview:-1"},"canonical":"https:\/\/www.uqac.ca\/uqactualites\/2004\/02\/04\/351e-reunion-du-ca-de-luqac\/","og_locale":"fr_CA","og_type":"article","og_title":"351e r\u00e9union du CA de l'UQAC - UQACtualit\u00e9s","og_description":"Les membres du Conseil d&rsquo;administration de l&rsquo;UQAC ont tenu leur 351e r\u00e9union ordinaire le 27 janvier 2004. Le principal dossier discut\u00e9 \u00e0 cette occasion a \u00e9t\u00e9 la r\u00e9vision budg\u00e9taire au 30 novembre 2003. Le vice-recteur \u00e0 l&rsquo;administration et aux finances, accompagn\u00e9 du directeur du Service des finances par int\u00e9rim, ont donn\u00e9 toutes les informations pertinentes [&hellip;]","og_url":"https:\/\/www.uqac.ca\/uqactualites\/2004\/02\/04\/351e-reunion-du-ca-de-luqac\/","og_site_name":"UQACtualit\u00e9s","article_published_time":"2004-02-04T15:01:12+00:00","author":"Service des communications et des relations publiques","twitter_card":"summary_large_image","twitter_misc":{"\u00c9crit par":"Service des communications et des relations publiques","Estimation du temps de lecture":"3 minutes"},"schema":{"@context":"https:\/\/schema.org","@graph":[{"@type":"WebPage","@id":"https:\/\/www.uqac.ca\/uqactualites\/2004\/02\/04\/351e-reunion-du-ca-de-luqac\/","url":"https:\/\/www.uqac.ca\/uqactualites\/2004\/02\/04\/351e-reunion-du-ca-de-luqac\/","name":"351e r\u00e9union du CA de l'UQAC - UQACtualit\u00e9s","isPartOf":{"@id":"https:\/\/www.uqac.ca\/uqactualites\/#website"},"datePublished":"2004-02-04T15:01:12+00:00","dateModified":"2004-02-04T15:01:12+00:00","author":{"@id":"https:\/\/www.uqac.ca\/uqactualites\/#\/schema\/person\/366c45a0c4f0e677b41b4af5886e2018"},"breadcrumb":{"@id":"https:\/\/www.uqac.ca\/uqactualites\/2004\/02\/04\/351e-reunion-du-ca-de-luqac\/#breadcrumb"},"inLanguage":"fr-CA","potentialAction":[{"@type":"ReadAction","target":["https:\/\/www.uqac.ca\/uqactualites\/2004\/02\/04\/351e-reunion-du-ca-de-luqac\/"]}]},{"@type":"BreadcrumbList","@id":"https:\/\/www.uqac.ca\/uqactualites\/2004\/02\/04\/351e-reunion-du-ca-de-luqac\/#breadcrumb","itemListElement":[{"@type":"ListItem","position":1,"name":"Home","item":"https:\/\/www.uqac.ca\/uqactualites\/"},{"@type":"ListItem","position":2,"name":"351e r\u00e9union du CA de l&rsquo;UQAC"}]},{"@type":"WebSite","@id":"https:\/\/www.uqac.ca\/uqactualites\/#website","url":"https:\/\/www.uqac.ca\/uqactualites\/","name":"UQACtualit\u00e9s","description":"Le portail des nouvelles de l&#039;UQAC","potentialAction":[{"@type":"SearchAction","target":{"@type":"EntryPoint","urlTemplate":"https:\/\/www.uqac.ca\/uqactualites\/?s={search_term_string}"},"query-input":{"@type":"PropertyValueSpecification","valueRequired":true,"valueName":"search_term_string"}}],"inLanguage":"fr-CA"},{"@type":"Person","@id":"https:\/\/www.uqac.ca\/uqactualites\/#\/schema\/person\/366c45a0c4f0e677b41b4af5886e2018","name":"Service des communications et des relations publiques","image":{"@type":"ImageObject","inLanguage":"fr-CA","@id":"https:\/\/www.uqac.ca\/uqactualites\/#\/schema\/person\/image\/","url":"https:\/\/secure.gravatar.com\/avatar\/20fbbda8a292f59f2d3461a5b999c00b?s=96&d=mm&r=g","contentUrl":"https:\/\/secure.gravatar.com\/avatar\/20fbbda8a292f59f2d3461a5b999c00b?s=96&d=mm&r=g","caption":"Service des communications et des relations publiques"},"url":"https:\/\/www.uqac.ca\/uqactualites\/author\/bap\/"}]}},"_links":{"self":[{"href":"https:\/\/www.uqac.ca\/uqactualites\/wp-json\/wp\/v2\/posts\/19667"}],"collection":[{"href":"https:\/\/www.uqac.ca\/uqactualites\/wp-json\/wp\/v2\/posts"}],"about":[{"href":"https:\/\/www.uqac.ca\/uqactualites\/wp-json\/wp\/v2\/types\/post"}],"author":[{"embeddable":true,"href":"https:\/\/www.uqac.ca\/uqactualites\/wp-json\/wp\/v2\/users\/5"}],"replies":[{"embeddable":true,"href":"https:\/\/www.uqac.ca\/uqactualites\/wp-json\/wp\/v2\/comments?post=19667"}],"version-history":[{"count":0,"href":"https:\/\/www.uqac.ca\/uqactualites\/wp-json\/wp\/v2\/posts\/19667\/revisions"}],"wp:attachment":[{"href":"https:\/\/www.uqac.ca\/uqactualites\/wp-json\/wp\/v2\/media?parent=19667"}],"wp:term":[{"taxonomy":"category","embeddable":true,"href":"https:\/\/www.uqac.ca\/uqactualites\/wp-json\/wp\/v2\/categories?post=19667"},{"taxonomy":"post_tag","embeddable":true,"href":"https:\/\/www.uqac.ca\/uqactualites\/wp-json\/wp\/v2\/tags?post=19667"}],"curies":[{"name":"wp","href":"https:\/\/api.w.org\/{rel}","templated":true}]}}