{"id":19668,"date":"2004-02-03T16:49:30","date_gmt":"2004-02-03T22:19:30","guid":{"rendered":"http:\/\/uqactualite.odev.ca\/2004\/02\/registre-et-voix-sociale\/"},"modified":"2004-02-03T16:49:30","modified_gmt":"2004-02-03T22:19:30","slug":"registre-et-voix-sociale","status":"publish","type":"post","link":"https:\/\/www.uqac.ca\/uqactualites\/2004\/02\/03\/registre-et-voix-sociale\/","title":{"rendered":"Registre et voix sociale"},"content":{"rendered":"<p><figure id=\"attachment_19668\" aria-describedby=\"caption-attachment-19668\" style=\"width: 194px\" class=\"wp-caption alignright\"><a href=\"http:\/\/www.uqac.ca\/wp-content\/uploads\/2012\/03\/EXm405Fpcn5meVGH.jpg\"><img loading=\"lazy\" decoding=\"async\" class=\"size-medium wp-image-19668\" title=\"EXm405Fpcn5meVGH\" src=\"http:\/\/www.uqac.ca\/wp-content\/uploads\/2012\/03\/EXm405Fpcn5meVGH-194x300.jpg\" width=\"194\" height=\"300\" alt=\"\" \/><\/a><figcaption id=\"caption-attachment-19668\" class=\"wp-caption-text\">DEMERS, Monique, <I>Registre et voix sociale<\/I>, Qu\u00e9bec, \u00c9ditions Nota bene, 2003.<\/figcaption><\/figure>Mme Monique Demers, charg\u00e9e de cours du D\u00e9partement des arts et lettres de l&rsquo;UQAC, vient de faire para\u00eetre une nouvelle publication collective intitul\u00e9e <I>Registre et voix sociale<\/I>. <\/p>\n<p>Entendre la voix de quelqu&rsquo;un, l&rsquo;\u00e9couter, la reconna\u00eetre, s&rsquo;en bercer ou s&rsquo;en \u00e9loigner et parall\u00e8lement, adapter sa voix \u00e0 la situation, \u00e0 son interlocuteur, utiliser une voix c\u00e2line ou autoritaire, charmeuse ou indign\u00e9e, \u00e9mue ou indiff\u00e9rente font partie des exp\u00e9riences quotidiennes de chaque locuteur-auditeur. La voix, comme la physionomie, est bien s\u00fbr pour une part tributaire de notre h\u00e9ritage g\u00e9n\u00e9tique, mais pour une autre part, elle est conditionn\u00e9e par les contextes situationnels ainsi que par les environnements socioculturels dans lesquels nous \u00e9voluons.  Le pr\u00e9sent ouvrage traite de cette voix sociale.<\/p>\n<p>Les chercheurs qui ont collabor\u00e9 au collectif <I>Registre et voix sociale<\/I> sont rompus aux \u00e9tudes acoustiques de la voix parl\u00e9e en dehors des laboratoires et proviennent d&rsquo;horizons divers :  socioprosodie, prosodie, psychsociologie et intonosyntaxe. Les variations de registre intra- et\/ou interlocuteurs  sont examin\u00e9es en tenant compte : de facteurs situationnels (lecture de bulletins de nouvelles, discours politique, entrevue semi-dirig\u00e9e, dialogue spontan\u00e9, conversation en milieu de travail) ; de facteurs sociaux (sexe, appartenance socioprofessionnelle et g\u00e9ographique) ; de la valeur \u00e9nonciative de ces changements de registre.<\/p>\n<p>DEMERS, Monique (Sous la direction de), <I>Registre et voix sociale<\/I>, Qu\u00e9bec, \u00c9ditions Nota bene, 2003.<\/p>\n","protected":false},"excerpt":{"rendered":"<p>Mme Monique Demers, charg\u00e9e de cours du D\u00e9partement des arts et lettres de l&rsquo;UQAC, vient de faire para\u00eetre une nouvelle publication collective intitul\u00e9e Registre et voix sociale. Entendre la voix de quelqu&rsquo;un, l&rsquo;\u00e9couter, la reconna\u00eetre, s&rsquo;en bercer ou s&rsquo;en \u00e9loigner et parall\u00e8lement, adapter sa voix \u00e0 la situation, \u00e0 son interlocuteur, utiliser une voix c\u00e2line [&hellip;]<\/p>\n","protected":false},"author":5,"featured_media":0,"comment_status":"closed","ping_status":"1","sticky":false,"template":"","format":"standard","meta":{"footnotes":""},"categories":[25],"tags":[],"yoast_head":"<!-- This site is optimized with the Yoast SEO plugin v24.2 - https:\/\/yoast.com\/wordpress\/plugins\/seo\/ -->\r\n<title>Registre et voix sociale - UQACtualit\u00e9s<\/title>\r\n<meta name=\"robots\" content=\"index, follow, max-snippet:-1, max-image-preview:large, max-video-preview:-1\" \/>\r\n<link rel=\"canonical\" href=\"https:\/\/www.uqac.ca\/uqactualites\/2004\/02\/03\/registre-et-voix-sociale\/\" \/>\r\n<meta property=\"og:locale\" content=\"fr_CA\" \/>\r\n<meta property=\"og:type\" content=\"article\" \/>\r\n<meta property=\"og:title\" content=\"Registre et voix sociale - UQACtualit\u00e9s\" \/>\r\n<meta property=\"og:description\" content=\"Mme Monique Demers, charg\u00e9e de cours du D\u00e9partement des arts et lettres de l&rsquo;UQAC, vient de faire para\u00eetre une nouvelle publication collective intitul\u00e9e Registre et voix sociale. Entendre la voix de quelqu&rsquo;un, l&rsquo;\u00e9couter, la reconna\u00eetre, s&rsquo;en bercer ou s&rsquo;en \u00e9loigner et parall\u00e8lement, adapter sa voix \u00e0 la situation, \u00e0 son interlocuteur, utiliser une voix c\u00e2line [&hellip;]\" \/>\r\n<meta property=\"og:url\" content=\"https:\/\/www.uqac.ca\/uqactualites\/2004\/02\/03\/registre-et-voix-sociale\/\" \/>\r\n<meta property=\"og:site_name\" content=\"UQACtualit\u00e9s\" \/>\r\n<meta property=\"article:published_time\" content=\"2004-02-03T22:19:30+00:00\" \/>\r\n<meta property=\"og:image\" content=\"http:\/\/www.uqac.ca\/wp-content\/uploads\/2012\/03\/EXm405Fpcn5meVGH-194x300.jpg\" \/>\r\n<meta name=\"author\" content=\"Service des communications et des relations publiques\" \/>\r\n<meta name=\"twitter:card\" content=\"summary_large_image\" \/>\r\n<meta name=\"twitter:label1\" content=\"\u00c9crit par\" \/>\n\t<meta name=\"twitter:data1\" content=\"Service des communications et des relations publiques\" \/>\n\t<meta name=\"twitter:label2\" content=\"Estimation du temps de lecture\" \/>\n\t<meta name=\"twitter:data2\" content=\"1 minute\" \/>\r\n<script type=\"application\/ld+json\" class=\"yoast-schema-graph\">{\"@context\":\"https:\/\/schema.org\",\"@graph\":[{\"@type\":\"WebPage\",\"@id\":\"https:\/\/www.uqac.ca\/uqactualites\/2004\/02\/03\/registre-et-voix-sociale\/\",\"url\":\"https:\/\/www.uqac.ca\/uqactualites\/2004\/02\/03\/registre-et-voix-sociale\/\",\"name\":\"Registre et voix sociale - UQACtualit\u00e9s\",\"isPartOf\":{\"@id\":\"https:\/\/www.uqac.ca\/uqactualites\/#website\"},\"primaryImageOfPage\":{\"@id\":\"https:\/\/www.uqac.ca\/uqactualites\/2004\/02\/03\/registre-et-voix-sociale\/#primaryimage\"},\"image\":{\"@id\":\"https:\/\/www.uqac.ca\/uqactualites\/2004\/02\/03\/registre-et-voix-sociale\/#primaryimage\"},\"thumbnailUrl\":\"http:\/\/www.uqac.ca\/wp-content\/uploads\/2012\/03\/EXm405Fpcn5meVGH-194x300.jpg\",\"datePublished\":\"2004-02-03T22:19:30+00:00\",\"dateModified\":\"2004-02-03T22:19:30+00:00\",\"author\":{\"@id\":\"https:\/\/www.uqac.ca\/uqactualites\/#\/schema\/person\/366c45a0c4f0e677b41b4af5886e2018\"},\"breadcrumb\":{\"@id\":\"https:\/\/www.uqac.ca\/uqactualites\/2004\/02\/03\/registre-et-voix-sociale\/#breadcrumb\"},\"inLanguage\":\"fr-CA\",\"potentialAction\":[{\"@type\":\"ReadAction\",\"target\":[\"https:\/\/www.uqac.ca\/uqactualites\/2004\/02\/03\/registre-et-voix-sociale\/\"]}]},{\"@type\":\"ImageObject\",\"inLanguage\":\"fr-CA\",\"@id\":\"https:\/\/www.uqac.ca\/uqactualites\/2004\/02\/03\/registre-et-voix-sociale\/#primaryimage\",\"url\":\"http:\/\/www.uqac.ca\/wp-content\/uploads\/2012\/03\/EXm405Fpcn5meVGH-194x300.jpg\",\"contentUrl\":\"http:\/\/www.uqac.ca\/wp-content\/uploads\/2012\/03\/EXm405Fpcn5meVGH-194x300.jpg\"},{\"@type\":\"BreadcrumbList\",\"@id\":\"https:\/\/www.uqac.ca\/uqactualites\/2004\/02\/03\/registre-et-voix-sociale\/#breadcrumb\",\"itemListElement\":[{\"@type\":\"ListItem\",\"position\":1,\"name\":\"Home\",\"item\":\"https:\/\/www.uqac.ca\/uqactualites\/\"},{\"@type\":\"ListItem\",\"position\":2,\"name\":\"Registre et voix sociale\"}]},{\"@type\":\"WebSite\",\"@id\":\"https:\/\/www.uqac.ca\/uqactualites\/#website\",\"url\":\"https:\/\/www.uqac.ca\/uqactualites\/\",\"name\":\"UQACtualit\u00e9s\",\"description\":\"Le portail des nouvelles de l&#039;UQAC\",\"potentialAction\":[{\"@type\":\"SearchAction\",\"target\":{\"@type\":\"EntryPoint\",\"urlTemplate\":\"https:\/\/www.uqac.ca\/uqactualites\/?s={search_term_string}\"},\"query-input\":{\"@type\":\"PropertyValueSpecification\",\"valueRequired\":true,\"valueName\":\"search_term_string\"}}],\"inLanguage\":\"fr-CA\"},{\"@type\":\"Person\",\"@id\":\"https:\/\/www.uqac.ca\/uqactualites\/#\/schema\/person\/366c45a0c4f0e677b41b4af5886e2018\",\"name\":\"Service des communications et des relations publiques\",\"image\":{\"@type\":\"ImageObject\",\"inLanguage\":\"fr-CA\",\"@id\":\"https:\/\/www.uqac.ca\/uqactualites\/#\/schema\/person\/image\/\",\"url\":\"https:\/\/secure.gravatar.com\/avatar\/20fbbda8a292f59f2d3461a5b999c00b?s=96&d=mm&r=g\",\"contentUrl\":\"https:\/\/secure.gravatar.com\/avatar\/20fbbda8a292f59f2d3461a5b999c00b?s=96&d=mm&r=g\",\"caption\":\"Service des communications et des relations publiques\"},\"url\":\"https:\/\/www.uqac.ca\/uqactualites\/author\/bap\/\"}]}<\/script>\r\n<!-- \/ Yoast SEO plugin. -->","yoast_head_json":{"title":"Registre et voix sociale - UQACtualit\u00e9s","robots":{"index":"index","follow":"follow","max-snippet":"max-snippet:-1","max-image-preview":"max-image-preview:large","max-video-preview":"max-video-preview:-1"},"canonical":"https:\/\/www.uqac.ca\/uqactualites\/2004\/02\/03\/registre-et-voix-sociale\/","og_locale":"fr_CA","og_type":"article","og_title":"Registre et voix sociale - UQACtualit\u00e9s","og_description":"Mme Monique Demers, charg\u00e9e de cours du D\u00e9partement des arts et lettres de l&rsquo;UQAC, vient de faire para\u00eetre une nouvelle publication collective intitul\u00e9e Registre et voix sociale. Entendre la voix de quelqu&rsquo;un, l&rsquo;\u00e9couter, la reconna\u00eetre, s&rsquo;en bercer ou s&rsquo;en \u00e9loigner et parall\u00e8lement, adapter sa voix \u00e0 la situation, \u00e0 son interlocuteur, utiliser une voix c\u00e2line [&hellip;]","og_url":"https:\/\/www.uqac.ca\/uqactualites\/2004\/02\/03\/registre-et-voix-sociale\/","og_site_name":"UQACtualit\u00e9s","article_published_time":"2004-02-03T22:19:30+00:00","og_image":[{"url":"http:\/\/www.uqac.ca\/wp-content\/uploads\/2012\/03\/EXm405Fpcn5meVGH-194x300.jpg","type":"","width":"","height":""}],"author":"Service des communications et des relations publiques","twitter_card":"summary_large_image","twitter_misc":{"\u00c9crit par":"Service des communications et des relations publiques","Estimation du temps de lecture":"1 minute"},"schema":{"@context":"https:\/\/schema.org","@graph":[{"@type":"WebPage","@id":"https:\/\/www.uqac.ca\/uqactualites\/2004\/02\/03\/registre-et-voix-sociale\/","url":"https:\/\/www.uqac.ca\/uqactualites\/2004\/02\/03\/registre-et-voix-sociale\/","name":"Registre et voix sociale - UQACtualit\u00e9s","isPartOf":{"@id":"https:\/\/www.uqac.ca\/uqactualites\/#website"},"primaryImageOfPage":{"@id":"https:\/\/www.uqac.ca\/uqactualites\/2004\/02\/03\/registre-et-voix-sociale\/#primaryimage"},"image":{"@id":"https:\/\/www.uqac.ca\/uqactualites\/2004\/02\/03\/registre-et-voix-sociale\/#primaryimage"},"thumbnailUrl":"http:\/\/www.uqac.ca\/wp-content\/uploads\/2012\/03\/EXm405Fpcn5meVGH-194x300.jpg","datePublished":"2004-02-03T22:19:30+00:00","dateModified":"2004-02-03T22:19:30+00:00","author":{"@id":"https:\/\/www.uqac.ca\/uqactualites\/#\/schema\/person\/366c45a0c4f0e677b41b4af5886e2018"},"breadcrumb":{"@id":"https:\/\/www.uqac.ca\/uqactualites\/2004\/02\/03\/registre-et-voix-sociale\/#breadcrumb"},"inLanguage":"fr-CA","potentialAction":[{"@type":"ReadAction","target":["https:\/\/www.uqac.ca\/uqactualites\/2004\/02\/03\/registre-et-voix-sociale\/"]}]},{"@type":"ImageObject","inLanguage":"fr-CA","@id":"https:\/\/www.uqac.ca\/uqactualites\/2004\/02\/03\/registre-et-voix-sociale\/#primaryimage","url":"http:\/\/www.uqac.ca\/wp-content\/uploads\/2012\/03\/EXm405Fpcn5meVGH-194x300.jpg","contentUrl":"http:\/\/www.uqac.ca\/wp-content\/uploads\/2012\/03\/EXm405Fpcn5meVGH-194x300.jpg"},{"@type":"BreadcrumbList","@id":"https:\/\/www.uqac.ca\/uqactualites\/2004\/02\/03\/registre-et-voix-sociale\/#breadcrumb","itemListElement":[{"@type":"ListItem","position":1,"name":"Home","item":"https:\/\/www.uqac.ca\/uqactualites\/"},{"@type":"ListItem","position":2,"name":"Registre et voix sociale"}]},{"@type":"WebSite","@id":"https:\/\/www.uqac.ca\/uqactualites\/#website","url":"https:\/\/www.uqac.ca\/uqactualites\/","name":"UQACtualit\u00e9s","description":"Le portail des nouvelles de l&#039;UQAC","potentialAction":[{"@type":"SearchAction","target":{"@type":"EntryPoint","urlTemplate":"https:\/\/www.uqac.ca\/uqactualites\/?s={search_term_string}"},"query-input":{"@type":"PropertyValueSpecification","valueRequired":true,"valueName":"search_term_string"}}],"inLanguage":"fr-CA"},{"@type":"Person","@id":"https:\/\/www.uqac.ca\/uqactualites\/#\/schema\/person\/366c45a0c4f0e677b41b4af5886e2018","name":"Service des communications et des relations publiques","image":{"@type":"ImageObject","inLanguage":"fr-CA","@id":"https:\/\/www.uqac.ca\/uqactualites\/#\/schema\/person\/image\/","url":"https:\/\/secure.gravatar.com\/avatar\/20fbbda8a292f59f2d3461a5b999c00b?s=96&d=mm&r=g","contentUrl":"https:\/\/secure.gravatar.com\/avatar\/20fbbda8a292f59f2d3461a5b999c00b?s=96&d=mm&r=g","caption":"Service des communications et des relations publiques"},"url":"https:\/\/www.uqac.ca\/uqactualites\/author\/bap\/"}]}},"_links":{"self":[{"href":"https:\/\/www.uqac.ca\/uqactualites\/wp-json\/wp\/v2\/posts\/19668"}],"collection":[{"href":"https:\/\/www.uqac.ca\/uqactualites\/wp-json\/wp\/v2\/posts"}],"about":[{"href":"https:\/\/www.uqac.ca\/uqactualites\/wp-json\/wp\/v2\/types\/post"}],"author":[{"embeddable":true,"href":"https:\/\/www.uqac.ca\/uqactualites\/wp-json\/wp\/v2\/users\/5"}],"replies":[{"embeddable":true,"href":"https:\/\/www.uqac.ca\/uqactualites\/wp-json\/wp\/v2\/comments?post=19668"}],"version-history":[{"count":0,"href":"https:\/\/www.uqac.ca\/uqactualites\/wp-json\/wp\/v2\/posts\/19668\/revisions"}],"wp:attachment":[{"href":"https:\/\/www.uqac.ca\/uqactualites\/wp-json\/wp\/v2\/media?parent=19668"}],"wp:term":[{"taxonomy":"category","embeddable":true,"href":"https:\/\/www.uqac.ca\/uqactualites\/wp-json\/wp\/v2\/categories?post=19668"},{"taxonomy":"post_tag","embeddable":true,"href":"https:\/\/www.uqac.ca\/uqactualites\/wp-json\/wp\/v2\/tags?post=19668"}],"curies":[{"name":"wp","href":"https:\/\/api.w.org\/{rel}","templated":true}]}}