{"id":19673,"date":"2004-02-03T14:14:30","date_gmt":"2004-02-03T19:44:30","guid":{"rendered":"http:\/\/uqactualite.odev.ca\/2004\/02\/384257-pour-les-sinistres-de-bam\/"},"modified":"2004-02-03T14:14:30","modified_gmt":"2004-02-03T19:44:30","slug":"384257-pour-les-sinistres-de-bam","status":"publish","type":"post","link":"https:\/\/www.uqac.ca\/uqactualites\/2004\/02\/03\/384257-pour-les-sinistres-de-bam\/","title":{"rendered":"3842,57 $ pour les sinistr\u00e9s de BAM"},"content":{"rendered":"<p><figure id=\"attachment_19673\" aria-describedby=\"caption-attachment-19673\" style=\"width: 300px\" class=\"wp-caption alignright\"><a href=\"http:\/\/www.uqac.ca\/wp-content\/uploads\/2012\/03\/XPZs3BZJXuRsTkcK.jpg\"><img loading=\"lazy\" decoding=\"async\" class=\"size-medium wp-image-19673\" title=\"XPZs3BZJXuRsTkcK\" src=\"http:\/\/www.uqac.ca\/wp-content\/uploads\/2012\/03\/XPZs3BZJXuRsTkcK-300x225.jpg\" width=\"300\" height=\"225\" alt=\"\" \/><\/a><figcaption id=\"caption-attachment-19673\" class=\"wp-caption-text\">80 % du montant recueilli pour venir en aide aux sinistr\u00e9s de BAM a \u00e9t\u00e9 ramass\u00e9  parmi la communaut\u00e9 universitaire. Sur la photo, M. Masoud Farzaneh, \u00e0 gauche, pr\u00e9sente \u00e0 M Michel Bussi\u00e8re, repr\u00e9sentant r\u00e9gional de la Croix-Rouge, \u00e0 droite, un ch\u00e8que symbolique. Ils sont accompagn\u00e9s, au centre, par le conf\u00e9rencier Reynald Du Berger. <\/figcaption><\/figure>Comme vous le savez, plusieurs appels ont \u00e9t\u00e9 lanc\u00e9s, par le biais des m\u00e9dias, \u00e0 la population r\u00e9gionale pour venir en aide aux survivants du tremblement de terre de Bam, en Iran. <\/p>\n<p>\u00c0 l&rsquo;UQAC, un kiosque a \u00e9t\u00e9 mis en place dans le centre social pour trois jours, en collaboration avec la Croix-Rouge. Une quatri\u00e8me journ\u00e9e de collecte s&rsquo;est ensuite d\u00e9roul\u00e9e \u00e0 Place du Royaume. Dans la m\u00eame semaine, une g\u00e9n\u00e9reuse contribution a \u00e9t\u00e9 recueillie lors d&rsquo;un cours de fran\u00e7ais pour immigrants \u00e0 l&rsquo;\u00e9cole Laure-Conan. Et finalement, une conf\u00e9rence b\u00e9n\u00e9fice par M Reynald Du Berger, en date du 14 janvier, a cl\u00f4tur\u00e9 cette collecte de dons.<\/p>\n<p>Cette d\u00e9marche a permis d&rsquo;amasser un montant total de 3842,57 $. Cette somme a \u00e9t\u00e9 remise \u00e0 M Michel Bussi\u00e8re, repr\u00e9sentant r\u00e9gional de la Croix-Rouge.<\/p>\n<p>Remerciement de M. Masoud Farzaneh de la part de la communaut\u00e9 iranienne de l&rsquo;UQAC \u2014 Beaucoup de gens ont contribu\u00e9 d&rsquo;une mani\u00e8re ou d&rsquo;une autre \u00e0 notre collecte. En premier lieu, j&rsquo;aimerais remercier le personnel du Bureau des relations publiques de l&rsquo;UQAC, dont le soutien inconditionnel a assur\u00e9 le succ\u00e8s de nos d\u00e9marches.<\/p>\n<p>Mais, sans la g\u00e9n\u00e9rosit\u00e9 de la communaut\u00e9 universitaire, rien de tout cela n&rsquo;aurait \u00e9t\u00e9 possible. Effectivement, plus de 80 % des sommes recueillies proviennent de l&rsquo;UQAC. Donc un grand merci \u00e0 tous!<\/p>\n<p>De plus, il est important de souligner le travail des m\u00e9dias r\u00e9gionaux, qui ont diffus\u00e9 non seulement les tragiques \u00e9v\u00e9nements que nous connaissons tous, mais qui ont \u00e9galement renseign\u00e9 les gens de notre r\u00e9gion sur les moyens d&rsquo;apporter une aide urgente aux victimes.<\/p>\n<p>Il ne faut pas oublier ceux et celles qui, de fa\u00e7on b\u00e9n\u00e9vole, ont contribu\u00e9 au bon fonctionnement de cette collecte, je parle ici des \u00e9tudiants et \u00e9tudiantes de la communaut\u00e9 iranienne de l&rsquo;UQAC et de leurs familles et amis. Tous ont mis l&rsquo;\u00e9paule \u00e0 la roue pour mener \u00e0 bien cette entreprise. Merci \u00e0 tous!<\/p>\n<p>Finalement, j&rsquo;aimerais remercier sinc\u00e8rement M Reynald Du Berger, qui nous a donn\u00e9 de son temps pr\u00e9cieux afin de non seulement dresser un portrait culturel de l&rsquo;Iran, mais aussi nous faire sentir l&rsquo;effet d\u00e9vastateur qu&rsquo;un tel sinistre peut avoir et cela, avec la grande sensibilit\u00e9 qui lui est reconnue.<\/p>\n","protected":false},"excerpt":{"rendered":"<p>Comme vous le savez, plusieurs appels ont \u00e9t\u00e9 lanc\u00e9s, par le biais des m\u00e9dias, \u00e0 la population r\u00e9gionale pour venir en aide aux survivants du tremblement de terre de Bam, en Iran. \u00c0 l&rsquo;UQAC, un kiosque a \u00e9t\u00e9 mis en place dans le centre social pour trois jours, en collaboration avec la Croix-Rouge. Une quatri\u00e8me [&hellip;]<\/p>\n","protected":false},"author":5,"featured_media":0,"comment_status":"closed","ping_status":"1","sticky":false,"template":"","format":"standard","meta":{"footnotes":""},"categories":[2],"tags":[],"yoast_head":"<!-- This site is optimized with the Yoast SEO plugin v24.2 - https:\/\/yoast.com\/wordpress\/plugins\/seo\/ -->\r\n<title>3842,57 $ pour les sinistr\u00e9s de BAM - UQACtualit\u00e9s<\/title>\r\n<meta name=\"robots\" content=\"index, follow, max-snippet:-1, max-image-preview:large, max-video-preview:-1\" \/>\r\n<link rel=\"canonical\" href=\"https:\/\/www.uqac.ca\/uqactualites\/2004\/02\/03\/384257-pour-les-sinistres-de-bam\/\" \/>\r\n<meta property=\"og:locale\" content=\"fr_CA\" \/>\r\n<meta property=\"og:type\" content=\"article\" \/>\r\n<meta property=\"og:title\" content=\"3842,57 $ pour les sinistr\u00e9s de BAM - UQACtualit\u00e9s\" \/>\r\n<meta property=\"og:description\" content=\"Comme vous le savez, plusieurs appels ont \u00e9t\u00e9 lanc\u00e9s, par le biais des m\u00e9dias, \u00e0 la population r\u00e9gionale pour venir en aide aux survivants du tremblement de terre de Bam, en Iran. \u00c0 l&rsquo;UQAC, un kiosque a \u00e9t\u00e9 mis en place dans le centre social pour trois jours, en collaboration avec la Croix-Rouge. Une quatri\u00e8me [&hellip;]\" \/>\r\n<meta property=\"og:url\" content=\"https:\/\/www.uqac.ca\/uqactualites\/2004\/02\/03\/384257-pour-les-sinistres-de-bam\/\" \/>\r\n<meta property=\"og:site_name\" content=\"UQACtualit\u00e9s\" \/>\r\n<meta property=\"article:published_time\" content=\"2004-02-03T19:44:30+00:00\" \/>\r\n<meta property=\"og:image\" content=\"http:\/\/www.uqac.ca\/wp-content\/uploads\/2012\/03\/XPZs3BZJXuRsTkcK-300x225.jpg\" \/>\r\n<meta name=\"author\" content=\"Service des communications et des relations publiques\" \/>\r\n<meta name=\"twitter:card\" content=\"summary_large_image\" \/>\r\n<meta name=\"twitter:label1\" content=\"\u00c9crit par\" \/>\n\t<meta name=\"twitter:data1\" content=\"Service des communications et des relations publiques\" \/>\n\t<meta name=\"twitter:label2\" content=\"Estimation du temps de lecture\" \/>\n\t<meta name=\"twitter:data2\" content=\"2 minutes\" \/>\r\n<script type=\"application\/ld+json\" class=\"yoast-schema-graph\">{\"@context\":\"https:\/\/schema.org\",\"@graph\":[{\"@type\":\"WebPage\",\"@id\":\"https:\/\/www.uqac.ca\/uqactualites\/2004\/02\/03\/384257-pour-les-sinistres-de-bam\/\",\"url\":\"https:\/\/www.uqac.ca\/uqactualites\/2004\/02\/03\/384257-pour-les-sinistres-de-bam\/\",\"name\":\"3842,57 $ pour les sinistr\u00e9s de BAM - UQACtualit\u00e9s\",\"isPartOf\":{\"@id\":\"https:\/\/www.uqac.ca\/uqactualites\/#website\"},\"primaryImageOfPage\":{\"@id\":\"https:\/\/www.uqac.ca\/uqactualites\/2004\/02\/03\/384257-pour-les-sinistres-de-bam\/#primaryimage\"},\"image\":{\"@id\":\"https:\/\/www.uqac.ca\/uqactualites\/2004\/02\/03\/384257-pour-les-sinistres-de-bam\/#primaryimage\"},\"thumbnailUrl\":\"http:\/\/www.uqac.ca\/wp-content\/uploads\/2012\/03\/XPZs3BZJXuRsTkcK-300x225.jpg\",\"datePublished\":\"2004-02-03T19:44:30+00:00\",\"dateModified\":\"2004-02-03T19:44:30+00:00\",\"author\":{\"@id\":\"https:\/\/www.uqac.ca\/uqactualites\/#\/schema\/person\/366c45a0c4f0e677b41b4af5886e2018\"},\"breadcrumb\":{\"@id\":\"https:\/\/www.uqac.ca\/uqactualites\/2004\/02\/03\/384257-pour-les-sinistres-de-bam\/#breadcrumb\"},\"inLanguage\":\"fr-CA\",\"potentialAction\":[{\"@type\":\"ReadAction\",\"target\":[\"https:\/\/www.uqac.ca\/uqactualites\/2004\/02\/03\/384257-pour-les-sinistres-de-bam\/\"]}]},{\"@type\":\"ImageObject\",\"inLanguage\":\"fr-CA\",\"@id\":\"https:\/\/www.uqac.ca\/uqactualites\/2004\/02\/03\/384257-pour-les-sinistres-de-bam\/#primaryimage\",\"url\":\"http:\/\/www.uqac.ca\/wp-content\/uploads\/2012\/03\/XPZs3BZJXuRsTkcK-300x225.jpg\",\"contentUrl\":\"http:\/\/www.uqac.ca\/wp-content\/uploads\/2012\/03\/XPZs3BZJXuRsTkcK-300x225.jpg\"},{\"@type\":\"BreadcrumbList\",\"@id\":\"https:\/\/www.uqac.ca\/uqactualites\/2004\/02\/03\/384257-pour-les-sinistres-de-bam\/#breadcrumb\",\"itemListElement\":[{\"@type\":\"ListItem\",\"position\":1,\"name\":\"Home\",\"item\":\"https:\/\/www.uqac.ca\/uqactualites\/\"},{\"@type\":\"ListItem\",\"position\":2,\"name\":\"3842,57 $ pour les sinistr\u00e9s de BAM\"}]},{\"@type\":\"WebSite\",\"@id\":\"https:\/\/www.uqac.ca\/uqactualites\/#website\",\"url\":\"https:\/\/www.uqac.ca\/uqactualites\/\",\"name\":\"UQACtualit\u00e9s\",\"description\":\"Le portail des nouvelles de l&#039;UQAC\",\"potentialAction\":[{\"@type\":\"SearchAction\",\"target\":{\"@type\":\"EntryPoint\",\"urlTemplate\":\"https:\/\/www.uqac.ca\/uqactualites\/?s={search_term_string}\"},\"query-input\":{\"@type\":\"PropertyValueSpecification\",\"valueRequired\":true,\"valueName\":\"search_term_string\"}}],\"inLanguage\":\"fr-CA\"},{\"@type\":\"Person\",\"@id\":\"https:\/\/www.uqac.ca\/uqactualites\/#\/schema\/person\/366c45a0c4f0e677b41b4af5886e2018\",\"name\":\"Service des communications et des relations publiques\",\"image\":{\"@type\":\"ImageObject\",\"inLanguage\":\"fr-CA\",\"@id\":\"https:\/\/www.uqac.ca\/uqactualites\/#\/schema\/person\/image\/\",\"url\":\"https:\/\/secure.gravatar.com\/avatar\/20fbbda8a292f59f2d3461a5b999c00b?s=96&d=mm&r=g\",\"contentUrl\":\"https:\/\/secure.gravatar.com\/avatar\/20fbbda8a292f59f2d3461a5b999c00b?s=96&d=mm&r=g\",\"caption\":\"Service des communications et des relations publiques\"},\"url\":\"https:\/\/www.uqac.ca\/uqactualites\/author\/bap\/\"}]}<\/script>\r\n<!-- \/ Yoast SEO plugin. -->","yoast_head_json":{"title":"3842,57 $ pour les sinistr\u00e9s de BAM - UQACtualit\u00e9s","robots":{"index":"index","follow":"follow","max-snippet":"max-snippet:-1","max-image-preview":"max-image-preview:large","max-video-preview":"max-video-preview:-1"},"canonical":"https:\/\/www.uqac.ca\/uqactualites\/2004\/02\/03\/384257-pour-les-sinistres-de-bam\/","og_locale":"fr_CA","og_type":"article","og_title":"3842,57 $ pour les sinistr\u00e9s de BAM - UQACtualit\u00e9s","og_description":"Comme vous le savez, plusieurs appels ont \u00e9t\u00e9 lanc\u00e9s, par le biais des m\u00e9dias, \u00e0 la population r\u00e9gionale pour venir en aide aux survivants du tremblement de terre de Bam, en Iran. \u00c0 l&rsquo;UQAC, un kiosque a \u00e9t\u00e9 mis en place dans le centre social pour trois jours, en collaboration avec la Croix-Rouge. Une quatri\u00e8me [&hellip;]","og_url":"https:\/\/www.uqac.ca\/uqactualites\/2004\/02\/03\/384257-pour-les-sinistres-de-bam\/","og_site_name":"UQACtualit\u00e9s","article_published_time":"2004-02-03T19:44:30+00:00","og_image":[{"url":"http:\/\/www.uqac.ca\/wp-content\/uploads\/2012\/03\/XPZs3BZJXuRsTkcK-300x225.jpg","type":"","width":"","height":""}],"author":"Service des communications et des relations publiques","twitter_card":"summary_large_image","twitter_misc":{"\u00c9crit par":"Service des communications et des relations publiques","Estimation du temps de lecture":"2 minutes"},"schema":{"@context":"https:\/\/schema.org","@graph":[{"@type":"WebPage","@id":"https:\/\/www.uqac.ca\/uqactualites\/2004\/02\/03\/384257-pour-les-sinistres-de-bam\/","url":"https:\/\/www.uqac.ca\/uqactualites\/2004\/02\/03\/384257-pour-les-sinistres-de-bam\/","name":"3842,57 $ pour les sinistr\u00e9s de BAM - UQACtualit\u00e9s","isPartOf":{"@id":"https:\/\/www.uqac.ca\/uqactualites\/#website"},"primaryImageOfPage":{"@id":"https:\/\/www.uqac.ca\/uqactualites\/2004\/02\/03\/384257-pour-les-sinistres-de-bam\/#primaryimage"},"image":{"@id":"https:\/\/www.uqac.ca\/uqactualites\/2004\/02\/03\/384257-pour-les-sinistres-de-bam\/#primaryimage"},"thumbnailUrl":"http:\/\/www.uqac.ca\/wp-content\/uploads\/2012\/03\/XPZs3BZJXuRsTkcK-300x225.jpg","datePublished":"2004-02-03T19:44:30+00:00","dateModified":"2004-02-03T19:44:30+00:00","author":{"@id":"https:\/\/www.uqac.ca\/uqactualites\/#\/schema\/person\/366c45a0c4f0e677b41b4af5886e2018"},"breadcrumb":{"@id":"https:\/\/www.uqac.ca\/uqactualites\/2004\/02\/03\/384257-pour-les-sinistres-de-bam\/#breadcrumb"},"inLanguage":"fr-CA","potentialAction":[{"@type":"ReadAction","target":["https:\/\/www.uqac.ca\/uqactualites\/2004\/02\/03\/384257-pour-les-sinistres-de-bam\/"]}]},{"@type":"ImageObject","inLanguage":"fr-CA","@id":"https:\/\/www.uqac.ca\/uqactualites\/2004\/02\/03\/384257-pour-les-sinistres-de-bam\/#primaryimage","url":"http:\/\/www.uqac.ca\/wp-content\/uploads\/2012\/03\/XPZs3BZJXuRsTkcK-300x225.jpg","contentUrl":"http:\/\/www.uqac.ca\/wp-content\/uploads\/2012\/03\/XPZs3BZJXuRsTkcK-300x225.jpg"},{"@type":"BreadcrumbList","@id":"https:\/\/www.uqac.ca\/uqactualites\/2004\/02\/03\/384257-pour-les-sinistres-de-bam\/#breadcrumb","itemListElement":[{"@type":"ListItem","position":1,"name":"Home","item":"https:\/\/www.uqac.ca\/uqactualites\/"},{"@type":"ListItem","position":2,"name":"3842,57 $ pour les sinistr\u00e9s de BAM"}]},{"@type":"WebSite","@id":"https:\/\/www.uqac.ca\/uqactualites\/#website","url":"https:\/\/www.uqac.ca\/uqactualites\/","name":"UQACtualit\u00e9s","description":"Le portail des nouvelles de l&#039;UQAC","potentialAction":[{"@type":"SearchAction","target":{"@type":"EntryPoint","urlTemplate":"https:\/\/www.uqac.ca\/uqactualites\/?s={search_term_string}"},"query-input":{"@type":"PropertyValueSpecification","valueRequired":true,"valueName":"search_term_string"}}],"inLanguage":"fr-CA"},{"@type":"Person","@id":"https:\/\/www.uqac.ca\/uqactualites\/#\/schema\/person\/366c45a0c4f0e677b41b4af5886e2018","name":"Service des communications et des relations publiques","image":{"@type":"ImageObject","inLanguage":"fr-CA","@id":"https:\/\/www.uqac.ca\/uqactualites\/#\/schema\/person\/image\/","url":"https:\/\/secure.gravatar.com\/avatar\/20fbbda8a292f59f2d3461a5b999c00b?s=96&d=mm&r=g","contentUrl":"https:\/\/secure.gravatar.com\/avatar\/20fbbda8a292f59f2d3461a5b999c00b?s=96&d=mm&r=g","caption":"Service des communications et des relations publiques"},"url":"https:\/\/www.uqac.ca\/uqactualites\/author\/bap\/"}]}},"_links":{"self":[{"href":"https:\/\/www.uqac.ca\/uqactualites\/wp-json\/wp\/v2\/posts\/19673"}],"collection":[{"href":"https:\/\/www.uqac.ca\/uqactualites\/wp-json\/wp\/v2\/posts"}],"about":[{"href":"https:\/\/www.uqac.ca\/uqactualites\/wp-json\/wp\/v2\/types\/post"}],"author":[{"embeddable":true,"href":"https:\/\/www.uqac.ca\/uqactualites\/wp-json\/wp\/v2\/users\/5"}],"replies":[{"embeddable":true,"href":"https:\/\/www.uqac.ca\/uqactualites\/wp-json\/wp\/v2\/comments?post=19673"}],"version-history":[{"count":0,"href":"https:\/\/www.uqac.ca\/uqactualites\/wp-json\/wp\/v2\/posts\/19673\/revisions"}],"wp:attachment":[{"href":"https:\/\/www.uqac.ca\/uqactualites\/wp-json\/wp\/v2\/media?parent=19673"}],"wp:term":[{"taxonomy":"category","embeddable":true,"href":"https:\/\/www.uqac.ca\/uqactualites\/wp-json\/wp\/v2\/categories?post=19673"},{"taxonomy":"post_tag","embeddable":true,"href":"https:\/\/www.uqac.ca\/uqactualites\/wp-json\/wp\/v2\/tags?post=19673"}],"curies":[{"name":"wp","href":"https:\/\/api.w.org\/{rel}","templated":true}]}}