{"id":19679,"date":"2003-10-03T10:06:30","date_gmt":"2003-10-03T15:36:30","guid":{"rendered":"http:\/\/uqactualite.odev.ca\/2003\/10\/nouveaux-locaux-pour-le-centre-detudes-de-lest-de-la-cote-nord\/"},"modified":"2003-10-03T10:06:30","modified_gmt":"2003-10-03T15:36:30","slug":"nouveaux-locaux-pour-le-centre-detudes-de-lest-de-la-cote-nord","status":"publish","type":"post","link":"https:\/\/www.uqac.ca\/uqactualites\/2003\/10\/03\/nouveaux-locaux-pour-le-centre-detudes-de-lest-de-la-cote-nord\/","title":{"rendered":"Nouveaux locaux pour le Centre d&rsquo;\u00e9tudes de l&rsquo;Est de la C\u00f4te-Nord"},"content":{"rendered":"<p><figure id=\"attachment_19679\" aria-describedby=\"caption-attachment-19679\" style=\"width: 300px\" class=\"wp-caption alignright\"><a href=\"http:\/\/www.uqac.ca\/wp-content\/uploads\/2012\/03\/3392PheTWfE0guFB.jpg\"><img loading=\"lazy\" decoding=\"async\" class=\"size-medium wp-image-19679\" title=\"3392PheTWfE0guFB\" src=\"http:\/\/www.uqac.ca\/wp-content\/uploads\/2012\/03\/3392PheTWfE0guFB-300x261.jpg\" width=\"300\" height=\"261\" alt=\"\" \/><\/a><figcaption id=\"caption-attachment-19679\" class=\"wp-caption-text\">Le recteur de l&#039;UQAC, Monsieur Michel Belley, accompagn\u00e9 de quelques membres de la direction de l&#039;universit\u00e9 r\u00e9gionale ont visit\u00e9 les nouveaux locaux du Centre d&#039;\u00e9tudes de l&#039;Est de la C\u00f4te-Nord.<\/figcaption><\/figure>Le Centre d&rsquo;\u00e9tudes de l&rsquo;Est de la C\u00f4te-Nord de l&rsquo;Universit\u00e9 du Qu\u00e9bec \u00e0 Chicoutimi inaugure le 4 septembre dernier ses nouveaux bureaux install\u00e9s dans l&rsquo;\u00e9difice du C\u00e9gep de Sept-Iles au 175, De la V\u00e9rendrye, Sept-Iles, Qu\u00e9bec, G4R 5B7. L&rsquo;Universit\u00e9 du Qu\u00e9bec \u00e0 Chicoutimi (UQAC) se r\u00e9jouit de cette r\u00e9alisation et croit que ce d\u00e9m\u00e9nagement est une valeur ajout\u00e9e pour les \u00e9tudiants du secteur Est de la C\u00f4te-Nord.<\/p>\n<p>Les nouveaux locaux de l&rsquo;UQAC comporte plusieurs avantages pour la client\u00e8le universitaire de Sept-Iles \u00e0 commencer par un environnement mieux adapt\u00e9 \u00e0 l&rsquo;enseignement. L&rsquo;ensemble des services communs comme la biblioth\u00e8que, la coop\u00e9rative \u00e9tudiante et les laboratoires informatiques font aussi partis des avantages li\u00e9s \u00e0 cette relocalisation physique des installations de l&rsquo;UQAC. <\/p>\n<p>Le recteur de l&rsquo;UQAC, Monsieur Michel Belley, accompagn\u00e9 de quelques membres de la direction de l&rsquo;universit\u00e9 r\u00e9gionale, a profit\u00e9 de cette journ\u00e9e pour rencontrer les membres du conseil d&rsquo;orientation des services universitaires du secteur Est de la C\u00f4te-Nord. Cette rencontre a favoris\u00e9 l&rsquo;enrichissement des ententes d\u00e9j\u00e0 conclues entre les parties et des orientations des travaux \u00e0 venir.<\/p>\n","protected":false},"excerpt":{"rendered":"<p>Le Centre d&rsquo;\u00e9tudes de l&rsquo;Est de la C\u00f4te-Nord de l&rsquo;Universit\u00e9 du Qu\u00e9bec \u00e0 Chicoutimi inaugure le 4 septembre dernier ses nouveaux bureaux install\u00e9s dans l&rsquo;\u00e9difice du C\u00e9gep de Sept-Iles au 175, De la V\u00e9rendrye, Sept-Iles, Qu\u00e9bec, G4R 5B7. L&rsquo;Universit\u00e9 du Qu\u00e9bec \u00e0 Chicoutimi (UQAC) se r\u00e9jouit de cette r\u00e9alisation et croit que ce d\u00e9m\u00e9nagement est [&hellip;]<\/p>\n","protected":false},"author":5,"featured_media":0,"comment_status":"closed","ping_status":"1","sticky":false,"template":"","format":"standard","meta":{"footnotes":""},"categories":[2],"tags":[],"yoast_head":"<!-- This site is optimized with the Yoast SEO plugin v24.2 - https:\/\/yoast.com\/wordpress\/plugins\/seo\/ -->\r\n<title>Nouveaux locaux pour le Centre d&#039;\u00e9tudes de l&#039;Est de la C\u00f4te-Nord - UQACtualit\u00e9s<\/title>\r\n<meta name=\"robots\" content=\"index, follow, max-snippet:-1, max-image-preview:large, max-video-preview:-1\" \/>\r\n<link rel=\"canonical\" href=\"https:\/\/www.uqac.ca\/uqactualites\/2003\/10\/03\/nouveaux-locaux-pour-le-centre-detudes-de-lest-de-la-cote-nord\/\" \/>\r\n<meta property=\"og:locale\" content=\"fr_CA\" \/>\r\n<meta property=\"og:type\" content=\"article\" \/>\r\n<meta property=\"og:title\" content=\"Nouveaux locaux pour le Centre d&#039;\u00e9tudes de l&#039;Est de la C\u00f4te-Nord - UQACtualit\u00e9s\" \/>\r\n<meta property=\"og:description\" content=\"Le Centre d&rsquo;\u00e9tudes de l&rsquo;Est de la C\u00f4te-Nord de l&rsquo;Universit\u00e9 du Qu\u00e9bec \u00e0 Chicoutimi inaugure le 4 septembre dernier ses nouveaux bureaux install\u00e9s dans l&rsquo;\u00e9difice du C\u00e9gep de Sept-Iles au 175, De la V\u00e9rendrye, Sept-Iles, Qu\u00e9bec, G4R 5B7. L&rsquo;Universit\u00e9 du Qu\u00e9bec \u00e0 Chicoutimi (UQAC) se r\u00e9jouit de cette r\u00e9alisation et croit que ce d\u00e9m\u00e9nagement est [&hellip;]\" \/>\r\n<meta property=\"og:url\" content=\"https:\/\/www.uqac.ca\/uqactualites\/2003\/10\/03\/nouveaux-locaux-pour-le-centre-detudes-de-lest-de-la-cote-nord\/\" \/>\r\n<meta property=\"og:site_name\" content=\"UQACtualit\u00e9s\" \/>\r\n<meta property=\"article:published_time\" content=\"2003-10-03T15:36:30+00:00\" \/>\r\n<meta property=\"og:image\" content=\"http:\/\/www.uqac.ca\/wp-content\/uploads\/2012\/03\/3392PheTWfE0guFB-300x261.jpg\" \/>\r\n<meta name=\"author\" content=\"Service des communications et des relations publiques\" \/>\r\n<meta name=\"twitter:card\" content=\"summary_large_image\" \/>\r\n<meta name=\"twitter:label1\" content=\"\u00c9crit par\" \/>\n\t<meta name=\"twitter:data1\" content=\"Service des communications et des relations publiques\" \/>\n\t<meta name=\"twitter:label2\" content=\"Estimation du temps de lecture\" \/>\n\t<meta name=\"twitter:data2\" content=\"1 minute\" \/>\r\n<script type=\"application\/ld+json\" class=\"yoast-schema-graph\">{\"@context\":\"https:\/\/schema.org\",\"@graph\":[{\"@type\":\"WebPage\",\"@id\":\"https:\/\/www.uqac.ca\/uqactualites\/2003\/10\/03\/nouveaux-locaux-pour-le-centre-detudes-de-lest-de-la-cote-nord\/\",\"url\":\"https:\/\/www.uqac.ca\/uqactualites\/2003\/10\/03\/nouveaux-locaux-pour-le-centre-detudes-de-lest-de-la-cote-nord\/\",\"name\":\"Nouveaux locaux pour le Centre d'\u00e9tudes de l'Est de la C\u00f4te-Nord - UQACtualit\u00e9s\",\"isPartOf\":{\"@id\":\"https:\/\/www.uqac.ca\/uqactualites\/#website\"},\"primaryImageOfPage\":{\"@id\":\"https:\/\/www.uqac.ca\/uqactualites\/2003\/10\/03\/nouveaux-locaux-pour-le-centre-detudes-de-lest-de-la-cote-nord\/#primaryimage\"},\"image\":{\"@id\":\"https:\/\/www.uqac.ca\/uqactualites\/2003\/10\/03\/nouveaux-locaux-pour-le-centre-detudes-de-lest-de-la-cote-nord\/#primaryimage\"},\"thumbnailUrl\":\"http:\/\/www.uqac.ca\/wp-content\/uploads\/2012\/03\/3392PheTWfE0guFB-300x261.jpg\",\"datePublished\":\"2003-10-03T15:36:30+00:00\",\"dateModified\":\"2003-10-03T15:36:30+00:00\",\"author\":{\"@id\":\"https:\/\/www.uqac.ca\/uqactualites\/#\/schema\/person\/366c45a0c4f0e677b41b4af5886e2018\"},\"breadcrumb\":{\"@id\":\"https:\/\/www.uqac.ca\/uqactualites\/2003\/10\/03\/nouveaux-locaux-pour-le-centre-detudes-de-lest-de-la-cote-nord\/#breadcrumb\"},\"inLanguage\":\"fr-CA\",\"potentialAction\":[{\"@type\":\"ReadAction\",\"target\":[\"https:\/\/www.uqac.ca\/uqactualites\/2003\/10\/03\/nouveaux-locaux-pour-le-centre-detudes-de-lest-de-la-cote-nord\/\"]}]},{\"@type\":\"ImageObject\",\"inLanguage\":\"fr-CA\",\"@id\":\"https:\/\/www.uqac.ca\/uqactualites\/2003\/10\/03\/nouveaux-locaux-pour-le-centre-detudes-de-lest-de-la-cote-nord\/#primaryimage\",\"url\":\"http:\/\/www.uqac.ca\/wp-content\/uploads\/2012\/03\/3392PheTWfE0guFB-300x261.jpg\",\"contentUrl\":\"http:\/\/www.uqac.ca\/wp-content\/uploads\/2012\/03\/3392PheTWfE0guFB-300x261.jpg\"},{\"@type\":\"BreadcrumbList\",\"@id\":\"https:\/\/www.uqac.ca\/uqactualites\/2003\/10\/03\/nouveaux-locaux-pour-le-centre-detudes-de-lest-de-la-cote-nord\/#breadcrumb\",\"itemListElement\":[{\"@type\":\"ListItem\",\"position\":1,\"name\":\"Home\",\"item\":\"https:\/\/www.uqac.ca\/uqactualites\/\"},{\"@type\":\"ListItem\",\"position\":2,\"name\":\"Nouveaux locaux pour le Centre d&rsquo;\u00e9tudes de l&rsquo;Est de la C\u00f4te-Nord\"}]},{\"@type\":\"WebSite\",\"@id\":\"https:\/\/www.uqac.ca\/uqactualites\/#website\",\"url\":\"https:\/\/www.uqac.ca\/uqactualites\/\",\"name\":\"UQACtualit\u00e9s\",\"description\":\"Le portail des nouvelles de l&#039;UQAC\",\"potentialAction\":[{\"@type\":\"SearchAction\",\"target\":{\"@type\":\"EntryPoint\",\"urlTemplate\":\"https:\/\/www.uqac.ca\/uqactualites\/?s={search_term_string}\"},\"query-input\":{\"@type\":\"PropertyValueSpecification\",\"valueRequired\":true,\"valueName\":\"search_term_string\"}}],\"inLanguage\":\"fr-CA\"},{\"@type\":\"Person\",\"@id\":\"https:\/\/www.uqac.ca\/uqactualites\/#\/schema\/person\/366c45a0c4f0e677b41b4af5886e2018\",\"name\":\"Service des communications et des relations publiques\",\"image\":{\"@type\":\"ImageObject\",\"inLanguage\":\"fr-CA\",\"@id\":\"https:\/\/www.uqac.ca\/uqactualites\/#\/schema\/person\/image\/\",\"url\":\"https:\/\/secure.gravatar.com\/avatar\/20fbbda8a292f59f2d3461a5b999c00b?s=96&d=mm&r=g\",\"contentUrl\":\"https:\/\/secure.gravatar.com\/avatar\/20fbbda8a292f59f2d3461a5b999c00b?s=96&d=mm&r=g\",\"caption\":\"Service des communications et des relations publiques\"},\"url\":\"https:\/\/www.uqac.ca\/uqactualites\/author\/bap\/\"}]}<\/script>\r\n<!-- \/ Yoast SEO plugin. -->","yoast_head_json":{"title":"Nouveaux locaux pour le Centre d'\u00e9tudes de l'Est de la C\u00f4te-Nord - UQACtualit\u00e9s","robots":{"index":"index","follow":"follow","max-snippet":"max-snippet:-1","max-image-preview":"max-image-preview:large","max-video-preview":"max-video-preview:-1"},"canonical":"https:\/\/www.uqac.ca\/uqactualites\/2003\/10\/03\/nouveaux-locaux-pour-le-centre-detudes-de-lest-de-la-cote-nord\/","og_locale":"fr_CA","og_type":"article","og_title":"Nouveaux locaux pour le Centre d'\u00e9tudes de l'Est de la C\u00f4te-Nord - UQACtualit\u00e9s","og_description":"Le Centre d&rsquo;\u00e9tudes de l&rsquo;Est de la C\u00f4te-Nord de l&rsquo;Universit\u00e9 du Qu\u00e9bec \u00e0 Chicoutimi inaugure le 4 septembre dernier ses nouveaux bureaux install\u00e9s dans l&rsquo;\u00e9difice du C\u00e9gep de Sept-Iles au 175, De la V\u00e9rendrye, Sept-Iles, Qu\u00e9bec, G4R 5B7. L&rsquo;Universit\u00e9 du Qu\u00e9bec \u00e0 Chicoutimi (UQAC) se r\u00e9jouit de cette r\u00e9alisation et croit que ce d\u00e9m\u00e9nagement est [&hellip;]","og_url":"https:\/\/www.uqac.ca\/uqactualites\/2003\/10\/03\/nouveaux-locaux-pour-le-centre-detudes-de-lest-de-la-cote-nord\/","og_site_name":"UQACtualit\u00e9s","article_published_time":"2003-10-03T15:36:30+00:00","og_image":[{"url":"http:\/\/www.uqac.ca\/wp-content\/uploads\/2012\/03\/3392PheTWfE0guFB-300x261.jpg","type":"","width":"","height":""}],"author":"Service des communications et des relations publiques","twitter_card":"summary_large_image","twitter_misc":{"\u00c9crit par":"Service des communications et des relations publiques","Estimation du temps de lecture":"1 minute"},"schema":{"@context":"https:\/\/schema.org","@graph":[{"@type":"WebPage","@id":"https:\/\/www.uqac.ca\/uqactualites\/2003\/10\/03\/nouveaux-locaux-pour-le-centre-detudes-de-lest-de-la-cote-nord\/","url":"https:\/\/www.uqac.ca\/uqactualites\/2003\/10\/03\/nouveaux-locaux-pour-le-centre-detudes-de-lest-de-la-cote-nord\/","name":"Nouveaux locaux pour le Centre d'\u00e9tudes de l'Est de la C\u00f4te-Nord - UQACtualit\u00e9s","isPartOf":{"@id":"https:\/\/www.uqac.ca\/uqactualites\/#website"},"primaryImageOfPage":{"@id":"https:\/\/www.uqac.ca\/uqactualites\/2003\/10\/03\/nouveaux-locaux-pour-le-centre-detudes-de-lest-de-la-cote-nord\/#primaryimage"},"image":{"@id":"https:\/\/www.uqac.ca\/uqactualites\/2003\/10\/03\/nouveaux-locaux-pour-le-centre-detudes-de-lest-de-la-cote-nord\/#primaryimage"},"thumbnailUrl":"http:\/\/www.uqac.ca\/wp-content\/uploads\/2012\/03\/3392PheTWfE0guFB-300x261.jpg","datePublished":"2003-10-03T15:36:30+00:00","dateModified":"2003-10-03T15:36:30+00:00","author":{"@id":"https:\/\/www.uqac.ca\/uqactualites\/#\/schema\/person\/366c45a0c4f0e677b41b4af5886e2018"},"breadcrumb":{"@id":"https:\/\/www.uqac.ca\/uqactualites\/2003\/10\/03\/nouveaux-locaux-pour-le-centre-detudes-de-lest-de-la-cote-nord\/#breadcrumb"},"inLanguage":"fr-CA","potentialAction":[{"@type":"ReadAction","target":["https:\/\/www.uqac.ca\/uqactualites\/2003\/10\/03\/nouveaux-locaux-pour-le-centre-detudes-de-lest-de-la-cote-nord\/"]}]},{"@type":"ImageObject","inLanguage":"fr-CA","@id":"https:\/\/www.uqac.ca\/uqactualites\/2003\/10\/03\/nouveaux-locaux-pour-le-centre-detudes-de-lest-de-la-cote-nord\/#primaryimage","url":"http:\/\/www.uqac.ca\/wp-content\/uploads\/2012\/03\/3392PheTWfE0guFB-300x261.jpg","contentUrl":"http:\/\/www.uqac.ca\/wp-content\/uploads\/2012\/03\/3392PheTWfE0guFB-300x261.jpg"},{"@type":"BreadcrumbList","@id":"https:\/\/www.uqac.ca\/uqactualites\/2003\/10\/03\/nouveaux-locaux-pour-le-centre-detudes-de-lest-de-la-cote-nord\/#breadcrumb","itemListElement":[{"@type":"ListItem","position":1,"name":"Home","item":"https:\/\/www.uqac.ca\/uqactualites\/"},{"@type":"ListItem","position":2,"name":"Nouveaux locaux pour le Centre d&rsquo;\u00e9tudes de l&rsquo;Est de la C\u00f4te-Nord"}]},{"@type":"WebSite","@id":"https:\/\/www.uqac.ca\/uqactualites\/#website","url":"https:\/\/www.uqac.ca\/uqactualites\/","name":"UQACtualit\u00e9s","description":"Le portail des nouvelles de l&#039;UQAC","potentialAction":[{"@type":"SearchAction","target":{"@type":"EntryPoint","urlTemplate":"https:\/\/www.uqac.ca\/uqactualites\/?s={search_term_string}"},"query-input":{"@type":"PropertyValueSpecification","valueRequired":true,"valueName":"search_term_string"}}],"inLanguage":"fr-CA"},{"@type":"Person","@id":"https:\/\/www.uqac.ca\/uqactualites\/#\/schema\/person\/366c45a0c4f0e677b41b4af5886e2018","name":"Service des communications et des relations publiques","image":{"@type":"ImageObject","inLanguage":"fr-CA","@id":"https:\/\/www.uqac.ca\/uqactualites\/#\/schema\/person\/image\/","url":"https:\/\/secure.gravatar.com\/avatar\/20fbbda8a292f59f2d3461a5b999c00b?s=96&d=mm&r=g","contentUrl":"https:\/\/secure.gravatar.com\/avatar\/20fbbda8a292f59f2d3461a5b999c00b?s=96&d=mm&r=g","caption":"Service des communications et des relations publiques"},"url":"https:\/\/www.uqac.ca\/uqactualites\/author\/bap\/"}]}},"_links":{"self":[{"href":"https:\/\/www.uqac.ca\/uqactualites\/wp-json\/wp\/v2\/posts\/19679"}],"collection":[{"href":"https:\/\/www.uqac.ca\/uqactualites\/wp-json\/wp\/v2\/posts"}],"about":[{"href":"https:\/\/www.uqac.ca\/uqactualites\/wp-json\/wp\/v2\/types\/post"}],"author":[{"embeddable":true,"href":"https:\/\/www.uqac.ca\/uqactualites\/wp-json\/wp\/v2\/users\/5"}],"replies":[{"embeddable":true,"href":"https:\/\/www.uqac.ca\/uqactualites\/wp-json\/wp\/v2\/comments?post=19679"}],"version-history":[{"count":0,"href":"https:\/\/www.uqac.ca\/uqactualites\/wp-json\/wp\/v2\/posts\/19679\/revisions"}],"wp:attachment":[{"href":"https:\/\/www.uqac.ca\/uqactualites\/wp-json\/wp\/v2\/media?parent=19679"}],"wp:term":[{"taxonomy":"category","embeddable":true,"href":"https:\/\/www.uqac.ca\/uqactualites\/wp-json\/wp\/v2\/categories?post=19679"},{"taxonomy":"post_tag","embeddable":true,"href":"https:\/\/www.uqac.ca\/uqactualites\/wp-json\/wp\/v2\/tags?post=19679"}],"curies":[{"name":"wp","href":"https:\/\/api.w.org\/{rel}","templated":true}]}}