{"id":19683,"date":"2003-10-02T16:13:07","date_gmt":"2003-10-02T21:43:07","guid":{"rendered":"http:\/\/uqactualite.odev.ca\/2003\/10\/jeanne-simard-honoree-par-ladma\/"},"modified":"2003-10-02T16:13:07","modified_gmt":"2003-10-02T21:43:07","slug":"jeanne-simard-honoree-par-ladma","status":"publish","type":"post","link":"https:\/\/www.uqac.ca\/uqactualites\/2003\/10\/02\/jeanne-simard-honoree-par-ladma\/","title":{"rendered":"Jeanne Simard honor\u00e9e par l&rsquo;ADMA"},"content":{"rendered":"<p><figure id=\"attachment_19683\" aria-describedby=\"caption-attachment-19683\" style=\"width: 300px\" class=\"wp-caption alignright\"><a href=\"http:\/\/www.uqac.ca\/wp-content\/uploads\/2012\/03\/Zkk7jjFHXBpC2sM9.jpg\"><img loading=\"lazy\" decoding=\"async\" class=\"size-medium wp-image-19683\" title=\"Zkk7jjFHXBpC2sM9\" src=\"http:\/\/www.uqac.ca\/wp-content\/uploads\/2012\/03\/Zkk7jjFHXBpC2sM9-300x236.jpg\" width=\"300\" height=\"236\" alt=\"\" \/><\/a><figcaption id=\"caption-attachment-19683\" class=\"wp-caption-text\">Jeanne Simard, professeur au module des sciences \u00e9conomiques et administratives, a re\u00e7u un permis honorifique de l&#039;Ordre des administrateurs agr\u00e9\u00e9s du Qu\u00e9bec ce qui lui conf\u00e8re le titre d&#039;Adm. A.<\/figcaption><\/figure>Le 23 septembre dernier, l&rsquo;Ordre des administrateurs agr\u00e9\u00e9s du Qu\u00e9bec a remis un permis honorifique \u00e0 madame Jeanne Simard, professeur de droit au module des sciences \u00e9conomiques et administratives de l&rsquo;Universit\u00e9 du Qu\u00e9bec \u00e0 Chicoutimi. Ce permis lui a \u00e9t\u00e9 d\u00e9cern\u00e9 en raison de son action et de sa volont\u00e9 \u00e0 faire conna\u00eetre l&rsquo;Ordre et ses valeurs aux \u00e9tudiants en administration de l&rsquo;UQAC. <\/p>\n<p>Madame Simard int\u00e8gre depuis quelques ann\u00e9es les principes de saine gestion et le Code de d\u00e9ontologie de l&rsquo;Ordre \u00e0 l&rsquo;int\u00e9rieur de son programme de cours. \u00ab C&rsquo;est un tr\u00e8s grand honneur que de recevoir une telle distinction et j&rsquo;en suis tr\u00e8s fi\u00e8re \u00bb<A href=\"#texte\">(voir texte complet)<\/A>, de mentionner Jeanne Simard qui pourra d\u00e9sormais porter le titre d&rsquo;Adm.A. <\/p>\n<p>Le recteur de l&rsquo;UQAC, monsieur Michel Belley, s&rsquo;est r\u00e9joui de cette nomination en affirmant qu&rsquo;il s&rsquo;agissait l\u00e0 d&rsquo;un accomplissement personnel digne de mention qui contribue de belle fa\u00e7on au rayonnement de tous les membres de la communaut\u00e9 universitaire. Il a aussi tenu \u00e0 remercier l&rsquo;Ordre des administrateurs agr\u00e9\u00e9s du Qu\u00e9bec d&rsquo;avoir su mettre en valeur l&rsquo;excellence de l&rsquo;une des n\u00f4tres.<\/p>\n<p>Cette c\u00e9r\u00e9monie se voulait aussi l&rsquo;occasion pour l&rsquo;Ordre de remettre les permis aux 10 nouveaux membres de la r\u00e9gion du Saguenay\u2014Lac-Saint-Jean. Fait \u00e0 souligner, 9 des 10 nouveaux membres sont dipl\u00f4m\u00e9s de l&rsquo;UQAC. \u00ab En adh\u00e9rant \u00e0 l&rsquo;Ordre, les nouveaux membres acceptent de se conformer \u00e0 un code de d\u00e9ontologie et \u00e0 des normes professionnelles. Ils t\u00e9moignent de leur confiance envers le titre Adm.A. et envers un des seuls ordres professionnels reconnus par le Code des professions dans le domaine de la gestion \u00bb, d&rsquo;indiquer monsieur Pierre Landry, directeur g\u00e9n\u00e9ral et secr\u00e9taire de l&rsquo;Ordre.<\/p>\n<p>L&rsquo;Ordre des administrateurs agr\u00e9\u00e9s du Qu\u00e9bec assure la protection du public en garantissant le respect des normes professionnelles en administration, en conformit\u00e9 avec son Code de d\u00e9ontologie, et par des m\u00e9canismes pr\u00e9vus au Code des professions. L&rsquo;Ordre contribue \u00e9galement \u00e0 l&rsquo;avancement de l&rsquo;administration et au d\u00e9veloppement des comp\u00e9tences de ses membres en proposant plusieurs programmes de formation continue. Ses membres portent le titre Adm.A., un titre reconnu en gestion par le Code des professions, conf\u00e9rant aux titulaires le statut l\u00e9gal de professionnel de la gestion.<\/p>\n<p><A name=\"texte\"><\/a><br \/>\n<B>Remerciement de Madame Jeanne Simard<\/B><\/p>\n<p>C&rsquo;est avec beaucoup d&rsquo;\u00e9motion et une grande fiert\u00e9 que je re\u00e7ois ce titre, c&rsquo;est-\u00e0-dire le statut de membre-professeur \u00e9m\u00e9rite au sein de l&rsquo;Ordre des administrateurs agr\u00e9\u00e9s. Ce titre, je vais le porter avec beaucoup de respect. En effet, il prend tout son sens dans le contexte actuel, marqu\u00e9 de nombreux scandales financiers et par la recherche \u00e9thique et d\u00e9ontologique que cela suscite. L&rsquo;Ordre soutient chez ses membres l&rsquo;adoption de principes de saine gestion et une d\u00e9ontologie qui consid\u00e8re non seulement le client, mais aussi la communaut\u00e9 dans laquelle op\u00e8re l&rsquo;administrateur d&rsquo;aujourd&rsquo;hui. Ces principes sont tout \u00e0 fait dignes de faire l&rsquo;objet d&rsquo;une promotion aupr\u00e8s de nos \u00e9tudiants. <\/p>\n<p>Depuis maintenant deux ans, le module des sciences \u00e9conomiques et administratives, dans le cadre de la r\u00e9forme du baccalaur\u00e9at en administration, me donnait le feu vert afin de cr\u00e9er et d&rsquo;implanter un nouveau cours traitant de la responsabilit\u00e9 l\u00e9gale contractuelle, de d\u00e9ontologie en mati\u00e8re d&rsquo;administration, de morale des affaires et en \u00e9thique pour les gestionnaires. Ce cours me permet de faire saisir les distinctions essentielles afin de favoriser la compr\u00e9hension du ph\u00e9nom\u00e8ne normatif complexe dans lequel op\u00e8re le gestionnaire, et d&rsquo;inciter nos \u00e9tudiants \u00e0 prendre conscience des cons\u00e9quences sociales de leur activit\u00e9. Ils doivent mieux cerner les enjeux, les responsabilit\u00e9s d\u00e9coulant de leurs activit\u00e9s. Ils doivent mieux comprendre \u00e9galement les activit\u00e9s \u00e9conomiques reli\u00e9es \u00e0 leur pratique. <\/p>\n<p>Cette r\u00e9forme de programme me permet de former nos futurs dipl\u00f4m\u00e9s au syst\u00e8me des Ordres professionnels qu\u00e9b\u00e9cois et plus particuli\u00e8rement au Code de d\u00e9ontologie de l&rsquo;Ordre des administrateurs agr\u00e9\u00e9s du Qu\u00e9bec. Gr\u00e2ce \u00e0 l&rsquo;aide d&rsquo;un coll\u00e8gue, M. Marc-Andr\u00e9 Morency, du D\u00e9partement des sciences humaines, d&rsquo;un \u00e9tudiant du baccalaur\u00e9at, M. Alexandre Boivin et avec le soutien de l&rsquo;institution, je suis d&rsquo;ailleurs pr\u00e9sentement \u00e0 r\u00e9diger un commentaire sur le code de d\u00e9ontologie de l&rsquo;Ordre. Mes \u00e9tudiants pourront le consulter directement sur le Web dans les prochaines semaines.<\/p>\n<p>Mon travail de formation, de recherche, de publication, de communication, doit s&rsquo;entourer de beaucoup de pr\u00e9caution. Il faut \u00e9viter que le droit et la d\u00e9ontologie ne deviennent trop r\u00e9ducteurs et limitent plut\u00f4t que l&rsquo;accro\u00eetre la conscience des dimensions sociales en cause. En effet, si l&rsquo;on prescrit de fa\u00e7on trop pr\u00e9cise ce que les professionnels doivent faire ou de pas faire dans certaines situations, on affecte n\u00e9gativement leur capacit\u00e9 \u00e0 s&rsquo;identifier \u00e0 un id\u00e9al moral ou \u00e0 innover en mati\u00e8re d&rsquo;\u00e9thique et de bonne pratique. Les gestionnaires n&rsquo;auraient plus alors \u00e0 r\u00e9fl\u00e9chir sur le sens des valeurs professionnelles, sur ce que veut dire dans une soci\u00e9t\u00e9 comme la n\u00f4tre d&rsquo;\u00eatre un gestionnaire responsable et comp\u00e9tent. Or, le recours aux principes dits de saine gestion de l&rsquo;Ordre des administrateurs agr\u00e9\u00e9s du Qu\u00e9bec permet, \u00e0 mon avis, de d\u00e9passer la simple d\u00e9ontologie et son c\u00f4t\u00e9 disciplinaire. Ils permettent de r\u00e9ouvrir l&rsquo;espace de la r\u00e9flexion sur les ordres normatifs en cause. Bref, ces principes de saine gestion favorisent la d\u00e9lib\u00e9ration jusqu&rsquo;au palier de l&rsquo;\u00e9thique appliqu\u00e9e \u00e0 une conjoncture particuli\u00e8re. Ceci correspond \u00e0 l&rsquo;orientation pr\u00e9conis\u00e9e par la Commission Broadbent sur la Responsabilit\u00e9 sociale de l&rsquo;entreprise (la RSE) ainsi qu&rsquo;\u00e0 celle qui encadre la consultation pr\u00e9sentement en cours sur ce m\u00eame sujet au sein des \u00c9tats- membres de la Communaut\u00e9 europ\u00e9enne.<\/p>\n<p>En suivant le cours &laquo;Responsabilit\u00e9 l\u00e9gale et d\u00e9ontologie en gestion&raquo;, ainsi que le cours de &laquo;Principes de management&raquo; qui sensibilisent aux principes de saine gestion, nos dipl\u00f4m\u00e9s, auront acc\u00e8s directement au statut d&rsquo;administrateur agr\u00e9\u00e9. Cela repr\u00e9sente une reconnaissance tr\u00e8s appr\u00e9ci\u00e9e de la part de l&rsquo;Ordre \u00e0 l&rsquo;endroit de notre formation universitaire. En effet, il s&rsquo;agit de la premi\u00e8re reconnaissance de cette nature au Qu\u00e9bec. Nous appr\u00e9cions le fait que cette reconnaissance de notre programme n&rsquo;ait pas impliqu\u00e9, comme c&rsquo;est parfois le cas, une d\u00e9pendance excessive de la formation universitaire \u00e0 l&rsquo;endroit d&rsquo;un corps professionnel.  <\/p>\n<p>Il n&rsquo;est pas inutile de souligner enfin, que la ma\u00eetrise en gestion des organisations a reconnu l&rsquo;opportunit\u00e9 d&rsquo;implanter une nouvelle option. Cette option touche essentiellement les contextes de l&rsquo;organisation et les aspects sociaux, \u00e9thiques et d\u00e9ontologiques qui y sont rattach\u00e9s. <\/p>\n<p>Je tiens \u00e0 remercier pour leur appui dans ma d\u00e9marche, mon  institution ainsi que mes parents ici pr\u00e9sents, de m\u00eame que tous mes coll\u00e8gues, pour cette distinction. Un merci tout sp\u00e9cial \u00e0 votre endroit, Monsieur Landry, pour vos efforts si comp\u00e9tents en cette mati\u00e8re, et pour l&rsquo;honneur que l&rsquo;Ordre me d\u00e9cerne \u00e0 cette occasion.<\/p>\n<p>Enfin, je remercie les deux organisatrices de cette c\u00e9r\u00e9monie de remise annuelle des permis d&rsquo;exercice aux nouveaux membres de la r\u00e9gion Saguenay \/ Lac Saint Jean, Madame Catherine-Ann Blackburn et Madame Julie Beauvilliers.<\/p>\n","protected":false},"excerpt":{"rendered":"<p>Le 23 septembre dernier, l&rsquo;Ordre des administrateurs agr\u00e9\u00e9s du Qu\u00e9bec a remis un permis honorifique \u00e0 madame Jeanne Simard, professeur de droit au module des sciences \u00e9conomiques et administratives de l&rsquo;Universit\u00e9 du Qu\u00e9bec \u00e0 Chicoutimi. Ce permis lui a \u00e9t\u00e9 d\u00e9cern\u00e9 en raison de son action et de sa volont\u00e9 \u00e0 faire conna\u00eetre l&rsquo;Ordre et [&hellip;]<\/p>\n","protected":false},"author":5,"featured_media":0,"comment_status":"closed","ping_status":"1","sticky":false,"template":"","format":"standard","meta":{"footnotes":""},"categories":[2],"tags":[],"yoast_head":"<!-- This site is optimized with the Yoast SEO plugin v24.2 - https:\/\/yoast.com\/wordpress\/plugins\/seo\/ -->\r\n<title>Jeanne Simard honor\u00e9e par l&#039;ADMA - UQACtualit\u00e9s<\/title>\r\n<meta name=\"robots\" content=\"index, follow, max-snippet:-1, max-image-preview:large, max-video-preview:-1\" \/>\r\n<link rel=\"canonical\" href=\"https:\/\/www.uqac.ca\/uqactualites\/2003\/10\/02\/jeanne-simard-honoree-par-ladma\/\" \/>\r\n<meta property=\"og:locale\" content=\"fr_CA\" \/>\r\n<meta property=\"og:type\" content=\"article\" \/>\r\n<meta property=\"og:title\" content=\"Jeanne Simard honor\u00e9e par l&#039;ADMA - UQACtualit\u00e9s\" \/>\r\n<meta property=\"og:description\" content=\"Le 23 septembre dernier, l&rsquo;Ordre des administrateurs agr\u00e9\u00e9s du Qu\u00e9bec a remis un permis honorifique \u00e0 madame Jeanne Simard, professeur de droit au module des sciences \u00e9conomiques et administratives de l&rsquo;Universit\u00e9 du Qu\u00e9bec \u00e0 Chicoutimi. Ce permis lui a \u00e9t\u00e9 d\u00e9cern\u00e9 en raison de son action et de sa volont\u00e9 \u00e0 faire conna\u00eetre l&rsquo;Ordre et [&hellip;]\" \/>\r\n<meta property=\"og:url\" content=\"https:\/\/www.uqac.ca\/uqactualites\/2003\/10\/02\/jeanne-simard-honoree-par-ladma\/\" \/>\r\n<meta property=\"og:site_name\" content=\"UQACtualit\u00e9s\" \/>\r\n<meta property=\"article:published_time\" content=\"2003-10-02T21:43:07+00:00\" \/>\r\n<meta property=\"og:image\" content=\"http:\/\/www.uqac.ca\/wp-content\/uploads\/2012\/03\/Zkk7jjFHXBpC2sM9-300x236.jpg\" \/>\r\n<meta name=\"author\" content=\"Service des communications et des relations publiques\" \/>\r\n<meta name=\"twitter:card\" content=\"summary_large_image\" \/>\r\n<meta name=\"twitter:label1\" content=\"\u00c9crit par\" \/>\n\t<meta name=\"twitter:data1\" content=\"Service des communications et des relations publiques\" \/>\n\t<meta name=\"twitter:label2\" content=\"Estimation du temps de lecture\" \/>\n\t<meta name=\"twitter:data2\" content=\"6 minutes\" \/>\r\n<script type=\"application\/ld+json\" class=\"yoast-schema-graph\">{\"@context\":\"https:\/\/schema.org\",\"@graph\":[{\"@type\":\"WebPage\",\"@id\":\"https:\/\/www.uqac.ca\/uqactualites\/2003\/10\/02\/jeanne-simard-honoree-par-ladma\/\",\"url\":\"https:\/\/www.uqac.ca\/uqactualites\/2003\/10\/02\/jeanne-simard-honoree-par-ladma\/\",\"name\":\"Jeanne Simard honor\u00e9e par l'ADMA - UQACtualit\u00e9s\",\"isPartOf\":{\"@id\":\"https:\/\/www.uqac.ca\/uqactualites\/#website\"},\"primaryImageOfPage\":{\"@id\":\"https:\/\/www.uqac.ca\/uqactualites\/2003\/10\/02\/jeanne-simard-honoree-par-ladma\/#primaryimage\"},\"image\":{\"@id\":\"https:\/\/www.uqac.ca\/uqactualites\/2003\/10\/02\/jeanne-simard-honoree-par-ladma\/#primaryimage\"},\"thumbnailUrl\":\"http:\/\/www.uqac.ca\/wp-content\/uploads\/2012\/03\/Zkk7jjFHXBpC2sM9-300x236.jpg\",\"datePublished\":\"2003-10-02T21:43:07+00:00\",\"dateModified\":\"2003-10-02T21:43:07+00:00\",\"author\":{\"@id\":\"https:\/\/www.uqac.ca\/uqactualites\/#\/schema\/person\/366c45a0c4f0e677b41b4af5886e2018\"},\"breadcrumb\":{\"@id\":\"https:\/\/www.uqac.ca\/uqactualites\/2003\/10\/02\/jeanne-simard-honoree-par-ladma\/#breadcrumb\"},\"inLanguage\":\"fr-CA\",\"potentialAction\":[{\"@type\":\"ReadAction\",\"target\":[\"https:\/\/www.uqac.ca\/uqactualites\/2003\/10\/02\/jeanne-simard-honoree-par-ladma\/\"]}]},{\"@type\":\"ImageObject\",\"inLanguage\":\"fr-CA\",\"@id\":\"https:\/\/www.uqac.ca\/uqactualites\/2003\/10\/02\/jeanne-simard-honoree-par-ladma\/#primaryimage\",\"url\":\"http:\/\/www.uqac.ca\/wp-content\/uploads\/2012\/03\/Zkk7jjFHXBpC2sM9-300x236.jpg\",\"contentUrl\":\"http:\/\/www.uqac.ca\/wp-content\/uploads\/2012\/03\/Zkk7jjFHXBpC2sM9-300x236.jpg\"},{\"@type\":\"BreadcrumbList\",\"@id\":\"https:\/\/www.uqac.ca\/uqactualites\/2003\/10\/02\/jeanne-simard-honoree-par-ladma\/#breadcrumb\",\"itemListElement\":[{\"@type\":\"ListItem\",\"position\":1,\"name\":\"Home\",\"item\":\"https:\/\/www.uqac.ca\/uqactualites\/\"},{\"@type\":\"ListItem\",\"position\":2,\"name\":\"Jeanne Simard honor\u00e9e par l&rsquo;ADMA\"}]},{\"@type\":\"WebSite\",\"@id\":\"https:\/\/www.uqac.ca\/uqactualites\/#website\",\"url\":\"https:\/\/www.uqac.ca\/uqactualites\/\",\"name\":\"UQACtualit\u00e9s\",\"description\":\"Le portail des nouvelles de l&#039;UQAC\",\"potentialAction\":[{\"@type\":\"SearchAction\",\"target\":{\"@type\":\"EntryPoint\",\"urlTemplate\":\"https:\/\/www.uqac.ca\/uqactualites\/?s={search_term_string}\"},\"query-input\":{\"@type\":\"PropertyValueSpecification\",\"valueRequired\":true,\"valueName\":\"search_term_string\"}}],\"inLanguage\":\"fr-CA\"},{\"@type\":\"Person\",\"@id\":\"https:\/\/www.uqac.ca\/uqactualites\/#\/schema\/person\/366c45a0c4f0e677b41b4af5886e2018\",\"name\":\"Service des communications et des relations publiques\",\"image\":{\"@type\":\"ImageObject\",\"inLanguage\":\"fr-CA\",\"@id\":\"https:\/\/www.uqac.ca\/uqactualites\/#\/schema\/person\/image\/\",\"url\":\"https:\/\/secure.gravatar.com\/avatar\/20fbbda8a292f59f2d3461a5b999c00b?s=96&d=mm&r=g\",\"contentUrl\":\"https:\/\/secure.gravatar.com\/avatar\/20fbbda8a292f59f2d3461a5b999c00b?s=96&d=mm&r=g\",\"caption\":\"Service des communications et des relations publiques\"},\"url\":\"https:\/\/www.uqac.ca\/uqactualites\/author\/bap\/\"}]}<\/script>\r\n<!-- \/ Yoast SEO plugin. -->","yoast_head_json":{"title":"Jeanne Simard honor\u00e9e par l'ADMA - UQACtualit\u00e9s","robots":{"index":"index","follow":"follow","max-snippet":"max-snippet:-1","max-image-preview":"max-image-preview:large","max-video-preview":"max-video-preview:-1"},"canonical":"https:\/\/www.uqac.ca\/uqactualites\/2003\/10\/02\/jeanne-simard-honoree-par-ladma\/","og_locale":"fr_CA","og_type":"article","og_title":"Jeanne Simard honor\u00e9e par l'ADMA - UQACtualit\u00e9s","og_description":"Le 23 septembre dernier, l&rsquo;Ordre des administrateurs agr\u00e9\u00e9s du Qu\u00e9bec a remis un permis honorifique \u00e0 madame Jeanne Simard, professeur de droit au module des sciences \u00e9conomiques et administratives de l&rsquo;Universit\u00e9 du Qu\u00e9bec \u00e0 Chicoutimi. Ce permis lui a \u00e9t\u00e9 d\u00e9cern\u00e9 en raison de son action et de sa volont\u00e9 \u00e0 faire conna\u00eetre l&rsquo;Ordre et [&hellip;]","og_url":"https:\/\/www.uqac.ca\/uqactualites\/2003\/10\/02\/jeanne-simard-honoree-par-ladma\/","og_site_name":"UQACtualit\u00e9s","article_published_time":"2003-10-02T21:43:07+00:00","og_image":[{"url":"http:\/\/www.uqac.ca\/wp-content\/uploads\/2012\/03\/Zkk7jjFHXBpC2sM9-300x236.jpg","type":"","width":"","height":""}],"author":"Service des communications et des relations publiques","twitter_card":"summary_large_image","twitter_misc":{"\u00c9crit par":"Service des communications et des relations publiques","Estimation du temps de lecture":"6 minutes"},"schema":{"@context":"https:\/\/schema.org","@graph":[{"@type":"WebPage","@id":"https:\/\/www.uqac.ca\/uqactualites\/2003\/10\/02\/jeanne-simard-honoree-par-ladma\/","url":"https:\/\/www.uqac.ca\/uqactualites\/2003\/10\/02\/jeanne-simard-honoree-par-ladma\/","name":"Jeanne Simard honor\u00e9e par l'ADMA - UQACtualit\u00e9s","isPartOf":{"@id":"https:\/\/www.uqac.ca\/uqactualites\/#website"},"primaryImageOfPage":{"@id":"https:\/\/www.uqac.ca\/uqactualites\/2003\/10\/02\/jeanne-simard-honoree-par-ladma\/#primaryimage"},"image":{"@id":"https:\/\/www.uqac.ca\/uqactualites\/2003\/10\/02\/jeanne-simard-honoree-par-ladma\/#primaryimage"},"thumbnailUrl":"http:\/\/www.uqac.ca\/wp-content\/uploads\/2012\/03\/Zkk7jjFHXBpC2sM9-300x236.jpg","datePublished":"2003-10-02T21:43:07+00:00","dateModified":"2003-10-02T21:43:07+00:00","author":{"@id":"https:\/\/www.uqac.ca\/uqactualites\/#\/schema\/person\/366c45a0c4f0e677b41b4af5886e2018"},"breadcrumb":{"@id":"https:\/\/www.uqac.ca\/uqactualites\/2003\/10\/02\/jeanne-simard-honoree-par-ladma\/#breadcrumb"},"inLanguage":"fr-CA","potentialAction":[{"@type":"ReadAction","target":["https:\/\/www.uqac.ca\/uqactualites\/2003\/10\/02\/jeanne-simard-honoree-par-ladma\/"]}]},{"@type":"ImageObject","inLanguage":"fr-CA","@id":"https:\/\/www.uqac.ca\/uqactualites\/2003\/10\/02\/jeanne-simard-honoree-par-ladma\/#primaryimage","url":"http:\/\/www.uqac.ca\/wp-content\/uploads\/2012\/03\/Zkk7jjFHXBpC2sM9-300x236.jpg","contentUrl":"http:\/\/www.uqac.ca\/wp-content\/uploads\/2012\/03\/Zkk7jjFHXBpC2sM9-300x236.jpg"},{"@type":"BreadcrumbList","@id":"https:\/\/www.uqac.ca\/uqactualites\/2003\/10\/02\/jeanne-simard-honoree-par-ladma\/#breadcrumb","itemListElement":[{"@type":"ListItem","position":1,"name":"Home","item":"https:\/\/www.uqac.ca\/uqactualites\/"},{"@type":"ListItem","position":2,"name":"Jeanne Simard honor\u00e9e par l&rsquo;ADMA"}]},{"@type":"WebSite","@id":"https:\/\/www.uqac.ca\/uqactualites\/#website","url":"https:\/\/www.uqac.ca\/uqactualites\/","name":"UQACtualit\u00e9s","description":"Le portail des nouvelles de l&#039;UQAC","potentialAction":[{"@type":"SearchAction","target":{"@type":"EntryPoint","urlTemplate":"https:\/\/www.uqac.ca\/uqactualites\/?s={search_term_string}"},"query-input":{"@type":"PropertyValueSpecification","valueRequired":true,"valueName":"search_term_string"}}],"inLanguage":"fr-CA"},{"@type":"Person","@id":"https:\/\/www.uqac.ca\/uqactualites\/#\/schema\/person\/366c45a0c4f0e677b41b4af5886e2018","name":"Service des communications et des relations publiques","image":{"@type":"ImageObject","inLanguage":"fr-CA","@id":"https:\/\/www.uqac.ca\/uqactualites\/#\/schema\/person\/image\/","url":"https:\/\/secure.gravatar.com\/avatar\/20fbbda8a292f59f2d3461a5b999c00b?s=96&d=mm&r=g","contentUrl":"https:\/\/secure.gravatar.com\/avatar\/20fbbda8a292f59f2d3461a5b999c00b?s=96&d=mm&r=g","caption":"Service des communications et des relations publiques"},"url":"https:\/\/www.uqac.ca\/uqactualites\/author\/bap\/"}]}},"_links":{"self":[{"href":"https:\/\/www.uqac.ca\/uqactualites\/wp-json\/wp\/v2\/posts\/19683"}],"collection":[{"href":"https:\/\/www.uqac.ca\/uqactualites\/wp-json\/wp\/v2\/posts"}],"about":[{"href":"https:\/\/www.uqac.ca\/uqactualites\/wp-json\/wp\/v2\/types\/post"}],"author":[{"embeddable":true,"href":"https:\/\/www.uqac.ca\/uqactualites\/wp-json\/wp\/v2\/users\/5"}],"replies":[{"embeddable":true,"href":"https:\/\/www.uqac.ca\/uqactualites\/wp-json\/wp\/v2\/comments?post=19683"}],"version-history":[{"count":0,"href":"https:\/\/www.uqac.ca\/uqactualites\/wp-json\/wp\/v2\/posts\/19683\/revisions"}],"wp:attachment":[{"href":"https:\/\/www.uqac.ca\/uqactualites\/wp-json\/wp\/v2\/media?parent=19683"}],"wp:term":[{"taxonomy":"category","embeddable":true,"href":"https:\/\/www.uqac.ca\/uqactualites\/wp-json\/wp\/v2\/categories?post=19683"},{"taxonomy":"post_tag","embeddable":true,"href":"https:\/\/www.uqac.ca\/uqactualites\/wp-json\/wp\/v2\/tags?post=19683"}],"curies":[{"name":"wp","href":"https:\/\/api.w.org\/{rel}","templated":true}]}}