{"id":19736,"date":"2003-02-10T15:59:35","date_gmt":"2003-02-10T21:29:35","guid":{"rendered":"http:\/\/uqactualite.odev.ca\/2003\/02\/catastrophes-et-etat-de-sante-des-individus-des-intervenants-et-des-communautes\/"},"modified":"2003-02-10T15:59:35","modified_gmt":"2003-02-10T21:29:35","slug":"catastrophes-et-etat-de-sante-des-individus-des-intervenants-et-des-communautes","status":"publish","type":"post","link":"https:\/\/www.uqac.ca\/uqactualites\/2003\/02\/10\/catastrophes-et-etat-de-sante-des-individus-des-intervenants-et-des-communautes\/","title":{"rendered":"Catastrophes et \u00e9tat de sant\u00e9 des individus, des intervenants et des communaut\u00e9s"},"content":{"rendered":"<p><a href=\"http:\/\/www.uqac.ca\/wp-content\/uploads\/2012\/03\/G9qW6JY38XJy0gbK.jpg\"><img loading=\"lazy\" decoding=\"async\" class=\"size-medium wp-image-19736 alignright\" title=\"G9qW6JY38XJy0gbK\" src=\"http:\/\/www.uqac.ca\/wp-content\/uploads\/2012\/03\/G9qW6JY38XJy0gbK-218x300.jpg\" alt=\"\" width=\"218\" height=\"300\" \/><\/a><\/p>\n<p>En octobre 2001, plus de 350 intervenants et chercheurs du Qu\u00e9bec et de la France se sont r\u00e9unis pour faire le point sur la recherche portant sur les cons\u00e9quences des catastrophes et des \u00e9v\u00e9nements traumatiques sur la sant\u00e9 des individus, des intervenants et des communaut\u00e9s. Ce volume de plus de 800 pages repr\u00e9sente le fruit de cet \u00e9v\u00e9nement o\u00f9 pr\u00e8s de cinquante des communications ont fait l&rsquo;objet de textes scientifiques. Divers th\u00e8mes sont abord\u00e9s, comme par exemple les manifestations de l&rsquo;\u00e9tat de stress post-traumatique, les cons\u00e9quences des sinistres sur la sant\u00e9 des personnes \u00e2g\u00e9es et des individus vivant en milieu rural, les impacts de la temp\u00eate de verglas et des inondations de juillet 1996 sur la sant\u00e9 biopsychosociale des victimes et des intervenants, les effets \u00e0 long terme d&rsquo;\u00e9v\u00e9nements traumatiques, les communications en temps de catastrophes et les m\u00e9canismes de gestion des sinistres en vigueur au Canada et au Qu\u00e9bec. Des intervenants exp\u00e9riment\u00e9s ont aussi produit divers textes pr\u00e9sentant des interventions novatrices en mati\u00e8re de pr\u00e9vention des effets n\u00e9fastes de l&rsquo;exposition \u00e0 un \u00e9v\u00e9nement traumatique. Ce volume s&rsquo;adresse donc \u00e0 l&rsquo;ensemble des intervenants r\u00e9mun\u00e9r\u00e9s et b\u00e9n\u00e9voles appel\u00e9s \u00e0 intervenir en situation d&rsquo;urgence et aux victimes voulant mieux comprendre ce qu&rsquo;ils ont v\u00e9cu \u00e0 la suite de leur exposition \u00e0 des \u00e9v\u00e9nements traumatisants.<\/p>\n<p>MALTAIS, Danielle (sous la direction de) (2003).<em> Catastrophes et \u00e9tat de sant\u00e9 des individus, des intervenants et des communaut\u00e9s.<\/em> Chicoutimi, GRIR.<\/p>\n<p>TABLE DES MATI\u00c8RES<\/p>\n<p>PARTIE 1 : STRESS, TRAUMA ET CATASTROPHE<\/p>\n<p>Stress et catastrophe<br \/>\nH\u00e9l\u00e8ne DENIS<\/p>\n<p>Victimes de crime et victimes de catastrophes : des parall\u00e8les \u00e0 \u00e9tablir<br \/>\nArl\u00e8ne Gaudreault<\/p>\n<p>Stress et trauma<br \/>\nPr Fran\u00e7ois LEBIGOT<\/p>\n<p>Taux plasmatique de GABA au d\u00e9cours imm\u00e9diat d&rsquo;un trauma : un facteur pr\u00e9dictif de d\u00e9veloppement d&rsquo;un<br \/>\nPTSD \u00e0 deux mois<br \/>\nGuillaume VAIVA, Virginie BOSS, Claire RASCLE, Fran\u00e7ois DUCROCQ,<br \/>\nOlivier COTTENCIN, Pierre THOMAS, Michel GOUDEMAND, Monique LAFONTAINE, Patrick DEVOS, Philippe LAFFARGUE<\/p>\n<p>Diagnostic et traitement cognitivo-comportemental du trouble de stress post-traumatique<br \/>\nPascale BRILLON<\/p>\n<p>PARTIE 2 :CONS\u00c9QUENCES D&rsquo;UNE CATASTROPHE SUR L&rsquo;\u00c9TAT DE SANT\u00c9 DES SINISTR\u00c9S : LE CAS DES INONDATIONS DE JUILLET 1996<\/p>\n<p>Les inondations de juillet 1996 : une suite d&rsquo;\u00e9v\u00e9nements bouleversants<br \/>\nSuzie ROBICHAUD, Danielle MALTAIS, Gilles LALANDE, Anne SIMARD, Guy MOFFAT<\/p>\n<p>L&rsquo;impact d&rsquo;une inondation majeure dans la vie des sinistr\u00e9s : les r\u00e9sultats d&rsquo;une \u00e9tude qualitative<br \/>\nGilles LALANDE, Danielle MALTAIS, Suzie ROBICHAUD, Anne SIMARD<\/p>\n<p>Deux ans apr\u00e8s une catastrophe : portrait de l&rsquo;\u00e9tat de sant\u00e9 physique et psychologique des sinistr\u00e9s des inondations de juillet 1996 vivant en milieu urbain<br \/>\nDanielle MALTAIS, Lise LACHANCE, Gilles LALANDE, Martin FORTIN, Christophe FORTIN<\/p>\n<p>PARTIE 3 : SINISTRE ET POPULATION : LE CAS DE LA TEMP\u00caTE DE VERGLAS<\/p>\n<p>Le verglas de 1998. La situation en Mont\u00e9r\u00e9gie : le point de vue de la sant\u00e9 publique<br \/>\nCarmen BELLEROSE, Louis JACQUES<\/p>\n<p>Les impacts du verglas de 1998 sur la sant\u00e9 des Mont\u00e9r\u00e9giens<br \/>\nClaude TREMBLAY, Louis JACQUES, Claude PR\u00c9VOST, Manon NOISEUX, Manon BLACKBURN, Luc BOILEAU<\/p>\n<p>Impacts psychosociaux de la temp\u00eate de verglas pour la population de la Mont\u00e9r\u00e9gie<br \/>\nCarmen BELLEROSE, Johanne LAGU\u00cb<\/p>\n<p>La temp\u00eate de verglas de janvier 1998 et les r\u00e9sultats de l&rsquo;Enqu\u00eate sociale et de sant\u00e9 1998<br \/>\nCarole DAVELUY, Robert COURTEMANCHE, Jimmy BAULNE, France LAPOINTE, Jacinthe LOISELLE,<br \/>\nCarmen BELLEROSE, Serge CHEVALIER<\/p>\n<p>Les principales difficult\u00e9s v\u00e9cues et les cons\u00e9quences de la temp\u00eate de verglas sur la sant\u00e9 et la vie des sinistr\u00e9s en fonction du mode d&rsquo;h\u00e9bergement utilis\u00e9 : r\u00e9sultat d&rsquo;une recherche qualitative<br \/>\nDanielle MALTAIS, Anne SIMARD, Suzie ROBICHAUD<\/p>\n<p>\u00c9pid\u00e9mie d&rsquo;influenza durant la crise du verglas en Mont\u00e9r\u00e9gie<br \/>\nMaryse GUAY<\/p>\n<p>L&rsquo;impact des catastrophes sur les comportements d\u00e9viants et la criminalit\u00e9 en g\u00e9n\u00e9ral : le cas de la crise du verglas<br \/>\nFr\u00e9d\u00e9ric LEMIEUX<\/p>\n<p>Sexe des enfants n\u00e9s dans les mois suivant les inondations du Saguenay et la temp\u00eate de verglas<br \/>\nJacques D. MARLEAU, Jean-Fran\u00e7ois SAUCIER<\/p>\n<p>PARTIE 4 :CATASTROPHES ET PERSONES G\u00c9ES<\/p>\n<p>Les cons\u00e9quences des catastrophes sur la sant\u00e9 biopsychosociale des a\u00een\u00e9s : r\u00e9sultats de la rencension des \u00e9crits<br \/>\nChantal HOVINGTON, Danielle MALTAIS, Gilles LALANDE<\/p>\n<p>Les cons\u00e9quences de la temp\u00eate de verglas chez les personnes \u00e2g\u00e9es en fonction des strat\u00e9gies d&rsquo;accommodation<br \/>\nDanielle MALTAIS, Suzie ROBICHAUD, Anne SIMARD<\/p>\n<p>Les effets des inondations de juillet 1996 sur la sant\u00e9 psychologique selon l&rsquo;\u00e2ge<br \/>\nChantal HOVINGTON, Gilles LALANDE, Danielle MALTAIS<\/p>\n<p>PARTIE 5 : CATASTROPHES ET COMMUNAUT\u00c9S RURALES<\/p>\n<p>La gestion des inondations de juillet 1996 par deux municipalit\u00e9s rurales : difficult\u00e9s rencontr\u00e9es et impacts sur le dynamisme collectif<br \/>\nDanielle MALTAIS, Martin TRUCHON<\/p>\n<p>Cons\u00e9quences des inondations de juillet 1996 sur la sant\u00e9 biopsychosociale des sinistr\u00e9s vivant en milieu rural : r\u00e9sultat d&rsquo;une \u00e9tude qualitative<br \/>\nDanielle MALTAIS, Anne SIMARD, Louis PICARD<\/p>\n<p>Facteurs li\u00e9s \u00e0 la pr\u00e9sence de s\u00e9quelles psychologiques chez des sinistr\u00e9s d&rsquo;inondation vivant en milieu rural<br \/>\nLouis PICARD, Danielle MALTAIS, Lise LACHANCE<\/p>\n<p>PARTIE 6 : APPLICATION DES MESURES D&rsquo;URGENCE ET SANT\u00c9 DES INTERVENANTS<\/p>\n<p>L&rsquo;importance du b\u00e9n\u00e9volat en s\u00e9curit\u00e9 civile<br \/>\nDonald HARVEY, Claudie LABERGE<\/p>\n<p>Le stress associ\u00e9 \u00e0 l&rsquo;Op\u00e9ration-Verglas chez les travailleurs d&rsquo;Hydro-Qu\u00e9bec : suivi longitudinal<br \/>\nLouise LEMYRE, Yaniv BENZIMRA<\/p>\n<p>Mieux comprendre le pass\u00e9 pour mieux vivre le pr\u00e9sent\u2026 Les r\u00e9actions des intervenants psychosociaux \u00e0 la suite de l&rsquo;application des mesures d&rsquo;urgence<br \/>\nDanielle BRASSET<\/p>\n<p>Principales difficult\u00e9s rencontr\u00e9es et cons\u00e9quences de la temp\u00eate de verglas chez les intervenants r\u00e9mun\u00e9r\u00e9s et b\u00e9n\u00e9voles de la Mont\u00e9r\u00e9gie<br \/>\nDanielle MALTAIS, Suzie ROBICHAUD, Anne SIMARD<\/p>\n<p>R\u00e9percussions de la temp\u00eate de verglas chez les intervenants du Saguenay\u2014Lac-St-Jean ayant \u0153uvr\u00e9 en Mont\u00e9r\u00e9gie lors de l&rsquo;application des mesures d&rsquo;urgence<br \/>\nDanielle MALTAIS, Suzie ROBICHAUD, Guy MOFFAT, Anne SIMARD<\/p>\n<p>PARTIE 7 : SOUTIEN AUX VICTIMES D&rsquo;ACTES TRAUMATISANTS<\/p>\n<p>Les cellules d&rsquo;urgence m\u00e9dico-psychologique en France : \u00e0 propos d&rsquo;un dispositif de secours pour les victimes d&rsquo;attentats, de catastrophes et d&rsquo;accidents collectifs<br \/>\nFran\u00e7ois DUCROCQ, Guillaume VAIVA, Sylvie MOLENDA, Michel BELLONE<\/p>\n<p>S.O.S. Attentats, histoire d&rsquo;un combat<br \/>\nFran\u00e7oise RUDETZKI<\/p>\n<p>Avantages et inconv\u00e9nients ou effets pervers des syst\u00e8mes d&rsquo;indemnisation aux victimes d&rsquo;actes criminels<br \/>\nGenevi\u00e8ve PARENT, Marie-Marthe COUSINEAU<\/p>\n<p>Le syst\u00e8me judiciaire et la victimisation<br \/>\nNathalie LAMY<\/p>\n<p>Mission d&rsquo;intervention en Afghanistan et au Tadjikistan en ao\u00fbt 2001 d&rsquo;Aide psychologique sans fronti\u00e8res<br \/>\nMartine BARBIER BOYER<\/p>\n<p>La postvention en milieu scolaire au Qu\u00e9bec : le programme du Centre de pr\u00e9vention du suicide 02<br \/>\nCarol GRAVEL<\/p>\n<p>L&rsquo;utilisation de l&rsquo;intervention de groupe dans les situations de crise et d&rsquo;urgence<br \/>\nJulie NADEAU<\/p>\n<p>PARTIE 8 : CONS\u00c9QUENCES DES \u00c9V\u00c9NEMENTS TRAUMATIQUES SUR LA SANT\u00c9 DES<br \/>\nINDIVIDUS ET DES COMMUNAUT\u00c9S<\/p>\n<p>Cons\u00e9quences sanitaires des attentats : r\u00e9sultats d&rsquo;\u00e9tude \u00e9pid\u00e9miologiques men\u00e9es en France<br \/>\nFran\u00e7oise RUDETZKI<\/p>\n<p>Cons\u00e9quences \u00e0 long terme d&rsquo;un Mass Murder, le cas de Polytechnique neuf ans plus tard<br \/>\nGenevi\u00e8ve PARENT, Marie-Marthe COUSINEAU<\/p>\n<p>Les cons\u00e9quences de l&rsquo;\u00e9v\u00e9nement traumatique chez les victimes de violence sur les lieux de travail<br \/>\nH\u00e9l\u00e8ne CARDU, Jean-Yves T\u00caTU<\/p>\n<p>Analyse de l&rsquo;\u00e9volution d&rsquo;un deuil touchant l&rsquo;ensemble d&rsquo;une communaut\u00e9<br \/>\nFran\u00e7oise LAVALL\u00c9E, Andr\u00e9e PELLERIN,<br \/>\nAbb\u00e9 Cl\u00e9ment B\u00c9DARD<\/p>\n<p>PARTIE 9 : GESTION DES CATASTROPHES AU CANADA ET AU QU\u00c9BEC<\/p>\n<p>Qu&rsquo;en est-il de l&rsquo;intervention psychosociale en s\u00e9curit\u00e9 civile au Qu\u00e9bec ?<br \/>\nClaude MARTEL<\/p>\n<p>L&rsquo;apprentissage syst\u00e9mique des crises : une approche pragmatique<br \/>\nAladin AWAD, Thierry C. PAUCHANT<\/p>\n<p>Les interventions psychosociales au Canada 1979-2001 : ce que nous avons retenu<br \/>\nRobert LAFOND<\/p>\n<p>La gestion d&rsquo;un d\u00e9sastre : la panne d&rsquo;\u00e9lectricit\u00e9 de janvier 1998<br \/>\nRaymond MURPHY<\/p>\n<p>\u00c9valuation de l&rsquo;ex\u00e9cution actuelle des recommandations formul\u00e9es d&rsquo;apr\u00e8s le d\u00e9luge du Saguenay de juillet 1996<br \/>\nDaniel PARENT, Thierry C. PAUCHANT<\/p>\n<p>La Loi sur la s\u00e9curit\u00e9 civile : le l\u00e9gislateur qu\u00e9b\u00e9cois fait-il preuve d&rsquo;anticipation et de prospective ?<br \/>\nDenis BOURQUE<\/p>\n<p>La temp\u00eate de verglas de janvier 1998 : les constats et les pistes d&rsquo;avenir en planification de mesures d&rsquo;urgence pour le syst\u00e8me de la sant\u00e9 et des services sociaux<br \/>\nFran\u00e7ois GRAVEL<\/p>\n<p>\u00c9valuation de l&rsquo;utilit\u00e9 des m\u00e9dias durant la crise de verglas en Mont\u00e9r\u00e9gie<br \/>\nMaryse GUAY<\/p>\n<p>CONCLUSION<br \/>\nLe colloque revisit\u00e9 : loin des yeux, loin du c\u0153ur ?<br \/>\nYvon LEFEBVRE<\/p>\n","protected":false},"excerpt":{"rendered":"<p>En octobre 2001, plus de 350 intervenants et chercheurs du Qu\u00e9bec et de la France se sont r\u00e9unis pour faire le point sur la recherche portant sur les cons\u00e9quences des catastrophes et des \u00e9v\u00e9nements traumatiques sur la sant\u00e9 des individus, des intervenants et des communaut\u00e9s. Ce volume de plus de 800 pages repr\u00e9sente le fruit [&hellip;]<\/p>\n","protected":false},"author":5,"featured_media":0,"comment_status":"closed","ping_status":"closed","sticky":false,"template":"","format":"standard","meta":{"footnotes":""},"categories":[25],"tags":[],"yoast_head":"<!-- This site is optimized with the Yoast SEO plugin v24.2 - https:\/\/yoast.com\/wordpress\/plugins\/seo\/ -->\r\n<title>Catastrophes et \u00e9tat de sant\u00e9 des individus, des intervenants et des communaut\u00e9s - UQACtualit\u00e9s<\/title>\r\n<meta name=\"robots\" content=\"index, follow, max-snippet:-1, max-image-preview:large, max-video-preview:-1\" \/>\r\n<link rel=\"canonical\" href=\"https:\/\/www.uqac.ca\/uqactualites\/2003\/02\/10\/catastrophes-et-etat-de-sante-des-individus-des-intervenants-et-des-communautes\/\" \/>\r\n<meta property=\"og:locale\" content=\"fr_CA\" \/>\r\n<meta property=\"og:type\" content=\"article\" \/>\r\n<meta property=\"og:title\" content=\"Catastrophes et \u00e9tat de sant\u00e9 des individus, des intervenants et des communaut\u00e9s - UQACtualit\u00e9s\" \/>\r\n<meta property=\"og:description\" content=\"En octobre 2001, plus de 350 intervenants et chercheurs du Qu\u00e9bec et de la France se sont r\u00e9unis pour faire le point sur la recherche portant sur les cons\u00e9quences des catastrophes et des \u00e9v\u00e9nements traumatiques sur la sant\u00e9 des individus, des intervenants et des communaut\u00e9s. Ce volume de plus de 800 pages repr\u00e9sente le fruit [&hellip;]\" \/>\r\n<meta property=\"og:url\" content=\"https:\/\/www.uqac.ca\/uqactualites\/2003\/02\/10\/catastrophes-et-etat-de-sante-des-individus-des-intervenants-et-des-communautes\/\" \/>\r\n<meta property=\"og:site_name\" content=\"UQACtualit\u00e9s\" \/>\r\n<meta property=\"article:published_time\" content=\"2003-02-10T21:29:35+00:00\" \/>\r\n<meta property=\"og:image\" content=\"http:\/\/www.uqac.ca\/wp-content\/uploads\/2012\/03\/G9qW6JY38XJy0gbK-218x300.jpg\" \/>\r\n<meta name=\"author\" content=\"Service des communications et des relations publiques\" \/>\r\n<meta name=\"twitter:card\" content=\"summary_large_image\" \/>\r\n<meta name=\"twitter:label1\" content=\"\u00c9crit par\" \/>\n\t<meta name=\"twitter:data1\" content=\"Service des communications et des relations publiques\" \/>\n\t<meta name=\"twitter:label2\" content=\"Estimation du temps de lecture\" \/>\n\t<meta name=\"twitter:data2\" content=\"7 minutes\" \/>\r\n<script type=\"application\/ld+json\" class=\"yoast-schema-graph\">{\"@context\":\"https:\/\/schema.org\",\"@graph\":[{\"@type\":\"WebPage\",\"@id\":\"https:\/\/www.uqac.ca\/uqactualites\/2003\/02\/10\/catastrophes-et-etat-de-sante-des-individus-des-intervenants-et-des-communautes\/\",\"url\":\"https:\/\/www.uqac.ca\/uqactualites\/2003\/02\/10\/catastrophes-et-etat-de-sante-des-individus-des-intervenants-et-des-communautes\/\",\"name\":\"Catastrophes et \u00e9tat de sant\u00e9 des individus, des intervenants et des communaut\u00e9s - UQACtualit\u00e9s\",\"isPartOf\":{\"@id\":\"https:\/\/www.uqac.ca\/uqactualites\/#website\"},\"primaryImageOfPage\":{\"@id\":\"https:\/\/www.uqac.ca\/uqactualites\/2003\/02\/10\/catastrophes-et-etat-de-sante-des-individus-des-intervenants-et-des-communautes\/#primaryimage\"},\"image\":{\"@id\":\"https:\/\/www.uqac.ca\/uqactualites\/2003\/02\/10\/catastrophes-et-etat-de-sante-des-individus-des-intervenants-et-des-communautes\/#primaryimage\"},\"thumbnailUrl\":\"http:\/\/www.uqac.ca\/wp-content\/uploads\/2012\/03\/G9qW6JY38XJy0gbK-218x300.jpg\",\"datePublished\":\"2003-02-10T21:29:35+00:00\",\"dateModified\":\"2003-02-10T21:29:35+00:00\",\"author\":{\"@id\":\"https:\/\/www.uqac.ca\/uqactualites\/#\/schema\/person\/366c45a0c4f0e677b41b4af5886e2018\"},\"breadcrumb\":{\"@id\":\"https:\/\/www.uqac.ca\/uqactualites\/2003\/02\/10\/catastrophes-et-etat-de-sante-des-individus-des-intervenants-et-des-communautes\/#breadcrumb\"},\"inLanguage\":\"fr-CA\",\"potentialAction\":[{\"@type\":\"ReadAction\",\"target\":[\"https:\/\/www.uqac.ca\/uqactualites\/2003\/02\/10\/catastrophes-et-etat-de-sante-des-individus-des-intervenants-et-des-communautes\/\"]}]},{\"@type\":\"ImageObject\",\"inLanguage\":\"fr-CA\",\"@id\":\"https:\/\/www.uqac.ca\/uqactualites\/2003\/02\/10\/catastrophes-et-etat-de-sante-des-individus-des-intervenants-et-des-communautes\/#primaryimage\",\"url\":\"http:\/\/www.uqac.ca\/wp-content\/uploads\/2012\/03\/G9qW6JY38XJy0gbK-218x300.jpg\",\"contentUrl\":\"http:\/\/www.uqac.ca\/wp-content\/uploads\/2012\/03\/G9qW6JY38XJy0gbK-218x300.jpg\"},{\"@type\":\"BreadcrumbList\",\"@id\":\"https:\/\/www.uqac.ca\/uqactualites\/2003\/02\/10\/catastrophes-et-etat-de-sante-des-individus-des-intervenants-et-des-communautes\/#breadcrumb\",\"itemListElement\":[{\"@type\":\"ListItem\",\"position\":1,\"name\":\"Home\",\"item\":\"https:\/\/www.uqac.ca\/uqactualites\/\"},{\"@type\":\"ListItem\",\"position\":2,\"name\":\"Catastrophes et \u00e9tat de sant\u00e9 des individus, des intervenants et des communaut\u00e9s\"}]},{\"@type\":\"WebSite\",\"@id\":\"https:\/\/www.uqac.ca\/uqactualites\/#website\",\"url\":\"https:\/\/www.uqac.ca\/uqactualites\/\",\"name\":\"UQACtualit\u00e9s\",\"description\":\"Le portail des nouvelles de l&#039;UQAC\",\"potentialAction\":[{\"@type\":\"SearchAction\",\"target\":{\"@type\":\"EntryPoint\",\"urlTemplate\":\"https:\/\/www.uqac.ca\/uqactualites\/?s={search_term_string}\"},\"query-input\":{\"@type\":\"PropertyValueSpecification\",\"valueRequired\":true,\"valueName\":\"search_term_string\"}}],\"inLanguage\":\"fr-CA\"},{\"@type\":\"Person\",\"@id\":\"https:\/\/www.uqac.ca\/uqactualites\/#\/schema\/person\/366c45a0c4f0e677b41b4af5886e2018\",\"name\":\"Service des communications et des relations publiques\",\"image\":{\"@type\":\"ImageObject\",\"inLanguage\":\"fr-CA\",\"@id\":\"https:\/\/www.uqac.ca\/uqactualites\/#\/schema\/person\/image\/\",\"url\":\"https:\/\/secure.gravatar.com\/avatar\/20fbbda8a292f59f2d3461a5b999c00b?s=96&d=mm&r=g\",\"contentUrl\":\"https:\/\/secure.gravatar.com\/avatar\/20fbbda8a292f59f2d3461a5b999c00b?s=96&d=mm&r=g\",\"caption\":\"Service des communications et des relations publiques\"},\"url\":\"https:\/\/www.uqac.ca\/uqactualites\/author\/bap\/\"}]}<\/script>\r\n<!-- \/ Yoast SEO plugin. -->","yoast_head_json":{"title":"Catastrophes et \u00e9tat de sant\u00e9 des individus, des intervenants et des communaut\u00e9s - UQACtualit\u00e9s","robots":{"index":"index","follow":"follow","max-snippet":"max-snippet:-1","max-image-preview":"max-image-preview:large","max-video-preview":"max-video-preview:-1"},"canonical":"https:\/\/www.uqac.ca\/uqactualites\/2003\/02\/10\/catastrophes-et-etat-de-sante-des-individus-des-intervenants-et-des-communautes\/","og_locale":"fr_CA","og_type":"article","og_title":"Catastrophes et \u00e9tat de sant\u00e9 des individus, des intervenants et des communaut\u00e9s - UQACtualit\u00e9s","og_description":"En octobre 2001, plus de 350 intervenants et chercheurs du Qu\u00e9bec et de la France se sont r\u00e9unis pour faire le point sur la recherche portant sur les cons\u00e9quences des catastrophes et des \u00e9v\u00e9nements traumatiques sur la sant\u00e9 des individus, des intervenants et des communaut\u00e9s. Ce volume de plus de 800 pages repr\u00e9sente le fruit [&hellip;]","og_url":"https:\/\/www.uqac.ca\/uqactualites\/2003\/02\/10\/catastrophes-et-etat-de-sante-des-individus-des-intervenants-et-des-communautes\/","og_site_name":"UQACtualit\u00e9s","article_published_time":"2003-02-10T21:29:35+00:00","og_image":[{"url":"http:\/\/www.uqac.ca\/wp-content\/uploads\/2012\/03\/G9qW6JY38XJy0gbK-218x300.jpg","type":"","width":"","height":""}],"author":"Service des communications et des relations publiques","twitter_card":"summary_large_image","twitter_misc":{"\u00c9crit par":"Service des communications et des relations publiques","Estimation du temps de lecture":"7 minutes"},"schema":{"@context":"https:\/\/schema.org","@graph":[{"@type":"WebPage","@id":"https:\/\/www.uqac.ca\/uqactualites\/2003\/02\/10\/catastrophes-et-etat-de-sante-des-individus-des-intervenants-et-des-communautes\/","url":"https:\/\/www.uqac.ca\/uqactualites\/2003\/02\/10\/catastrophes-et-etat-de-sante-des-individus-des-intervenants-et-des-communautes\/","name":"Catastrophes et \u00e9tat de sant\u00e9 des individus, des intervenants et des communaut\u00e9s - UQACtualit\u00e9s","isPartOf":{"@id":"https:\/\/www.uqac.ca\/uqactualites\/#website"},"primaryImageOfPage":{"@id":"https:\/\/www.uqac.ca\/uqactualites\/2003\/02\/10\/catastrophes-et-etat-de-sante-des-individus-des-intervenants-et-des-communautes\/#primaryimage"},"image":{"@id":"https:\/\/www.uqac.ca\/uqactualites\/2003\/02\/10\/catastrophes-et-etat-de-sante-des-individus-des-intervenants-et-des-communautes\/#primaryimage"},"thumbnailUrl":"http:\/\/www.uqac.ca\/wp-content\/uploads\/2012\/03\/G9qW6JY38XJy0gbK-218x300.jpg","datePublished":"2003-02-10T21:29:35+00:00","dateModified":"2003-02-10T21:29:35+00:00","author":{"@id":"https:\/\/www.uqac.ca\/uqactualites\/#\/schema\/person\/366c45a0c4f0e677b41b4af5886e2018"},"breadcrumb":{"@id":"https:\/\/www.uqac.ca\/uqactualites\/2003\/02\/10\/catastrophes-et-etat-de-sante-des-individus-des-intervenants-et-des-communautes\/#breadcrumb"},"inLanguage":"fr-CA","potentialAction":[{"@type":"ReadAction","target":["https:\/\/www.uqac.ca\/uqactualites\/2003\/02\/10\/catastrophes-et-etat-de-sante-des-individus-des-intervenants-et-des-communautes\/"]}]},{"@type":"ImageObject","inLanguage":"fr-CA","@id":"https:\/\/www.uqac.ca\/uqactualites\/2003\/02\/10\/catastrophes-et-etat-de-sante-des-individus-des-intervenants-et-des-communautes\/#primaryimage","url":"http:\/\/www.uqac.ca\/wp-content\/uploads\/2012\/03\/G9qW6JY38XJy0gbK-218x300.jpg","contentUrl":"http:\/\/www.uqac.ca\/wp-content\/uploads\/2012\/03\/G9qW6JY38XJy0gbK-218x300.jpg"},{"@type":"BreadcrumbList","@id":"https:\/\/www.uqac.ca\/uqactualites\/2003\/02\/10\/catastrophes-et-etat-de-sante-des-individus-des-intervenants-et-des-communautes\/#breadcrumb","itemListElement":[{"@type":"ListItem","position":1,"name":"Home","item":"https:\/\/www.uqac.ca\/uqactualites\/"},{"@type":"ListItem","position":2,"name":"Catastrophes et \u00e9tat de sant\u00e9 des individus, des intervenants et des communaut\u00e9s"}]},{"@type":"WebSite","@id":"https:\/\/www.uqac.ca\/uqactualites\/#website","url":"https:\/\/www.uqac.ca\/uqactualites\/","name":"UQACtualit\u00e9s","description":"Le portail des nouvelles de l&#039;UQAC","potentialAction":[{"@type":"SearchAction","target":{"@type":"EntryPoint","urlTemplate":"https:\/\/www.uqac.ca\/uqactualites\/?s={search_term_string}"},"query-input":{"@type":"PropertyValueSpecification","valueRequired":true,"valueName":"search_term_string"}}],"inLanguage":"fr-CA"},{"@type":"Person","@id":"https:\/\/www.uqac.ca\/uqactualites\/#\/schema\/person\/366c45a0c4f0e677b41b4af5886e2018","name":"Service des communications et des relations publiques","image":{"@type":"ImageObject","inLanguage":"fr-CA","@id":"https:\/\/www.uqac.ca\/uqactualites\/#\/schema\/person\/image\/","url":"https:\/\/secure.gravatar.com\/avatar\/20fbbda8a292f59f2d3461a5b999c00b?s=96&d=mm&r=g","contentUrl":"https:\/\/secure.gravatar.com\/avatar\/20fbbda8a292f59f2d3461a5b999c00b?s=96&d=mm&r=g","caption":"Service des communications et des relations publiques"},"url":"https:\/\/www.uqac.ca\/uqactualites\/author\/bap\/"}]}},"_links":{"self":[{"href":"https:\/\/www.uqac.ca\/uqactualites\/wp-json\/wp\/v2\/posts\/19736"}],"collection":[{"href":"https:\/\/www.uqac.ca\/uqactualites\/wp-json\/wp\/v2\/posts"}],"about":[{"href":"https:\/\/www.uqac.ca\/uqactualites\/wp-json\/wp\/v2\/types\/post"}],"author":[{"embeddable":true,"href":"https:\/\/www.uqac.ca\/uqactualites\/wp-json\/wp\/v2\/users\/5"}],"replies":[{"embeddable":true,"href":"https:\/\/www.uqac.ca\/uqactualites\/wp-json\/wp\/v2\/comments?post=19736"}],"version-history":[{"count":0,"href":"https:\/\/www.uqac.ca\/uqactualites\/wp-json\/wp\/v2\/posts\/19736\/revisions"}],"wp:attachment":[{"href":"https:\/\/www.uqac.ca\/uqactualites\/wp-json\/wp\/v2\/media?parent=19736"}],"wp:term":[{"taxonomy":"category","embeddable":true,"href":"https:\/\/www.uqac.ca\/uqactualites\/wp-json\/wp\/v2\/categories?post=19736"},{"taxonomy":"post_tag","embeddable":true,"href":"https:\/\/www.uqac.ca\/uqactualites\/wp-json\/wp\/v2\/tags?post=19736"}],"curies":[{"name":"wp","href":"https:\/\/api.w.org\/{rel}","templated":true}]}}