{"id":19750,"date":"2002-12-06T09:50:49","date_gmt":"2002-12-06T15:20:49","guid":{"rendered":"http:\/\/uqactualite.odev.ca\/2002\/12\/mon-jardin-pas-trop-secret-deau-et-de-lumiere\/"},"modified":"2002-12-06T09:50:49","modified_gmt":"2002-12-06T15:20:49","slug":"mon-jardin-pas-trop-secret-deau-et-de-lumiere","status":"publish","type":"post","link":"https:\/\/www.uqac.ca\/uqactualites\/2002\/12\/06\/mon-jardin-pas-trop-secret-deau-et-de-lumiere\/","title":{"rendered":"Mon jardin pas trop secret d&rsquo;eau et de lumi\u00e8re"},"content":{"rendered":"<p><a href=\"http:\/\/www.uqac.ca\/wp-content\/uploads\/2012\/03\/Zjat6oZ1E4XRMxFM.jpg\"><img loading=\"lazy\" decoding=\"async\" class=\"size-medium wp-image-19750 alignright\" title=\"Zjat6oZ1E4XRMxFM\" src=\"http:\/\/www.uqac.ca\/wp-content\/uploads\/2012\/03\/Zjat6oZ1E4XRMxFM-300x196.jpg\" alt=\"\" width=\"300\" height=\"196\" \/><\/a><a href=\"http:\/\/www.uqac.ca\/wp-content\/uploads\/2012\/03\/LI4wWtPETCuG1uBx.jpg\"><img loading=\"lazy\" decoding=\"async\" class=\"size-medium wp-image-19750 alignright\" title=\"LI4wWtPETCuG1uBx\" src=\"http:\/\/www.uqac.ca\/wp-content\/uploads\/2012\/03\/LI4wWtPETCuG1uBx-200x300.jpg\" alt=\"\" width=\"200\" height=\"300\" \/><\/a><\/p>\n<p>Jayanta Guha, professeur en sciences de la Terre, affiche jusqu&rsquo;au 16 d\u00e9cembre prochain une vingtaine de ses plus belles photographies, toutes issues du m\u00eame th\u00e8me, dans le corridor principal du rez-de-chauss\u00e9e du Pavillon principal. Voici ce qu&rsquo;il en dit :<\/p>\n<p>Ce qui m&rsquo;a port\u00e9 \u00e0 ouvrir mon jardin secret d&rsquo;eau et de lumi\u00e8re, c&rsquo;est qu&rsquo;il n&rsquo;est pas si secret. Il suffit de se r\u00e9veiller t\u00f4t le matin et de se rendre sur la rive nord de la rivi\u00e8re Saguenay, tout pr\u00e8s du pont Sainte-Anne. Voici donc quelques clich\u00e9s de mon jardin, sans autre obstruction, entre l&rsquo;oeil et la nature, que la lentille d&rsquo;un appareil photo (sans filtre, mais \u00e0 travers la brume de temps \u00e0 autre). Pour les l\u00e8ve-tard et les l\u00e8ve-t\u00f4t qui n&rsquo;ont pas vu ce jardin, je partage le chant de l&rsquo;eau et de la lumi\u00e8re offrant des images neuves \u00e0 chaque instant. On entend r\u00e9sonner les paroles du po\u00e8te Rabindranath Tagore: &laquo;Cette petite fl\u00fbte de roseau, tu l&rsquo;as emport\u00e9e par les collines et les vall\u00e9es et tu as souffl\u00e9, au travers des m\u00e9lodies \u00e9ternellement neuves&#8230;. La lumi\u00e8re de ta musique illumine le monde&raquo; (\u201cL&rsquo;Offrande lyrique\u201d).<\/p>\n<p>Jayanta Guha est un artiste multidisciplinaire. Po\u00e8te, percussionniste et photographe, sa profession de g\u00e9ologue l&rsquo;a aid\u00e9 \u00e0 appr\u00e9cier les liens entre la terre, l&rsquo;eau, la lumi\u00e8re et la vie et lui a permis de s&rsquo;exprimer \u00e0 travers ses photographies.<\/p>\n","protected":false},"excerpt":{"rendered":"<p>Jayanta Guha, professeur en sciences de la Terre, affiche jusqu&rsquo;au 16 d\u00e9cembre prochain une vingtaine de ses plus belles photographies, toutes issues du m\u00eame th\u00e8me, dans le corridor principal du rez-de-chauss\u00e9e du Pavillon principal. Voici ce qu&rsquo;il en dit : Ce qui m&rsquo;a port\u00e9 \u00e0 ouvrir mon jardin secret d&rsquo;eau et de lumi\u00e8re, c&rsquo;est qu&rsquo;il [&hellip;]<\/p>\n","protected":false},"author":5,"featured_media":0,"comment_status":"closed","ping_status":"closed","sticky":false,"template":"","format":"standard","meta":{"footnotes":""},"categories":[61],"tags":[],"yoast_head":"<!-- This site is optimized with the Yoast SEO plugin v24.2 - https:\/\/yoast.com\/wordpress\/plugins\/seo\/ -->\r\n<title>Mon jardin pas trop secret d&#039;eau et de lumi\u00e8re - UQACtualit\u00e9s<\/title>\r\n<meta name=\"robots\" content=\"index, follow, max-snippet:-1, max-image-preview:large, max-video-preview:-1\" \/>\r\n<link rel=\"canonical\" href=\"https:\/\/www.uqac.ca\/uqactualites\/2002\/12\/06\/mon-jardin-pas-trop-secret-deau-et-de-lumiere\/\" \/>\r\n<meta property=\"og:locale\" content=\"fr_CA\" \/>\r\n<meta property=\"og:type\" content=\"article\" \/>\r\n<meta property=\"og:title\" content=\"Mon jardin pas trop secret d&#039;eau et de lumi\u00e8re - UQACtualit\u00e9s\" \/>\r\n<meta property=\"og:description\" content=\"Jayanta Guha, professeur en sciences de la Terre, affiche jusqu&rsquo;au 16 d\u00e9cembre prochain une vingtaine de ses plus belles photographies, toutes issues du m\u00eame th\u00e8me, dans le corridor principal du rez-de-chauss\u00e9e du Pavillon principal. Voici ce qu&rsquo;il en dit : Ce qui m&rsquo;a port\u00e9 \u00e0 ouvrir mon jardin secret d&rsquo;eau et de lumi\u00e8re, c&rsquo;est qu&rsquo;il [&hellip;]\" \/>\r\n<meta property=\"og:url\" content=\"https:\/\/www.uqac.ca\/uqactualites\/2002\/12\/06\/mon-jardin-pas-trop-secret-deau-et-de-lumiere\/\" \/>\r\n<meta property=\"og:site_name\" content=\"UQACtualit\u00e9s\" \/>\r\n<meta property=\"article:published_time\" content=\"2002-12-06T15:20:49+00:00\" \/>\r\n<meta property=\"og:image\" content=\"http:\/\/www.uqac.ca\/wp-content\/uploads\/2012\/03\/Zjat6oZ1E4XRMxFM-300x196.jpg\" \/>\r\n<meta name=\"author\" content=\"Service des communications et des relations publiques\" \/>\r\n<meta name=\"twitter:card\" content=\"summary_large_image\" \/>\r\n<meta name=\"twitter:label1\" content=\"\u00c9crit par\" \/>\n\t<meta name=\"twitter:data1\" content=\"Service des communications et des relations publiques\" \/>\n\t<meta name=\"twitter:label2\" content=\"Estimation du temps de lecture\" \/>\n\t<meta name=\"twitter:data2\" content=\"1 minute\" \/>\r\n<script type=\"application\/ld+json\" class=\"yoast-schema-graph\">{\"@context\":\"https:\/\/schema.org\",\"@graph\":[{\"@type\":\"WebPage\",\"@id\":\"https:\/\/www.uqac.ca\/uqactualites\/2002\/12\/06\/mon-jardin-pas-trop-secret-deau-et-de-lumiere\/\",\"url\":\"https:\/\/www.uqac.ca\/uqactualites\/2002\/12\/06\/mon-jardin-pas-trop-secret-deau-et-de-lumiere\/\",\"name\":\"Mon jardin pas trop secret d'eau et de lumi\u00e8re - UQACtualit\u00e9s\",\"isPartOf\":{\"@id\":\"https:\/\/www.uqac.ca\/uqactualites\/#website\"},\"primaryImageOfPage\":{\"@id\":\"https:\/\/www.uqac.ca\/uqactualites\/2002\/12\/06\/mon-jardin-pas-trop-secret-deau-et-de-lumiere\/#primaryimage\"},\"image\":{\"@id\":\"https:\/\/www.uqac.ca\/uqactualites\/2002\/12\/06\/mon-jardin-pas-trop-secret-deau-et-de-lumiere\/#primaryimage\"},\"thumbnailUrl\":\"http:\/\/www.uqac.ca\/wp-content\/uploads\/2012\/03\/Zjat6oZ1E4XRMxFM-300x196.jpg\",\"datePublished\":\"2002-12-06T15:20:49+00:00\",\"dateModified\":\"2002-12-06T15:20:49+00:00\",\"author\":{\"@id\":\"https:\/\/www.uqac.ca\/uqactualites\/#\/schema\/person\/366c45a0c4f0e677b41b4af5886e2018\"},\"breadcrumb\":{\"@id\":\"https:\/\/www.uqac.ca\/uqactualites\/2002\/12\/06\/mon-jardin-pas-trop-secret-deau-et-de-lumiere\/#breadcrumb\"},\"inLanguage\":\"fr-CA\",\"potentialAction\":[{\"@type\":\"ReadAction\",\"target\":[\"https:\/\/www.uqac.ca\/uqactualites\/2002\/12\/06\/mon-jardin-pas-trop-secret-deau-et-de-lumiere\/\"]}]},{\"@type\":\"ImageObject\",\"inLanguage\":\"fr-CA\",\"@id\":\"https:\/\/www.uqac.ca\/uqactualites\/2002\/12\/06\/mon-jardin-pas-trop-secret-deau-et-de-lumiere\/#primaryimage\",\"url\":\"http:\/\/www.uqac.ca\/wp-content\/uploads\/2012\/03\/Zjat6oZ1E4XRMxFM-300x196.jpg\",\"contentUrl\":\"http:\/\/www.uqac.ca\/wp-content\/uploads\/2012\/03\/Zjat6oZ1E4XRMxFM-300x196.jpg\"},{\"@type\":\"BreadcrumbList\",\"@id\":\"https:\/\/www.uqac.ca\/uqactualites\/2002\/12\/06\/mon-jardin-pas-trop-secret-deau-et-de-lumiere\/#breadcrumb\",\"itemListElement\":[{\"@type\":\"ListItem\",\"position\":1,\"name\":\"Home\",\"item\":\"https:\/\/www.uqac.ca\/uqactualites\/\"},{\"@type\":\"ListItem\",\"position\":2,\"name\":\"Mon jardin pas trop secret d&rsquo;eau et de lumi\u00e8re\"}]},{\"@type\":\"WebSite\",\"@id\":\"https:\/\/www.uqac.ca\/uqactualites\/#website\",\"url\":\"https:\/\/www.uqac.ca\/uqactualites\/\",\"name\":\"UQACtualit\u00e9s\",\"description\":\"Le portail des nouvelles de l&#039;UQAC\",\"potentialAction\":[{\"@type\":\"SearchAction\",\"target\":{\"@type\":\"EntryPoint\",\"urlTemplate\":\"https:\/\/www.uqac.ca\/uqactualites\/?s={search_term_string}\"},\"query-input\":{\"@type\":\"PropertyValueSpecification\",\"valueRequired\":true,\"valueName\":\"search_term_string\"}}],\"inLanguage\":\"fr-CA\"},{\"@type\":\"Person\",\"@id\":\"https:\/\/www.uqac.ca\/uqactualites\/#\/schema\/person\/366c45a0c4f0e677b41b4af5886e2018\",\"name\":\"Service des communications et des relations publiques\",\"image\":{\"@type\":\"ImageObject\",\"inLanguage\":\"fr-CA\",\"@id\":\"https:\/\/www.uqac.ca\/uqactualites\/#\/schema\/person\/image\/\",\"url\":\"https:\/\/secure.gravatar.com\/avatar\/20fbbda8a292f59f2d3461a5b999c00b?s=96&d=mm&r=g\",\"contentUrl\":\"https:\/\/secure.gravatar.com\/avatar\/20fbbda8a292f59f2d3461a5b999c00b?s=96&d=mm&r=g\",\"caption\":\"Service des communications et des relations publiques\"},\"url\":\"https:\/\/www.uqac.ca\/uqactualites\/author\/bap\/\"}]}<\/script>\r\n<!-- \/ Yoast SEO plugin. -->","yoast_head_json":{"title":"Mon jardin pas trop secret d'eau et de lumi\u00e8re - UQACtualit\u00e9s","robots":{"index":"index","follow":"follow","max-snippet":"max-snippet:-1","max-image-preview":"max-image-preview:large","max-video-preview":"max-video-preview:-1"},"canonical":"https:\/\/www.uqac.ca\/uqactualites\/2002\/12\/06\/mon-jardin-pas-trop-secret-deau-et-de-lumiere\/","og_locale":"fr_CA","og_type":"article","og_title":"Mon jardin pas trop secret d'eau et de lumi\u00e8re - UQACtualit\u00e9s","og_description":"Jayanta Guha, professeur en sciences de la Terre, affiche jusqu&rsquo;au 16 d\u00e9cembre prochain une vingtaine de ses plus belles photographies, toutes issues du m\u00eame th\u00e8me, dans le corridor principal du rez-de-chauss\u00e9e du Pavillon principal. Voici ce qu&rsquo;il en dit : Ce qui m&rsquo;a port\u00e9 \u00e0 ouvrir mon jardin secret d&rsquo;eau et de lumi\u00e8re, c&rsquo;est qu&rsquo;il [&hellip;]","og_url":"https:\/\/www.uqac.ca\/uqactualites\/2002\/12\/06\/mon-jardin-pas-trop-secret-deau-et-de-lumiere\/","og_site_name":"UQACtualit\u00e9s","article_published_time":"2002-12-06T15:20:49+00:00","og_image":[{"url":"http:\/\/www.uqac.ca\/wp-content\/uploads\/2012\/03\/Zjat6oZ1E4XRMxFM-300x196.jpg","type":"","width":"","height":""}],"author":"Service des communications et des relations publiques","twitter_card":"summary_large_image","twitter_misc":{"\u00c9crit par":"Service des communications et des relations publiques","Estimation du temps de lecture":"1 minute"},"schema":{"@context":"https:\/\/schema.org","@graph":[{"@type":"WebPage","@id":"https:\/\/www.uqac.ca\/uqactualites\/2002\/12\/06\/mon-jardin-pas-trop-secret-deau-et-de-lumiere\/","url":"https:\/\/www.uqac.ca\/uqactualites\/2002\/12\/06\/mon-jardin-pas-trop-secret-deau-et-de-lumiere\/","name":"Mon jardin pas trop secret d'eau et de lumi\u00e8re - UQACtualit\u00e9s","isPartOf":{"@id":"https:\/\/www.uqac.ca\/uqactualites\/#website"},"primaryImageOfPage":{"@id":"https:\/\/www.uqac.ca\/uqactualites\/2002\/12\/06\/mon-jardin-pas-trop-secret-deau-et-de-lumiere\/#primaryimage"},"image":{"@id":"https:\/\/www.uqac.ca\/uqactualites\/2002\/12\/06\/mon-jardin-pas-trop-secret-deau-et-de-lumiere\/#primaryimage"},"thumbnailUrl":"http:\/\/www.uqac.ca\/wp-content\/uploads\/2012\/03\/Zjat6oZ1E4XRMxFM-300x196.jpg","datePublished":"2002-12-06T15:20:49+00:00","dateModified":"2002-12-06T15:20:49+00:00","author":{"@id":"https:\/\/www.uqac.ca\/uqactualites\/#\/schema\/person\/366c45a0c4f0e677b41b4af5886e2018"},"breadcrumb":{"@id":"https:\/\/www.uqac.ca\/uqactualites\/2002\/12\/06\/mon-jardin-pas-trop-secret-deau-et-de-lumiere\/#breadcrumb"},"inLanguage":"fr-CA","potentialAction":[{"@type":"ReadAction","target":["https:\/\/www.uqac.ca\/uqactualites\/2002\/12\/06\/mon-jardin-pas-trop-secret-deau-et-de-lumiere\/"]}]},{"@type":"ImageObject","inLanguage":"fr-CA","@id":"https:\/\/www.uqac.ca\/uqactualites\/2002\/12\/06\/mon-jardin-pas-trop-secret-deau-et-de-lumiere\/#primaryimage","url":"http:\/\/www.uqac.ca\/wp-content\/uploads\/2012\/03\/Zjat6oZ1E4XRMxFM-300x196.jpg","contentUrl":"http:\/\/www.uqac.ca\/wp-content\/uploads\/2012\/03\/Zjat6oZ1E4XRMxFM-300x196.jpg"},{"@type":"BreadcrumbList","@id":"https:\/\/www.uqac.ca\/uqactualites\/2002\/12\/06\/mon-jardin-pas-trop-secret-deau-et-de-lumiere\/#breadcrumb","itemListElement":[{"@type":"ListItem","position":1,"name":"Home","item":"https:\/\/www.uqac.ca\/uqactualites\/"},{"@type":"ListItem","position":2,"name":"Mon jardin pas trop secret d&rsquo;eau et de lumi\u00e8re"}]},{"@type":"WebSite","@id":"https:\/\/www.uqac.ca\/uqactualites\/#website","url":"https:\/\/www.uqac.ca\/uqactualites\/","name":"UQACtualit\u00e9s","description":"Le portail des nouvelles de l&#039;UQAC","potentialAction":[{"@type":"SearchAction","target":{"@type":"EntryPoint","urlTemplate":"https:\/\/www.uqac.ca\/uqactualites\/?s={search_term_string}"},"query-input":{"@type":"PropertyValueSpecification","valueRequired":true,"valueName":"search_term_string"}}],"inLanguage":"fr-CA"},{"@type":"Person","@id":"https:\/\/www.uqac.ca\/uqactualites\/#\/schema\/person\/366c45a0c4f0e677b41b4af5886e2018","name":"Service des communications et des relations publiques","image":{"@type":"ImageObject","inLanguage":"fr-CA","@id":"https:\/\/www.uqac.ca\/uqactualites\/#\/schema\/person\/image\/","url":"https:\/\/secure.gravatar.com\/avatar\/20fbbda8a292f59f2d3461a5b999c00b?s=96&d=mm&r=g","contentUrl":"https:\/\/secure.gravatar.com\/avatar\/20fbbda8a292f59f2d3461a5b999c00b?s=96&d=mm&r=g","caption":"Service des communications et des relations publiques"},"url":"https:\/\/www.uqac.ca\/uqactualites\/author\/bap\/"}]}},"_links":{"self":[{"href":"https:\/\/www.uqac.ca\/uqactualites\/wp-json\/wp\/v2\/posts\/19750"}],"collection":[{"href":"https:\/\/www.uqac.ca\/uqactualites\/wp-json\/wp\/v2\/posts"}],"about":[{"href":"https:\/\/www.uqac.ca\/uqactualites\/wp-json\/wp\/v2\/types\/post"}],"author":[{"embeddable":true,"href":"https:\/\/www.uqac.ca\/uqactualites\/wp-json\/wp\/v2\/users\/5"}],"replies":[{"embeddable":true,"href":"https:\/\/www.uqac.ca\/uqactualites\/wp-json\/wp\/v2\/comments?post=19750"}],"version-history":[{"count":0,"href":"https:\/\/www.uqac.ca\/uqactualites\/wp-json\/wp\/v2\/posts\/19750\/revisions"}],"wp:attachment":[{"href":"https:\/\/www.uqac.ca\/uqactualites\/wp-json\/wp\/v2\/media?parent=19750"}],"wp:term":[{"taxonomy":"category","embeddable":true,"href":"https:\/\/www.uqac.ca\/uqactualites\/wp-json\/wp\/v2\/categories?post=19750"},{"taxonomy":"post_tag","embeddable":true,"href":"https:\/\/www.uqac.ca\/uqactualites\/wp-json\/wp\/v2\/tags?post=19750"}],"curies":[{"name":"wp","href":"https:\/\/api.w.org\/{rel}","templated":true}]}}