{"id":19768,"date":"2002-12-03T14:14:42","date_gmt":"2002-12-03T19:44:42","guid":{"rendered":"http:\/\/uqactualite.odev.ca\/2002\/12\/fondation-jean-charles-bonenfant\/"},"modified":"2002-12-03T14:14:42","modified_gmt":"2002-12-03T19:44:42","slug":"fondation-jean-charles-bonenfant","status":"publish","type":"post","link":"https:\/\/www.uqac.ca\/uqactualites\/2002\/12\/03\/fondation-jean-charles-bonenfant\/","title":{"rendered":"[Fondation Jean-Charles-Bonenfant] &#8211; La Fondation Jean-Charles-Bonenfant d\u00e9cernera quatre bourses assorties d&rsquo;un stage de dix mois \u00e0 des dipl\u00f4m\u00e9s universitaires"},"content":{"rendered":"<p style=\"text-align: right\"><strong>Pour diffusion imm\u00e9diate<\/strong><br \/>\n<strong> CNW Telbec 01<\/strong><\/p>\n<p style=\"text-align: justify\">Qu\u00e9bec, le 2 d\u00e9cembre 2002 &#8211; La Fondation Jean-Charles-Bonenfant attribuera quatre bourses de 15 000 $ \u00e0 des dipl\u00f4m\u00e9s universitaires et leur offrira ainsi la possibilit\u00e9 de vivre, pendant dix mois, une exp\u00e9rience enrichissante \u00e0 l&rsquo;Assembl\u00e9e nationale. Pour \u00eatre \u00e9ligible au programme de bourses de la Fondation, l&rsquo;\u00e9tudiant doit avoir obtenu, depuis moins de deux ans, ou \u00eatre en voie de l&rsquo;obtenir, un dipl\u00f4me d&rsquo;une universit\u00e9 qu\u00e9b\u00e9coise dans un champs d&rsquo;\u00e9tudes sp\u00e9cifiques : science politique, histoire, droit, science \u00e9conomique, journalisme, communications, philosophie, sociologie, sciences sociales.<\/p>\n<p style=\"text-align: justify\">La date limite d&rsquo;inscription est le 31 janvier 2003.<\/p>\n<p style=\"text-align: justify\">Au cours de leur stage, de septembre 2003 \u00e0 juin 2004, les boursiers-stagiaires pourront approfondir leurs connaissances th\u00e9oriques et pratiques du parlementarisme qu\u00e9b\u00e9cois. Ils seront jumel\u00e9s, en alternance, avec un d\u00e9put\u00e9 de chacun des groupes parlementaires formant le gouvernement et l&rsquo;opposition. Ils les assisteront dans leurs fonctions en collaborant \u00e0 la pr\u00e9paration de documentation ainsi qu&rsquo;\u00e0 la r\u00e9daction de m\u00e9moires, de discours, de communiqu\u00e9s, de d\u00e9pliants et de comptes rendus. Le stage pr\u00e9voit \u00e9galement un volet d\u00e9di\u00e9 au fonctionnement de l&rsquo;Assembl\u00e9e nationale et des organismes qui en rel\u00e8vent, soit le Directeur g\u00e9n\u00e9ral des \u00e9lections, le V\u00e9rificateur g\u00e9n\u00e9ral et le Protecteur du citoyen. De plus, des missions exploratoires leur permettront de proc\u00e9der \u00e0 une \u00e9tude comparative avec d&rsquo;autres institutions parlementaires canadiennes et \u00e9trang\u00e8res. Au terme de leur stage, chacun des boursiers-stagiaires devra d\u00e9poser un m\u00e9moire de recherche portant sur les institutions parlementaires du Qu\u00e9bec.<\/p>\n<p style=\"text-align: justify\">Les personnes int\u00e9ress\u00e9es par ce programme de bourses peuvent poser leur candidature en se procurant le formulaire d&rsquo;inscription aupr\u00e8s de la Fondation Jean-Charles-Bonenfant en composant le (418) 643-4101, en visitant le site Internet \u00e0 l&rsquo;adresse suivante www.assnat.qc.ca\/fra\/fondationbonenfant\/fondation\/fondpres.htm, ou en s&rsquo;informant aupr\u00e8s de leur d\u00e9partement ou du service aux \u00e9tudiants de leur universit\u00e9.<\/p>\n<p style=\"text-align: center\">&#8211; 30 &#8211;<\/p>\n<p style=\"text-align: justify\">Source : Martine Dignard<br \/>\nConseill\u00e8re<br \/>\nDirection des communications<br \/>\nT\u00e9l\u00e9phone : (418) 644-0701<\/p>\n<p style=\"text-align: justify\">Renseignements : Christine Mitton<br \/>\nConseill\u00e8re aux affaires publiques<br \/>\nCabinet de la pr\u00e9sidente de l&rsquo;Assembl\u00e9e nationale<br \/>\nT\u00e9l\u00e9phone : (418) 643-2820<\/p>\n","protected":false},"excerpt":{"rendered":"<p>Pour diffusion imm\u00e9diate CNW Telbec 01 Qu\u00e9bec, le 2 d\u00e9cembre 2002 &#8211; La Fondation Jean-Charles-Bonenfant attribuera quatre bourses de 15 000 $ \u00e0 des dipl\u00f4m\u00e9s universitaires et leur offrira ainsi la possibilit\u00e9 de vivre, pendant dix mois, une exp\u00e9rience enrichissante \u00e0 l&rsquo;Assembl\u00e9e nationale. Pour \u00eatre \u00e9ligible au programme de bourses de la Fondation, l&rsquo;\u00e9tudiant doit [&hellip;]<\/p>\n","protected":false},"author":5,"featured_media":24871,"comment_status":"closed","ping_status":"closed","sticky":false,"template":"","format":"standard","meta":{"footnotes":""},"categories":[2772],"tags":[],"yoast_head":"<!-- This site is optimized with the Yoast SEO plugin v24.2 - https:\/\/yoast.com\/wordpress\/plugins\/seo\/ -->\r\n<title>[Fondation Jean-Charles-Bonenfant] - La Fondation Jean-Charles-Bonenfant d\u00e9cernera quatre bourses assorties d&#039;un stage de dix mois \u00e0 des dipl\u00f4m\u00e9s universitaires - UQACtualit\u00e9s<\/title>\r\n<meta name=\"robots\" content=\"index, follow, max-snippet:-1, max-image-preview:large, max-video-preview:-1\" \/>\r\n<link rel=\"canonical\" href=\"https:\/\/www.uqac.ca\/uqactualites\/2002\/12\/03\/fondation-jean-charles-bonenfant\/\" \/>\r\n<meta property=\"og:locale\" content=\"fr_CA\" \/>\r\n<meta property=\"og:type\" content=\"article\" \/>\r\n<meta property=\"og:title\" content=\"[Fondation Jean-Charles-Bonenfant] - La Fondation Jean-Charles-Bonenfant d\u00e9cernera quatre bourses assorties d&#039;un stage de dix mois \u00e0 des dipl\u00f4m\u00e9s universitaires - UQACtualit\u00e9s\" \/>\r\n<meta property=\"og:description\" content=\"Pour diffusion imm\u00e9diate CNW Telbec 01 Qu\u00e9bec, le 2 d\u00e9cembre 2002 &#8211; La Fondation Jean-Charles-Bonenfant attribuera quatre bourses de 15 000 $ \u00e0 des dipl\u00f4m\u00e9s universitaires et leur offrira ainsi la possibilit\u00e9 de vivre, pendant dix mois, une exp\u00e9rience enrichissante \u00e0 l&rsquo;Assembl\u00e9e nationale. Pour \u00eatre \u00e9ligible au programme de bourses de la Fondation, l&rsquo;\u00e9tudiant doit [&hellip;]\" \/>\r\n<meta property=\"og:url\" content=\"https:\/\/www.uqac.ca\/uqactualites\/2002\/12\/03\/fondation-jean-charles-bonenfant\/\" \/>\r\n<meta property=\"og:site_name\" content=\"UQACtualit\u00e9s\" \/>\r\n<meta property=\"article:published_time\" content=\"2002-12-03T19:44:42+00:00\" \/>\r\n<meta property=\"og:image\" content=\"https:\/\/www.uqac.ca\/uqactualites\/wp-content\/uploads\/2013\/07\/GRAF-Uqactualit\u00e9s-\u00c913-03.jpg\" \/>\r\n\t<meta property=\"og:image:width\" content=\"620\" \/>\r\n\t<meta property=\"og:image:height\" content=\"301\" \/>\r\n\t<meta property=\"og:image:type\" content=\"image\/jpeg\" \/>\r\n<meta name=\"author\" content=\"Service des communications et des relations publiques\" \/>\r\n<meta name=\"twitter:card\" content=\"summary_large_image\" \/>\r\n<meta name=\"twitter:label1\" content=\"\u00c9crit par\" \/>\n\t<meta name=\"twitter:data1\" content=\"Service des communications et des relations publiques\" \/>\n\t<meta name=\"twitter:label2\" content=\"Estimation du temps de lecture\" \/>\n\t<meta name=\"twitter:data2\" content=\"2 minutes\" \/>\r\n<script type=\"application\/ld+json\" class=\"yoast-schema-graph\">{\"@context\":\"https:\/\/schema.org\",\"@graph\":[{\"@type\":\"WebPage\",\"@id\":\"https:\/\/www.uqac.ca\/uqactualites\/2002\/12\/03\/fondation-jean-charles-bonenfant\/\",\"url\":\"https:\/\/www.uqac.ca\/uqactualites\/2002\/12\/03\/fondation-jean-charles-bonenfant\/\",\"name\":\"[Fondation Jean-Charles-Bonenfant] - La Fondation Jean-Charles-Bonenfant d\u00e9cernera quatre bourses assorties d'un stage de dix mois \u00e0 des dipl\u00f4m\u00e9s universitaires - UQACtualit\u00e9s\",\"isPartOf\":{\"@id\":\"https:\/\/www.uqac.ca\/uqactualites\/#website\"},\"primaryImageOfPage\":{\"@id\":\"https:\/\/www.uqac.ca\/uqactualites\/2002\/12\/03\/fondation-jean-charles-bonenfant\/#primaryimage\"},\"image\":{\"@id\":\"https:\/\/www.uqac.ca\/uqactualites\/2002\/12\/03\/fondation-jean-charles-bonenfant\/#primaryimage\"},\"thumbnailUrl\":\"https:\/\/www.uqac.ca\/uqactualites\/wp-content\/uploads\/2013\/07\/GRAF-Uqactualit\u00e9s-\u00c913-03.jpg\",\"datePublished\":\"2002-12-03T19:44:42+00:00\",\"dateModified\":\"2002-12-03T19:44:42+00:00\",\"author\":{\"@id\":\"https:\/\/www.uqac.ca\/uqactualites\/#\/schema\/person\/366c45a0c4f0e677b41b4af5886e2018\"},\"breadcrumb\":{\"@id\":\"https:\/\/www.uqac.ca\/uqactualites\/2002\/12\/03\/fondation-jean-charles-bonenfant\/#breadcrumb\"},\"inLanguage\":\"fr-CA\",\"potentialAction\":[{\"@type\":\"ReadAction\",\"target\":[\"https:\/\/www.uqac.ca\/uqactualites\/2002\/12\/03\/fondation-jean-charles-bonenfant\/\"]}]},{\"@type\":\"ImageObject\",\"inLanguage\":\"fr-CA\",\"@id\":\"https:\/\/www.uqac.ca\/uqactualites\/2002\/12\/03\/fondation-jean-charles-bonenfant\/#primaryimage\",\"url\":\"https:\/\/www.uqac.ca\/uqactualites\/wp-content\/uploads\/2013\/07\/GRAF-Uqactualit\u00e9s-\u00c913-03.jpg\",\"contentUrl\":\"https:\/\/www.uqac.ca\/uqactualites\/wp-content\/uploads\/2013\/07\/GRAF-Uqactualit\u00e9s-\u00c913-03.jpg\",\"width\":620,\"height\":301},{\"@type\":\"BreadcrumbList\",\"@id\":\"https:\/\/www.uqac.ca\/uqactualites\/2002\/12\/03\/fondation-jean-charles-bonenfant\/#breadcrumb\",\"itemListElement\":[{\"@type\":\"ListItem\",\"position\":1,\"name\":\"Home\",\"item\":\"https:\/\/www.uqac.ca\/uqactualites\/\"},{\"@type\":\"ListItem\",\"position\":2,\"name\":\"[Fondation Jean-Charles-Bonenfant] &#8211; La Fondation Jean-Charles-Bonenfant d\u00e9cernera quatre bourses assorties d&rsquo;un stage de dix mois \u00e0 des dipl\u00f4m\u00e9s universitaires\"}]},{\"@type\":\"WebSite\",\"@id\":\"https:\/\/www.uqac.ca\/uqactualites\/#website\",\"url\":\"https:\/\/www.uqac.ca\/uqactualites\/\",\"name\":\"UQACtualit\u00e9s\",\"description\":\"Le portail des nouvelles de l&#039;UQAC\",\"potentialAction\":[{\"@type\":\"SearchAction\",\"target\":{\"@type\":\"EntryPoint\",\"urlTemplate\":\"https:\/\/www.uqac.ca\/uqactualites\/?s={search_term_string}\"},\"query-input\":{\"@type\":\"PropertyValueSpecification\",\"valueRequired\":true,\"valueName\":\"search_term_string\"}}],\"inLanguage\":\"fr-CA\"},{\"@type\":\"Person\",\"@id\":\"https:\/\/www.uqac.ca\/uqactualites\/#\/schema\/person\/366c45a0c4f0e677b41b4af5886e2018\",\"name\":\"Service des communications et des relations publiques\",\"image\":{\"@type\":\"ImageObject\",\"inLanguage\":\"fr-CA\",\"@id\":\"https:\/\/www.uqac.ca\/uqactualites\/#\/schema\/person\/image\/\",\"url\":\"https:\/\/secure.gravatar.com\/avatar\/20fbbda8a292f59f2d3461a5b999c00b?s=96&d=mm&r=g\",\"contentUrl\":\"https:\/\/secure.gravatar.com\/avatar\/20fbbda8a292f59f2d3461a5b999c00b?s=96&d=mm&r=g\",\"caption\":\"Service des communications et des relations publiques\"},\"url\":\"https:\/\/www.uqac.ca\/uqactualites\/author\/bap\/\"}]}<\/script>\r\n<!-- \/ Yoast SEO plugin. -->","yoast_head_json":{"title":"[Fondation Jean-Charles-Bonenfant] - La Fondation Jean-Charles-Bonenfant d\u00e9cernera quatre bourses assorties d'un stage de dix mois \u00e0 des dipl\u00f4m\u00e9s universitaires - UQACtualit\u00e9s","robots":{"index":"index","follow":"follow","max-snippet":"max-snippet:-1","max-image-preview":"max-image-preview:large","max-video-preview":"max-video-preview:-1"},"canonical":"https:\/\/www.uqac.ca\/uqactualites\/2002\/12\/03\/fondation-jean-charles-bonenfant\/","og_locale":"fr_CA","og_type":"article","og_title":"[Fondation Jean-Charles-Bonenfant] - La Fondation Jean-Charles-Bonenfant d\u00e9cernera quatre bourses assorties d'un stage de dix mois \u00e0 des dipl\u00f4m\u00e9s universitaires - UQACtualit\u00e9s","og_description":"Pour diffusion imm\u00e9diate CNW Telbec 01 Qu\u00e9bec, le 2 d\u00e9cembre 2002 &#8211; La Fondation Jean-Charles-Bonenfant attribuera quatre bourses de 15 000 $ \u00e0 des dipl\u00f4m\u00e9s universitaires et leur offrira ainsi la possibilit\u00e9 de vivre, pendant dix mois, une exp\u00e9rience enrichissante \u00e0 l&rsquo;Assembl\u00e9e nationale. Pour \u00eatre \u00e9ligible au programme de bourses de la Fondation, l&rsquo;\u00e9tudiant doit [&hellip;]","og_url":"https:\/\/www.uqac.ca\/uqactualites\/2002\/12\/03\/fondation-jean-charles-bonenfant\/","og_site_name":"UQACtualit\u00e9s","article_published_time":"2002-12-03T19:44:42+00:00","og_image":[{"width":620,"height":301,"url":"https:\/\/www.uqac.ca\/uqactualites\/wp-content\/uploads\/2013\/07\/GRAF-Uqactualit\u00e9s-\u00c913-03.jpg","type":"image\/jpeg"}],"author":"Service des communications et des relations publiques","twitter_card":"summary_large_image","twitter_misc":{"\u00c9crit par":"Service des communications et des relations publiques","Estimation du temps de lecture":"2 minutes"},"schema":{"@context":"https:\/\/schema.org","@graph":[{"@type":"WebPage","@id":"https:\/\/www.uqac.ca\/uqactualites\/2002\/12\/03\/fondation-jean-charles-bonenfant\/","url":"https:\/\/www.uqac.ca\/uqactualites\/2002\/12\/03\/fondation-jean-charles-bonenfant\/","name":"[Fondation Jean-Charles-Bonenfant] - La Fondation Jean-Charles-Bonenfant d\u00e9cernera quatre bourses assorties d'un stage de dix mois \u00e0 des dipl\u00f4m\u00e9s universitaires - UQACtualit\u00e9s","isPartOf":{"@id":"https:\/\/www.uqac.ca\/uqactualites\/#website"},"primaryImageOfPage":{"@id":"https:\/\/www.uqac.ca\/uqactualites\/2002\/12\/03\/fondation-jean-charles-bonenfant\/#primaryimage"},"image":{"@id":"https:\/\/www.uqac.ca\/uqactualites\/2002\/12\/03\/fondation-jean-charles-bonenfant\/#primaryimage"},"thumbnailUrl":"https:\/\/www.uqac.ca\/uqactualites\/wp-content\/uploads\/2013\/07\/GRAF-Uqactualit\u00e9s-\u00c913-03.jpg","datePublished":"2002-12-03T19:44:42+00:00","dateModified":"2002-12-03T19:44:42+00:00","author":{"@id":"https:\/\/www.uqac.ca\/uqactualites\/#\/schema\/person\/366c45a0c4f0e677b41b4af5886e2018"},"breadcrumb":{"@id":"https:\/\/www.uqac.ca\/uqactualites\/2002\/12\/03\/fondation-jean-charles-bonenfant\/#breadcrumb"},"inLanguage":"fr-CA","potentialAction":[{"@type":"ReadAction","target":["https:\/\/www.uqac.ca\/uqactualites\/2002\/12\/03\/fondation-jean-charles-bonenfant\/"]}]},{"@type":"ImageObject","inLanguage":"fr-CA","@id":"https:\/\/www.uqac.ca\/uqactualites\/2002\/12\/03\/fondation-jean-charles-bonenfant\/#primaryimage","url":"https:\/\/www.uqac.ca\/uqactualites\/wp-content\/uploads\/2013\/07\/GRAF-Uqactualit\u00e9s-\u00c913-03.jpg","contentUrl":"https:\/\/www.uqac.ca\/uqactualites\/wp-content\/uploads\/2013\/07\/GRAF-Uqactualit\u00e9s-\u00c913-03.jpg","width":620,"height":301},{"@type":"BreadcrumbList","@id":"https:\/\/www.uqac.ca\/uqactualites\/2002\/12\/03\/fondation-jean-charles-bonenfant\/#breadcrumb","itemListElement":[{"@type":"ListItem","position":1,"name":"Home","item":"https:\/\/www.uqac.ca\/uqactualites\/"},{"@type":"ListItem","position":2,"name":"[Fondation Jean-Charles-Bonenfant] &#8211; La Fondation Jean-Charles-Bonenfant d\u00e9cernera quatre bourses assorties d&rsquo;un stage de dix mois \u00e0 des dipl\u00f4m\u00e9s universitaires"}]},{"@type":"WebSite","@id":"https:\/\/www.uqac.ca\/uqactualites\/#website","url":"https:\/\/www.uqac.ca\/uqactualites\/","name":"UQACtualit\u00e9s","description":"Le portail des nouvelles de l&#039;UQAC","potentialAction":[{"@type":"SearchAction","target":{"@type":"EntryPoint","urlTemplate":"https:\/\/www.uqac.ca\/uqactualites\/?s={search_term_string}"},"query-input":{"@type":"PropertyValueSpecification","valueRequired":true,"valueName":"search_term_string"}}],"inLanguage":"fr-CA"},{"@type":"Person","@id":"https:\/\/www.uqac.ca\/uqactualites\/#\/schema\/person\/366c45a0c4f0e677b41b4af5886e2018","name":"Service des communications et des relations publiques","image":{"@type":"ImageObject","inLanguage":"fr-CA","@id":"https:\/\/www.uqac.ca\/uqactualites\/#\/schema\/person\/image\/","url":"https:\/\/secure.gravatar.com\/avatar\/20fbbda8a292f59f2d3461a5b999c00b?s=96&d=mm&r=g","contentUrl":"https:\/\/secure.gravatar.com\/avatar\/20fbbda8a292f59f2d3461a5b999c00b?s=96&d=mm&r=g","caption":"Service des communications et des relations publiques"},"url":"https:\/\/www.uqac.ca\/uqactualites\/author\/bap\/"}]}},"_links":{"self":[{"href":"https:\/\/www.uqac.ca\/uqactualites\/wp-json\/wp\/v2\/posts\/19768"}],"collection":[{"href":"https:\/\/www.uqac.ca\/uqactualites\/wp-json\/wp\/v2\/posts"}],"about":[{"href":"https:\/\/www.uqac.ca\/uqactualites\/wp-json\/wp\/v2\/types\/post"}],"author":[{"embeddable":true,"href":"https:\/\/www.uqac.ca\/uqactualites\/wp-json\/wp\/v2\/users\/5"}],"replies":[{"embeddable":true,"href":"https:\/\/www.uqac.ca\/uqactualites\/wp-json\/wp\/v2\/comments?post=19768"}],"version-history":[{"count":0,"href":"https:\/\/www.uqac.ca\/uqactualites\/wp-json\/wp\/v2\/posts\/19768\/revisions"}],"wp:featuredmedia":[{"embeddable":true,"href":"https:\/\/www.uqac.ca\/uqactualites\/wp-json\/wp\/v2\/media\/24871"}],"wp:attachment":[{"href":"https:\/\/www.uqac.ca\/uqactualites\/wp-json\/wp\/v2\/media?parent=19768"}],"wp:term":[{"taxonomy":"category","embeddable":true,"href":"https:\/\/www.uqac.ca\/uqactualites\/wp-json\/wp\/v2\/categories?post=19768"},{"taxonomy":"post_tag","embeddable":true,"href":"https:\/\/www.uqac.ca\/uqactualites\/wp-json\/wp\/v2\/tags?post=19768"}],"curies":[{"name":"wp","href":"https:\/\/api.w.org\/{rel}","templated":true}]}}