{"id":19774,"date":"2002-11-01T15:04:27","date_gmt":"2002-11-01T20:34:27","guid":{"rendered":"http:\/\/uqactualite.odev.ca\/2002\/11\/richard-ii-de-w-shakespeare-jusquau-10-novembre\/"},"modified":"2002-11-01T15:04:27","modified_gmt":"2002-11-01T20:34:27","slug":"richard-ii-de-w-shakespeare-jusquau-10-novembre","status":"publish","type":"post","link":"https:\/\/www.uqac.ca\/uqactualites\/2002\/11\/01\/richard-ii-de-w-shakespeare-jusquau-10-novembre\/","title":{"rendered":"Richard II de W. Shakespeare jusqu&rsquo;au 10 novembre"},"content":{"rendered":"<p><a href=\"http:\/\/www.uqac.ca\/wp-content\/uploads\/2012\/03\/rB3WQl5glIq7UxCU.jpg\"><img loading=\"lazy\" decoding=\"async\" class=\"size-medium wp-image-19774 alignright\" title=\"rB3WQl5glIq7UxCU\" src=\"http:\/\/www.uqac.ca\/wp-content\/uploads\/2012\/03\/rB3WQl5glIq7UxCU-193x300.jpg\" alt=\"\" width=\"193\" height=\"300\" \/><\/a><\/p>\n<p>Les T\u00eates Heureuses pr\u00e9sentent Richard II de W. Shakespeare, jusqu&rsquo;au 10 novembre prochains, au Petit Th\u00e9\u00e2tre du Pavillon des Arts de l&rsquo;Universit\u00e9 du Qu\u00e9bec \u00e0 Chicoutimi.<\/p>\n<p><em>&raquo; Fabuleux Richard II ! &raquo; D. Pelletier, Le Quotidien<\/em><\/p>\n<p>Nous sommes en 1399. Richard II a 32 ans. Il r\u00e8gne depuis plus de vingt ans. C&rsquo;est un mauvais roi, dit-on, mal entour\u00e9. L&rsquo;Angleterre est au bord de la guerre civile. La noblesse, l&rsquo;arm\u00e9e, le peuple se rassemblent derri\u00e8re Henri Bolingbroke, un cousin de Richard, homme fort, esprit calculateur, fin politique. Le r\u00e8gne du &raquo; vrai &raquo; roi s&rsquo;ach\u00e8vera-t-il dans le sang vers\u00e9 par un usurpateur ?<\/p>\n<p>Richard II , c&rsquo;est \u00e0 la fois le &raquo; voyage au bout de la nuit &raquo; qu&rsquo;entreprend un h\u00e9ros probl\u00e9matique dont la lucidit\u00e9 est terrifiante, et une fable tout aussi terrifiante sur le pouvoir et ses m\u00e9canismes. Richard nous regarde toujours; il nous interroge comme peu de personnages peuvent le faire. La pi\u00e8ce de Shakespeare est un rendez-vous avec des \u00e9motions fortes, un r\u00e9cit palpitant, la po\u00e9sie la plus haute et la plus proche, bref avec la vie plus vraie que la vie, comme il arrive que le th\u00e9\u00e2tre la restitue.<\/p>\n<p>L&rsquo;\u00e9quipe de production est d&rsquo;abord constitu\u00e9e de 14 com\u00e9diens professionnels, dont 13 ont \u00e9t\u00e9 form\u00e9s \u00e0 l&rsquo;UQAC et travaillent dans la r\u00e9gion. La mise en sc\u00e8ne est de Rodrigue Villeneuve, assist\u00e9 d&rsquo;H\u00e9l\u00e8ne Bergeron, l&rsquo;installation sc\u00e9nographique de l&rsquo;artiste plasticien Martin Dufrasne, les costumes de Michel Gauthier, les \u00e9clairages de Denis Gu\u00e9rette et la conception sonore de Jean-Philippe Goulet.<\/p>\n<p>Richard II de W. Shakespeare<br \/>\navec Christian Ouellet, \u00c9ric Laprise, Fran\u00e7ois Soucy,Louis Amiot, Guylaine Rivard, M\u00e9lanie Potvin, Mathieu Savard, Louis Lemieux, Patrice Leblanc, \u00c9ric Chalifour, Jean- Luc Girard, Pierre Tremblay, Pierre-Luc Desrosiers, Marc- Andr\u00e9 Perrier<\/p>\n<p>Petit Th\u00e9\u00e2tre du Pavillon des arts de l&rsquo;UQAC<br \/>\n555, boul. de l&rsquo;Universit\u00e9, Chicoutimi<br \/>\nrenseignements et r\u00e9servations: 418.545.5011, poste 4708<\/p>\n","protected":false},"excerpt":{"rendered":"<p>Les T\u00eates Heureuses pr\u00e9sentent Richard II de W. Shakespeare, jusqu&rsquo;au 10 novembre prochains, au Petit Th\u00e9\u00e2tre du Pavillon des Arts de l&rsquo;Universit\u00e9 du Qu\u00e9bec \u00e0 Chicoutimi. &raquo; Fabuleux Richard II ! &raquo; D. Pelletier, Le Quotidien Nous sommes en 1399. Richard II a 32 ans. Il r\u00e8gne depuis plus de vingt ans. C&rsquo;est un mauvais [&hellip;]<\/p>\n","protected":false},"author":5,"featured_media":0,"comment_status":"closed","ping_status":"closed","sticky":false,"template":"","format":"standard","meta":{"footnotes":""},"categories":[61],"tags":[],"yoast_head":"<!-- This site is optimized with the Yoast SEO plugin v24.2 - https:\/\/yoast.com\/wordpress\/plugins\/seo\/ -->\r\n<title>Richard II de W. Shakespeare jusqu&#039;au 10 novembre - UQACtualit\u00e9s<\/title>\r\n<meta name=\"robots\" content=\"index, follow, max-snippet:-1, max-image-preview:large, max-video-preview:-1\" \/>\r\n<link rel=\"canonical\" href=\"https:\/\/www.uqac.ca\/uqactualites\/2002\/11\/01\/richard-ii-de-w-shakespeare-jusquau-10-novembre\/\" \/>\r\n<meta property=\"og:locale\" content=\"fr_CA\" \/>\r\n<meta property=\"og:type\" content=\"article\" \/>\r\n<meta property=\"og:title\" content=\"Richard II de W. Shakespeare jusqu&#039;au 10 novembre - UQACtualit\u00e9s\" \/>\r\n<meta property=\"og:description\" content=\"Les T\u00eates Heureuses pr\u00e9sentent Richard II de W. Shakespeare, jusqu&rsquo;au 10 novembre prochains, au Petit Th\u00e9\u00e2tre du Pavillon des Arts de l&rsquo;Universit\u00e9 du Qu\u00e9bec \u00e0 Chicoutimi. &raquo; Fabuleux Richard II ! &raquo; D. Pelletier, Le Quotidien Nous sommes en 1399. Richard II a 32 ans. Il r\u00e8gne depuis plus de vingt ans. C&rsquo;est un mauvais [&hellip;]\" \/>\r\n<meta property=\"og:url\" content=\"https:\/\/www.uqac.ca\/uqactualites\/2002\/11\/01\/richard-ii-de-w-shakespeare-jusquau-10-novembre\/\" \/>\r\n<meta property=\"og:site_name\" content=\"UQACtualit\u00e9s\" \/>\r\n<meta property=\"article:published_time\" content=\"2002-11-01T20:34:27+00:00\" \/>\r\n<meta property=\"og:image\" content=\"http:\/\/www.uqac.ca\/wp-content\/uploads\/2012\/03\/rB3WQl5glIq7UxCU-193x300.jpg\" \/>\r\n<meta name=\"author\" content=\"Service des communications et des relations publiques\" \/>\r\n<meta name=\"twitter:card\" content=\"summary_large_image\" \/>\r\n<meta name=\"twitter:label1\" content=\"\u00c9crit par\" \/>\n\t<meta name=\"twitter:data1\" content=\"Service des communications et des relations publiques\" \/>\n\t<meta name=\"twitter:label2\" content=\"Estimation du temps de lecture\" \/>\n\t<meta name=\"twitter:data2\" content=\"2 minutes\" \/>\r\n<script type=\"application\/ld+json\" class=\"yoast-schema-graph\">{\"@context\":\"https:\/\/schema.org\",\"@graph\":[{\"@type\":\"WebPage\",\"@id\":\"https:\/\/www.uqac.ca\/uqactualites\/2002\/11\/01\/richard-ii-de-w-shakespeare-jusquau-10-novembre\/\",\"url\":\"https:\/\/www.uqac.ca\/uqactualites\/2002\/11\/01\/richard-ii-de-w-shakespeare-jusquau-10-novembre\/\",\"name\":\"Richard II de W. Shakespeare jusqu'au 10 novembre - UQACtualit\u00e9s\",\"isPartOf\":{\"@id\":\"https:\/\/www.uqac.ca\/uqactualites\/#website\"},\"primaryImageOfPage\":{\"@id\":\"https:\/\/www.uqac.ca\/uqactualites\/2002\/11\/01\/richard-ii-de-w-shakespeare-jusquau-10-novembre\/#primaryimage\"},\"image\":{\"@id\":\"https:\/\/www.uqac.ca\/uqactualites\/2002\/11\/01\/richard-ii-de-w-shakespeare-jusquau-10-novembre\/#primaryimage\"},\"thumbnailUrl\":\"http:\/\/www.uqac.ca\/wp-content\/uploads\/2012\/03\/rB3WQl5glIq7UxCU-193x300.jpg\",\"datePublished\":\"2002-11-01T20:34:27+00:00\",\"dateModified\":\"2002-11-01T20:34:27+00:00\",\"author\":{\"@id\":\"https:\/\/www.uqac.ca\/uqactualites\/#\/schema\/person\/366c45a0c4f0e677b41b4af5886e2018\"},\"breadcrumb\":{\"@id\":\"https:\/\/www.uqac.ca\/uqactualites\/2002\/11\/01\/richard-ii-de-w-shakespeare-jusquau-10-novembre\/#breadcrumb\"},\"inLanguage\":\"fr-CA\",\"potentialAction\":[{\"@type\":\"ReadAction\",\"target\":[\"https:\/\/www.uqac.ca\/uqactualites\/2002\/11\/01\/richard-ii-de-w-shakespeare-jusquau-10-novembre\/\"]}]},{\"@type\":\"ImageObject\",\"inLanguage\":\"fr-CA\",\"@id\":\"https:\/\/www.uqac.ca\/uqactualites\/2002\/11\/01\/richard-ii-de-w-shakespeare-jusquau-10-novembre\/#primaryimage\",\"url\":\"http:\/\/www.uqac.ca\/wp-content\/uploads\/2012\/03\/rB3WQl5glIq7UxCU-193x300.jpg\",\"contentUrl\":\"http:\/\/www.uqac.ca\/wp-content\/uploads\/2012\/03\/rB3WQl5glIq7UxCU-193x300.jpg\"},{\"@type\":\"BreadcrumbList\",\"@id\":\"https:\/\/www.uqac.ca\/uqactualites\/2002\/11\/01\/richard-ii-de-w-shakespeare-jusquau-10-novembre\/#breadcrumb\",\"itemListElement\":[{\"@type\":\"ListItem\",\"position\":1,\"name\":\"Home\",\"item\":\"https:\/\/www.uqac.ca\/uqactualites\/\"},{\"@type\":\"ListItem\",\"position\":2,\"name\":\"Richard II de W. Shakespeare jusqu&rsquo;au 10 novembre\"}]},{\"@type\":\"WebSite\",\"@id\":\"https:\/\/www.uqac.ca\/uqactualites\/#website\",\"url\":\"https:\/\/www.uqac.ca\/uqactualites\/\",\"name\":\"UQACtualit\u00e9s\",\"description\":\"Le portail des nouvelles de l&#039;UQAC\",\"potentialAction\":[{\"@type\":\"SearchAction\",\"target\":{\"@type\":\"EntryPoint\",\"urlTemplate\":\"https:\/\/www.uqac.ca\/uqactualites\/?s={search_term_string}\"},\"query-input\":{\"@type\":\"PropertyValueSpecification\",\"valueRequired\":true,\"valueName\":\"search_term_string\"}}],\"inLanguage\":\"fr-CA\"},{\"@type\":\"Person\",\"@id\":\"https:\/\/www.uqac.ca\/uqactualites\/#\/schema\/person\/366c45a0c4f0e677b41b4af5886e2018\",\"name\":\"Service des communications et des relations publiques\",\"image\":{\"@type\":\"ImageObject\",\"inLanguage\":\"fr-CA\",\"@id\":\"https:\/\/www.uqac.ca\/uqactualites\/#\/schema\/person\/image\/\",\"url\":\"https:\/\/secure.gravatar.com\/avatar\/20fbbda8a292f59f2d3461a5b999c00b?s=96&d=mm&r=g\",\"contentUrl\":\"https:\/\/secure.gravatar.com\/avatar\/20fbbda8a292f59f2d3461a5b999c00b?s=96&d=mm&r=g\",\"caption\":\"Service des communications et des relations publiques\"},\"url\":\"https:\/\/www.uqac.ca\/uqactualites\/author\/bap\/\"}]}<\/script>\r\n<!-- \/ Yoast SEO plugin. -->","yoast_head_json":{"title":"Richard II de W. Shakespeare jusqu'au 10 novembre - UQACtualit\u00e9s","robots":{"index":"index","follow":"follow","max-snippet":"max-snippet:-1","max-image-preview":"max-image-preview:large","max-video-preview":"max-video-preview:-1"},"canonical":"https:\/\/www.uqac.ca\/uqactualites\/2002\/11\/01\/richard-ii-de-w-shakespeare-jusquau-10-novembre\/","og_locale":"fr_CA","og_type":"article","og_title":"Richard II de W. Shakespeare jusqu'au 10 novembre - UQACtualit\u00e9s","og_description":"Les T\u00eates Heureuses pr\u00e9sentent Richard II de W. Shakespeare, jusqu&rsquo;au 10 novembre prochains, au Petit Th\u00e9\u00e2tre du Pavillon des Arts de l&rsquo;Universit\u00e9 du Qu\u00e9bec \u00e0 Chicoutimi. &raquo; Fabuleux Richard II ! &raquo; D. Pelletier, Le Quotidien Nous sommes en 1399. Richard II a 32 ans. Il r\u00e8gne depuis plus de vingt ans. C&rsquo;est un mauvais [&hellip;]","og_url":"https:\/\/www.uqac.ca\/uqactualites\/2002\/11\/01\/richard-ii-de-w-shakespeare-jusquau-10-novembre\/","og_site_name":"UQACtualit\u00e9s","article_published_time":"2002-11-01T20:34:27+00:00","og_image":[{"url":"http:\/\/www.uqac.ca\/wp-content\/uploads\/2012\/03\/rB3WQl5glIq7UxCU-193x300.jpg","type":"","width":"","height":""}],"author":"Service des communications et des relations publiques","twitter_card":"summary_large_image","twitter_misc":{"\u00c9crit par":"Service des communications et des relations publiques","Estimation du temps de lecture":"2 minutes"},"schema":{"@context":"https:\/\/schema.org","@graph":[{"@type":"WebPage","@id":"https:\/\/www.uqac.ca\/uqactualites\/2002\/11\/01\/richard-ii-de-w-shakespeare-jusquau-10-novembre\/","url":"https:\/\/www.uqac.ca\/uqactualites\/2002\/11\/01\/richard-ii-de-w-shakespeare-jusquau-10-novembre\/","name":"Richard II de W. Shakespeare jusqu'au 10 novembre - UQACtualit\u00e9s","isPartOf":{"@id":"https:\/\/www.uqac.ca\/uqactualites\/#website"},"primaryImageOfPage":{"@id":"https:\/\/www.uqac.ca\/uqactualites\/2002\/11\/01\/richard-ii-de-w-shakespeare-jusquau-10-novembre\/#primaryimage"},"image":{"@id":"https:\/\/www.uqac.ca\/uqactualites\/2002\/11\/01\/richard-ii-de-w-shakespeare-jusquau-10-novembre\/#primaryimage"},"thumbnailUrl":"http:\/\/www.uqac.ca\/wp-content\/uploads\/2012\/03\/rB3WQl5glIq7UxCU-193x300.jpg","datePublished":"2002-11-01T20:34:27+00:00","dateModified":"2002-11-01T20:34:27+00:00","author":{"@id":"https:\/\/www.uqac.ca\/uqactualites\/#\/schema\/person\/366c45a0c4f0e677b41b4af5886e2018"},"breadcrumb":{"@id":"https:\/\/www.uqac.ca\/uqactualites\/2002\/11\/01\/richard-ii-de-w-shakespeare-jusquau-10-novembre\/#breadcrumb"},"inLanguage":"fr-CA","potentialAction":[{"@type":"ReadAction","target":["https:\/\/www.uqac.ca\/uqactualites\/2002\/11\/01\/richard-ii-de-w-shakespeare-jusquau-10-novembre\/"]}]},{"@type":"ImageObject","inLanguage":"fr-CA","@id":"https:\/\/www.uqac.ca\/uqactualites\/2002\/11\/01\/richard-ii-de-w-shakespeare-jusquau-10-novembre\/#primaryimage","url":"http:\/\/www.uqac.ca\/wp-content\/uploads\/2012\/03\/rB3WQl5glIq7UxCU-193x300.jpg","contentUrl":"http:\/\/www.uqac.ca\/wp-content\/uploads\/2012\/03\/rB3WQl5glIq7UxCU-193x300.jpg"},{"@type":"BreadcrumbList","@id":"https:\/\/www.uqac.ca\/uqactualites\/2002\/11\/01\/richard-ii-de-w-shakespeare-jusquau-10-novembre\/#breadcrumb","itemListElement":[{"@type":"ListItem","position":1,"name":"Home","item":"https:\/\/www.uqac.ca\/uqactualites\/"},{"@type":"ListItem","position":2,"name":"Richard II de W. Shakespeare jusqu&rsquo;au 10 novembre"}]},{"@type":"WebSite","@id":"https:\/\/www.uqac.ca\/uqactualites\/#website","url":"https:\/\/www.uqac.ca\/uqactualites\/","name":"UQACtualit\u00e9s","description":"Le portail des nouvelles de l&#039;UQAC","potentialAction":[{"@type":"SearchAction","target":{"@type":"EntryPoint","urlTemplate":"https:\/\/www.uqac.ca\/uqactualites\/?s={search_term_string}"},"query-input":{"@type":"PropertyValueSpecification","valueRequired":true,"valueName":"search_term_string"}}],"inLanguage":"fr-CA"},{"@type":"Person","@id":"https:\/\/www.uqac.ca\/uqactualites\/#\/schema\/person\/366c45a0c4f0e677b41b4af5886e2018","name":"Service des communications et des relations publiques","image":{"@type":"ImageObject","inLanguage":"fr-CA","@id":"https:\/\/www.uqac.ca\/uqactualites\/#\/schema\/person\/image\/","url":"https:\/\/secure.gravatar.com\/avatar\/20fbbda8a292f59f2d3461a5b999c00b?s=96&d=mm&r=g","contentUrl":"https:\/\/secure.gravatar.com\/avatar\/20fbbda8a292f59f2d3461a5b999c00b?s=96&d=mm&r=g","caption":"Service des communications et des relations publiques"},"url":"https:\/\/www.uqac.ca\/uqactualites\/author\/bap\/"}]}},"_links":{"self":[{"href":"https:\/\/www.uqac.ca\/uqactualites\/wp-json\/wp\/v2\/posts\/19774"}],"collection":[{"href":"https:\/\/www.uqac.ca\/uqactualites\/wp-json\/wp\/v2\/posts"}],"about":[{"href":"https:\/\/www.uqac.ca\/uqactualites\/wp-json\/wp\/v2\/types\/post"}],"author":[{"embeddable":true,"href":"https:\/\/www.uqac.ca\/uqactualites\/wp-json\/wp\/v2\/users\/5"}],"replies":[{"embeddable":true,"href":"https:\/\/www.uqac.ca\/uqactualites\/wp-json\/wp\/v2\/comments?post=19774"}],"version-history":[{"count":0,"href":"https:\/\/www.uqac.ca\/uqactualites\/wp-json\/wp\/v2\/posts\/19774\/revisions"}],"wp:attachment":[{"href":"https:\/\/www.uqac.ca\/uqactualites\/wp-json\/wp\/v2\/media?parent=19774"}],"wp:term":[{"taxonomy":"category","embeddable":true,"href":"https:\/\/www.uqac.ca\/uqactualites\/wp-json\/wp\/v2\/categories?post=19774"},{"taxonomy":"post_tag","embeddable":true,"href":"https:\/\/www.uqac.ca\/uqactualites\/wp-json\/wp\/v2\/tags?post=19774"}],"curies":[{"name":"wp","href":"https:\/\/api.w.org\/{rel}","templated":true}]}}