{"id":19777,"date":"2002-11-01T13:08:19","date_gmt":"2002-11-01T18:38:19","guid":{"rendered":"http:\/\/uqactualite.odev.ca\/2002\/11\/2-millions-de-pour-la-foret-boreale-commerciale\/"},"modified":"2023-10-23T11:24:41","modified_gmt":"2023-10-23T15:24:41","slug":"2-millions-de-pour-la-foret-boreale-commerciale","status":"publish","type":"post","link":"https:\/\/www.uqac.ca\/uqactualites\/2002\/11\/01\/2-millions-de-pour-la-foret-boreale-commerciale\/","title":{"rendered":"2 millions de $ pour la for\u00eat bor\u00e9ale commerciale"},"content":{"rendered":"<p>Le Consortium de recherche sur la for\u00eat bor\u00e9ale commerciale vient de recevoir une aide financi\u00e8re de 2 millions de $ du gouvernement f\u00e9d\u00e9ral. Cet appui consenti a pour objectif de promouvoir la gestion foresti\u00e8re durable et la mise en application de politiques dans ce domaine. Il contribuera \u00e0 accro\u00eetre la comp\u00e9titivit\u00e9 du secteur forestier canadien. Cette annonce fut d\u00e9voil\u00e9e par monsieur Denis Coderre, ministre du Revenu national accompagn\u00e9 de monsieur Andr\u00e9 Harvey, secr\u00e9taire parlementaire du ministre des Transports et d\u00e9put\u00e9 de Chicoutimi-Le Fjord.<\/p>\n<p>Principalement, le d\u00e9veloppement d&rsquo;une recherche de pointe dans ce domaine permettra l&rsquo;am\u00e9lioration des connaissances et des concepts \u00e0 la base des pr\u00e9visions de rendement, de la remise en production et de la productivit\u00e9 des territoires forestiers. \u00c0 titre d&rsquo;exemple, le Consortium contribuera \u00e0 d\u00e9velopper des nouveaux modes de dispersion des coupes qui vont limiter l&rsquo;impact des feux de for\u00eat et travaillera \u00e0 mettre au point de nouvelles techniques pour reboiser les territoires br\u00fbl\u00e9s mal r\u00e9g\u00e9n\u00e9r\u00e9s. Plusieurs des activit\u00e9s du Consortium permettront de pr\u00e9server la biodiversit\u00e9 et donneront la chance aux entreprises foresti\u00e8res d&rsquo;obtenir plus facilement des certifications pour leurs pratiques et ainsi conserver leurs march\u00e9s.<\/p>\n<p>Les travaux de recherche du Consortium sont ax\u00e9s principalement sur l&rsquo;\u00e9pinette noire, une essence fortement utilis\u00e9e par l&rsquo;industrie foresti\u00e8re canadienne. Il s&rsquo;agit du seul organisme sp\u00e9cialis\u00e9 dans la recherche sur cette essence qui ne se trouve qu&rsquo;en Am\u00e9rique du Nord.<\/p>\n","protected":false},"excerpt":{"rendered":"<p>Le Consortium de recherche sur la for\u00eat bor\u00e9ale commerciale vient de recevoir une aide financi\u00e8re de 2 millions de $ du gouvernement f\u00e9d\u00e9ral. Cet appui consenti a pour objectif de promouvoir la gestion foresti\u00e8re durable et la mise en application de politiques dans ce domaine. Il contribuera \u00e0 accro\u00eetre la comp\u00e9titivit\u00e9 du secteur forestier canadien. [&hellip;]<\/p>\n","protected":false},"author":5,"featured_media":23939,"comment_status":"closed","ping_status":"1","sticky":false,"template":"","format":"standard","meta":{"footnotes":""},"categories":[2],"tags":[],"yoast_head":"<!-- This site is optimized with the Yoast SEO plugin v24.2 - https:\/\/yoast.com\/wordpress\/plugins\/seo\/ -->\r\n<title>2 millions de $ pour la for\u00eat bor\u00e9ale commerciale - UQACtualit\u00e9s<\/title>\r\n<meta name=\"robots\" content=\"index, follow, max-snippet:-1, max-image-preview:large, max-video-preview:-1\" \/>\r\n<link rel=\"canonical\" href=\"https:\/\/www.uqac.ca\/uqactualites\/2002\/11\/01\/2-millions-de-pour-la-foret-boreale-commerciale\/\" \/>\r\n<meta property=\"og:locale\" content=\"fr_CA\" \/>\r\n<meta property=\"og:type\" content=\"article\" \/>\r\n<meta property=\"og:title\" content=\"2 millions de $ pour la for\u00eat bor\u00e9ale commerciale - UQACtualit\u00e9s\" \/>\r\n<meta property=\"og:description\" content=\"Le Consortium de recherche sur la for\u00eat bor\u00e9ale commerciale vient de recevoir une aide financi\u00e8re de 2 millions de $ du gouvernement f\u00e9d\u00e9ral. Cet appui consenti a pour objectif de promouvoir la gestion foresti\u00e8re durable et la mise en application de politiques dans ce domaine. Il contribuera \u00e0 accro\u00eetre la comp\u00e9titivit\u00e9 du secteur forestier canadien. [&hellip;]\" \/>\r\n<meta property=\"og:url\" content=\"https:\/\/www.uqac.ca\/uqactualites\/2002\/11\/01\/2-millions-de-pour-la-foret-boreale-commerciale\/\" \/>\r\n<meta property=\"og:site_name\" content=\"UQACtualit\u00e9s\" \/>\r\n<meta property=\"article:published_time\" content=\"2002-11-01T18:38:19+00:00\" \/>\r\n<meta property=\"article:modified_time\" content=\"2023-10-23T15:24:41+00:00\" \/>\r\n<meta property=\"og:image\" content=\"https:\/\/www.uqac.ca\/uqactualites\/wp-content\/uploads\/2013\/04\/For\u00eat-Web-\u00a9Guylain-Doyle.jpg\" \/>\r\n\t<meta property=\"og:image:width\" content=\"620\" \/>\r\n\t<meta property=\"og:image:height\" content=\"300\" \/>\r\n\t<meta property=\"og:image:type\" content=\"image\/jpeg\" \/>\r\n<meta name=\"author\" content=\"Service des communications et des relations publiques\" \/>\r\n<meta name=\"twitter:card\" content=\"summary_large_image\" \/>\r\n<meta name=\"twitter:label1\" content=\"\u00c9crit par\" \/>\n\t<meta name=\"twitter:data1\" content=\"Service des communications et des relations publiques\" \/>\n\t<meta name=\"twitter:label2\" content=\"Estimation du temps de lecture\" \/>\n\t<meta name=\"twitter:data2\" content=\"1 minute\" \/>\r\n<script type=\"application\/ld+json\" class=\"yoast-schema-graph\">{\"@context\":\"https:\/\/schema.org\",\"@graph\":[{\"@type\":\"WebPage\",\"@id\":\"https:\/\/www.uqac.ca\/uqactualites\/2002\/11\/01\/2-millions-de-pour-la-foret-boreale-commerciale\/\",\"url\":\"https:\/\/www.uqac.ca\/uqactualites\/2002\/11\/01\/2-millions-de-pour-la-foret-boreale-commerciale\/\",\"name\":\"2 millions de $ pour la for\u00eat bor\u00e9ale commerciale - UQACtualit\u00e9s\",\"isPartOf\":{\"@id\":\"https:\/\/www.uqac.ca\/uqactualites\/#website\"},\"primaryImageOfPage\":{\"@id\":\"https:\/\/www.uqac.ca\/uqactualites\/2002\/11\/01\/2-millions-de-pour-la-foret-boreale-commerciale\/#primaryimage\"},\"image\":{\"@id\":\"https:\/\/www.uqac.ca\/uqactualites\/2002\/11\/01\/2-millions-de-pour-la-foret-boreale-commerciale\/#primaryimage\"},\"thumbnailUrl\":\"https:\/\/www.uqac.ca\/uqactualites\/wp-content\/uploads\/2013\/04\/For\u00eat-Web-\u00a9Guylain-Doyle.jpg\",\"datePublished\":\"2002-11-01T18:38:19+00:00\",\"dateModified\":\"2023-10-23T15:24:41+00:00\",\"author\":{\"@id\":\"https:\/\/www.uqac.ca\/uqactualites\/#\/schema\/person\/366c45a0c4f0e677b41b4af5886e2018\"},\"breadcrumb\":{\"@id\":\"https:\/\/www.uqac.ca\/uqactualites\/2002\/11\/01\/2-millions-de-pour-la-foret-boreale-commerciale\/#breadcrumb\"},\"inLanguage\":\"fr-CA\",\"potentialAction\":[{\"@type\":\"ReadAction\",\"target\":[\"https:\/\/www.uqac.ca\/uqactualites\/2002\/11\/01\/2-millions-de-pour-la-foret-boreale-commerciale\/\"]}]},{\"@type\":\"ImageObject\",\"inLanguage\":\"fr-CA\",\"@id\":\"https:\/\/www.uqac.ca\/uqactualites\/2002\/11\/01\/2-millions-de-pour-la-foret-boreale-commerciale\/#primaryimage\",\"url\":\"https:\/\/www.uqac.ca\/uqactualites\/wp-content\/uploads\/2013\/04\/For\u00eat-Web-\u00a9Guylain-Doyle.jpg\",\"contentUrl\":\"https:\/\/www.uqac.ca\/uqactualites\/wp-content\/uploads\/2013\/04\/For\u00eat-Web-\u00a9Guylain-Doyle.jpg\",\"width\":620,\"height\":300},{\"@type\":\"BreadcrumbList\",\"@id\":\"https:\/\/www.uqac.ca\/uqactualites\/2002\/11\/01\/2-millions-de-pour-la-foret-boreale-commerciale\/#breadcrumb\",\"itemListElement\":[{\"@type\":\"ListItem\",\"position\":1,\"name\":\"Home\",\"item\":\"https:\/\/www.uqac.ca\/uqactualites\/\"},{\"@type\":\"ListItem\",\"position\":2,\"name\":\"2 millions de $ pour la for\u00eat bor\u00e9ale commerciale\"}]},{\"@type\":\"WebSite\",\"@id\":\"https:\/\/www.uqac.ca\/uqactualites\/#website\",\"url\":\"https:\/\/www.uqac.ca\/uqactualites\/\",\"name\":\"UQACtualit\u00e9s\",\"description\":\"Le portail des nouvelles de l&#039;UQAC\",\"potentialAction\":[{\"@type\":\"SearchAction\",\"target\":{\"@type\":\"EntryPoint\",\"urlTemplate\":\"https:\/\/www.uqac.ca\/uqactualites\/?s={search_term_string}\"},\"query-input\":{\"@type\":\"PropertyValueSpecification\",\"valueRequired\":true,\"valueName\":\"search_term_string\"}}],\"inLanguage\":\"fr-CA\"},{\"@type\":\"Person\",\"@id\":\"https:\/\/www.uqac.ca\/uqactualites\/#\/schema\/person\/366c45a0c4f0e677b41b4af5886e2018\",\"name\":\"Service des communications et des relations publiques\",\"image\":{\"@type\":\"ImageObject\",\"inLanguage\":\"fr-CA\",\"@id\":\"https:\/\/www.uqac.ca\/uqactualites\/#\/schema\/person\/image\/\",\"url\":\"https:\/\/secure.gravatar.com\/avatar\/20fbbda8a292f59f2d3461a5b999c00b?s=96&d=mm&r=g\",\"contentUrl\":\"https:\/\/secure.gravatar.com\/avatar\/20fbbda8a292f59f2d3461a5b999c00b?s=96&d=mm&r=g\",\"caption\":\"Service des communications et des relations publiques\"},\"url\":\"https:\/\/www.uqac.ca\/uqactualites\/author\/bap\/\"}]}<\/script>\r\n<!-- \/ Yoast SEO plugin. -->","yoast_head_json":{"title":"2 millions de $ pour la for\u00eat bor\u00e9ale commerciale - UQACtualit\u00e9s","robots":{"index":"index","follow":"follow","max-snippet":"max-snippet:-1","max-image-preview":"max-image-preview:large","max-video-preview":"max-video-preview:-1"},"canonical":"https:\/\/www.uqac.ca\/uqactualites\/2002\/11\/01\/2-millions-de-pour-la-foret-boreale-commerciale\/","og_locale":"fr_CA","og_type":"article","og_title":"2 millions de $ pour la for\u00eat bor\u00e9ale commerciale - UQACtualit\u00e9s","og_description":"Le Consortium de recherche sur la for\u00eat bor\u00e9ale commerciale vient de recevoir une aide financi\u00e8re de 2 millions de $ du gouvernement f\u00e9d\u00e9ral. Cet appui consenti a pour objectif de promouvoir la gestion foresti\u00e8re durable et la mise en application de politiques dans ce domaine. Il contribuera \u00e0 accro\u00eetre la comp\u00e9titivit\u00e9 du secteur forestier canadien. [&hellip;]","og_url":"https:\/\/www.uqac.ca\/uqactualites\/2002\/11\/01\/2-millions-de-pour-la-foret-boreale-commerciale\/","og_site_name":"UQACtualit\u00e9s","article_published_time":"2002-11-01T18:38:19+00:00","article_modified_time":"2023-10-23T15:24:41+00:00","og_image":[{"width":620,"height":300,"url":"https:\/\/www.uqac.ca\/uqactualites\/wp-content\/uploads\/2013\/04\/For\u00eat-Web-\u00a9Guylain-Doyle.jpg","type":"image\/jpeg"}],"author":"Service des communications et des relations publiques","twitter_card":"summary_large_image","twitter_misc":{"\u00c9crit par":"Service des communications et des relations publiques","Estimation du temps de lecture":"1 minute"},"schema":{"@context":"https:\/\/schema.org","@graph":[{"@type":"WebPage","@id":"https:\/\/www.uqac.ca\/uqactualites\/2002\/11\/01\/2-millions-de-pour-la-foret-boreale-commerciale\/","url":"https:\/\/www.uqac.ca\/uqactualites\/2002\/11\/01\/2-millions-de-pour-la-foret-boreale-commerciale\/","name":"2 millions de $ pour la for\u00eat bor\u00e9ale commerciale - UQACtualit\u00e9s","isPartOf":{"@id":"https:\/\/www.uqac.ca\/uqactualites\/#website"},"primaryImageOfPage":{"@id":"https:\/\/www.uqac.ca\/uqactualites\/2002\/11\/01\/2-millions-de-pour-la-foret-boreale-commerciale\/#primaryimage"},"image":{"@id":"https:\/\/www.uqac.ca\/uqactualites\/2002\/11\/01\/2-millions-de-pour-la-foret-boreale-commerciale\/#primaryimage"},"thumbnailUrl":"https:\/\/www.uqac.ca\/uqactualites\/wp-content\/uploads\/2013\/04\/For\u00eat-Web-\u00a9Guylain-Doyle.jpg","datePublished":"2002-11-01T18:38:19+00:00","dateModified":"2023-10-23T15:24:41+00:00","author":{"@id":"https:\/\/www.uqac.ca\/uqactualites\/#\/schema\/person\/366c45a0c4f0e677b41b4af5886e2018"},"breadcrumb":{"@id":"https:\/\/www.uqac.ca\/uqactualites\/2002\/11\/01\/2-millions-de-pour-la-foret-boreale-commerciale\/#breadcrumb"},"inLanguage":"fr-CA","potentialAction":[{"@type":"ReadAction","target":["https:\/\/www.uqac.ca\/uqactualites\/2002\/11\/01\/2-millions-de-pour-la-foret-boreale-commerciale\/"]}]},{"@type":"ImageObject","inLanguage":"fr-CA","@id":"https:\/\/www.uqac.ca\/uqactualites\/2002\/11\/01\/2-millions-de-pour-la-foret-boreale-commerciale\/#primaryimage","url":"https:\/\/www.uqac.ca\/uqactualites\/wp-content\/uploads\/2013\/04\/For\u00eat-Web-\u00a9Guylain-Doyle.jpg","contentUrl":"https:\/\/www.uqac.ca\/uqactualites\/wp-content\/uploads\/2013\/04\/For\u00eat-Web-\u00a9Guylain-Doyle.jpg","width":620,"height":300},{"@type":"BreadcrumbList","@id":"https:\/\/www.uqac.ca\/uqactualites\/2002\/11\/01\/2-millions-de-pour-la-foret-boreale-commerciale\/#breadcrumb","itemListElement":[{"@type":"ListItem","position":1,"name":"Home","item":"https:\/\/www.uqac.ca\/uqactualites\/"},{"@type":"ListItem","position":2,"name":"2 millions de $ pour la for\u00eat bor\u00e9ale commerciale"}]},{"@type":"WebSite","@id":"https:\/\/www.uqac.ca\/uqactualites\/#website","url":"https:\/\/www.uqac.ca\/uqactualites\/","name":"UQACtualit\u00e9s","description":"Le portail des nouvelles de l&#039;UQAC","potentialAction":[{"@type":"SearchAction","target":{"@type":"EntryPoint","urlTemplate":"https:\/\/www.uqac.ca\/uqactualites\/?s={search_term_string}"},"query-input":{"@type":"PropertyValueSpecification","valueRequired":true,"valueName":"search_term_string"}}],"inLanguage":"fr-CA"},{"@type":"Person","@id":"https:\/\/www.uqac.ca\/uqactualites\/#\/schema\/person\/366c45a0c4f0e677b41b4af5886e2018","name":"Service des communications et des relations publiques","image":{"@type":"ImageObject","inLanguage":"fr-CA","@id":"https:\/\/www.uqac.ca\/uqactualites\/#\/schema\/person\/image\/","url":"https:\/\/secure.gravatar.com\/avatar\/20fbbda8a292f59f2d3461a5b999c00b?s=96&d=mm&r=g","contentUrl":"https:\/\/secure.gravatar.com\/avatar\/20fbbda8a292f59f2d3461a5b999c00b?s=96&d=mm&r=g","caption":"Service des communications et des relations publiques"},"url":"https:\/\/www.uqac.ca\/uqactualites\/author\/bap\/"}]}},"_links":{"self":[{"href":"https:\/\/www.uqac.ca\/uqactualites\/wp-json\/wp\/v2\/posts\/19777"}],"collection":[{"href":"https:\/\/www.uqac.ca\/uqactualites\/wp-json\/wp\/v2\/posts"}],"about":[{"href":"https:\/\/www.uqac.ca\/uqactualites\/wp-json\/wp\/v2\/types\/post"}],"author":[{"embeddable":true,"href":"https:\/\/www.uqac.ca\/uqactualites\/wp-json\/wp\/v2\/users\/5"}],"replies":[{"embeddable":true,"href":"https:\/\/www.uqac.ca\/uqactualites\/wp-json\/wp\/v2\/comments?post=19777"}],"version-history":[{"count":1,"href":"https:\/\/www.uqac.ca\/uqactualites\/wp-json\/wp\/v2\/posts\/19777\/revisions"}],"predecessor-version":[{"id":44892,"href":"https:\/\/www.uqac.ca\/uqactualites\/wp-json\/wp\/v2\/posts\/19777\/revisions\/44892"}],"wp:featuredmedia":[{"embeddable":true,"href":"https:\/\/www.uqac.ca\/uqactualites\/wp-json\/wp\/v2\/media\/23939"}],"wp:attachment":[{"href":"https:\/\/www.uqac.ca\/uqactualites\/wp-json\/wp\/v2\/media?parent=19777"}],"wp:term":[{"taxonomy":"category","embeddable":true,"href":"https:\/\/www.uqac.ca\/uqactualites\/wp-json\/wp\/v2\/categories?post=19777"},{"taxonomy":"post_tag","embeddable":true,"href":"https:\/\/www.uqac.ca\/uqactualites\/wp-json\/wp\/v2\/tags?post=19777"}],"curies":[{"name":"wp","href":"https:\/\/api.w.org\/{rel}","templated":true}]}}