{"id":19798,"date":"2002-09-05T16:02:09","date_gmt":"2002-09-05T21:32:09","guid":{"rendered":"http:\/\/uqactualite.odev.ca\/2002\/09\/rencontre-avec-michel-belley\/"},"modified":"2002-09-05T16:02:09","modified_gmt":"2002-09-05T21:32:09","slug":"rencontre-avec-michel-belley","status":"publish","type":"post","link":"https:\/\/www.uqac.ca\/uqactualites\/2002\/09\/05\/rencontre-avec-michel-belley\/","title":{"rendered":"Rencontre avec Michel Belley"},"content":{"rendered":"<p><figure id=\"attachment_19798\" aria-describedby=\"caption-attachment-19798\" style=\"width: 239px\" class=\"wp-caption alignright\"><a href=\"http:\/\/www.uqac.ca\/wp-content\/uploads\/2012\/03\/faMuvPRbgv04G7tY.jpg\"><img loading=\"lazy\" decoding=\"async\" class=\"size-medium wp-image-19798\" title=\"faMuvPRbgv04G7tY\" src=\"http:\/\/www.uqac.ca\/wp-content\/uploads\/2012\/03\/faMuvPRbgv04G7tY-239x300.jpg\" width=\"239\" height=\"300\" alt=\"\" \/><\/a><figcaption id=\"caption-attachment-19798\" class=\"wp-caption-text\">Michel Belley<\/figcaption><\/figure>Entrevue r\u00e9alis\u00e9e par Gilles Caron <\/p>\n<p>Monsieur Michel Belley a obtenu un doctorat en finances de l&rsquo;Universit\u00e9 de Rennes (1984), apr\u00e8s avoir compl\u00e9t\u00e9 une ma\u00eetrise en finances \u00e0 l&rsquo;Universit\u00e9 de Sherbrooke (1977) et un baccalaur\u00e9at en administration \u00e0 l&rsquo;Universit\u00e9 du Qu\u00e9bec \u00e0 Chicoutimi (1973). \u00c0 l&rsquo;UQAC, M. Belley a occup\u00e9 diverses fonctions de nature \u00e0 la fois professorales (D\u00e9partement des sciences \u00e9conomiques et administratives) et de gestion comme directeur de programme (ma\u00eetrise en gestion de projets), en plus d&rsquo;avoir assum\u00e9 le poste de Doyen des \u00c9tudes avanc\u00e9es et de la Recherche de 1985 \u00e0 1990.   Les int\u00e9r\u00eats de recherche et d&rsquo;intervention en r\u00e9gion de M. Belley sont bien connus.   Signalons au passage la pr\u00e9sidence du fonds d&rsquo;investissement AMISK de 1994-1998.<\/p>\n<p>M. Belley est un authentique produit de notre Universit\u00e9 et de notre r\u00e9gion.<\/p>\n<p>Monsieur le recteur,<\/p>\n<p>Question : Le fait d&rsquo;\u00eatre le premier dipl\u00f4m\u00e9 du r\u00e9seau de l&rsquo;Universit\u00e9 du Qu\u00e9bec \u00e0 assumer le poste de recteur d&rsquo;une Institution du m\u00eame r\u00e9seau vous impose-t-il un niveau de responsabilit\u00e9s additionnel?<\/p>\n<p>R\u00e9ponse : Le fait d&rsquo;\u00eatre le premier dipl\u00f4m\u00e9 d&rsquo;un \u00e9tablissement du r\u00e9seau \u00e0 assumer le poste de recteur n&rsquo;impose pas de soi un niveau de responsabilit\u00e9s ou de pression additionnel.    C&rsquo;est peut-\u00eatre l\u00e0 davantage le signe \u00e9vident d&rsquo;un ancrage dans le paysage universitaire, la concr\u00e9tisation pour l&rsquo;Institution d&rsquo;une dur\u00e9e, d&rsquo;une permanence.   Que l&rsquo;UQAC soit d\u00e9sormais en mesure de recruter ses propres dipl\u00f4m\u00e9s \u00e0 des postes de professeurs ou gestionnaires marque sans doute une \u00e9tape importante dans le v\u00e9cu institutionnel.   Par ailleurs, le fait d&rsquo;avoir \u0153uvr\u00e9 tant comme \u00e9tudiant que comme professeur et gestionnaire au sein de l&rsquo;UQAC me donne une vision certainement plus intimiste de l&rsquo;Institution et \u00e0 cet \u00e9gard m&rsquo;am\u00e8ne \u00e0 \u00eatre probablement plus conscient des responsabilit\u00e9s qui m&rsquo;incombent.   Compte tenu de la proximit\u00e9 que j&rsquo;ai pu assumer avec l&rsquo;Institution au cours des ans, beaucoup me connaissent et le niveau d&rsquo;attente \u00e0 mon \u00e9gard peut \u00eatre important.<\/p>\n<p>Ceci dit, le fait d&rsquo;\u00eatre dipl\u00f4m\u00e9 d&rsquo;une jeune institution a certainement impos\u00e9 au d\u00e9but un niveau de responsabilit\u00e9s particulier.   Les dipl\u00f4m\u00e9s des premi\u00e8res cohortes de l&rsquo;UQAC ont eu \u00e0 imposer leurs comp\u00e9tences et, \u00e0 ce titre, ce sont eux qui ont donn\u00e9 de la cr\u00e9dibilit\u00e9 au dipl\u00f4me et au fait d&rsquo;\u00eatre issu de cette Institution.   Si les dipl\u00f4m\u00e9s de l&rsquo;UQAC sont aujourd&rsquo;hui recherch\u00e9s et ne souffrent d&rsquo;aucun complexe, tant sur le march\u00e9 du travail que dans leur progression aux \u00e9tudes avanc\u00e9es, si aujourd&rsquo;hui l&rsquo;UQAC est une Institution reconnue qui n&rsquo;a plus \u00e0 justifier sa pr\u00e9sence comme \u00e9tablissement universitaire, c&rsquo;est \u00e0 eux et \u00e0 la qualit\u00e9 des enseignants des premi\u00e8res heures qu&rsquo;on le doit.   <\/p>\n<p>Nos chercheurs, de la m\u00eame fa\u00e7on ont eu et ont toujours \u00e0 imposer par l&rsquo;excellence de leurs travaux leur place et la place de l&rsquo;UQAC aupr\u00e8s des grands organismes subventionnaires.    Dans un contexte o\u00f9 les r\u00e8gles du jeu valorisent l&rsquo;appartenance \u00e0 de \u00ab grandes \u00e9quipes \u00bb, ou le type de recherche que nous r\u00e9alisons ici \u00e0 l&rsquo;UQAC est davantage de nature appliqu\u00e9e, souvent en partenariat avec le milieu,  nos chercheurs n&rsquo;ont pas eu la vie facile.   <\/p>\n<p>Question : Compte tenu de la connaissance presque intime que vous avez de cette Institution, vous avez certainement votre perception des d\u00e9fis auxquels est confront\u00e9 cet \u00e9tablissement.   Dans 10 ans, l&rsquo;UQAC ressemblera \u00e0 quoi?<\/p>\n<p>R\u00e9ponse : J&rsquo;ai eu l&rsquo;occasion \u00e0 quelques reprises de m&rsquo;attarder aux grands d\u00e9fis auxquels selon moi nous sommes confront\u00e9s.   Mon pr\u00e9d\u00e9cesseur, Bernard Angers, aimait utiliser l&rsquo;expression \u00ab prot\u00e9ger notre butin \u00bb, c&rsquo;est-\u00e0-dire maintenir notre place au sein du r\u00e9seau des institutions universitaires du Qu\u00e9bec.   Premier d\u00e9fi donc,  assurer notre positionnement comme Institution universitaire dans un contexte extr\u00eamement contraignant sur le plan des ressources.   Ceci passe \u00e0 l&rsquo;interne par un effort visant  \u00e0 r\u00e9\u00e9quilibrer les ressources entre secteurs, et ce, sans d\u00e9mobilisation de qui que ce soit.    Second d\u00e9fi, cr\u00e9er un contexte propice \u00e0 l&rsquo;\u00e9closion de \u00ab quelques bonnes id\u00e9es \u00bb qui viendront compl\u00e9ter nos secteurs dominants actuels.    M. Riverin, \u00e0 l&rsquo;\u00e9poque, avait amorc\u00e9 le virage vers l&rsquo;aluminium et la for\u00eat, deux secteurs majeurs chez-nous aujourd&rsquo;hui et dont nous commen\u00e7ons \u00e0 peine \u00e0 retirer les b\u00e9n\u00e9fices.   Dans dix ans donc, nous aurons, je l&rsquo;esp\u00e8re, modifi\u00e9 le cadre interne d&rsquo;allocation des ressources afin de permettre aux dynamismes internes de mieux s&rsquo;exprimer et nous aurons enclench\u00e9 la diversification de nos activit\u00e9s et champs d&rsquo;intervention dans des secteurs autres en appui \u00e0 nos secteurs d&rsquo;excellence actuels.<\/p>\n<p>Question : Vous \u00eates connu pour votre implication dans le devenir de notre r\u00e9gion.   Je pr\u00e9sume que cette implication se maintiendra?<\/p>\n<p>R\u00e9ponse : En effet, l&rsquo;UQAC s&rsquo;est d\u00e9velopp\u00e9e en symbiose avec sa r\u00e9gion au sens large.  Notre recherche s&rsquo;est articul\u00e9e en appui au d\u00e9veloppement de nos organisations r\u00e9gionales. Ceci d&rsquo;ailleurs a pos\u00e9 et pose toujours des probl\u00e8mes \u00e0 certains, entre autres au niveau des subventions de recherche, par exemple.   Notre implication dans le secteur de l&rsquo;aluminium est bien connue.   Le prochain secteur \u00e0 explorer est celui de la transformation du bois pour lequel nous devons d\u00e9velopper de la valeur ajout\u00e9e.   L&rsquo;avenir est \u00e0 la multiplication des consortiums entre l&rsquo;UQAC et la r\u00e9gion et ce, dans des secteurs multiples.<\/p>\n","protected":false},"excerpt":{"rendered":"<p>Entrevue r\u00e9alis\u00e9e par Gilles Caron Monsieur Michel Belley a obtenu un doctorat en finances de l&rsquo;Universit\u00e9 de Rennes (1984), apr\u00e8s avoir compl\u00e9t\u00e9 une ma\u00eetrise en finances \u00e0 l&rsquo;Universit\u00e9 de Sherbrooke (1977) et un baccalaur\u00e9at en administration \u00e0 l&rsquo;Universit\u00e9 du Qu\u00e9bec \u00e0 Chicoutimi (1973). \u00c0 l&rsquo;UQAC, M. Belley a occup\u00e9 diverses fonctions de nature \u00e0 la [&hellip;]<\/p>\n","protected":false},"author":5,"featured_media":0,"comment_status":"closed","ping_status":"1","sticky":false,"template":"","format":"standard","meta":{"footnotes":""},"categories":[2772],"tags":[],"yoast_head":"<!-- This site is optimized with the Yoast SEO plugin v24.2 - https:\/\/yoast.com\/wordpress\/plugins\/seo\/ -->\r\n<title>Rencontre avec Michel Belley - UQACtualit\u00e9s<\/title>\r\n<meta name=\"robots\" content=\"index, follow, max-snippet:-1, max-image-preview:large, max-video-preview:-1\" \/>\r\n<link rel=\"canonical\" href=\"https:\/\/www.uqac.ca\/uqactualites\/2002\/09\/05\/rencontre-avec-michel-belley\/\" \/>\r\n<meta property=\"og:locale\" content=\"fr_CA\" \/>\r\n<meta property=\"og:type\" content=\"article\" \/>\r\n<meta property=\"og:title\" content=\"Rencontre avec Michel Belley - UQACtualit\u00e9s\" \/>\r\n<meta property=\"og:description\" content=\"Entrevue r\u00e9alis\u00e9e par Gilles Caron Monsieur Michel Belley a obtenu un doctorat en finances de l&rsquo;Universit\u00e9 de Rennes (1984), apr\u00e8s avoir compl\u00e9t\u00e9 une ma\u00eetrise en finances \u00e0 l&rsquo;Universit\u00e9 de Sherbrooke (1977) et un baccalaur\u00e9at en administration \u00e0 l&rsquo;Universit\u00e9 du Qu\u00e9bec \u00e0 Chicoutimi (1973). \u00c0 l&rsquo;UQAC, M. Belley a occup\u00e9 diverses fonctions de nature \u00e0 la [&hellip;]\" \/>\r\n<meta property=\"og:url\" content=\"https:\/\/www.uqac.ca\/uqactualites\/2002\/09\/05\/rencontre-avec-michel-belley\/\" \/>\r\n<meta property=\"og:site_name\" content=\"UQACtualit\u00e9s\" \/>\r\n<meta property=\"article:published_time\" content=\"2002-09-05T21:32:09+00:00\" \/>\r\n<meta property=\"og:image\" content=\"http:\/\/www.uqac.ca\/wp-content\/uploads\/2012\/03\/faMuvPRbgv04G7tY-239x300.jpg\" \/>\r\n<meta name=\"author\" content=\"Service des communications et des relations publiques\" \/>\r\n<meta name=\"twitter:card\" content=\"summary_large_image\" \/>\r\n<meta name=\"twitter:label1\" content=\"\u00c9crit par\" \/>\n\t<meta name=\"twitter:data1\" content=\"Service des communications et des relations publiques\" \/>\n\t<meta name=\"twitter:label2\" content=\"Estimation du temps de lecture\" \/>\n\t<meta name=\"twitter:data2\" content=\"4 minutes\" \/>\r\n<script type=\"application\/ld+json\" class=\"yoast-schema-graph\">{\"@context\":\"https:\/\/schema.org\",\"@graph\":[{\"@type\":\"WebPage\",\"@id\":\"https:\/\/www.uqac.ca\/uqactualites\/2002\/09\/05\/rencontre-avec-michel-belley\/\",\"url\":\"https:\/\/www.uqac.ca\/uqactualites\/2002\/09\/05\/rencontre-avec-michel-belley\/\",\"name\":\"Rencontre avec Michel Belley - UQACtualit\u00e9s\",\"isPartOf\":{\"@id\":\"https:\/\/www.uqac.ca\/uqactualites\/#website\"},\"primaryImageOfPage\":{\"@id\":\"https:\/\/www.uqac.ca\/uqactualites\/2002\/09\/05\/rencontre-avec-michel-belley\/#primaryimage\"},\"image\":{\"@id\":\"https:\/\/www.uqac.ca\/uqactualites\/2002\/09\/05\/rencontre-avec-michel-belley\/#primaryimage\"},\"thumbnailUrl\":\"http:\/\/www.uqac.ca\/wp-content\/uploads\/2012\/03\/faMuvPRbgv04G7tY-239x300.jpg\",\"datePublished\":\"2002-09-05T21:32:09+00:00\",\"dateModified\":\"2002-09-05T21:32:09+00:00\",\"author\":{\"@id\":\"https:\/\/www.uqac.ca\/uqactualites\/#\/schema\/person\/366c45a0c4f0e677b41b4af5886e2018\"},\"breadcrumb\":{\"@id\":\"https:\/\/www.uqac.ca\/uqactualites\/2002\/09\/05\/rencontre-avec-michel-belley\/#breadcrumb\"},\"inLanguage\":\"fr-CA\",\"potentialAction\":[{\"@type\":\"ReadAction\",\"target\":[\"https:\/\/www.uqac.ca\/uqactualites\/2002\/09\/05\/rencontre-avec-michel-belley\/\"]}]},{\"@type\":\"ImageObject\",\"inLanguage\":\"fr-CA\",\"@id\":\"https:\/\/www.uqac.ca\/uqactualites\/2002\/09\/05\/rencontre-avec-michel-belley\/#primaryimage\",\"url\":\"http:\/\/www.uqac.ca\/wp-content\/uploads\/2012\/03\/faMuvPRbgv04G7tY-239x300.jpg\",\"contentUrl\":\"http:\/\/www.uqac.ca\/wp-content\/uploads\/2012\/03\/faMuvPRbgv04G7tY-239x300.jpg\"},{\"@type\":\"BreadcrumbList\",\"@id\":\"https:\/\/www.uqac.ca\/uqactualites\/2002\/09\/05\/rencontre-avec-michel-belley\/#breadcrumb\",\"itemListElement\":[{\"@type\":\"ListItem\",\"position\":1,\"name\":\"Home\",\"item\":\"https:\/\/www.uqac.ca\/uqactualites\/\"},{\"@type\":\"ListItem\",\"position\":2,\"name\":\"Rencontre avec Michel Belley\"}]},{\"@type\":\"WebSite\",\"@id\":\"https:\/\/www.uqac.ca\/uqactualites\/#website\",\"url\":\"https:\/\/www.uqac.ca\/uqactualites\/\",\"name\":\"UQACtualit\u00e9s\",\"description\":\"Le portail des nouvelles de l&#039;UQAC\",\"potentialAction\":[{\"@type\":\"SearchAction\",\"target\":{\"@type\":\"EntryPoint\",\"urlTemplate\":\"https:\/\/www.uqac.ca\/uqactualites\/?s={search_term_string}\"},\"query-input\":{\"@type\":\"PropertyValueSpecification\",\"valueRequired\":true,\"valueName\":\"search_term_string\"}}],\"inLanguage\":\"fr-CA\"},{\"@type\":\"Person\",\"@id\":\"https:\/\/www.uqac.ca\/uqactualites\/#\/schema\/person\/366c45a0c4f0e677b41b4af5886e2018\",\"name\":\"Service des communications et des relations publiques\",\"image\":{\"@type\":\"ImageObject\",\"inLanguage\":\"fr-CA\",\"@id\":\"https:\/\/www.uqac.ca\/uqactualites\/#\/schema\/person\/image\/\",\"url\":\"https:\/\/secure.gravatar.com\/avatar\/20fbbda8a292f59f2d3461a5b999c00b?s=96&d=mm&r=g\",\"contentUrl\":\"https:\/\/secure.gravatar.com\/avatar\/20fbbda8a292f59f2d3461a5b999c00b?s=96&d=mm&r=g\",\"caption\":\"Service des communications et des relations publiques\"},\"url\":\"https:\/\/www.uqac.ca\/uqactualites\/author\/bap\/\"}]}<\/script>\r\n<!-- \/ Yoast SEO plugin. -->","yoast_head_json":{"title":"Rencontre avec Michel Belley - UQACtualit\u00e9s","robots":{"index":"index","follow":"follow","max-snippet":"max-snippet:-1","max-image-preview":"max-image-preview:large","max-video-preview":"max-video-preview:-1"},"canonical":"https:\/\/www.uqac.ca\/uqactualites\/2002\/09\/05\/rencontre-avec-michel-belley\/","og_locale":"fr_CA","og_type":"article","og_title":"Rencontre avec Michel Belley - UQACtualit\u00e9s","og_description":"Entrevue r\u00e9alis\u00e9e par Gilles Caron Monsieur Michel Belley a obtenu un doctorat en finances de l&rsquo;Universit\u00e9 de Rennes (1984), apr\u00e8s avoir compl\u00e9t\u00e9 une ma\u00eetrise en finances \u00e0 l&rsquo;Universit\u00e9 de Sherbrooke (1977) et un baccalaur\u00e9at en administration \u00e0 l&rsquo;Universit\u00e9 du Qu\u00e9bec \u00e0 Chicoutimi (1973). \u00c0 l&rsquo;UQAC, M. Belley a occup\u00e9 diverses fonctions de nature \u00e0 la [&hellip;]","og_url":"https:\/\/www.uqac.ca\/uqactualites\/2002\/09\/05\/rencontre-avec-michel-belley\/","og_site_name":"UQACtualit\u00e9s","article_published_time":"2002-09-05T21:32:09+00:00","og_image":[{"url":"http:\/\/www.uqac.ca\/wp-content\/uploads\/2012\/03\/faMuvPRbgv04G7tY-239x300.jpg","type":"","width":"","height":""}],"author":"Service des communications et des relations publiques","twitter_card":"summary_large_image","twitter_misc":{"\u00c9crit par":"Service des communications et des relations publiques","Estimation du temps de lecture":"4 minutes"},"schema":{"@context":"https:\/\/schema.org","@graph":[{"@type":"WebPage","@id":"https:\/\/www.uqac.ca\/uqactualites\/2002\/09\/05\/rencontre-avec-michel-belley\/","url":"https:\/\/www.uqac.ca\/uqactualites\/2002\/09\/05\/rencontre-avec-michel-belley\/","name":"Rencontre avec Michel Belley - UQACtualit\u00e9s","isPartOf":{"@id":"https:\/\/www.uqac.ca\/uqactualites\/#website"},"primaryImageOfPage":{"@id":"https:\/\/www.uqac.ca\/uqactualites\/2002\/09\/05\/rencontre-avec-michel-belley\/#primaryimage"},"image":{"@id":"https:\/\/www.uqac.ca\/uqactualites\/2002\/09\/05\/rencontre-avec-michel-belley\/#primaryimage"},"thumbnailUrl":"http:\/\/www.uqac.ca\/wp-content\/uploads\/2012\/03\/faMuvPRbgv04G7tY-239x300.jpg","datePublished":"2002-09-05T21:32:09+00:00","dateModified":"2002-09-05T21:32:09+00:00","author":{"@id":"https:\/\/www.uqac.ca\/uqactualites\/#\/schema\/person\/366c45a0c4f0e677b41b4af5886e2018"},"breadcrumb":{"@id":"https:\/\/www.uqac.ca\/uqactualites\/2002\/09\/05\/rencontre-avec-michel-belley\/#breadcrumb"},"inLanguage":"fr-CA","potentialAction":[{"@type":"ReadAction","target":["https:\/\/www.uqac.ca\/uqactualites\/2002\/09\/05\/rencontre-avec-michel-belley\/"]}]},{"@type":"ImageObject","inLanguage":"fr-CA","@id":"https:\/\/www.uqac.ca\/uqactualites\/2002\/09\/05\/rencontre-avec-michel-belley\/#primaryimage","url":"http:\/\/www.uqac.ca\/wp-content\/uploads\/2012\/03\/faMuvPRbgv04G7tY-239x300.jpg","contentUrl":"http:\/\/www.uqac.ca\/wp-content\/uploads\/2012\/03\/faMuvPRbgv04G7tY-239x300.jpg"},{"@type":"BreadcrumbList","@id":"https:\/\/www.uqac.ca\/uqactualites\/2002\/09\/05\/rencontre-avec-michel-belley\/#breadcrumb","itemListElement":[{"@type":"ListItem","position":1,"name":"Home","item":"https:\/\/www.uqac.ca\/uqactualites\/"},{"@type":"ListItem","position":2,"name":"Rencontre avec Michel Belley"}]},{"@type":"WebSite","@id":"https:\/\/www.uqac.ca\/uqactualites\/#website","url":"https:\/\/www.uqac.ca\/uqactualites\/","name":"UQACtualit\u00e9s","description":"Le portail des nouvelles de l&#039;UQAC","potentialAction":[{"@type":"SearchAction","target":{"@type":"EntryPoint","urlTemplate":"https:\/\/www.uqac.ca\/uqactualites\/?s={search_term_string}"},"query-input":{"@type":"PropertyValueSpecification","valueRequired":true,"valueName":"search_term_string"}}],"inLanguage":"fr-CA"},{"@type":"Person","@id":"https:\/\/www.uqac.ca\/uqactualites\/#\/schema\/person\/366c45a0c4f0e677b41b4af5886e2018","name":"Service des communications et des relations publiques","image":{"@type":"ImageObject","inLanguage":"fr-CA","@id":"https:\/\/www.uqac.ca\/uqactualites\/#\/schema\/person\/image\/","url":"https:\/\/secure.gravatar.com\/avatar\/20fbbda8a292f59f2d3461a5b999c00b?s=96&d=mm&r=g","contentUrl":"https:\/\/secure.gravatar.com\/avatar\/20fbbda8a292f59f2d3461a5b999c00b?s=96&d=mm&r=g","caption":"Service des communications et des relations publiques"},"url":"https:\/\/www.uqac.ca\/uqactualites\/author\/bap\/"}]}},"_links":{"self":[{"href":"https:\/\/www.uqac.ca\/uqactualites\/wp-json\/wp\/v2\/posts\/19798"}],"collection":[{"href":"https:\/\/www.uqac.ca\/uqactualites\/wp-json\/wp\/v2\/posts"}],"about":[{"href":"https:\/\/www.uqac.ca\/uqactualites\/wp-json\/wp\/v2\/types\/post"}],"author":[{"embeddable":true,"href":"https:\/\/www.uqac.ca\/uqactualites\/wp-json\/wp\/v2\/users\/5"}],"replies":[{"embeddable":true,"href":"https:\/\/www.uqac.ca\/uqactualites\/wp-json\/wp\/v2\/comments?post=19798"}],"version-history":[{"count":0,"href":"https:\/\/www.uqac.ca\/uqactualites\/wp-json\/wp\/v2\/posts\/19798\/revisions"}],"wp:attachment":[{"href":"https:\/\/www.uqac.ca\/uqactualites\/wp-json\/wp\/v2\/media?parent=19798"}],"wp:term":[{"taxonomy":"category","embeddable":true,"href":"https:\/\/www.uqac.ca\/uqactualites\/wp-json\/wp\/v2\/categories?post=19798"},{"taxonomy":"post_tag","embeddable":true,"href":"https:\/\/www.uqac.ca\/uqactualites\/wp-json\/wp\/v2\/tags?post=19798"}],"curies":[{"name":"wp","href":"https:\/\/api.w.org\/{rel}","templated":true}]}}