{"id":19800,"date":"2002-09-05T15:56:52","date_gmt":"2002-09-05T21:26:52","guid":{"rendered":"http:\/\/uqactualite.odev.ca\/2002\/09\/organisations-et-territoiresvolume-11-numero-3\/"},"modified":"2002-09-05T15:56:52","modified_gmt":"2002-09-05T21:26:52","slug":"organisations-et-territoiresvolume-11-numero-3","status":"publish","type":"post","link":"https:\/\/www.uqac.ca\/uqactualites\/2002\/09\/05\/organisations-et-territoiresvolume-11-numero-3\/","title":{"rendered":"Organisations et territoires,volume 11, num\u00e9ro 3"},"content":{"rendered":"<p><a href=\"http:\/\/www.uqac.ca\/wp-content\/uploads\/2012\/03\/EaZRWVX62X7ivT10.jpg\"><img loading=\"lazy\" decoding=\"async\" class=\"size-medium wp-image-19800 alignright\" title=\"EaZRWVX62X7ivT10\" src=\"http:\/\/www.uqac.ca\/wp-content\/uploads\/2012\/03\/EaZRWVX62X7ivT10-231x300.jpg\" alt=\"\" width=\"231\" height=\"300\" \/><\/a><\/p>\n<p>La revue Organisations et territoires pr\u00e9sente sa publication volume 11, num\u00e9ro 3. Ce num\u00e9ro sp\u00e9cial, produit avec la collaboration du professeur Jean-Pierre Collin de l&rsquo;INRS-Urbanisation, Culture et Soci\u00e9t\u00e9, porte sur la r\u00e9forme municipale, sujet d&rsquo;actualit\u00e9 au Qu\u00e9bec. C&rsquo;est l&rsquo;une des plus importantes r\u00e9formes territoriales depuis l&rsquo;instauration du r\u00e9gime municipal au XIXi\u00e8me si\u00e8cle et elle aura de multiples cons\u00e9quences selon la vingtaine de chercheurs qui se sont pench\u00e9s sur la question. Ce num\u00e9ro offre donc un tour d&rsquo;horizon des multiples facettes de cette r\u00e9organisation du monde municipal. Pour obtenir un ce num\u00e9ro ou pour vous abonner \u00e0 la revue, veuillez vous adresser \u00e0: Universit\u00e9 du Qu\u00e9bec \u00e0 Chicoutimi, Revue Organisations et territoires, D\u00e9partement des sciences \u00e9conomiques et administratives, 555 boulevard de l&rsquo;Universit\u00e9, Chicoutimi, Qu\u00e9bec, G7H 2B1, t\u00e9l\u00e9phone (418) 545-5011, poste 4530, t\u00e9l\u00e9copieur (418) 693-9072, courriel <a href=\"mailto:revueot@uqac.ca\">revueot@uqac.ca<\/a><\/p>\n","protected":false},"excerpt":{"rendered":"<p>La revue Organisations et territoires pr\u00e9sente sa publication volume 11, num\u00e9ro 3. Ce num\u00e9ro sp\u00e9cial, produit avec la collaboration du professeur Jean-Pierre Collin de l&rsquo;INRS-Urbanisation, Culture et Soci\u00e9t\u00e9, porte sur la r\u00e9forme municipale, sujet d&rsquo;actualit\u00e9 au Qu\u00e9bec. C&rsquo;est l&rsquo;une des plus importantes r\u00e9formes territoriales depuis l&rsquo;instauration du r\u00e9gime municipal au XIXi\u00e8me si\u00e8cle et elle aura [&hellip;]<\/p>\n","protected":false},"author":5,"featured_media":0,"comment_status":"closed","ping_status":"closed","sticky":false,"template":"","format":"standard","meta":{"footnotes":""},"categories":[25],"tags":[],"yoast_head":"<!-- This site is optimized with the Yoast SEO plugin v24.2 - https:\/\/yoast.com\/wordpress\/plugins\/seo\/ -->\r\n<title>Organisations et territoires,volume 11, num\u00e9ro 3 - UQACtualit\u00e9s<\/title>\r\n<meta name=\"robots\" content=\"index, follow, max-snippet:-1, max-image-preview:large, max-video-preview:-1\" \/>\r\n<link rel=\"canonical\" href=\"https:\/\/www.uqac.ca\/uqactualites\/2002\/09\/05\/organisations-et-territoiresvolume-11-numero-3\/\" \/>\r\n<meta property=\"og:locale\" content=\"fr_CA\" \/>\r\n<meta property=\"og:type\" content=\"article\" \/>\r\n<meta property=\"og:title\" content=\"Organisations et territoires,volume 11, num\u00e9ro 3 - UQACtualit\u00e9s\" \/>\r\n<meta property=\"og:description\" content=\"La revue Organisations et territoires pr\u00e9sente sa publication volume 11, num\u00e9ro 3. Ce num\u00e9ro sp\u00e9cial, produit avec la collaboration du professeur Jean-Pierre Collin de l&rsquo;INRS-Urbanisation, Culture et Soci\u00e9t\u00e9, porte sur la r\u00e9forme municipale, sujet d&rsquo;actualit\u00e9 au Qu\u00e9bec. C&rsquo;est l&rsquo;une des plus importantes r\u00e9formes territoriales depuis l&rsquo;instauration du r\u00e9gime municipal au XIXi\u00e8me si\u00e8cle et elle aura [&hellip;]\" \/>\r\n<meta property=\"og:url\" content=\"https:\/\/www.uqac.ca\/uqactualites\/2002\/09\/05\/organisations-et-territoiresvolume-11-numero-3\/\" \/>\r\n<meta property=\"og:site_name\" content=\"UQACtualit\u00e9s\" \/>\r\n<meta property=\"article:published_time\" content=\"2002-09-05T21:26:52+00:00\" \/>\r\n<meta property=\"og:image\" content=\"http:\/\/www.uqac.ca\/wp-content\/uploads\/2012\/03\/EaZRWVX62X7ivT10-231x300.jpg\" \/>\r\n<meta name=\"author\" content=\"Service des communications et des relations publiques\" \/>\r\n<meta name=\"twitter:card\" content=\"summary_large_image\" \/>\r\n<meta name=\"twitter:label1\" content=\"\u00c9crit par\" \/>\n\t<meta name=\"twitter:data1\" content=\"Service des communications et des relations publiques\" \/>\n\t<meta name=\"twitter:label2\" content=\"Estimation du temps de lecture\" \/>\n\t<meta name=\"twitter:data2\" content=\"1 minute\" \/>\r\n<script type=\"application\/ld+json\" class=\"yoast-schema-graph\">{\"@context\":\"https:\/\/schema.org\",\"@graph\":[{\"@type\":\"WebPage\",\"@id\":\"https:\/\/www.uqac.ca\/uqactualites\/2002\/09\/05\/organisations-et-territoiresvolume-11-numero-3\/\",\"url\":\"https:\/\/www.uqac.ca\/uqactualites\/2002\/09\/05\/organisations-et-territoiresvolume-11-numero-3\/\",\"name\":\"Organisations et territoires,volume 11, num\u00e9ro 3 - UQACtualit\u00e9s\",\"isPartOf\":{\"@id\":\"https:\/\/www.uqac.ca\/uqactualites\/#website\"},\"primaryImageOfPage\":{\"@id\":\"https:\/\/www.uqac.ca\/uqactualites\/2002\/09\/05\/organisations-et-territoiresvolume-11-numero-3\/#primaryimage\"},\"image\":{\"@id\":\"https:\/\/www.uqac.ca\/uqactualites\/2002\/09\/05\/organisations-et-territoiresvolume-11-numero-3\/#primaryimage\"},\"thumbnailUrl\":\"http:\/\/www.uqac.ca\/wp-content\/uploads\/2012\/03\/EaZRWVX62X7ivT10-231x300.jpg\",\"datePublished\":\"2002-09-05T21:26:52+00:00\",\"dateModified\":\"2002-09-05T21:26:52+00:00\",\"author\":{\"@id\":\"https:\/\/www.uqac.ca\/uqactualites\/#\/schema\/person\/366c45a0c4f0e677b41b4af5886e2018\"},\"breadcrumb\":{\"@id\":\"https:\/\/www.uqac.ca\/uqactualites\/2002\/09\/05\/organisations-et-territoiresvolume-11-numero-3\/#breadcrumb\"},\"inLanguage\":\"fr-CA\",\"potentialAction\":[{\"@type\":\"ReadAction\",\"target\":[\"https:\/\/www.uqac.ca\/uqactualites\/2002\/09\/05\/organisations-et-territoiresvolume-11-numero-3\/\"]}]},{\"@type\":\"ImageObject\",\"inLanguage\":\"fr-CA\",\"@id\":\"https:\/\/www.uqac.ca\/uqactualites\/2002\/09\/05\/organisations-et-territoiresvolume-11-numero-3\/#primaryimage\",\"url\":\"http:\/\/www.uqac.ca\/wp-content\/uploads\/2012\/03\/EaZRWVX62X7ivT10-231x300.jpg\",\"contentUrl\":\"http:\/\/www.uqac.ca\/wp-content\/uploads\/2012\/03\/EaZRWVX62X7ivT10-231x300.jpg\"},{\"@type\":\"BreadcrumbList\",\"@id\":\"https:\/\/www.uqac.ca\/uqactualites\/2002\/09\/05\/organisations-et-territoiresvolume-11-numero-3\/#breadcrumb\",\"itemListElement\":[{\"@type\":\"ListItem\",\"position\":1,\"name\":\"Home\",\"item\":\"https:\/\/www.uqac.ca\/uqactualites\/\"},{\"@type\":\"ListItem\",\"position\":2,\"name\":\"Organisations et territoires,volume 11, num\u00e9ro 3\"}]},{\"@type\":\"WebSite\",\"@id\":\"https:\/\/www.uqac.ca\/uqactualites\/#website\",\"url\":\"https:\/\/www.uqac.ca\/uqactualites\/\",\"name\":\"UQACtualit\u00e9s\",\"description\":\"Le portail des nouvelles de l&#039;UQAC\",\"potentialAction\":[{\"@type\":\"SearchAction\",\"target\":{\"@type\":\"EntryPoint\",\"urlTemplate\":\"https:\/\/www.uqac.ca\/uqactualites\/?s={search_term_string}\"},\"query-input\":{\"@type\":\"PropertyValueSpecification\",\"valueRequired\":true,\"valueName\":\"search_term_string\"}}],\"inLanguage\":\"fr-CA\"},{\"@type\":\"Person\",\"@id\":\"https:\/\/www.uqac.ca\/uqactualites\/#\/schema\/person\/366c45a0c4f0e677b41b4af5886e2018\",\"name\":\"Service des communications et des relations publiques\",\"image\":{\"@type\":\"ImageObject\",\"inLanguage\":\"fr-CA\",\"@id\":\"https:\/\/www.uqac.ca\/uqactualites\/#\/schema\/person\/image\/\",\"url\":\"https:\/\/secure.gravatar.com\/avatar\/20fbbda8a292f59f2d3461a5b999c00b?s=96&d=mm&r=g\",\"contentUrl\":\"https:\/\/secure.gravatar.com\/avatar\/20fbbda8a292f59f2d3461a5b999c00b?s=96&d=mm&r=g\",\"caption\":\"Service des communications et des relations publiques\"},\"url\":\"https:\/\/www.uqac.ca\/uqactualites\/author\/bap\/\"}]}<\/script>\r\n<!-- \/ Yoast SEO plugin. -->","yoast_head_json":{"title":"Organisations et territoires,volume 11, num\u00e9ro 3 - UQACtualit\u00e9s","robots":{"index":"index","follow":"follow","max-snippet":"max-snippet:-1","max-image-preview":"max-image-preview:large","max-video-preview":"max-video-preview:-1"},"canonical":"https:\/\/www.uqac.ca\/uqactualites\/2002\/09\/05\/organisations-et-territoiresvolume-11-numero-3\/","og_locale":"fr_CA","og_type":"article","og_title":"Organisations et territoires,volume 11, num\u00e9ro 3 - UQACtualit\u00e9s","og_description":"La revue Organisations et territoires pr\u00e9sente sa publication volume 11, num\u00e9ro 3. Ce num\u00e9ro sp\u00e9cial, produit avec la collaboration du professeur Jean-Pierre Collin de l&rsquo;INRS-Urbanisation, Culture et Soci\u00e9t\u00e9, porte sur la r\u00e9forme municipale, sujet d&rsquo;actualit\u00e9 au Qu\u00e9bec. C&rsquo;est l&rsquo;une des plus importantes r\u00e9formes territoriales depuis l&rsquo;instauration du r\u00e9gime municipal au XIXi\u00e8me si\u00e8cle et elle aura [&hellip;]","og_url":"https:\/\/www.uqac.ca\/uqactualites\/2002\/09\/05\/organisations-et-territoiresvolume-11-numero-3\/","og_site_name":"UQACtualit\u00e9s","article_published_time":"2002-09-05T21:26:52+00:00","og_image":[{"url":"http:\/\/www.uqac.ca\/wp-content\/uploads\/2012\/03\/EaZRWVX62X7ivT10-231x300.jpg","type":"","width":"","height":""}],"author":"Service des communications et des relations publiques","twitter_card":"summary_large_image","twitter_misc":{"\u00c9crit par":"Service des communications et des relations publiques","Estimation du temps de lecture":"1 minute"},"schema":{"@context":"https:\/\/schema.org","@graph":[{"@type":"WebPage","@id":"https:\/\/www.uqac.ca\/uqactualites\/2002\/09\/05\/organisations-et-territoiresvolume-11-numero-3\/","url":"https:\/\/www.uqac.ca\/uqactualites\/2002\/09\/05\/organisations-et-territoiresvolume-11-numero-3\/","name":"Organisations et territoires,volume 11, num\u00e9ro 3 - UQACtualit\u00e9s","isPartOf":{"@id":"https:\/\/www.uqac.ca\/uqactualites\/#website"},"primaryImageOfPage":{"@id":"https:\/\/www.uqac.ca\/uqactualites\/2002\/09\/05\/organisations-et-territoiresvolume-11-numero-3\/#primaryimage"},"image":{"@id":"https:\/\/www.uqac.ca\/uqactualites\/2002\/09\/05\/organisations-et-territoiresvolume-11-numero-3\/#primaryimage"},"thumbnailUrl":"http:\/\/www.uqac.ca\/wp-content\/uploads\/2012\/03\/EaZRWVX62X7ivT10-231x300.jpg","datePublished":"2002-09-05T21:26:52+00:00","dateModified":"2002-09-05T21:26:52+00:00","author":{"@id":"https:\/\/www.uqac.ca\/uqactualites\/#\/schema\/person\/366c45a0c4f0e677b41b4af5886e2018"},"breadcrumb":{"@id":"https:\/\/www.uqac.ca\/uqactualites\/2002\/09\/05\/organisations-et-territoiresvolume-11-numero-3\/#breadcrumb"},"inLanguage":"fr-CA","potentialAction":[{"@type":"ReadAction","target":["https:\/\/www.uqac.ca\/uqactualites\/2002\/09\/05\/organisations-et-territoiresvolume-11-numero-3\/"]}]},{"@type":"ImageObject","inLanguage":"fr-CA","@id":"https:\/\/www.uqac.ca\/uqactualites\/2002\/09\/05\/organisations-et-territoiresvolume-11-numero-3\/#primaryimage","url":"http:\/\/www.uqac.ca\/wp-content\/uploads\/2012\/03\/EaZRWVX62X7ivT10-231x300.jpg","contentUrl":"http:\/\/www.uqac.ca\/wp-content\/uploads\/2012\/03\/EaZRWVX62X7ivT10-231x300.jpg"},{"@type":"BreadcrumbList","@id":"https:\/\/www.uqac.ca\/uqactualites\/2002\/09\/05\/organisations-et-territoiresvolume-11-numero-3\/#breadcrumb","itemListElement":[{"@type":"ListItem","position":1,"name":"Home","item":"https:\/\/www.uqac.ca\/uqactualites\/"},{"@type":"ListItem","position":2,"name":"Organisations et territoires,volume 11, num\u00e9ro 3"}]},{"@type":"WebSite","@id":"https:\/\/www.uqac.ca\/uqactualites\/#website","url":"https:\/\/www.uqac.ca\/uqactualites\/","name":"UQACtualit\u00e9s","description":"Le portail des nouvelles de l&#039;UQAC","potentialAction":[{"@type":"SearchAction","target":{"@type":"EntryPoint","urlTemplate":"https:\/\/www.uqac.ca\/uqactualites\/?s={search_term_string}"},"query-input":{"@type":"PropertyValueSpecification","valueRequired":true,"valueName":"search_term_string"}}],"inLanguage":"fr-CA"},{"@type":"Person","@id":"https:\/\/www.uqac.ca\/uqactualites\/#\/schema\/person\/366c45a0c4f0e677b41b4af5886e2018","name":"Service des communications et des relations publiques","image":{"@type":"ImageObject","inLanguage":"fr-CA","@id":"https:\/\/www.uqac.ca\/uqactualites\/#\/schema\/person\/image\/","url":"https:\/\/secure.gravatar.com\/avatar\/20fbbda8a292f59f2d3461a5b999c00b?s=96&d=mm&r=g","contentUrl":"https:\/\/secure.gravatar.com\/avatar\/20fbbda8a292f59f2d3461a5b999c00b?s=96&d=mm&r=g","caption":"Service des communications et des relations publiques"},"url":"https:\/\/www.uqac.ca\/uqactualites\/author\/bap\/"}]}},"_links":{"self":[{"href":"https:\/\/www.uqac.ca\/uqactualites\/wp-json\/wp\/v2\/posts\/19800"}],"collection":[{"href":"https:\/\/www.uqac.ca\/uqactualites\/wp-json\/wp\/v2\/posts"}],"about":[{"href":"https:\/\/www.uqac.ca\/uqactualites\/wp-json\/wp\/v2\/types\/post"}],"author":[{"embeddable":true,"href":"https:\/\/www.uqac.ca\/uqactualites\/wp-json\/wp\/v2\/users\/5"}],"replies":[{"embeddable":true,"href":"https:\/\/www.uqac.ca\/uqactualites\/wp-json\/wp\/v2\/comments?post=19800"}],"version-history":[{"count":0,"href":"https:\/\/www.uqac.ca\/uqactualites\/wp-json\/wp\/v2\/posts\/19800\/revisions"}],"wp:attachment":[{"href":"https:\/\/www.uqac.ca\/uqactualites\/wp-json\/wp\/v2\/media?parent=19800"}],"wp:term":[{"taxonomy":"category","embeddable":true,"href":"https:\/\/www.uqac.ca\/uqactualites\/wp-json\/wp\/v2\/categories?post=19800"},{"taxonomy":"post_tag","embeddable":true,"href":"https:\/\/www.uqac.ca\/uqactualites\/wp-json\/wp\/v2\/tags?post=19800"}],"curies":[{"name":"wp","href":"https:\/\/api.w.org\/{rel}","templated":true}]}}