{"id":19802,"date":"2002-09-05T15:47:52","date_gmt":"2002-09-05T21:17:52","guid":{"rendered":"http:\/\/uqactualite.odev.ca\/2002\/09\/jayanta-guha-enfile-la-medaille-de-l-icm\/"},"modified":"2002-09-05T15:47:52","modified_gmt":"2002-09-05T21:17:52","slug":"jayanta-guha-enfile-la-medaille-de-l-icm","status":"publish","type":"post","link":"https:\/\/www.uqac.ca\/uqactualites\/2002\/09\/05\/jayanta-guha-enfile-la-medaille-de-l-icm\/","title":{"rendered":"Jayanta Guha enfile la m\u00e9daille de l &lsquo;ICM"},"content":{"rendered":"<p><figure id=\"attachment_19802\" aria-describedby=\"caption-attachment-19802\" style=\"width: 200px\" class=\"wp-caption alignright\"><a href=\"http:\/\/www.uqac.ca\/wp-content\/uploads\/2012\/03\/nlpGQdVZ46UKRvnf.jpg\"><img loading=\"lazy\" decoding=\"async\" class=\"size-medium wp-image-19802\" title=\"nlpGQdVZ46UKRvnf\" src=\"http:\/\/www.uqac.ca\/wp-content\/uploads\/2012\/03\/nlpGQdVZ46UKRvnf-200x300.jpg\" width=\"200\" height=\"300\" alt=\"\" \/><\/a><figcaption id=\"caption-attachment-19802\" class=\"wp-caption-text\">M. Jayanta Guha, professeur en sciences de la Terre \u00e0 l&#039;UQAC<\/figcaption><\/figure>La Section Saguenay de l&rsquo;Institut canadien des mines, de la m\u00e9tallurgie et du p\u00e9trole (ICM) a remis \u00e0 M. Jayanta Guha, professeur en sciences de la Terre \u00e0 l&rsquo;UQAC, la m\u00e9daille de Service M\u00e9ritoire du District No 2 (province de Qu\u00e9bec) de l&rsquo;ICM, organisme qui regroupe plus de 12,000 membres \u00e0 travers le Canada. Ce prix est d\u00e9cern\u00e9 en reconnaissance d&rsquo;une contribution exceptionnelle d&rsquo;un individu \u00e0 l&rsquo;industrie des min\u00e9raux et \u00e0 l&rsquo;ICM.<\/p>\n<p>M. Guha a fond\u00e9 la Section Saguenay de l&rsquo;ICM au d\u00e9but des ann\u00e9es 70 et a \u0153uvr\u00e9 pendant une dizaine d&rsquo;ann\u00e9es au sein de la section G\u00e9ologie de l&rsquo;ICM national dont il a occup\u00e9 la pr\u00e9sidence au cours des deux derni\u00e8res ann\u00e9es.<\/p>\n<p>Cette distinction honorifique a \u00e9t\u00e9 soulign\u00e9e au cours du souper annuel de l&rsquo;ICM, en avril dernier. Cette activit\u00e9 de la section Saguenay de l&rsquo;ICM cl\u00f4ture la semaine mini\u00e8re du Qu\u00e9bec, une semaine au cours de laquelle se tiennent une foule d&rsquo;activit\u00e9s dans chaque r\u00e9gion du Qu\u00e9bec pour souligner la diversit\u00e9 et l&rsquo;apport des ressources min\u00e9rales dans notre quotidien et dans l&rsquo;\u00e9conomie du Qu\u00e9bec.  <\/p>\n<p>Rappelons que l&rsquo;activit\u00e9 mini\u00e8re au Qu\u00e9bec, qui g\u00e9n\u00e8re plus de 50,000 emplois directs et indirects, est une force \u00e9conomique colossale dont la production annuelle d\u00e9passe le 3 milliards et demi de dollars.  La diversit\u00e9 des ressources min\u00e9rales de notre sous-sol est reconnue mondialement tant pour l&rsquo;or, les m\u00e9taux usuels, les m\u00e9taux ferreux que pour les min\u00e9raux industriels Ce n&rsquo;est pas pour rien que l&rsquo;institut am\u00e9ricaine Fraser a r\u00e9cemment class\u00e9 le Qu\u00e9bec au premier rang mondial pour son potentiel min\u00e9ral.<\/p>\n","protected":false},"excerpt":{"rendered":"<p>La Section Saguenay de l&rsquo;Institut canadien des mines, de la m\u00e9tallurgie et du p\u00e9trole (ICM) a remis \u00e0 M. Jayanta Guha, professeur en sciences de la Terre \u00e0 l&rsquo;UQAC, la m\u00e9daille de Service M\u00e9ritoire du District No 2 (province de Qu\u00e9bec) de l&rsquo;ICM, organisme qui regroupe plus de 12,000 membres \u00e0 travers le Canada. Ce [&hellip;]<\/p>\n","protected":false},"author":5,"featured_media":0,"comment_status":"closed","ping_status":"1","sticky":false,"template":"","format":"standard","meta":{"footnotes":""},"categories":[9],"tags":[],"yoast_head":"<!-- This site is optimized with the Yoast SEO plugin v24.2 - https:\/\/yoast.com\/wordpress\/plugins\/seo\/ -->\r\n<title>Jayanta Guha enfile la m\u00e9daille de l &#039;ICM - UQACtualit\u00e9s<\/title>\r\n<meta name=\"robots\" content=\"index, follow, max-snippet:-1, max-image-preview:large, max-video-preview:-1\" \/>\r\n<link rel=\"canonical\" href=\"https:\/\/www.uqac.ca\/uqactualites\/2002\/09\/05\/jayanta-guha-enfile-la-medaille-de-l-icm\/\" \/>\r\n<meta property=\"og:locale\" content=\"fr_CA\" \/>\r\n<meta property=\"og:type\" content=\"article\" \/>\r\n<meta property=\"og:title\" content=\"Jayanta Guha enfile la m\u00e9daille de l &#039;ICM - UQACtualit\u00e9s\" \/>\r\n<meta property=\"og:description\" content=\"La Section Saguenay de l&rsquo;Institut canadien des mines, de la m\u00e9tallurgie et du p\u00e9trole (ICM) a remis \u00e0 M. Jayanta Guha, professeur en sciences de la Terre \u00e0 l&rsquo;UQAC, la m\u00e9daille de Service M\u00e9ritoire du District No 2 (province de Qu\u00e9bec) de l&rsquo;ICM, organisme qui regroupe plus de 12,000 membres \u00e0 travers le Canada. Ce [&hellip;]\" \/>\r\n<meta property=\"og:url\" content=\"https:\/\/www.uqac.ca\/uqactualites\/2002\/09\/05\/jayanta-guha-enfile-la-medaille-de-l-icm\/\" \/>\r\n<meta property=\"og:site_name\" content=\"UQACtualit\u00e9s\" \/>\r\n<meta property=\"article:published_time\" content=\"2002-09-05T21:17:52+00:00\" \/>\r\n<meta property=\"og:image\" content=\"http:\/\/www.uqac.ca\/wp-content\/uploads\/2012\/03\/nlpGQdVZ46UKRvnf-200x300.jpg\" \/>\r\n<meta name=\"author\" content=\"Service des communications et des relations publiques\" \/>\r\n<meta name=\"twitter:card\" content=\"summary_large_image\" \/>\r\n<meta name=\"twitter:label1\" content=\"\u00c9crit par\" \/>\n\t<meta name=\"twitter:data1\" content=\"Service des communications et des relations publiques\" \/>\n\t<meta name=\"twitter:label2\" content=\"Estimation du temps de lecture\" \/>\n\t<meta name=\"twitter:data2\" content=\"2 minutes\" \/>\r\n<script type=\"application\/ld+json\" class=\"yoast-schema-graph\">{\"@context\":\"https:\/\/schema.org\",\"@graph\":[{\"@type\":\"WebPage\",\"@id\":\"https:\/\/www.uqac.ca\/uqactualites\/2002\/09\/05\/jayanta-guha-enfile-la-medaille-de-l-icm\/\",\"url\":\"https:\/\/www.uqac.ca\/uqactualites\/2002\/09\/05\/jayanta-guha-enfile-la-medaille-de-l-icm\/\",\"name\":\"Jayanta Guha enfile la m\u00e9daille de l 'ICM - UQACtualit\u00e9s\",\"isPartOf\":{\"@id\":\"https:\/\/www.uqac.ca\/uqactualites\/#website\"},\"primaryImageOfPage\":{\"@id\":\"https:\/\/www.uqac.ca\/uqactualites\/2002\/09\/05\/jayanta-guha-enfile-la-medaille-de-l-icm\/#primaryimage\"},\"image\":{\"@id\":\"https:\/\/www.uqac.ca\/uqactualites\/2002\/09\/05\/jayanta-guha-enfile-la-medaille-de-l-icm\/#primaryimage\"},\"thumbnailUrl\":\"http:\/\/www.uqac.ca\/wp-content\/uploads\/2012\/03\/nlpGQdVZ46UKRvnf-200x300.jpg\",\"datePublished\":\"2002-09-05T21:17:52+00:00\",\"dateModified\":\"2002-09-05T21:17:52+00:00\",\"author\":{\"@id\":\"https:\/\/www.uqac.ca\/uqactualites\/#\/schema\/person\/366c45a0c4f0e677b41b4af5886e2018\"},\"breadcrumb\":{\"@id\":\"https:\/\/www.uqac.ca\/uqactualites\/2002\/09\/05\/jayanta-guha-enfile-la-medaille-de-l-icm\/#breadcrumb\"},\"inLanguage\":\"fr-CA\",\"potentialAction\":[{\"@type\":\"ReadAction\",\"target\":[\"https:\/\/www.uqac.ca\/uqactualites\/2002\/09\/05\/jayanta-guha-enfile-la-medaille-de-l-icm\/\"]}]},{\"@type\":\"ImageObject\",\"inLanguage\":\"fr-CA\",\"@id\":\"https:\/\/www.uqac.ca\/uqactualites\/2002\/09\/05\/jayanta-guha-enfile-la-medaille-de-l-icm\/#primaryimage\",\"url\":\"http:\/\/www.uqac.ca\/wp-content\/uploads\/2012\/03\/nlpGQdVZ46UKRvnf-200x300.jpg\",\"contentUrl\":\"http:\/\/www.uqac.ca\/wp-content\/uploads\/2012\/03\/nlpGQdVZ46UKRvnf-200x300.jpg\"},{\"@type\":\"BreadcrumbList\",\"@id\":\"https:\/\/www.uqac.ca\/uqactualites\/2002\/09\/05\/jayanta-guha-enfile-la-medaille-de-l-icm\/#breadcrumb\",\"itemListElement\":[{\"@type\":\"ListItem\",\"position\":1,\"name\":\"Home\",\"item\":\"https:\/\/www.uqac.ca\/uqactualites\/\"},{\"@type\":\"ListItem\",\"position\":2,\"name\":\"Jayanta Guha enfile la m\u00e9daille de l &lsquo;ICM\"}]},{\"@type\":\"WebSite\",\"@id\":\"https:\/\/www.uqac.ca\/uqactualites\/#website\",\"url\":\"https:\/\/www.uqac.ca\/uqactualites\/\",\"name\":\"UQACtualit\u00e9s\",\"description\":\"Le portail des nouvelles de l&#039;UQAC\",\"potentialAction\":[{\"@type\":\"SearchAction\",\"target\":{\"@type\":\"EntryPoint\",\"urlTemplate\":\"https:\/\/www.uqac.ca\/uqactualites\/?s={search_term_string}\"},\"query-input\":{\"@type\":\"PropertyValueSpecification\",\"valueRequired\":true,\"valueName\":\"search_term_string\"}}],\"inLanguage\":\"fr-CA\"},{\"@type\":\"Person\",\"@id\":\"https:\/\/www.uqac.ca\/uqactualites\/#\/schema\/person\/366c45a0c4f0e677b41b4af5886e2018\",\"name\":\"Service des communications et des relations publiques\",\"image\":{\"@type\":\"ImageObject\",\"inLanguage\":\"fr-CA\",\"@id\":\"https:\/\/www.uqac.ca\/uqactualites\/#\/schema\/person\/image\/\",\"url\":\"https:\/\/secure.gravatar.com\/avatar\/20fbbda8a292f59f2d3461a5b999c00b?s=96&d=mm&r=g\",\"contentUrl\":\"https:\/\/secure.gravatar.com\/avatar\/20fbbda8a292f59f2d3461a5b999c00b?s=96&d=mm&r=g\",\"caption\":\"Service des communications et des relations publiques\"},\"url\":\"https:\/\/www.uqac.ca\/uqactualites\/author\/bap\/\"}]}<\/script>\r\n<!-- \/ Yoast SEO plugin. -->","yoast_head_json":{"title":"Jayanta Guha enfile la m\u00e9daille de l 'ICM - UQACtualit\u00e9s","robots":{"index":"index","follow":"follow","max-snippet":"max-snippet:-1","max-image-preview":"max-image-preview:large","max-video-preview":"max-video-preview:-1"},"canonical":"https:\/\/www.uqac.ca\/uqactualites\/2002\/09\/05\/jayanta-guha-enfile-la-medaille-de-l-icm\/","og_locale":"fr_CA","og_type":"article","og_title":"Jayanta Guha enfile la m\u00e9daille de l 'ICM - UQACtualit\u00e9s","og_description":"La Section Saguenay de l&rsquo;Institut canadien des mines, de la m\u00e9tallurgie et du p\u00e9trole (ICM) a remis \u00e0 M. Jayanta Guha, professeur en sciences de la Terre \u00e0 l&rsquo;UQAC, la m\u00e9daille de Service M\u00e9ritoire du District No 2 (province de Qu\u00e9bec) de l&rsquo;ICM, organisme qui regroupe plus de 12,000 membres \u00e0 travers le Canada. Ce [&hellip;]","og_url":"https:\/\/www.uqac.ca\/uqactualites\/2002\/09\/05\/jayanta-guha-enfile-la-medaille-de-l-icm\/","og_site_name":"UQACtualit\u00e9s","article_published_time":"2002-09-05T21:17:52+00:00","og_image":[{"url":"http:\/\/www.uqac.ca\/wp-content\/uploads\/2012\/03\/nlpGQdVZ46UKRvnf-200x300.jpg","type":"","width":"","height":""}],"author":"Service des communications et des relations publiques","twitter_card":"summary_large_image","twitter_misc":{"\u00c9crit par":"Service des communications et des relations publiques","Estimation du temps de lecture":"2 minutes"},"schema":{"@context":"https:\/\/schema.org","@graph":[{"@type":"WebPage","@id":"https:\/\/www.uqac.ca\/uqactualites\/2002\/09\/05\/jayanta-guha-enfile-la-medaille-de-l-icm\/","url":"https:\/\/www.uqac.ca\/uqactualites\/2002\/09\/05\/jayanta-guha-enfile-la-medaille-de-l-icm\/","name":"Jayanta Guha enfile la m\u00e9daille de l 'ICM - UQACtualit\u00e9s","isPartOf":{"@id":"https:\/\/www.uqac.ca\/uqactualites\/#website"},"primaryImageOfPage":{"@id":"https:\/\/www.uqac.ca\/uqactualites\/2002\/09\/05\/jayanta-guha-enfile-la-medaille-de-l-icm\/#primaryimage"},"image":{"@id":"https:\/\/www.uqac.ca\/uqactualites\/2002\/09\/05\/jayanta-guha-enfile-la-medaille-de-l-icm\/#primaryimage"},"thumbnailUrl":"http:\/\/www.uqac.ca\/wp-content\/uploads\/2012\/03\/nlpGQdVZ46UKRvnf-200x300.jpg","datePublished":"2002-09-05T21:17:52+00:00","dateModified":"2002-09-05T21:17:52+00:00","author":{"@id":"https:\/\/www.uqac.ca\/uqactualites\/#\/schema\/person\/366c45a0c4f0e677b41b4af5886e2018"},"breadcrumb":{"@id":"https:\/\/www.uqac.ca\/uqactualites\/2002\/09\/05\/jayanta-guha-enfile-la-medaille-de-l-icm\/#breadcrumb"},"inLanguage":"fr-CA","potentialAction":[{"@type":"ReadAction","target":["https:\/\/www.uqac.ca\/uqactualites\/2002\/09\/05\/jayanta-guha-enfile-la-medaille-de-l-icm\/"]}]},{"@type":"ImageObject","inLanguage":"fr-CA","@id":"https:\/\/www.uqac.ca\/uqactualites\/2002\/09\/05\/jayanta-guha-enfile-la-medaille-de-l-icm\/#primaryimage","url":"http:\/\/www.uqac.ca\/wp-content\/uploads\/2012\/03\/nlpGQdVZ46UKRvnf-200x300.jpg","contentUrl":"http:\/\/www.uqac.ca\/wp-content\/uploads\/2012\/03\/nlpGQdVZ46UKRvnf-200x300.jpg"},{"@type":"BreadcrumbList","@id":"https:\/\/www.uqac.ca\/uqactualites\/2002\/09\/05\/jayanta-guha-enfile-la-medaille-de-l-icm\/#breadcrumb","itemListElement":[{"@type":"ListItem","position":1,"name":"Home","item":"https:\/\/www.uqac.ca\/uqactualites\/"},{"@type":"ListItem","position":2,"name":"Jayanta Guha enfile la m\u00e9daille de l &lsquo;ICM"}]},{"@type":"WebSite","@id":"https:\/\/www.uqac.ca\/uqactualites\/#website","url":"https:\/\/www.uqac.ca\/uqactualites\/","name":"UQACtualit\u00e9s","description":"Le portail des nouvelles de l&#039;UQAC","potentialAction":[{"@type":"SearchAction","target":{"@type":"EntryPoint","urlTemplate":"https:\/\/www.uqac.ca\/uqactualites\/?s={search_term_string}"},"query-input":{"@type":"PropertyValueSpecification","valueRequired":true,"valueName":"search_term_string"}}],"inLanguage":"fr-CA"},{"@type":"Person","@id":"https:\/\/www.uqac.ca\/uqactualites\/#\/schema\/person\/366c45a0c4f0e677b41b4af5886e2018","name":"Service des communications et des relations publiques","image":{"@type":"ImageObject","inLanguage":"fr-CA","@id":"https:\/\/www.uqac.ca\/uqactualites\/#\/schema\/person\/image\/","url":"https:\/\/secure.gravatar.com\/avatar\/20fbbda8a292f59f2d3461a5b999c00b?s=96&d=mm&r=g","contentUrl":"https:\/\/secure.gravatar.com\/avatar\/20fbbda8a292f59f2d3461a5b999c00b?s=96&d=mm&r=g","caption":"Service des communications et des relations publiques"},"url":"https:\/\/www.uqac.ca\/uqactualites\/author\/bap\/"}]}},"_links":{"self":[{"href":"https:\/\/www.uqac.ca\/uqactualites\/wp-json\/wp\/v2\/posts\/19802"}],"collection":[{"href":"https:\/\/www.uqac.ca\/uqactualites\/wp-json\/wp\/v2\/posts"}],"about":[{"href":"https:\/\/www.uqac.ca\/uqactualites\/wp-json\/wp\/v2\/types\/post"}],"author":[{"embeddable":true,"href":"https:\/\/www.uqac.ca\/uqactualites\/wp-json\/wp\/v2\/users\/5"}],"replies":[{"embeddable":true,"href":"https:\/\/www.uqac.ca\/uqactualites\/wp-json\/wp\/v2\/comments?post=19802"}],"version-history":[{"count":0,"href":"https:\/\/www.uqac.ca\/uqactualites\/wp-json\/wp\/v2\/posts\/19802\/revisions"}],"wp:attachment":[{"href":"https:\/\/www.uqac.ca\/uqactualites\/wp-json\/wp\/v2\/media?parent=19802"}],"wp:term":[{"taxonomy":"category","embeddable":true,"href":"https:\/\/www.uqac.ca\/uqactualites\/wp-json\/wp\/v2\/categories?post=19802"},{"taxonomy":"post_tag","embeddable":true,"href":"https:\/\/www.uqac.ca\/uqactualites\/wp-json\/wp\/v2\/tags?post=19802"}],"curies":[{"name":"wp","href":"https:\/\/api.w.org\/{rel}","templated":true}]}}