{"id":19805,"date":"2002-09-05T15:25:36","date_gmt":"2002-09-05T20:55:36","guid":{"rendered":"http:\/\/uqactualite.odev.ca\/2002\/09\/guy-collin-honore-par-la-mayor-de-san-simon\/"},"modified":"2002-09-05T15:25:36","modified_gmt":"2002-09-05T20:55:36","slug":"guy-collin-honore-par-la-mayor-de-san-simon","status":"publish","type":"post","link":"https:\/\/www.uqac.ca\/uqactualites\/2002\/09\/05\/guy-collin-honore-par-la-mayor-de-san-simon\/","title":{"rendered":"Guy Collin honor\u00e9 par la Mayor de San Sim\u00f3n"},"content":{"rendered":"<p><figure id=\"attachment_19805\" aria-describedby=\"caption-attachment-19805\" style=\"width: 300px\" class=\"wp-caption alignright\"><a href=\"http:\/\/www.uqac.ca\/wp-content\/uploads\/2012\/03\/zCuuWcgRF2FsAiL7.jpg\"><img loading=\"lazy\" decoding=\"async\" class=\"size-medium wp-image-19805\" title=\"zCuuWcgRF2FsAiL7\" src=\"http:\/\/www.uqac.ca\/wp-content\/uploads\/2012\/03\/zCuuWcgRF2FsAiL7-300x225.jpg\" width=\"300\" height=\"225\" alt=\"\" \/><\/a><figcaption id=\"caption-attachment-19805\" class=\"wp-caption-text\">Monsieur Guy Collin est depuis peu professeur honoraire de l&#039;Universit\u00e9 Mayor de San Sim\u00f3n, \u00e0 Cochabamba, Bolivie.<\/figcaption><\/figure>Il y a quelques jours, au cours d&rsquo;un s\u00e9jour de travail \u00e0 l&rsquo;Universit\u00e9 Mayor de San Sim\u00f3n, \u00e0 Cochabamba, Bolivie, un professeur \u00e9m\u00e9rite du D\u00e9partement des sciences fondamentales de l&rsquo;UQAC,monsieur Guy Collin, recevait le titre prestigieux de \u00abprofesseur honoraire\u00bb de cette universit\u00e9.  <\/p>\n<p>Cela fait maintenant plus de 15 ann\u00e9es que Guy Collin travaille en \u00e9troite collaboration avec le Centre de technologies agrochimiques de cette universit\u00e9.  Ce centre s&rsquo;est donn\u00e9 pour mission de valoriser les ressources v\u00e9g\u00e9tales de la r\u00e9gion pour  le b\u00e9n\u00e9fice des populations rurales.  Les projets de recherche, pass\u00e9s ou actuels, portent sur les huiles essentielles, les insecticides naturels, la fabrication du sucre, du vinaigre,\u2026  et les transferts technologiques portent sur la production, la transformation, et la fabrication de produits semi finis.  Ces activit\u00e9s permettent maintenant \u00e0 plusieurs centaines de famille  d&rsquo;ajouter une part importante \u00e0 leurs revenus en plus d&rsquo;avoir suscit\u00e9 des d\u00e9veloppements de plusieurs entreprises de type familial ou coop\u00e9ratif.<\/p>\n<p>Cette collaboration, support\u00e9e par un organisme canadien vou\u00e9 au d\u00e9veloppement des r\u00e9gions les plus d\u00e9munies du globe par l&rsquo;aide \u00e0 la recherche et au transfert technologique, le CRDI, a aussi impliqu\u00e9 plusieurs intervenants du d\u00e9partement des sciences fondamentales.  Plusieurs ont s\u00e9journ\u00e9 en Bolivie.  M\u00eame M. Garneau a trouv\u00e9 l\u00e0 une occasion d&rsquo;aller faire de l&rsquo;alpinisme dans les Andes.  Plusieurs boliviens ont aussi s\u00e9journ\u00e9 dans nos murs pour des p\u00e9riodes souvent de plusieurs mois. Notons que ces activit\u00e9s ont aussi permis \u00e0 une universit\u00e9 qui compte pr\u00e8s de 40 000 \u00e9tudiants d&rsquo;ouvrir son premier programme de doctorat dans le domaine de la chimie des produits naturels.  MM. Collin et Garneau sont d&rsquo;ailleurs co-directeurs du premier doctorant de cette universit\u00e9.<\/p>\n<p>C&rsquo;est pour souligner le caract\u00e8re soutenu des interventions de notre coll\u00e8gue aupr\u00e8s des amis boliviens et pour indiquer que ces efforts ont eu de nombreuses retomb\u00e9es b\u00e9n\u00e9fiques tant \u00e0 l&rsquo;Universit\u00e9 que dans la soci\u00e9t\u00e9 de la r\u00e9gion de Cochabamba que le recteur de l&rsquo;Universit\u00e9 a tenu \u00e0 remettre le parchemin au nouveau titulaire. Sinc\u00e8res f\u00e9licitations \u00e0 notre coll\u00e8gue.<\/p>\n","protected":false},"excerpt":{"rendered":"<p>Il y a quelques jours, au cours d&rsquo;un s\u00e9jour de travail \u00e0 l&rsquo;Universit\u00e9 Mayor de San Sim\u00f3n, \u00e0 Cochabamba, Bolivie, un professeur \u00e9m\u00e9rite du D\u00e9partement des sciences fondamentales de l&rsquo;UQAC,monsieur Guy Collin, recevait le titre prestigieux de \u00abprofesseur honoraire\u00bb de cette universit\u00e9. Cela fait maintenant plus de 15 ann\u00e9es que Guy Collin travaille en \u00e9troite [&hellip;]<\/p>\n","protected":false},"author":5,"featured_media":0,"comment_status":"closed","ping_status":"1","sticky":false,"template":"","format":"standard","meta":{"footnotes":""},"categories":[9],"tags":[],"yoast_head":"<!-- This site is optimized with the Yoast SEO plugin v24.2 - https:\/\/yoast.com\/wordpress\/plugins\/seo\/ -->\r\n<title>Guy Collin honor\u00e9 par la Mayor de San Sim\u00f3n - UQACtualit\u00e9s<\/title>\r\n<meta name=\"robots\" content=\"index, follow, max-snippet:-1, max-image-preview:large, max-video-preview:-1\" \/>\r\n<link rel=\"canonical\" href=\"https:\/\/www.uqac.ca\/uqactualites\/2002\/09\/05\/guy-collin-honore-par-la-mayor-de-san-simon\/\" \/>\r\n<meta property=\"og:locale\" content=\"fr_CA\" \/>\r\n<meta property=\"og:type\" content=\"article\" \/>\r\n<meta property=\"og:title\" content=\"Guy Collin honor\u00e9 par la Mayor de San Sim\u00f3n - UQACtualit\u00e9s\" \/>\r\n<meta property=\"og:description\" content=\"Il y a quelques jours, au cours d&rsquo;un s\u00e9jour de travail \u00e0 l&rsquo;Universit\u00e9 Mayor de San Sim\u00f3n, \u00e0 Cochabamba, Bolivie, un professeur \u00e9m\u00e9rite du D\u00e9partement des sciences fondamentales de l&rsquo;UQAC,monsieur Guy Collin, recevait le titre prestigieux de \u00abprofesseur honoraire\u00bb de cette universit\u00e9. Cela fait maintenant plus de 15 ann\u00e9es que Guy Collin travaille en \u00e9troite [&hellip;]\" \/>\r\n<meta property=\"og:url\" content=\"https:\/\/www.uqac.ca\/uqactualites\/2002\/09\/05\/guy-collin-honore-par-la-mayor-de-san-simon\/\" \/>\r\n<meta property=\"og:site_name\" content=\"UQACtualit\u00e9s\" \/>\r\n<meta property=\"article:published_time\" content=\"2002-09-05T20:55:36+00:00\" \/>\r\n<meta property=\"og:image\" content=\"http:\/\/www.uqac.ca\/wp-content\/uploads\/2012\/03\/zCuuWcgRF2FsAiL7-300x225.jpg\" \/>\r\n<meta name=\"author\" content=\"Service des communications et des relations publiques\" \/>\r\n<meta name=\"twitter:card\" content=\"summary_large_image\" \/>\r\n<meta name=\"twitter:label1\" content=\"\u00c9crit par\" \/>\n\t<meta name=\"twitter:data1\" content=\"Service des communications et des relations publiques\" \/>\n\t<meta name=\"twitter:label2\" content=\"Estimation du temps de lecture\" \/>\n\t<meta name=\"twitter:data2\" content=\"2 minutes\" \/>\r\n<script type=\"application\/ld+json\" class=\"yoast-schema-graph\">{\"@context\":\"https:\/\/schema.org\",\"@graph\":[{\"@type\":\"WebPage\",\"@id\":\"https:\/\/www.uqac.ca\/uqactualites\/2002\/09\/05\/guy-collin-honore-par-la-mayor-de-san-simon\/\",\"url\":\"https:\/\/www.uqac.ca\/uqactualites\/2002\/09\/05\/guy-collin-honore-par-la-mayor-de-san-simon\/\",\"name\":\"Guy Collin honor\u00e9 par la Mayor de San Sim\u00f3n - UQACtualit\u00e9s\",\"isPartOf\":{\"@id\":\"https:\/\/www.uqac.ca\/uqactualites\/#website\"},\"primaryImageOfPage\":{\"@id\":\"https:\/\/www.uqac.ca\/uqactualites\/2002\/09\/05\/guy-collin-honore-par-la-mayor-de-san-simon\/#primaryimage\"},\"image\":{\"@id\":\"https:\/\/www.uqac.ca\/uqactualites\/2002\/09\/05\/guy-collin-honore-par-la-mayor-de-san-simon\/#primaryimage\"},\"thumbnailUrl\":\"http:\/\/www.uqac.ca\/wp-content\/uploads\/2012\/03\/zCuuWcgRF2FsAiL7-300x225.jpg\",\"datePublished\":\"2002-09-05T20:55:36+00:00\",\"dateModified\":\"2002-09-05T20:55:36+00:00\",\"author\":{\"@id\":\"https:\/\/www.uqac.ca\/uqactualites\/#\/schema\/person\/366c45a0c4f0e677b41b4af5886e2018\"},\"breadcrumb\":{\"@id\":\"https:\/\/www.uqac.ca\/uqactualites\/2002\/09\/05\/guy-collin-honore-par-la-mayor-de-san-simon\/#breadcrumb\"},\"inLanguage\":\"fr-CA\",\"potentialAction\":[{\"@type\":\"ReadAction\",\"target\":[\"https:\/\/www.uqac.ca\/uqactualites\/2002\/09\/05\/guy-collin-honore-par-la-mayor-de-san-simon\/\"]}]},{\"@type\":\"ImageObject\",\"inLanguage\":\"fr-CA\",\"@id\":\"https:\/\/www.uqac.ca\/uqactualites\/2002\/09\/05\/guy-collin-honore-par-la-mayor-de-san-simon\/#primaryimage\",\"url\":\"http:\/\/www.uqac.ca\/wp-content\/uploads\/2012\/03\/zCuuWcgRF2FsAiL7-300x225.jpg\",\"contentUrl\":\"http:\/\/www.uqac.ca\/wp-content\/uploads\/2012\/03\/zCuuWcgRF2FsAiL7-300x225.jpg\"},{\"@type\":\"BreadcrumbList\",\"@id\":\"https:\/\/www.uqac.ca\/uqactualites\/2002\/09\/05\/guy-collin-honore-par-la-mayor-de-san-simon\/#breadcrumb\",\"itemListElement\":[{\"@type\":\"ListItem\",\"position\":1,\"name\":\"Home\",\"item\":\"https:\/\/www.uqac.ca\/uqactualites\/\"},{\"@type\":\"ListItem\",\"position\":2,\"name\":\"Guy Collin honor\u00e9 par la Mayor de San Sim\u00f3n\"}]},{\"@type\":\"WebSite\",\"@id\":\"https:\/\/www.uqac.ca\/uqactualites\/#website\",\"url\":\"https:\/\/www.uqac.ca\/uqactualites\/\",\"name\":\"UQACtualit\u00e9s\",\"description\":\"Le portail des nouvelles de l&#039;UQAC\",\"potentialAction\":[{\"@type\":\"SearchAction\",\"target\":{\"@type\":\"EntryPoint\",\"urlTemplate\":\"https:\/\/www.uqac.ca\/uqactualites\/?s={search_term_string}\"},\"query-input\":{\"@type\":\"PropertyValueSpecification\",\"valueRequired\":true,\"valueName\":\"search_term_string\"}}],\"inLanguage\":\"fr-CA\"},{\"@type\":\"Person\",\"@id\":\"https:\/\/www.uqac.ca\/uqactualites\/#\/schema\/person\/366c45a0c4f0e677b41b4af5886e2018\",\"name\":\"Service des communications et des relations publiques\",\"image\":{\"@type\":\"ImageObject\",\"inLanguage\":\"fr-CA\",\"@id\":\"https:\/\/www.uqac.ca\/uqactualites\/#\/schema\/person\/image\/\",\"url\":\"https:\/\/secure.gravatar.com\/avatar\/20fbbda8a292f59f2d3461a5b999c00b?s=96&d=mm&r=g\",\"contentUrl\":\"https:\/\/secure.gravatar.com\/avatar\/20fbbda8a292f59f2d3461a5b999c00b?s=96&d=mm&r=g\",\"caption\":\"Service des communications et des relations publiques\"},\"url\":\"https:\/\/www.uqac.ca\/uqactualites\/author\/bap\/\"}]}<\/script>\r\n<!-- \/ Yoast SEO plugin. -->","yoast_head_json":{"title":"Guy Collin honor\u00e9 par la Mayor de San Sim\u00f3n - UQACtualit\u00e9s","robots":{"index":"index","follow":"follow","max-snippet":"max-snippet:-1","max-image-preview":"max-image-preview:large","max-video-preview":"max-video-preview:-1"},"canonical":"https:\/\/www.uqac.ca\/uqactualites\/2002\/09\/05\/guy-collin-honore-par-la-mayor-de-san-simon\/","og_locale":"fr_CA","og_type":"article","og_title":"Guy Collin honor\u00e9 par la Mayor de San Sim\u00f3n - UQACtualit\u00e9s","og_description":"Il y a quelques jours, au cours d&rsquo;un s\u00e9jour de travail \u00e0 l&rsquo;Universit\u00e9 Mayor de San Sim\u00f3n, \u00e0 Cochabamba, Bolivie, un professeur \u00e9m\u00e9rite du D\u00e9partement des sciences fondamentales de l&rsquo;UQAC,monsieur Guy Collin, recevait le titre prestigieux de \u00abprofesseur honoraire\u00bb de cette universit\u00e9. Cela fait maintenant plus de 15 ann\u00e9es que Guy Collin travaille en \u00e9troite [&hellip;]","og_url":"https:\/\/www.uqac.ca\/uqactualites\/2002\/09\/05\/guy-collin-honore-par-la-mayor-de-san-simon\/","og_site_name":"UQACtualit\u00e9s","article_published_time":"2002-09-05T20:55:36+00:00","og_image":[{"url":"http:\/\/www.uqac.ca\/wp-content\/uploads\/2012\/03\/zCuuWcgRF2FsAiL7-300x225.jpg","type":"","width":"","height":""}],"author":"Service des communications et des relations publiques","twitter_card":"summary_large_image","twitter_misc":{"\u00c9crit par":"Service des communications et des relations publiques","Estimation du temps de lecture":"2 minutes"},"schema":{"@context":"https:\/\/schema.org","@graph":[{"@type":"WebPage","@id":"https:\/\/www.uqac.ca\/uqactualites\/2002\/09\/05\/guy-collin-honore-par-la-mayor-de-san-simon\/","url":"https:\/\/www.uqac.ca\/uqactualites\/2002\/09\/05\/guy-collin-honore-par-la-mayor-de-san-simon\/","name":"Guy Collin honor\u00e9 par la Mayor de San Sim\u00f3n - UQACtualit\u00e9s","isPartOf":{"@id":"https:\/\/www.uqac.ca\/uqactualites\/#website"},"primaryImageOfPage":{"@id":"https:\/\/www.uqac.ca\/uqactualites\/2002\/09\/05\/guy-collin-honore-par-la-mayor-de-san-simon\/#primaryimage"},"image":{"@id":"https:\/\/www.uqac.ca\/uqactualites\/2002\/09\/05\/guy-collin-honore-par-la-mayor-de-san-simon\/#primaryimage"},"thumbnailUrl":"http:\/\/www.uqac.ca\/wp-content\/uploads\/2012\/03\/zCuuWcgRF2FsAiL7-300x225.jpg","datePublished":"2002-09-05T20:55:36+00:00","dateModified":"2002-09-05T20:55:36+00:00","author":{"@id":"https:\/\/www.uqac.ca\/uqactualites\/#\/schema\/person\/366c45a0c4f0e677b41b4af5886e2018"},"breadcrumb":{"@id":"https:\/\/www.uqac.ca\/uqactualites\/2002\/09\/05\/guy-collin-honore-par-la-mayor-de-san-simon\/#breadcrumb"},"inLanguage":"fr-CA","potentialAction":[{"@type":"ReadAction","target":["https:\/\/www.uqac.ca\/uqactualites\/2002\/09\/05\/guy-collin-honore-par-la-mayor-de-san-simon\/"]}]},{"@type":"ImageObject","inLanguage":"fr-CA","@id":"https:\/\/www.uqac.ca\/uqactualites\/2002\/09\/05\/guy-collin-honore-par-la-mayor-de-san-simon\/#primaryimage","url":"http:\/\/www.uqac.ca\/wp-content\/uploads\/2012\/03\/zCuuWcgRF2FsAiL7-300x225.jpg","contentUrl":"http:\/\/www.uqac.ca\/wp-content\/uploads\/2012\/03\/zCuuWcgRF2FsAiL7-300x225.jpg"},{"@type":"BreadcrumbList","@id":"https:\/\/www.uqac.ca\/uqactualites\/2002\/09\/05\/guy-collin-honore-par-la-mayor-de-san-simon\/#breadcrumb","itemListElement":[{"@type":"ListItem","position":1,"name":"Home","item":"https:\/\/www.uqac.ca\/uqactualites\/"},{"@type":"ListItem","position":2,"name":"Guy Collin honor\u00e9 par la Mayor de San Sim\u00f3n"}]},{"@type":"WebSite","@id":"https:\/\/www.uqac.ca\/uqactualites\/#website","url":"https:\/\/www.uqac.ca\/uqactualites\/","name":"UQACtualit\u00e9s","description":"Le portail des nouvelles de l&#039;UQAC","potentialAction":[{"@type":"SearchAction","target":{"@type":"EntryPoint","urlTemplate":"https:\/\/www.uqac.ca\/uqactualites\/?s={search_term_string}"},"query-input":{"@type":"PropertyValueSpecification","valueRequired":true,"valueName":"search_term_string"}}],"inLanguage":"fr-CA"},{"@type":"Person","@id":"https:\/\/www.uqac.ca\/uqactualites\/#\/schema\/person\/366c45a0c4f0e677b41b4af5886e2018","name":"Service des communications et des relations publiques","image":{"@type":"ImageObject","inLanguage":"fr-CA","@id":"https:\/\/www.uqac.ca\/uqactualites\/#\/schema\/person\/image\/","url":"https:\/\/secure.gravatar.com\/avatar\/20fbbda8a292f59f2d3461a5b999c00b?s=96&d=mm&r=g","contentUrl":"https:\/\/secure.gravatar.com\/avatar\/20fbbda8a292f59f2d3461a5b999c00b?s=96&d=mm&r=g","caption":"Service des communications et des relations publiques"},"url":"https:\/\/www.uqac.ca\/uqactualites\/author\/bap\/"}]}},"_links":{"self":[{"href":"https:\/\/www.uqac.ca\/uqactualites\/wp-json\/wp\/v2\/posts\/19805"}],"collection":[{"href":"https:\/\/www.uqac.ca\/uqactualites\/wp-json\/wp\/v2\/posts"}],"about":[{"href":"https:\/\/www.uqac.ca\/uqactualites\/wp-json\/wp\/v2\/types\/post"}],"author":[{"embeddable":true,"href":"https:\/\/www.uqac.ca\/uqactualites\/wp-json\/wp\/v2\/users\/5"}],"replies":[{"embeddable":true,"href":"https:\/\/www.uqac.ca\/uqactualites\/wp-json\/wp\/v2\/comments?post=19805"}],"version-history":[{"count":0,"href":"https:\/\/www.uqac.ca\/uqactualites\/wp-json\/wp\/v2\/posts\/19805\/revisions"}],"wp:attachment":[{"href":"https:\/\/www.uqac.ca\/uqactualites\/wp-json\/wp\/v2\/media?parent=19805"}],"wp:term":[{"taxonomy":"category","embeddable":true,"href":"https:\/\/www.uqac.ca\/uqactualites\/wp-json\/wp\/v2\/categories?post=19805"},{"taxonomy":"post_tag","embeddable":true,"href":"https:\/\/www.uqac.ca\/uqactualites\/wp-json\/wp\/v2\/tags?post=19805"}],"curies":[{"name":"wp","href":"https:\/\/api.w.org\/{rel}","templated":true}]}}