{"id":20229,"date":"2012-05-15T12:32:43","date_gmt":"2012-05-15T18:02:43","guid":{"rendered":"http:\/\/uqactualite.odev.ca\/?p=20229"},"modified":"2012-05-15T12:32:43","modified_gmt":"2012-05-15T18:02:43","slug":"luqac-couronne-les-laureats-du-gala-de-limplication-et-du-sport-dexcellence-2011-2012","status":"publish","type":"post","link":"https:\/\/www.uqac.ca\/uqactualites\/2012\/05\/15\/luqac-couronne-les-laureats-du-gala-de-limplication-et-du-sport-dexcellence-2011-2012\/","title":{"rendered":"L\u2019UQAC couronne les laur\u00e9ats du Gala de l\u2019implication et du sport d\u2019excellence 2011-2012"},"content":{"rendered":"<p>C\u2019est le 11 avril dernier qu\u2019avait lieu l\u2019\u00e9dition 2012 du Gala de l\u2019implication et du sport d\u2019excellence. Organis\u00e9 par les Services aux \u00e9tudiants, en collaboration avec le MAGE-UQAC et les INUK, l\u2019\u00e9v\u00e9nement visait \u00e0 r\u00e9compenser les athl\u00e8tes de notre Institution et \u00e0 reconna\u00eetre les bons coups des \u00e9tudiants.<\/p>\n<p>Du c\u00f4t\u00e9 de l\u2019<strong>implication \u00e9tudiante<\/strong>, voici les laur\u00e9ats de cette ann\u00e9e.<\/p>\n<ul>\n<li>Cat\u00e9gorie <strong><em>Continuit\u00e9 et pers\u00e9v\u00e9rance<\/em><\/strong>\u00a0: Association des \u00e9tudiants internationaux (AEI)<\/li>\n<\/ul>\n<table border=\"0\" cellspacing=\"0\" cellpadding=\"0\">\n<tbody>\n<tr>\n<td valign=\"top\" width=\"215\">\u00a0<a href=\"http:\/\/www.uqac.ca\/wp-content\/uploads\/2012\/05\/AEI-UQAC1-e1337108047867.jpg\"><img loading=\"lazy\" decoding=\"async\" class=\"wp-image-20261 alignright\" title=\"AEI UQAC\" src=\"http:\/\/www.uqac.ca\/wp-content\/uploads\/2012\/05\/AEI-UQAC1-e1337108047867.jpg\" alt=\"\" width=\"185\" height=\"123\" \/><\/a><\/td>\n<td valign=\"top\" width=\"328\"><span style=\"text-decoration: underline\">Sur la photo, dans l\u2019ordre habituel\u00a0:<\/span><br \/>\nSiavash Asadollahi, Hamid Banitalebi Dekhordi,<br \/>\nClaire Gressier et Patrice S\u00e9guin (responsable de la Vie \u00e9tudiante, Services aux \u00e9tudiants)<\/td>\n<\/tr>\n<\/tbody>\n<\/table>\n<p>&nbsp;<\/p>\n<ul>\n<li>Cat\u00e9gorie <strong><em>Int\u00e9gration des nouveaux admis<\/em><\/strong>\u00a0: Bureau voyage BV UQAC<\/li>\n<\/ul>\n<table border=\"0\" cellspacing=\"0\" cellpadding=\"0\">\n<tbody>\n<tr>\n<td valign=\"top\" width=\"215\">\u00a0<a href=\"http:\/\/www.uqac.ca\/wp-content\/uploads\/2012\/05\/BV-UQAC1.jpg\"><img loading=\"lazy\" decoding=\"async\" class=\"wp-image-20259 alignright\" title=\"BV UQAC\" src=\"http:\/\/www.uqac.ca\/wp-content\/uploads\/2012\/05\/BV-UQAC1.jpg\" alt=\"\" width=\"185\" height=\"123\" \/><\/a><\/td>\n<td valign=\"top\" width=\"328\"><span style=\"text-decoration: underline\"><span style=\"text-decoration: underline\"><span style=\"text-decoration: underline\">Sur la photo, dans l\u2019ordre habituel :<br \/>\n<\/span><\/span><\/span>P<span style=\"text-decoration: underline\">i<\/span>erre-Luc V\u00e9zina-Labelle, Johnny Gauthier,<br \/>\nMarie-Luce Wendling, Vanessa Boudreau,<br \/>\nMartine Bouchard, T\u00e9odora Trajkovic et Lyne Girard (responsable des services auxiliaires et activit\u00e9s universitaires, Service des immeubles et \u00e9quipements)<span style=\"text-decoration: underline\"><br \/>\n<\/span><\/td>\n<\/tr>\n<\/tbody>\n<\/table>\n<p>&nbsp;<\/p>\n<ul>\n<li>Cat\u00e9gorie <strong><em>Association \u00e9tudiante mod\u00e8le<\/em><\/strong>\u00a0: Association \u00e9tudiante de g\u00e9nie<\/li>\n<\/ul>\n<table width=\"545\" border=\"0\" cellspacing=\"0\" cellpadding=\"0\">\n<tbody>\n<tr>\n<td valign=\"top\" width=\"216\">\u00a0<a href=\"http:\/\/www.uqac.ca\/wp-content\/uploads\/2012\/05\/Association-\u00e9tudiante-de-G\u00e9nie2.jpg\"><img loading=\"lazy\" decoding=\"async\" class=\"wp-image-20263 alignright\" title=\"Association \u00e9tudiante de G\u00e9nie\" src=\"http:\/\/www.uqac.ca\/wp-content\/uploads\/2012\/05\/Association-\u00e9tudiante-de-G\u00e9nie2.jpg\" alt=\"\" width=\"187\" height=\"124\" \/><\/a><\/td>\n<td valign=\"top\" width=\"329\"><span style=\"text-decoration: underline\">Sur la photo, dans l\u2019ordre habituel :<\/span><br \/>\nDaniel Audet (professeur\/directeur du Module d&rsquo;ing\u00e9nierie, D\u00e9partement des sciences appliqu\u00e9es),<br \/>\nJordan Dallaire, Philippe Lajoie, \u00c9ric Tardif,<br \/>\nLouis Durocher, St\u00e9phanie Desmeules,<br \/>\nVincent Valli\u00e8res et Jimmy Lemieux<\/td>\n<\/tr>\n<\/tbody>\n<\/table>\n<p>&nbsp;<\/p>\n<ul>\n<li>Cat\u00e9gorie <strong><em>Nouveaut\u00e9<\/em><\/strong>\u00a0: G\u00e9nie Rouge<\/li>\n<\/ul>\n<table border=\"0\" cellspacing=\"0\" cellpadding=\"0\">\n<tbody>\n<tr>\n<td valign=\"top\" width=\"214\">\u00a0<a href=\"http:\/\/www.uqac.ca\/wp-content\/uploads\/2012\/05\/G\u00e9nie-Rouge.jpg\"><img loading=\"lazy\" decoding=\"async\" class=\"wp-image-20265 alignright\" title=\"G\u00e9nie Rouge\" src=\"http:\/\/www.uqac.ca\/wp-content\/uploads\/2012\/05\/G\u00e9nie-Rouge.jpg\" alt=\"\" width=\"187\" height=\"125\" \/><\/a><\/td>\n<td valign=\"top\" width=\"328\"><span style=\"text-decoration: underline\">Sur la photo, dans l\u2019ordre habituel :<br \/>\n<\/span>Jordan Dallaire, Philippe Lajoie et<br \/>\nSt\u00e9phanie Duval (VP \u00e9tudiants, MAGE UQAC)<\/td>\n<\/tr>\n<\/tbody>\n<\/table>\n<p>&nbsp;<\/p>\n<ul>\n<li>\u00a0Cat\u00e9gorie <strong><em>Recrue de l\u2019ann\u00e9e<\/em><\/strong>\u00a0: Philippe Lajoie<\/li>\n<\/ul>\n<table border=\"0\" cellspacing=\"0\" cellpadding=\"0\">\n<tbody>\n<tr>\n<td valign=\"top\" width=\"214\">\u00a0<a href=\"http:\/\/www.uqac.ca\/wp-content\/uploads\/2012\/05\/Philippe-Lajoie.jpg\"><img loading=\"lazy\" decoding=\"async\" class=\"wp-image-20266 alignright\" title=\"Philippe Lajoie\" src=\"http:\/\/www.uqac.ca\/wp-content\/uploads\/2012\/05\/Philippe-Lajoie.jpg\" alt=\"\" width=\"186\" height=\"125\" \/><\/a><\/td>\n<td valign=\"top\" width=\"328\"><span style=\"text-decoration: underline\">Sur la photo, dans l\u2019ordre habituel\u00a0:<br \/>\n<\/span>Philippe Lajoie et Patrice S\u00e9guin (responsable de la Vie \u00e9tudiante, Services aux \u00e9tudiants)<\/td>\n<\/tr>\n<\/tbody>\n<\/table>\n<p>&nbsp;<\/p>\n<ul>\n<li>\u00a0Cat\u00e9gorie <strong><em>Implication continue<\/em><\/strong>\u00a0: Fabien Lebel<\/li>\n<\/ul>\n<table border=\"0\" cellspacing=\"0\" cellpadding=\"0\">\n<tbody>\n<tr>\n<td valign=\"top\" width=\"215\">\u00a0<a href=\"http:\/\/www.uqac.ca\/wp-content\/uploads\/2012\/05\/Fabien-Lebel.jpg\"><img loading=\"lazy\" decoding=\"async\" class=\"wp-image-20267 alignright\" title=\"Fabien Lebel\" src=\"http:\/\/www.uqac.ca\/wp-content\/uploads\/2012\/05\/Fabien-Lebel.jpg\" alt=\"\" width=\"185\" height=\"123\" \/><\/a><\/td>\n<td valign=\"top\" width=\"328\"><span style=\"text-decoration: underline\">Sur la photo, dans l\u2019ordre habituel\u00a0:<\/span><\/p>\n<p align=\"left\">Fabien Lebel et Suzanne Aucoin (professeure\/directrice du Module des sciences infirmi\u00e8res, D\u00e9partement des sciences de la sant\u00e9)<\/p>\n<\/td>\n<\/tr>\n<\/tbody>\n<\/table>\n<p>&nbsp;<\/p>\n<ul>\n<li>\u00a0<strong><em>Projet\/activit\u00e9 de l\u2019ann\u00e9e 2011-2012<\/em><\/strong>\u00a0: Formule SAE<\/li>\n<\/ul>\n<table border=\"0\" cellspacing=\"0\" cellpadding=\"0\">\n<tbody>\n<tr>\n<td valign=\"top\" width=\"214\">\u00a0<a href=\"http:\/\/www.uqac.ca\/wp-content\/uploads\/2012\/05\/Formule-SAE.jpg\"><img loading=\"lazy\" decoding=\"async\" class=\"wp-image-20269 alignright\" title=\"Formule SAE\" src=\"http:\/\/www.uqac.ca\/wp-content\/uploads\/2012\/05\/Formule-SAE.jpg\" alt=\"\" width=\"186\" height=\"124\" \/><\/a><\/td>\n<td valign=\"top\" width=\"328\"><span style=\"text-decoration: underline\">Sur la photo, dans l\u2019ordre habituel\u00a0:<\/span><\/p>\n<p align=\"left\">Jo\u00ebl C\u00f4t\u00e9, Fabien Lebel et Gina Gagnon (directrice des Services aux \u00e9tudiants)<\/p>\n<\/td>\n<\/tr>\n<\/tbody>\n<\/table>\n<p>&nbsp;<\/p>\n<ul>\n<li>\u00a0<strong><em>Personnalit\u00e9 de l\u2019ann\u00e9e 2011-2012<\/em><\/strong>\u00a0: Jordan Dallaire<\/li>\n<\/ul>\n<table border=\"0\" cellspacing=\"0\" cellpadding=\"0\">\n<tbody>\n<tr>\n<td valign=\"top\" width=\"214\">\u00a0<a href=\"http:\/\/www.uqac.ca\/wp-content\/uploads\/2012\/05\/M.-Jordan-Dallaire.jpg\"><img loading=\"lazy\" decoding=\"async\" class=\"wp-image-20270 alignright\" title=\"M. Jordan Dallaire\" src=\"http:\/\/www.uqac.ca\/wp-content\/uploads\/2012\/05\/M.-Jordan-Dallaire.jpg\" alt=\"\" width=\"186\" height=\"124\" \/><\/a><\/td>\n<td valign=\"top\" width=\"328\"><span style=\"text-decoration: underline\">Sur la photo, dans l\u2019ordre habituel\u00a0:<\/span><br \/>\nJordan Dallaire et<br \/>\nSt\u00e9phanie Duval (VP \u00e9tudiants, MAGE UQAC)<\/td>\n<\/tr>\n<\/tbody>\n<\/table>\n<p><strong><br \/>\nSource\u00a0:<\/strong><br \/>\nPatrice S\u00e9guin, responsable de la Vie \u00e9tudiante<br \/>\nServices aux \u00e9tudiants<br \/>\n418\u00a0545-5011 poste 2014<\/p>\n<p><span style=\"color: #888888\">_________________________________________________________________________________________<\/span><\/p>\n<p><span style=\"color: #888888\"><strong>Sur la photo \u00e0 la une, dans l\u2019ordre habituel :<\/strong> Daniel Audet, professeur et directeur du Module d&rsquo;ing\u00e9nierie, Jordan Dallaire, Philippe Lajoie, \u00c9ric Tardif, Louis Durocher, St\u00e9phanie Desmeules, Vincent Valli\u00e8res et Jimmy Lemieux<\/span><br \/>\n<span style=\"color: #888888\"><strong>Cr\u00e9dit photo :<\/strong> Denis Blackburn, UQAC<\/span><br \/>\n<span style=\"color: #888888\">* Toutes les photos incluses dans cet article ont \u00e9t\u00e9 prises par Denis Blackburn.<\/span><br \/>\n<span style=\"color: #888888\">_________________________________________________________________________________________<\/span><\/p>\n","protected":false},"excerpt":{"rendered":"<p>C\u2019est le 11 avril dernier qu\u2019avait lieu l\u2019\u00e9dition 2012 du Gala de l\u2019implication et du sport d\u2019excellence. Organis\u00e9 par les Services aux \u00e9tudiants, en collaboration avec le MAGE-UQAC et les INUK, l\u2019\u00e9v\u00e9nement visait \u00e0 r\u00e9compenser les athl\u00e8tes de notre Institution et \u00e0 reconna\u00eetre les bons coups des \u00e9tudiants. Du c\u00f4t\u00e9 de l\u2019implication \u00e9tudiante, voici les [&hellip;]<\/p>\n","protected":false},"author":5,"featured_media":20256,"comment_status":"open","ping_status":"open","sticky":false,"template":"","format":"standard","meta":{"footnotes":""},"categories":[2,61],"tags":[2474,1352,2475,94],"yoast_head":"<!-- This site is optimized with the Yoast SEO plugin v24.2 - https:\/\/yoast.com\/wordpress\/plugins\/seo\/ -->\r\n<title>L\u2019UQAC couronne les laur\u00e9ats du Gala de l\u2019implication et du sport d\u2019excellence 2011-2012 - UQACtualit\u00e9s<\/title>\r\n<meta name=\"robots\" content=\"index, follow, max-snippet:-1, max-image-preview:large, max-video-preview:-1\" \/>\r\n<link rel=\"canonical\" href=\"https:\/\/www.uqac.ca\/uqactualites\/2012\/05\/15\/luqac-couronne-les-laureats-du-gala-de-limplication-et-du-sport-dexcellence-2011-2012\/\" \/>\r\n<meta property=\"og:locale\" content=\"fr_CA\" \/>\r\n<meta property=\"og:type\" content=\"article\" \/>\r\n<meta property=\"og:title\" content=\"L\u2019UQAC couronne les laur\u00e9ats du Gala de l\u2019implication et du sport d\u2019excellence 2011-2012 - UQACtualit\u00e9s\" \/>\r\n<meta property=\"og:description\" content=\"C\u2019est le 11 avril dernier qu\u2019avait lieu l\u2019\u00e9dition 2012 du Gala de l\u2019implication et du sport d\u2019excellence. Organis\u00e9 par les Services aux \u00e9tudiants, en collaboration avec le MAGE-UQAC et les INUK, l\u2019\u00e9v\u00e9nement visait \u00e0 r\u00e9compenser les athl\u00e8tes de notre Institution et \u00e0 reconna\u00eetre les bons coups des \u00e9tudiants. Du c\u00f4t\u00e9 de l\u2019implication \u00e9tudiante, voici les [&hellip;]\" \/>\r\n<meta property=\"og:url\" content=\"https:\/\/www.uqac.ca\/uqactualites\/2012\/05\/15\/luqac-couronne-les-laureats-du-gala-de-limplication-et-du-sport-dexcellence-2011-2012\/\" \/>\r\n<meta property=\"og:site_name\" content=\"UQACtualit\u00e9s\" \/>\r\n<meta property=\"article:published_time\" content=\"2012-05-15T18:02:43+00:00\" \/>\r\n<meta property=\"og:image\" content=\"https:\/\/www.uqac.ca\/uqactualites\/wp-content\/uploads\/2012\/05\/Association-\u00e9tudiante-de-G\u00e9nie1-scaled.jpg\" \/>\r\n\t<meta property=\"og:image:width\" content=\"2560\" \/>\r\n\t<meta property=\"og:image:height\" content=\"1710\" \/>\r\n\t<meta property=\"og:image:type\" content=\"image\/jpeg\" \/>\r\n<meta name=\"author\" content=\"Service des communications et des relations publiques\" \/>\r\n<meta name=\"twitter:card\" content=\"summary_large_image\" \/>\r\n<meta name=\"twitter:label1\" content=\"\u00c9crit par\" \/>\n\t<meta name=\"twitter:data1\" content=\"Service des communications et des relations publiques\" \/>\n\t<meta name=\"twitter:label2\" content=\"Estimation du temps de lecture\" \/>\n\t<meta name=\"twitter:data2\" content=\"2 minutes\" \/>\r\n<script type=\"application\/ld+json\" class=\"yoast-schema-graph\">{\"@context\":\"https:\/\/schema.org\",\"@graph\":[{\"@type\":\"WebPage\",\"@id\":\"https:\/\/www.uqac.ca\/uqactualites\/2012\/05\/15\/luqac-couronne-les-laureats-du-gala-de-limplication-et-du-sport-dexcellence-2011-2012\/\",\"url\":\"https:\/\/www.uqac.ca\/uqactualites\/2012\/05\/15\/luqac-couronne-les-laureats-du-gala-de-limplication-et-du-sport-dexcellence-2011-2012\/\",\"name\":\"L\u2019UQAC couronne les laur\u00e9ats du Gala de l\u2019implication et du sport d\u2019excellence 2011-2012 - UQACtualit\u00e9s\",\"isPartOf\":{\"@id\":\"https:\/\/www.uqac.ca\/uqactualites\/#website\"},\"primaryImageOfPage\":{\"@id\":\"https:\/\/www.uqac.ca\/uqactualites\/2012\/05\/15\/luqac-couronne-les-laureats-du-gala-de-limplication-et-du-sport-dexcellence-2011-2012\/#primaryimage\"},\"image\":{\"@id\":\"https:\/\/www.uqac.ca\/uqactualites\/2012\/05\/15\/luqac-couronne-les-laureats-du-gala-de-limplication-et-du-sport-dexcellence-2011-2012\/#primaryimage\"},\"thumbnailUrl\":\"https:\/\/www.uqac.ca\/uqactualites\/wp-content\/uploads\/2012\/05\/Association-\u00e9tudiante-de-G\u00e9nie1-scaled.jpg\",\"datePublished\":\"2012-05-15T18:02:43+00:00\",\"dateModified\":\"2012-05-15T18:02:43+00:00\",\"author\":{\"@id\":\"https:\/\/www.uqac.ca\/uqactualites\/#\/schema\/person\/366c45a0c4f0e677b41b4af5886e2018\"},\"breadcrumb\":{\"@id\":\"https:\/\/www.uqac.ca\/uqactualites\/2012\/05\/15\/luqac-couronne-les-laureats-du-gala-de-limplication-et-du-sport-dexcellence-2011-2012\/#breadcrumb\"},\"inLanguage\":\"fr-CA\",\"potentialAction\":[{\"@type\":\"ReadAction\",\"target\":[\"https:\/\/www.uqac.ca\/uqactualites\/2012\/05\/15\/luqac-couronne-les-laureats-du-gala-de-limplication-et-du-sport-dexcellence-2011-2012\/\"]}]},{\"@type\":\"ImageObject\",\"inLanguage\":\"fr-CA\",\"@id\":\"https:\/\/www.uqac.ca\/uqactualites\/2012\/05\/15\/luqac-couronne-les-laureats-du-gala-de-limplication-et-du-sport-dexcellence-2011-2012\/#primaryimage\",\"url\":\"https:\/\/www.uqac.ca\/uqactualites\/wp-content\/uploads\/2012\/05\/Association-\u00e9tudiante-de-G\u00e9nie1-scaled.jpg\",\"contentUrl\":\"https:\/\/www.uqac.ca\/uqactualites\/wp-content\/uploads\/2012\/05\/Association-\u00e9tudiante-de-G\u00e9nie1-scaled.jpg\",\"width\":2560,\"height\":1710},{\"@type\":\"BreadcrumbList\",\"@id\":\"https:\/\/www.uqac.ca\/uqactualites\/2012\/05\/15\/luqac-couronne-les-laureats-du-gala-de-limplication-et-du-sport-dexcellence-2011-2012\/#breadcrumb\",\"itemListElement\":[{\"@type\":\"ListItem\",\"position\":1,\"name\":\"Home\",\"item\":\"https:\/\/www.uqac.ca\/uqactualites\/\"},{\"@type\":\"ListItem\",\"position\":2,\"name\":\"L\u2019UQAC couronne les laur\u00e9ats du Gala de l\u2019implication et du sport d\u2019excellence 2011-2012\"}]},{\"@type\":\"WebSite\",\"@id\":\"https:\/\/www.uqac.ca\/uqactualites\/#website\",\"url\":\"https:\/\/www.uqac.ca\/uqactualites\/\",\"name\":\"UQACtualit\u00e9s\",\"description\":\"Le portail des nouvelles de l&#039;UQAC\",\"potentialAction\":[{\"@type\":\"SearchAction\",\"target\":{\"@type\":\"EntryPoint\",\"urlTemplate\":\"https:\/\/www.uqac.ca\/uqactualites\/?s={search_term_string}\"},\"query-input\":{\"@type\":\"PropertyValueSpecification\",\"valueRequired\":true,\"valueName\":\"search_term_string\"}}],\"inLanguage\":\"fr-CA\"},{\"@type\":\"Person\",\"@id\":\"https:\/\/www.uqac.ca\/uqactualites\/#\/schema\/person\/366c45a0c4f0e677b41b4af5886e2018\",\"name\":\"Service des communications et des relations publiques\",\"image\":{\"@type\":\"ImageObject\",\"inLanguage\":\"fr-CA\",\"@id\":\"https:\/\/www.uqac.ca\/uqactualites\/#\/schema\/person\/image\/\",\"url\":\"https:\/\/secure.gravatar.com\/avatar\/20fbbda8a292f59f2d3461a5b999c00b?s=96&d=mm&r=g\",\"contentUrl\":\"https:\/\/secure.gravatar.com\/avatar\/20fbbda8a292f59f2d3461a5b999c00b?s=96&d=mm&r=g\",\"caption\":\"Service des communications et des relations publiques\"},\"url\":\"https:\/\/www.uqac.ca\/uqactualites\/author\/bap\/\"}]}<\/script>\r\n<!-- \/ Yoast SEO plugin. -->","yoast_head_json":{"title":"L\u2019UQAC couronne les laur\u00e9ats du Gala de l\u2019implication et du sport d\u2019excellence 2011-2012 - UQACtualit\u00e9s","robots":{"index":"index","follow":"follow","max-snippet":"max-snippet:-1","max-image-preview":"max-image-preview:large","max-video-preview":"max-video-preview:-1"},"canonical":"https:\/\/www.uqac.ca\/uqactualites\/2012\/05\/15\/luqac-couronne-les-laureats-du-gala-de-limplication-et-du-sport-dexcellence-2011-2012\/","og_locale":"fr_CA","og_type":"article","og_title":"L\u2019UQAC couronne les laur\u00e9ats du Gala de l\u2019implication et du sport d\u2019excellence 2011-2012 - UQACtualit\u00e9s","og_description":"C\u2019est le 11 avril dernier qu\u2019avait lieu l\u2019\u00e9dition 2012 du Gala de l\u2019implication et du sport d\u2019excellence. Organis\u00e9 par les Services aux \u00e9tudiants, en collaboration avec le MAGE-UQAC et les INUK, l\u2019\u00e9v\u00e9nement visait \u00e0 r\u00e9compenser les athl\u00e8tes de notre Institution et \u00e0 reconna\u00eetre les bons coups des \u00e9tudiants. Du c\u00f4t\u00e9 de l\u2019implication \u00e9tudiante, voici les [&hellip;]","og_url":"https:\/\/www.uqac.ca\/uqactualites\/2012\/05\/15\/luqac-couronne-les-laureats-du-gala-de-limplication-et-du-sport-dexcellence-2011-2012\/","og_site_name":"UQACtualit\u00e9s","article_published_time":"2012-05-15T18:02:43+00:00","og_image":[{"width":2560,"height":1710,"url":"https:\/\/www.uqac.ca\/uqactualites\/wp-content\/uploads\/2012\/05\/Association-\u00e9tudiante-de-G\u00e9nie1-scaled.jpg","type":"image\/jpeg"}],"author":"Service des communications et des relations publiques","twitter_card":"summary_large_image","twitter_misc":{"\u00c9crit par":"Service des communications et des relations publiques","Estimation du temps de lecture":"2 minutes"},"schema":{"@context":"https:\/\/schema.org","@graph":[{"@type":"WebPage","@id":"https:\/\/www.uqac.ca\/uqactualites\/2012\/05\/15\/luqac-couronne-les-laureats-du-gala-de-limplication-et-du-sport-dexcellence-2011-2012\/","url":"https:\/\/www.uqac.ca\/uqactualites\/2012\/05\/15\/luqac-couronne-les-laureats-du-gala-de-limplication-et-du-sport-dexcellence-2011-2012\/","name":"L\u2019UQAC couronne les laur\u00e9ats du Gala de l\u2019implication et du sport d\u2019excellence 2011-2012 - UQACtualit\u00e9s","isPartOf":{"@id":"https:\/\/www.uqac.ca\/uqactualites\/#website"},"primaryImageOfPage":{"@id":"https:\/\/www.uqac.ca\/uqactualites\/2012\/05\/15\/luqac-couronne-les-laureats-du-gala-de-limplication-et-du-sport-dexcellence-2011-2012\/#primaryimage"},"image":{"@id":"https:\/\/www.uqac.ca\/uqactualites\/2012\/05\/15\/luqac-couronne-les-laureats-du-gala-de-limplication-et-du-sport-dexcellence-2011-2012\/#primaryimage"},"thumbnailUrl":"https:\/\/www.uqac.ca\/uqactualites\/wp-content\/uploads\/2012\/05\/Association-\u00e9tudiante-de-G\u00e9nie1-scaled.jpg","datePublished":"2012-05-15T18:02:43+00:00","dateModified":"2012-05-15T18:02:43+00:00","author":{"@id":"https:\/\/www.uqac.ca\/uqactualites\/#\/schema\/person\/366c45a0c4f0e677b41b4af5886e2018"},"breadcrumb":{"@id":"https:\/\/www.uqac.ca\/uqactualites\/2012\/05\/15\/luqac-couronne-les-laureats-du-gala-de-limplication-et-du-sport-dexcellence-2011-2012\/#breadcrumb"},"inLanguage":"fr-CA","potentialAction":[{"@type":"ReadAction","target":["https:\/\/www.uqac.ca\/uqactualites\/2012\/05\/15\/luqac-couronne-les-laureats-du-gala-de-limplication-et-du-sport-dexcellence-2011-2012\/"]}]},{"@type":"ImageObject","inLanguage":"fr-CA","@id":"https:\/\/www.uqac.ca\/uqactualites\/2012\/05\/15\/luqac-couronne-les-laureats-du-gala-de-limplication-et-du-sport-dexcellence-2011-2012\/#primaryimage","url":"https:\/\/www.uqac.ca\/uqactualites\/wp-content\/uploads\/2012\/05\/Association-\u00e9tudiante-de-G\u00e9nie1-scaled.jpg","contentUrl":"https:\/\/www.uqac.ca\/uqactualites\/wp-content\/uploads\/2012\/05\/Association-\u00e9tudiante-de-G\u00e9nie1-scaled.jpg","width":2560,"height":1710},{"@type":"BreadcrumbList","@id":"https:\/\/www.uqac.ca\/uqactualites\/2012\/05\/15\/luqac-couronne-les-laureats-du-gala-de-limplication-et-du-sport-dexcellence-2011-2012\/#breadcrumb","itemListElement":[{"@type":"ListItem","position":1,"name":"Home","item":"https:\/\/www.uqac.ca\/uqactualites\/"},{"@type":"ListItem","position":2,"name":"L\u2019UQAC couronne les laur\u00e9ats du Gala de l\u2019implication et du sport d\u2019excellence 2011-2012"}]},{"@type":"WebSite","@id":"https:\/\/www.uqac.ca\/uqactualites\/#website","url":"https:\/\/www.uqac.ca\/uqactualites\/","name":"UQACtualit\u00e9s","description":"Le portail des nouvelles de l&#039;UQAC","potentialAction":[{"@type":"SearchAction","target":{"@type":"EntryPoint","urlTemplate":"https:\/\/www.uqac.ca\/uqactualites\/?s={search_term_string}"},"query-input":{"@type":"PropertyValueSpecification","valueRequired":true,"valueName":"search_term_string"}}],"inLanguage":"fr-CA"},{"@type":"Person","@id":"https:\/\/www.uqac.ca\/uqactualites\/#\/schema\/person\/366c45a0c4f0e677b41b4af5886e2018","name":"Service des communications et des relations publiques","image":{"@type":"ImageObject","inLanguage":"fr-CA","@id":"https:\/\/www.uqac.ca\/uqactualites\/#\/schema\/person\/image\/","url":"https:\/\/secure.gravatar.com\/avatar\/20fbbda8a292f59f2d3461a5b999c00b?s=96&d=mm&r=g","contentUrl":"https:\/\/secure.gravatar.com\/avatar\/20fbbda8a292f59f2d3461a5b999c00b?s=96&d=mm&r=g","caption":"Service des communications et des relations publiques"},"url":"https:\/\/www.uqac.ca\/uqactualites\/author\/bap\/"}]}},"_links":{"self":[{"href":"https:\/\/www.uqac.ca\/uqactualites\/wp-json\/wp\/v2\/posts\/20229"}],"collection":[{"href":"https:\/\/www.uqac.ca\/uqactualites\/wp-json\/wp\/v2\/posts"}],"about":[{"href":"https:\/\/www.uqac.ca\/uqactualites\/wp-json\/wp\/v2\/types\/post"}],"author":[{"embeddable":true,"href":"https:\/\/www.uqac.ca\/uqactualites\/wp-json\/wp\/v2\/users\/5"}],"replies":[{"embeddable":true,"href":"https:\/\/www.uqac.ca\/uqactualites\/wp-json\/wp\/v2\/comments?post=20229"}],"version-history":[{"count":0,"href":"https:\/\/www.uqac.ca\/uqactualites\/wp-json\/wp\/v2\/posts\/20229\/revisions"}],"wp:featuredmedia":[{"embeddable":true,"href":"https:\/\/www.uqac.ca\/uqactualites\/wp-json\/wp\/v2\/media\/20256"}],"wp:attachment":[{"href":"https:\/\/www.uqac.ca\/uqactualites\/wp-json\/wp\/v2\/media?parent=20229"}],"wp:term":[{"taxonomy":"category","embeddable":true,"href":"https:\/\/www.uqac.ca\/uqactualites\/wp-json\/wp\/v2\/categories?post=20229"},{"taxonomy":"post_tag","embeddable":true,"href":"https:\/\/www.uqac.ca\/uqactualites\/wp-json\/wp\/v2\/tags?post=20229"}],"curies":[{"name":"wp","href":"https:\/\/api.w.org\/{rel}","templated":true}]}}