{"id":20420,"date":"2012-05-23T10:20:48","date_gmt":"2012-05-23T15:50:48","guid":{"rendered":"http:\/\/uqactualite.odev.ca\/?p=20420"},"modified":"2012-05-23T10:20:48","modified_gmt":"2012-05-23T15:50:48","slug":"hommage-et-reconnaissance-au-groupe-riverin-inc","status":"publish","type":"post","link":"https:\/\/www.uqac.ca\/uqactualites\/2012\/05\/23\/hommage-et-reconnaissance-au-groupe-riverin-inc\/","title":{"rendered":"Hommage et reconnaissance au Groupe Riverin inc."},"content":{"rendered":"<p style=\"text-align: justify\"><strong>Saguenay, le 30 avril 2012 <\/strong>\u2013 L\u2019Universit\u00e9 du Qu\u00e9bec \u00e0 Chicoutimi est fi\u00e8re de se joindre \u00e0 l\u2019\u00e9quipe de la docteure Catherine Laprise afin de rendre hommage au Groupe Riverin inc. pour son apport exceptionnel \u00e0 la Campagne majeure de d\u00e9veloppement 2008-2013 UQAC\/FUQAC et, de ce fait, au rayonnement de l\u2019Institution dans le domaine de l\u2019\u00e9pidermolyse bulleuse simplex.<\/p>\n<p style=\"text-align: justify\">Depuis 2007, un programme de recherche sur l\u2019\u00e9pidermolyse bulleuse simplex, dirig\u00e9 par la docteure Catherine Laprise, est en place \u00e0 l\u2019UQAC gr\u00e2ce au soutien financier de 550 000\u00a0$ du Groupe Riverin inc. D\u00e8s sa mise en place, une banque de tissus et de cellules a \u00e9t\u00e9 construite et l\u2019\u00e9tude du g\u00e9nome (ADN), du transcriptome (ARN) et des prot\u00e9ines a pu se poursuivre. Pr\u00e9sentement, l\u2019\u00e9quipe de la docteure Laprise, comportant des chercheurs de l\u2019UQAC, de l\u2019Universit\u00e9 Laval et de l\u2019Universit\u00e9 McGill, se concentre sur les essais de mol\u00e9cules \u00e0 potentiel th\u00e9rapeutique. Ces travaux ouvrent de nouvelles avenues pour des traitements et placent l\u2019UQAC comme un acteur important en recherche sur l\u2019\u00e9pidermolyse bulleuse simplex. R\u00e9cemment, l\u2019\u00e9quipe de la docteure Laprise a publi\u00e9 dans la revue \u00ab\u00a0Human Genetics\u00a0\u00bb certains de leurs r\u00e9sultats de recherche et deux manuscrits sont en pr\u00e9paration.<\/p>\n<p style=\"text-align: justify\">Afin de souligner ce g\u00e9n\u00e9reux appui du Groupe Riverin inc., une activit\u00e9 de reconnaissance aura lieu le mardi 1<sup>er<\/sup> mai \u00e0 compter de 16\u00a0h \u00e0 l\u2019UQAC. \u00c0 cette occasion, une plaque au nom du donateur sera d\u00e9voil\u00e9e afin de d\u00e9signer une des salles du laboratoire de g\u00e9n\u00e9tique et de prot\u00e9omique de l\u2019UQAC. La c\u00e9r\u00e9monie officielle d\u00e9butera au laboratoire de g\u00e9n\u00e9tique et de prot\u00e9omique (local P3-1090) avant de se transporter au salon Andr\u00e9 Desgagn\u00e9 (H1-1110).<\/p>\n<p align=\"center\">&#8211; 30 &#8211;<\/p>\n<p style=\"text-align: justify\" align=\"center\"><strong>Renseignements :<\/strong><br \/>\nDre Catherine Laprise, professeure-chercheure<br \/>\nD\u00e9partement des sciences fondamentales<br \/>\nUniversit\u00e9 du Qu\u00e9bec \u00e0 Chicoutimi<br \/>\n418 545-5011 poste 5659<strong><\/strong><\/p>\n<p><strong>Source :<\/strong><br \/>\nJos\u00e9e Bourassa, agente d&rsquo;information<br \/>\nBureau des affaires publiques<br \/>\nUniversit\u00e9 du Qu\u00e9bec \u00e0 Chicoutimi<br \/>\n418 545-5011 poste 2274<\/p>\n","protected":false},"excerpt":{"rendered":"<p>Saguenay, le 30 avril 2012 \u2013 L\u2019Universit\u00e9 du Qu\u00e9bec \u00e0 Chicoutimi est fi\u00e8re de se joindre \u00e0 l\u2019\u00e9quipe de la docteure Catherine Laprise afin de rendre hommage au Groupe Riverin inc. pour son apport exceptionnel \u00e0 la Campagne majeure de d\u00e9veloppement 2008-2013 UQAC\/FUQAC et, de ce fait, au rayonnement de l\u2019Institution dans le domaine de [&hellip;]<\/p>\n","protected":false},"author":5,"featured_media":20745,"comment_status":"open","ping_status":"open","sticky":false,"template":"","format":"standard","meta":{"footnotes":""},"categories":[2772],"tags":[2484,2485,381],"yoast_head":"<!-- This site is optimized with the Yoast SEO plugin v24.2 - https:\/\/yoast.com\/wordpress\/plugins\/seo\/ -->\r\n<title>Hommage et reconnaissance au Groupe Riverin inc. - UQACtualit\u00e9s<\/title>\r\n<meta name=\"robots\" content=\"index, follow, max-snippet:-1, max-image-preview:large, max-video-preview:-1\" \/>\r\n<link rel=\"canonical\" href=\"https:\/\/www.uqac.ca\/uqactualites\/2012\/05\/23\/hommage-et-reconnaissance-au-groupe-riverin-inc\/\" \/>\r\n<meta property=\"og:locale\" content=\"fr_CA\" \/>\r\n<meta property=\"og:type\" content=\"article\" \/>\r\n<meta property=\"og:title\" content=\"Hommage et reconnaissance au Groupe Riverin inc. - UQACtualit\u00e9s\" \/>\r\n<meta property=\"og:description\" content=\"Saguenay, le 30 avril 2012 \u2013 L\u2019Universit\u00e9 du Qu\u00e9bec \u00e0 Chicoutimi est fi\u00e8re de se joindre \u00e0 l\u2019\u00e9quipe de la docteure Catherine Laprise afin de rendre hommage au Groupe Riverin inc. pour son apport exceptionnel \u00e0 la Campagne majeure de d\u00e9veloppement 2008-2013 UQAC\/FUQAC et, de ce fait, au rayonnement de l\u2019Institution dans le domaine de [&hellip;]\" \/>\r\n<meta property=\"og:url\" content=\"https:\/\/www.uqac.ca\/uqactualites\/2012\/05\/23\/hommage-et-reconnaissance-au-groupe-riverin-inc\/\" \/>\r\n<meta property=\"og:site_name\" content=\"UQACtualit\u00e9s\" \/>\r\n<meta property=\"article:published_time\" content=\"2012-05-23T15:50:48+00:00\" \/>\r\n<meta property=\"og:image\" content=\"https:\/\/www.uqac.ca\/uqactualites\/wp-content\/uploads\/2012\/05\/communiqu-.jpg\" \/>\r\n\t<meta property=\"og:image:width\" content=\"620\" \/>\r\n\t<meta property=\"og:image:height\" content=\"300\" \/>\r\n\t<meta property=\"og:image:type\" content=\"image\/jpeg\" \/>\r\n<meta name=\"author\" content=\"Service des communications et des relations publiques\" \/>\r\n<meta name=\"twitter:card\" content=\"summary_large_image\" \/>\r\n<meta name=\"twitter:label1\" content=\"\u00c9crit par\" \/>\n\t<meta name=\"twitter:data1\" content=\"Service des communications et des relations publiques\" \/>\n\t<meta name=\"twitter:label2\" content=\"Estimation du temps de lecture\" \/>\n\t<meta name=\"twitter:data2\" content=\"2 minutes\" \/>\r\n<script type=\"application\/ld+json\" class=\"yoast-schema-graph\">{\"@context\":\"https:\/\/schema.org\",\"@graph\":[{\"@type\":\"WebPage\",\"@id\":\"https:\/\/www.uqac.ca\/uqactualites\/2012\/05\/23\/hommage-et-reconnaissance-au-groupe-riverin-inc\/\",\"url\":\"https:\/\/www.uqac.ca\/uqactualites\/2012\/05\/23\/hommage-et-reconnaissance-au-groupe-riverin-inc\/\",\"name\":\"Hommage et reconnaissance au Groupe Riverin inc. - UQACtualit\u00e9s\",\"isPartOf\":{\"@id\":\"https:\/\/www.uqac.ca\/uqactualites\/#website\"},\"primaryImageOfPage\":{\"@id\":\"https:\/\/www.uqac.ca\/uqactualites\/2012\/05\/23\/hommage-et-reconnaissance-au-groupe-riverin-inc\/#primaryimage\"},\"image\":{\"@id\":\"https:\/\/www.uqac.ca\/uqactualites\/2012\/05\/23\/hommage-et-reconnaissance-au-groupe-riverin-inc\/#primaryimage\"},\"thumbnailUrl\":\"https:\/\/www.uqac.ca\/uqactualites\/wp-content\/uploads\/2012\/05\/communiqu-.jpg\",\"datePublished\":\"2012-05-23T15:50:48+00:00\",\"dateModified\":\"2012-05-23T15:50:48+00:00\",\"author\":{\"@id\":\"https:\/\/www.uqac.ca\/uqactualites\/#\/schema\/person\/366c45a0c4f0e677b41b4af5886e2018\"},\"breadcrumb\":{\"@id\":\"https:\/\/www.uqac.ca\/uqactualites\/2012\/05\/23\/hommage-et-reconnaissance-au-groupe-riverin-inc\/#breadcrumb\"},\"inLanguage\":\"fr-CA\",\"potentialAction\":[{\"@type\":\"ReadAction\",\"target\":[\"https:\/\/www.uqac.ca\/uqactualites\/2012\/05\/23\/hommage-et-reconnaissance-au-groupe-riverin-inc\/\"]}]},{\"@type\":\"ImageObject\",\"inLanguage\":\"fr-CA\",\"@id\":\"https:\/\/www.uqac.ca\/uqactualites\/2012\/05\/23\/hommage-et-reconnaissance-au-groupe-riverin-inc\/#primaryimage\",\"url\":\"https:\/\/www.uqac.ca\/uqactualites\/wp-content\/uploads\/2012\/05\/communiqu-.jpg\",\"contentUrl\":\"https:\/\/www.uqac.ca\/uqactualites\/wp-content\/uploads\/2012\/05\/communiqu-.jpg\",\"width\":620,\"height\":300},{\"@type\":\"BreadcrumbList\",\"@id\":\"https:\/\/www.uqac.ca\/uqactualites\/2012\/05\/23\/hommage-et-reconnaissance-au-groupe-riverin-inc\/#breadcrumb\",\"itemListElement\":[{\"@type\":\"ListItem\",\"position\":1,\"name\":\"Home\",\"item\":\"https:\/\/www.uqac.ca\/uqactualites\/\"},{\"@type\":\"ListItem\",\"position\":2,\"name\":\"Hommage et reconnaissance au Groupe Riverin inc.\"}]},{\"@type\":\"WebSite\",\"@id\":\"https:\/\/www.uqac.ca\/uqactualites\/#website\",\"url\":\"https:\/\/www.uqac.ca\/uqactualites\/\",\"name\":\"UQACtualit\u00e9s\",\"description\":\"Le portail des nouvelles de l&#039;UQAC\",\"potentialAction\":[{\"@type\":\"SearchAction\",\"target\":{\"@type\":\"EntryPoint\",\"urlTemplate\":\"https:\/\/www.uqac.ca\/uqactualites\/?s={search_term_string}\"},\"query-input\":{\"@type\":\"PropertyValueSpecification\",\"valueRequired\":true,\"valueName\":\"search_term_string\"}}],\"inLanguage\":\"fr-CA\"},{\"@type\":\"Person\",\"@id\":\"https:\/\/www.uqac.ca\/uqactualites\/#\/schema\/person\/366c45a0c4f0e677b41b4af5886e2018\",\"name\":\"Service des communications et des relations publiques\",\"image\":{\"@type\":\"ImageObject\",\"inLanguage\":\"fr-CA\",\"@id\":\"https:\/\/www.uqac.ca\/uqactualites\/#\/schema\/person\/image\/\",\"url\":\"https:\/\/secure.gravatar.com\/avatar\/20fbbda8a292f59f2d3461a5b999c00b?s=96&d=mm&r=g\",\"contentUrl\":\"https:\/\/secure.gravatar.com\/avatar\/20fbbda8a292f59f2d3461a5b999c00b?s=96&d=mm&r=g\",\"caption\":\"Service des communications et des relations publiques\"},\"url\":\"https:\/\/www.uqac.ca\/uqactualites\/author\/bap\/\"}]}<\/script>\r\n<!-- \/ Yoast SEO plugin. -->","yoast_head_json":{"title":"Hommage et reconnaissance au Groupe Riverin inc. - UQACtualit\u00e9s","robots":{"index":"index","follow":"follow","max-snippet":"max-snippet:-1","max-image-preview":"max-image-preview:large","max-video-preview":"max-video-preview:-1"},"canonical":"https:\/\/www.uqac.ca\/uqactualites\/2012\/05\/23\/hommage-et-reconnaissance-au-groupe-riverin-inc\/","og_locale":"fr_CA","og_type":"article","og_title":"Hommage et reconnaissance au Groupe Riverin inc. - UQACtualit\u00e9s","og_description":"Saguenay, le 30 avril 2012 \u2013 L\u2019Universit\u00e9 du Qu\u00e9bec \u00e0 Chicoutimi est fi\u00e8re de se joindre \u00e0 l\u2019\u00e9quipe de la docteure Catherine Laprise afin de rendre hommage au Groupe Riverin inc. pour son apport exceptionnel \u00e0 la Campagne majeure de d\u00e9veloppement 2008-2013 UQAC\/FUQAC et, de ce fait, au rayonnement de l\u2019Institution dans le domaine de [&hellip;]","og_url":"https:\/\/www.uqac.ca\/uqactualites\/2012\/05\/23\/hommage-et-reconnaissance-au-groupe-riverin-inc\/","og_site_name":"UQACtualit\u00e9s","article_published_time":"2012-05-23T15:50:48+00:00","og_image":[{"width":620,"height":300,"url":"https:\/\/www.uqac.ca\/uqactualites\/wp-content\/uploads\/2012\/05\/communiqu-.jpg","type":"image\/jpeg"}],"author":"Service des communications et des relations publiques","twitter_card":"summary_large_image","twitter_misc":{"\u00c9crit par":"Service des communications et des relations publiques","Estimation du temps de lecture":"2 minutes"},"schema":{"@context":"https:\/\/schema.org","@graph":[{"@type":"WebPage","@id":"https:\/\/www.uqac.ca\/uqactualites\/2012\/05\/23\/hommage-et-reconnaissance-au-groupe-riverin-inc\/","url":"https:\/\/www.uqac.ca\/uqactualites\/2012\/05\/23\/hommage-et-reconnaissance-au-groupe-riverin-inc\/","name":"Hommage et reconnaissance au Groupe Riverin inc. - UQACtualit\u00e9s","isPartOf":{"@id":"https:\/\/www.uqac.ca\/uqactualites\/#website"},"primaryImageOfPage":{"@id":"https:\/\/www.uqac.ca\/uqactualites\/2012\/05\/23\/hommage-et-reconnaissance-au-groupe-riverin-inc\/#primaryimage"},"image":{"@id":"https:\/\/www.uqac.ca\/uqactualites\/2012\/05\/23\/hommage-et-reconnaissance-au-groupe-riverin-inc\/#primaryimage"},"thumbnailUrl":"https:\/\/www.uqac.ca\/uqactualites\/wp-content\/uploads\/2012\/05\/communiqu-.jpg","datePublished":"2012-05-23T15:50:48+00:00","dateModified":"2012-05-23T15:50:48+00:00","author":{"@id":"https:\/\/www.uqac.ca\/uqactualites\/#\/schema\/person\/366c45a0c4f0e677b41b4af5886e2018"},"breadcrumb":{"@id":"https:\/\/www.uqac.ca\/uqactualites\/2012\/05\/23\/hommage-et-reconnaissance-au-groupe-riverin-inc\/#breadcrumb"},"inLanguage":"fr-CA","potentialAction":[{"@type":"ReadAction","target":["https:\/\/www.uqac.ca\/uqactualites\/2012\/05\/23\/hommage-et-reconnaissance-au-groupe-riverin-inc\/"]}]},{"@type":"ImageObject","inLanguage":"fr-CA","@id":"https:\/\/www.uqac.ca\/uqactualites\/2012\/05\/23\/hommage-et-reconnaissance-au-groupe-riverin-inc\/#primaryimage","url":"https:\/\/www.uqac.ca\/uqactualites\/wp-content\/uploads\/2012\/05\/communiqu-.jpg","contentUrl":"https:\/\/www.uqac.ca\/uqactualites\/wp-content\/uploads\/2012\/05\/communiqu-.jpg","width":620,"height":300},{"@type":"BreadcrumbList","@id":"https:\/\/www.uqac.ca\/uqactualites\/2012\/05\/23\/hommage-et-reconnaissance-au-groupe-riverin-inc\/#breadcrumb","itemListElement":[{"@type":"ListItem","position":1,"name":"Home","item":"https:\/\/www.uqac.ca\/uqactualites\/"},{"@type":"ListItem","position":2,"name":"Hommage et reconnaissance au Groupe Riverin inc."}]},{"@type":"WebSite","@id":"https:\/\/www.uqac.ca\/uqactualites\/#website","url":"https:\/\/www.uqac.ca\/uqactualites\/","name":"UQACtualit\u00e9s","description":"Le portail des nouvelles de l&#039;UQAC","potentialAction":[{"@type":"SearchAction","target":{"@type":"EntryPoint","urlTemplate":"https:\/\/www.uqac.ca\/uqactualites\/?s={search_term_string}"},"query-input":{"@type":"PropertyValueSpecification","valueRequired":true,"valueName":"search_term_string"}}],"inLanguage":"fr-CA"},{"@type":"Person","@id":"https:\/\/www.uqac.ca\/uqactualites\/#\/schema\/person\/366c45a0c4f0e677b41b4af5886e2018","name":"Service des communications et des relations publiques","image":{"@type":"ImageObject","inLanguage":"fr-CA","@id":"https:\/\/www.uqac.ca\/uqactualites\/#\/schema\/person\/image\/","url":"https:\/\/secure.gravatar.com\/avatar\/20fbbda8a292f59f2d3461a5b999c00b?s=96&d=mm&r=g","contentUrl":"https:\/\/secure.gravatar.com\/avatar\/20fbbda8a292f59f2d3461a5b999c00b?s=96&d=mm&r=g","caption":"Service des communications et des relations publiques"},"url":"https:\/\/www.uqac.ca\/uqactualites\/author\/bap\/"}]}},"_links":{"self":[{"href":"https:\/\/www.uqac.ca\/uqactualites\/wp-json\/wp\/v2\/posts\/20420"}],"collection":[{"href":"https:\/\/www.uqac.ca\/uqactualites\/wp-json\/wp\/v2\/posts"}],"about":[{"href":"https:\/\/www.uqac.ca\/uqactualites\/wp-json\/wp\/v2\/types\/post"}],"author":[{"embeddable":true,"href":"https:\/\/www.uqac.ca\/uqactualites\/wp-json\/wp\/v2\/users\/5"}],"replies":[{"embeddable":true,"href":"https:\/\/www.uqac.ca\/uqactualites\/wp-json\/wp\/v2\/comments?post=20420"}],"version-history":[{"count":0,"href":"https:\/\/www.uqac.ca\/uqactualites\/wp-json\/wp\/v2\/posts\/20420\/revisions"}],"wp:featuredmedia":[{"embeddable":true,"href":"https:\/\/www.uqac.ca\/uqactualites\/wp-json\/wp\/v2\/media\/20745"}],"wp:attachment":[{"href":"https:\/\/www.uqac.ca\/uqactualites\/wp-json\/wp\/v2\/media?parent=20420"}],"wp:term":[{"taxonomy":"category","embeddable":true,"href":"https:\/\/www.uqac.ca\/uqactualites\/wp-json\/wp\/v2\/categories?post=20420"},{"taxonomy":"post_tag","embeddable":true,"href":"https:\/\/www.uqac.ca\/uqactualites\/wp-json\/wp\/v2\/tags?post=20420"}],"curies":[{"name":"wp","href":"https:\/\/api.w.org\/{rel}","templated":true}]}}