{"id":20424,"date":"2012-05-23T10:23:23","date_gmt":"2012-05-23T15:53:23","guid":{"rendered":"http:\/\/uqactualite.odev.ca\/?p=20424"},"modified":"2012-05-23T10:23:23","modified_gmt":"2012-05-23T15:53:23","slug":"ordonnance-de-sauvegarde","status":"publish","type":"post","link":"https:\/\/www.uqac.ca\/uqactualites\/2012\/05\/23\/ordonnance-de-sauvegarde\/","title":{"rendered":"Ordonnance de sauvegarde"},"content":{"rendered":"<p style=\"text-align: justify\"><strong>Saguenay, le 3 mai 2012 <\/strong>\u2013 L&rsquo;Universit\u00e9 du Qu\u00e9bec \u00e0 Chicoutimi informe que l\u2019Ordonnance d\u2019injonction interlocutoire provisoire \u00e9mise initialement par l\u2019honorable Jean-Claude Larouche le jeudi 5 avril 2012 en regard des contestations \u00e9tudiantes contre la hausse des droits de scolarit\u00e9, laquelle a \u00e9t\u00e9 renouvel\u00e9e de consentement le 13 avril de m\u00eame que le 23 avril dernier pour valoir jusqu\u2019\u00e0 ce jour, a \u00e9t\u00e9 transform\u00e9e ce jour m\u00eame en Ordonnance de sauvegarde par l\u2019honorable Jacques Babin pour valoir jusqu\u2019\u00e0 jugement sur la requ\u00eate en injonction interlocutoire. Veuillez donc prendre note que toutes les conditions de l\u2019Ordonnance d\u2019injonction interlocutoire provisoire continuent de s\u2019appliquer jusqu\u2019\u00e0 pareil jugement. La situation sera signifi\u00e9e au Mouvement des associations g\u00e9n\u00e9rales \u00e9tudiantes de l\u2019UQAC (MAGE-UQAC) ainsi qu\u2019\u00e0 tous ses membres.<\/p>\n<p>L\u2019Universit\u00e9 du Qu\u00e9bec \u00e0 Chicoutimi vous tiendra inform\u00e9s de la suite des \u00e9v\u00e9nements.<\/p>\n<p align=\"center\">&#8211; 30 &#8211;<\/p>\n<p><strong><br \/>\nSource\u00a0:<\/strong><br \/>\nJean Wauthier, directeur<br \/>\nBureau des affaires publiques<br \/>\nUniversit\u00e9 du Qu\u00e9bec \u00e0 Chicoutimi<br \/>\n418\u00a0545-5011 poste\u00a05007<\/p>\n","protected":false},"excerpt":{"rendered":"<p>Saguenay, le 3 mai 2012 \u2013 L&rsquo;Universit\u00e9 du Qu\u00e9bec \u00e0 Chicoutimi informe que l\u2019Ordonnance d\u2019injonction interlocutoire provisoire \u00e9mise initialement par l\u2019honorable Jean-Claude Larouche le jeudi 5 avril 2012 en regard des contestations \u00e9tudiantes contre la hausse des droits de scolarit\u00e9, laquelle a \u00e9t\u00e9 renouvel\u00e9e de consentement le 13 avril de m\u00eame que le 23 avril [&hellip;]<\/p>\n","protected":false},"author":5,"featured_media":20745,"comment_status":"open","ping_status":"open","sticky":false,"template":"","format":"standard","meta":{"footnotes":""},"categories":[2772],"tags":[2480,636,2486],"yoast_head":"<!-- This site is optimized with the Yoast SEO plugin v24.2 - https:\/\/yoast.com\/wordpress\/plugins\/seo\/ -->\r\n<title>Ordonnance de sauvegarde - UQACtualit\u00e9s<\/title>\r\n<meta name=\"robots\" content=\"index, follow, max-snippet:-1, max-image-preview:large, max-video-preview:-1\" \/>\r\n<link rel=\"canonical\" href=\"https:\/\/www.uqac.ca\/uqactualites\/2012\/05\/23\/ordonnance-de-sauvegarde\/\" \/>\r\n<meta property=\"og:locale\" content=\"fr_CA\" \/>\r\n<meta property=\"og:type\" content=\"article\" \/>\r\n<meta property=\"og:title\" content=\"Ordonnance de sauvegarde - UQACtualit\u00e9s\" \/>\r\n<meta property=\"og:description\" content=\"Saguenay, le 3 mai 2012 \u2013 L&rsquo;Universit\u00e9 du Qu\u00e9bec \u00e0 Chicoutimi informe que l\u2019Ordonnance d\u2019injonction interlocutoire provisoire \u00e9mise initialement par l\u2019honorable Jean-Claude Larouche le jeudi 5 avril 2012 en regard des contestations \u00e9tudiantes contre la hausse des droits de scolarit\u00e9, laquelle a \u00e9t\u00e9 renouvel\u00e9e de consentement le 13 avril de m\u00eame que le 23 avril [&hellip;]\" \/>\r\n<meta property=\"og:url\" content=\"https:\/\/www.uqac.ca\/uqactualites\/2012\/05\/23\/ordonnance-de-sauvegarde\/\" \/>\r\n<meta property=\"og:site_name\" content=\"UQACtualit\u00e9s\" \/>\r\n<meta property=\"article:published_time\" content=\"2012-05-23T15:53:23+00:00\" \/>\r\n<meta property=\"og:image\" content=\"https:\/\/www.uqac.ca\/uqactualites\/wp-content\/uploads\/2012\/05\/communiqu-.jpg\" \/>\r\n\t<meta property=\"og:image:width\" content=\"620\" \/>\r\n\t<meta property=\"og:image:height\" content=\"300\" \/>\r\n\t<meta property=\"og:image:type\" content=\"image\/jpeg\" \/>\r\n<meta name=\"author\" content=\"Service des communications et des relations publiques\" \/>\r\n<meta name=\"twitter:card\" content=\"summary_large_image\" \/>\r\n<meta name=\"twitter:label1\" content=\"\u00c9crit par\" \/>\n\t<meta name=\"twitter:data1\" content=\"Service des communications et des relations publiques\" \/>\n\t<meta name=\"twitter:label2\" content=\"Estimation du temps de lecture\" \/>\n\t<meta name=\"twitter:data2\" content=\"1 minute\" \/>\r\n<script type=\"application\/ld+json\" class=\"yoast-schema-graph\">{\"@context\":\"https:\/\/schema.org\",\"@graph\":[{\"@type\":\"WebPage\",\"@id\":\"https:\/\/www.uqac.ca\/uqactualites\/2012\/05\/23\/ordonnance-de-sauvegarde\/\",\"url\":\"https:\/\/www.uqac.ca\/uqactualites\/2012\/05\/23\/ordonnance-de-sauvegarde\/\",\"name\":\"Ordonnance de sauvegarde - UQACtualit\u00e9s\",\"isPartOf\":{\"@id\":\"https:\/\/www.uqac.ca\/uqactualites\/#website\"},\"primaryImageOfPage\":{\"@id\":\"https:\/\/www.uqac.ca\/uqactualites\/2012\/05\/23\/ordonnance-de-sauvegarde\/#primaryimage\"},\"image\":{\"@id\":\"https:\/\/www.uqac.ca\/uqactualites\/2012\/05\/23\/ordonnance-de-sauvegarde\/#primaryimage\"},\"thumbnailUrl\":\"https:\/\/www.uqac.ca\/uqactualites\/wp-content\/uploads\/2012\/05\/communiqu-.jpg\",\"datePublished\":\"2012-05-23T15:53:23+00:00\",\"dateModified\":\"2012-05-23T15:53:23+00:00\",\"author\":{\"@id\":\"https:\/\/www.uqac.ca\/uqactualites\/#\/schema\/person\/366c45a0c4f0e677b41b4af5886e2018\"},\"breadcrumb\":{\"@id\":\"https:\/\/www.uqac.ca\/uqactualites\/2012\/05\/23\/ordonnance-de-sauvegarde\/#breadcrumb\"},\"inLanguage\":\"fr-CA\",\"potentialAction\":[{\"@type\":\"ReadAction\",\"target\":[\"https:\/\/www.uqac.ca\/uqactualites\/2012\/05\/23\/ordonnance-de-sauvegarde\/\"]}]},{\"@type\":\"ImageObject\",\"inLanguage\":\"fr-CA\",\"@id\":\"https:\/\/www.uqac.ca\/uqactualites\/2012\/05\/23\/ordonnance-de-sauvegarde\/#primaryimage\",\"url\":\"https:\/\/www.uqac.ca\/uqactualites\/wp-content\/uploads\/2012\/05\/communiqu-.jpg\",\"contentUrl\":\"https:\/\/www.uqac.ca\/uqactualites\/wp-content\/uploads\/2012\/05\/communiqu-.jpg\",\"width\":620,\"height\":300},{\"@type\":\"BreadcrumbList\",\"@id\":\"https:\/\/www.uqac.ca\/uqactualites\/2012\/05\/23\/ordonnance-de-sauvegarde\/#breadcrumb\",\"itemListElement\":[{\"@type\":\"ListItem\",\"position\":1,\"name\":\"Home\",\"item\":\"https:\/\/www.uqac.ca\/uqactualites\/\"},{\"@type\":\"ListItem\",\"position\":2,\"name\":\"Ordonnance de sauvegarde\"}]},{\"@type\":\"WebSite\",\"@id\":\"https:\/\/www.uqac.ca\/uqactualites\/#website\",\"url\":\"https:\/\/www.uqac.ca\/uqactualites\/\",\"name\":\"UQACtualit\u00e9s\",\"description\":\"Le portail des nouvelles de l&#039;UQAC\",\"potentialAction\":[{\"@type\":\"SearchAction\",\"target\":{\"@type\":\"EntryPoint\",\"urlTemplate\":\"https:\/\/www.uqac.ca\/uqactualites\/?s={search_term_string}\"},\"query-input\":{\"@type\":\"PropertyValueSpecification\",\"valueRequired\":true,\"valueName\":\"search_term_string\"}}],\"inLanguage\":\"fr-CA\"},{\"@type\":\"Person\",\"@id\":\"https:\/\/www.uqac.ca\/uqactualites\/#\/schema\/person\/366c45a0c4f0e677b41b4af5886e2018\",\"name\":\"Service des communications et des relations publiques\",\"image\":{\"@type\":\"ImageObject\",\"inLanguage\":\"fr-CA\",\"@id\":\"https:\/\/www.uqac.ca\/uqactualites\/#\/schema\/person\/image\/\",\"url\":\"https:\/\/secure.gravatar.com\/avatar\/20fbbda8a292f59f2d3461a5b999c00b?s=96&d=mm&r=g\",\"contentUrl\":\"https:\/\/secure.gravatar.com\/avatar\/20fbbda8a292f59f2d3461a5b999c00b?s=96&d=mm&r=g\",\"caption\":\"Service des communications et des relations publiques\"},\"url\":\"https:\/\/www.uqac.ca\/uqactualites\/author\/bap\/\"}]}<\/script>\r\n<!-- \/ Yoast SEO plugin. -->","yoast_head_json":{"title":"Ordonnance de sauvegarde - UQACtualit\u00e9s","robots":{"index":"index","follow":"follow","max-snippet":"max-snippet:-1","max-image-preview":"max-image-preview:large","max-video-preview":"max-video-preview:-1"},"canonical":"https:\/\/www.uqac.ca\/uqactualites\/2012\/05\/23\/ordonnance-de-sauvegarde\/","og_locale":"fr_CA","og_type":"article","og_title":"Ordonnance de sauvegarde - UQACtualit\u00e9s","og_description":"Saguenay, le 3 mai 2012 \u2013 L&rsquo;Universit\u00e9 du Qu\u00e9bec \u00e0 Chicoutimi informe que l\u2019Ordonnance d\u2019injonction interlocutoire provisoire \u00e9mise initialement par l\u2019honorable Jean-Claude Larouche le jeudi 5 avril 2012 en regard des contestations \u00e9tudiantes contre la hausse des droits de scolarit\u00e9, laquelle a \u00e9t\u00e9 renouvel\u00e9e de consentement le 13 avril de m\u00eame que le 23 avril [&hellip;]","og_url":"https:\/\/www.uqac.ca\/uqactualites\/2012\/05\/23\/ordonnance-de-sauvegarde\/","og_site_name":"UQACtualit\u00e9s","article_published_time":"2012-05-23T15:53:23+00:00","og_image":[{"width":620,"height":300,"url":"https:\/\/www.uqac.ca\/uqactualites\/wp-content\/uploads\/2012\/05\/communiqu-.jpg","type":"image\/jpeg"}],"author":"Service des communications et des relations publiques","twitter_card":"summary_large_image","twitter_misc":{"\u00c9crit par":"Service des communications et des relations publiques","Estimation du temps de lecture":"1 minute"},"schema":{"@context":"https:\/\/schema.org","@graph":[{"@type":"WebPage","@id":"https:\/\/www.uqac.ca\/uqactualites\/2012\/05\/23\/ordonnance-de-sauvegarde\/","url":"https:\/\/www.uqac.ca\/uqactualites\/2012\/05\/23\/ordonnance-de-sauvegarde\/","name":"Ordonnance de sauvegarde - UQACtualit\u00e9s","isPartOf":{"@id":"https:\/\/www.uqac.ca\/uqactualites\/#website"},"primaryImageOfPage":{"@id":"https:\/\/www.uqac.ca\/uqactualites\/2012\/05\/23\/ordonnance-de-sauvegarde\/#primaryimage"},"image":{"@id":"https:\/\/www.uqac.ca\/uqactualites\/2012\/05\/23\/ordonnance-de-sauvegarde\/#primaryimage"},"thumbnailUrl":"https:\/\/www.uqac.ca\/uqactualites\/wp-content\/uploads\/2012\/05\/communiqu-.jpg","datePublished":"2012-05-23T15:53:23+00:00","dateModified":"2012-05-23T15:53:23+00:00","author":{"@id":"https:\/\/www.uqac.ca\/uqactualites\/#\/schema\/person\/366c45a0c4f0e677b41b4af5886e2018"},"breadcrumb":{"@id":"https:\/\/www.uqac.ca\/uqactualites\/2012\/05\/23\/ordonnance-de-sauvegarde\/#breadcrumb"},"inLanguage":"fr-CA","potentialAction":[{"@type":"ReadAction","target":["https:\/\/www.uqac.ca\/uqactualites\/2012\/05\/23\/ordonnance-de-sauvegarde\/"]}]},{"@type":"ImageObject","inLanguage":"fr-CA","@id":"https:\/\/www.uqac.ca\/uqactualites\/2012\/05\/23\/ordonnance-de-sauvegarde\/#primaryimage","url":"https:\/\/www.uqac.ca\/uqactualites\/wp-content\/uploads\/2012\/05\/communiqu-.jpg","contentUrl":"https:\/\/www.uqac.ca\/uqactualites\/wp-content\/uploads\/2012\/05\/communiqu-.jpg","width":620,"height":300},{"@type":"BreadcrumbList","@id":"https:\/\/www.uqac.ca\/uqactualites\/2012\/05\/23\/ordonnance-de-sauvegarde\/#breadcrumb","itemListElement":[{"@type":"ListItem","position":1,"name":"Home","item":"https:\/\/www.uqac.ca\/uqactualites\/"},{"@type":"ListItem","position":2,"name":"Ordonnance de sauvegarde"}]},{"@type":"WebSite","@id":"https:\/\/www.uqac.ca\/uqactualites\/#website","url":"https:\/\/www.uqac.ca\/uqactualites\/","name":"UQACtualit\u00e9s","description":"Le portail des nouvelles de l&#039;UQAC","potentialAction":[{"@type":"SearchAction","target":{"@type":"EntryPoint","urlTemplate":"https:\/\/www.uqac.ca\/uqactualites\/?s={search_term_string}"},"query-input":{"@type":"PropertyValueSpecification","valueRequired":true,"valueName":"search_term_string"}}],"inLanguage":"fr-CA"},{"@type":"Person","@id":"https:\/\/www.uqac.ca\/uqactualites\/#\/schema\/person\/366c45a0c4f0e677b41b4af5886e2018","name":"Service des communications et des relations publiques","image":{"@type":"ImageObject","inLanguage":"fr-CA","@id":"https:\/\/www.uqac.ca\/uqactualites\/#\/schema\/person\/image\/","url":"https:\/\/secure.gravatar.com\/avatar\/20fbbda8a292f59f2d3461a5b999c00b?s=96&d=mm&r=g","contentUrl":"https:\/\/secure.gravatar.com\/avatar\/20fbbda8a292f59f2d3461a5b999c00b?s=96&d=mm&r=g","caption":"Service des communications et des relations publiques"},"url":"https:\/\/www.uqac.ca\/uqactualites\/author\/bap\/"}]}},"_links":{"self":[{"href":"https:\/\/www.uqac.ca\/uqactualites\/wp-json\/wp\/v2\/posts\/20424"}],"collection":[{"href":"https:\/\/www.uqac.ca\/uqactualites\/wp-json\/wp\/v2\/posts"}],"about":[{"href":"https:\/\/www.uqac.ca\/uqactualites\/wp-json\/wp\/v2\/types\/post"}],"author":[{"embeddable":true,"href":"https:\/\/www.uqac.ca\/uqactualites\/wp-json\/wp\/v2\/users\/5"}],"replies":[{"embeddable":true,"href":"https:\/\/www.uqac.ca\/uqactualites\/wp-json\/wp\/v2\/comments?post=20424"}],"version-history":[{"count":0,"href":"https:\/\/www.uqac.ca\/uqactualites\/wp-json\/wp\/v2\/posts\/20424\/revisions"}],"wp:featuredmedia":[{"embeddable":true,"href":"https:\/\/www.uqac.ca\/uqactualites\/wp-json\/wp\/v2\/media\/20745"}],"wp:attachment":[{"href":"https:\/\/www.uqac.ca\/uqactualites\/wp-json\/wp\/v2\/media?parent=20424"}],"wp:term":[{"taxonomy":"category","embeddable":true,"href":"https:\/\/www.uqac.ca\/uqactualites\/wp-json\/wp\/v2\/categories?post=20424"},{"taxonomy":"post_tag","embeddable":true,"href":"https:\/\/www.uqac.ca\/uqactualites\/wp-json\/wp\/v2\/tags?post=20424"}],"curies":[{"name":"wp","href":"https:\/\/api.w.org\/{rel}","templated":true}]}}